{"id":21059,"date":"2014-05-04T16:00:20","date_gmt":"2014-05-04T16:00:20","guid":{"rendered":"https:\/\/www.satokangas.fi\/blogi\/?p=21059"},"modified":"2014-05-09T08:48:45","modified_gmt":"2014-05-09T05:48:45","slug":"meidan-la-festa","status":"publish","type":"post","link":"https:\/\/www.satokangas.fi\/blogi\/2014\/05\/meidan-la-festa\/","title":{"rendered":"Meid\u00e4n La Festa"},"content":{"rendered":"<p style=\"text-align: justify;\"><span style=\"color: #000000;\">T\u00e4m\u00e4kin kylm\u00e4 sunnuntai, jolloin r\u00e4stijuttujen lista on hyvinkin lyhentynyt, alkaa olla blogin kirjoitusta vaille suoritettu. Miten tuosta suorittamisesta p\u00e4\u00e4sisi el\u00e4kkeelle, mitenh\u00e4n siit\u00e4 p\u00e4\u00e4sisi suunnilleen kokonaan eroon&#8230; <\/span><\/p>\n<p style=\"text-align: justify;\"><span style=\"color: #000000;\">Kev\u00e4tsiivous, -pyykk\u00e4ys, -puutarhahommat (l\u00e4hinn\u00e4 pehtoorilla) jatkuneet t\u00e4n\u00e4\u00e4n. V\u00e4lill\u00e4 tovi paikallaan, huomenna kun on pystytt\u00e4v\u00e4 lausumaan jotain arvosteltavaa yhdest\u00e4 jos toisestakin paperista.\u00a0<\/span><\/p>\n<p style=\"text-align: justify;\"><span style=\"color: #000000;\">Eilisen La Festasta kirjoittamiseni j\u00e4lkeen Katri kirjoitti kommentissa (mukava kun joku &#8221;rohkenee&#8221; t\u00e4st\u00e4 uudesta \u00a0blogiformaatista huolimatta kommentoida) :\u00a0<\/span><\/p>\n<blockquote><p><span style=\"color: #000000;\">Olisi mielenkiintoista kuulla sen syntyhistoriasta, suunnittelusta, toimivuudesta ja mahdollisista vuosien varrella koetuista muutoksista. Kes\u00e4keitti\u00f6it\u00e4 olen n\u00e4hnyt monenlaisia, mutta La Festan kaltaista paikkaa en varmasti ikin\u00e4.&#8217;<\/span><\/p><\/blockquote>\n<p style=\"text-align: justify;\">No ei meid\u00e4n Festan kaltaista olekaan. \ud83d\ude09 Lupasin jotain sen vaiheista ja siit\u00e4 kertoa. Joskin, &#8211; kuten vakilukijani ovat varmasti vuosien saatossa hoksanneet &#8211; en t\u00e4\u00e4ll\u00e4 Temmatussa juuri sis\u00e4kuvia, kotikuvia (ty\u00f6huone- ja ruokap\u00f6yt\u00e4kuvia lukuunottamatta) \u00a0julkaise, mik\u00e4 on ihan tietoinen ratkaisu.<\/p>\n<p style=\"text-align: justify;\">Festasta on kyll\u00e4 t\u00e4\u00e4ll\u00e4 blogissa ollut jonkin verran juttuja, tosin vain sivuavia &#8211; l\u00e4hinn\u00e4. Jo silloin kun sit\u00e4 rakennettiin, ja reilun puoli vuotta kest\u00e4neest\u00e4 rakennusprojektista, oli sivustokin olemassa, ja puutarhakuvissakin se vilahtelee.<\/p>\n<p style=\"text-align: justify;\">L\u00e4ht\u00f6tilanne oli t\u00e4m\u00e4: pian 30-vuotias talomme on L-mallinen, ja kymmenisen vuotta sitten, kun pehtoorin puutarhaharrastus oli juuri palkittu pihalaatalla &#8221;Oulun kaunein piha&#8221; \u00a0pihapiiri n\u00e4ytti t\u00e4lt\u00e4:<\/p>\n<p style=\"text-align: justify;\"><a href=\"https:\/\/www.satokangas.fi\/blogi\/wp-content\/uploads\/2014\/05\/paraati_1.jpg\"><img loading=\"lazy\" decoding=\"async\" data-attachment-id=\"21060\" data-permalink=\"https:\/\/www.satokangas.fi\/blogi\/2014\/05\/meidan-la-festa\/paraati_1\/\" data-orig-file=\"https:\/\/www.satokangas.fi\/blogi\/wp-content\/uploads\/2014\/05\/paraati_1.jpg\" data-orig-size=\"800,600\" data-comments-opened=\"1\" data-image-meta=\"{&quot;aperture&quot;:&quot;2.8&quot;,&quot;credit&quot;:&quot;&quot;,&quot;camera&quot;:&quot;Canon PowerShot S50&quot;,&quot;caption&quot;:&quot;&quot;,&quot;created_timestamp&quot;:&quot;1122136093&quot;,&quot;copyright&quot;:&quot;&quot;,&quot;focal_length&quot;:&quot;7.09375&quot;,&quot;iso&quot;:&quot;0&quot;,&quot;shutter_speed&quot;:&quot;0.001&quot;,&quot;title&quot;:&quot;&quot;}\" data-image-title=\"paraati_1\" data-image-description=\"\" data-image-caption=\"\" data-large-file=\"https:\/\/www.satokangas.fi\/blogi\/wp-content\/uploads\/2014\/05\/paraati_1.jpg\" class=\"aligncenter wp-image-21060 size-medium\" src=\"https:\/\/www.satokangas.fi\/blogi\/wp-content\/uploads\/2014\/05\/paraati_1-533x400.jpg\" alt=\"paraati_1\" width=\"533\" height=\"400\" srcset=\"https:\/\/www.satokangas.fi\/blogi\/wp-content\/uploads\/2014\/05\/paraati_1-533x400.jpg 533w, https:\/\/www.satokangas.fi\/blogi\/wp-content\/uploads\/2014\/05\/paraati_1-300x225.jpg 300w, https:\/\/www.satokangas.fi\/blogi\/wp-content\/uploads\/2014\/05\/paraati_1.jpg 800w\" sizes=\"auto, (max-width: 533px) 100vw, 533px\" \/><\/a><\/p>\n<p style=\"text-align: justify;\"><a href=\"https:\/\/www.satokangas.fi\/blogi\/wp-content\/uploads\/2014\/05\/terassi2.jpg\"><img loading=\"lazy\" decoding=\"async\" data-attachment-id=\"21061\" data-permalink=\"https:\/\/www.satokangas.fi\/blogi\/2014\/05\/meidan-la-festa\/terassi2\/\" data-orig-file=\"https:\/\/www.satokangas.fi\/blogi\/wp-content\/uploads\/2014\/05\/terassi2.jpg\" data-orig-size=\"600,450\" data-comments-opened=\"1\" data-image-meta=\"{&quot;aperture&quot;:&quot;2.8&quot;,&quot;credit&quot;:&quot;&quot;,&quot;camera&quot;:&quot;Canon PowerShot S50&quot;,&quot;caption&quot;:&quot;&quot;,&quot;created_timestamp&quot;:&quot;1123017251&quot;,&quot;copyright&quot;:&quot;&quot;,&quot;focal_length&quot;:&quot;7.09375&quot;,&quot;iso&quot;:&quot;0&quot;,&quot;shutter_speed&quot;:&quot;0.016666666666667&quot;,&quot;title&quot;:&quot;&quot;}\" data-image-title=\"terassi2\" data-image-description=\"\" data-image-caption=\"\" data-large-file=\"https:\/\/www.satokangas.fi\/blogi\/wp-content\/uploads\/2014\/05\/terassi2.jpg\" class=\"aligncenter size-medium wp-image-21061\" src=\"https:\/\/www.satokangas.fi\/blogi\/wp-content\/uploads\/2014\/05\/terassi2-533x400.jpg\" alt=\"terassi2\" width=\"533\" height=\"400\" srcset=\"https:\/\/www.satokangas.fi\/blogi\/wp-content\/uploads\/2014\/05\/terassi2-533x400.jpg 533w, https:\/\/www.satokangas.fi\/blogi\/wp-content\/uploads\/2014\/05\/terassi2-300x225.jpg 300w, https:\/\/www.satokangas.fi\/blogi\/wp-content\/uploads\/2014\/05\/terassi2.jpg 600w\" sizes=\"auto, (max-width: 533px) 100vw, 533px\" \/><\/a><\/p>\n<p style=\"text-align: justify;\">Kuitenkin p\u00e4\u00e4timme, ett\u00e4 syyskuun alussa 2007 L-mallin kylkeen ryhdyttiin tekem\u00e4\u00e4n sakaraa, niin ett\u00e4 rakennusten malliksi tulisi U. \u00a0Se siit\u00e4 puutarhasta.<\/p>\n<p style=\"text-align: justify;\"><a href=\"https:\/\/www.satokangas.fi\/blogi\/wp-content\/uploads\/2014\/05\/MG_3503.jpg\"><img loading=\"lazy\" decoding=\"async\" data-attachment-id=\"21064\" data-permalink=\"https:\/\/www.satokangas.fi\/blogi\/2014\/05\/meidan-la-festa\/_mg_3503\/\" data-orig-file=\"https:\/\/www.satokangas.fi\/blogi\/wp-content\/uploads\/2014\/05\/MG_3503.jpg\" data-orig-size=\"1600,1067\" data-comments-opened=\"1\" data-image-meta=\"{&quot;aperture&quot;:&quot;5.6&quot;,&quot;credit&quot;:&quot;unknown&quot;,&quot;camera&quot;:&quot;Canon EOS 400D DIGITAL&quot;,&quot;caption&quot;:&quot;&quot;,&quot;created_timestamp&quot;:&quot;1189188212&quot;,&quot;copyright&quot;:&quot;&quot;,&quot;focal_length&quot;:&quot;18&quot;,&quot;iso&quot;:&quot;400&quot;,&quot;shutter_speed&quot;:&quot;0.008&quot;,&quot;title&quot;:&quot;&quot;}\" data-image-title=\"_MG_3503\" data-image-description=\"\" data-image-caption=\"\" data-large-file=\"https:\/\/www.satokangas.fi\/blogi\/wp-content\/uploads\/2014\/05\/MG_3503-1535x1024.jpg\" class=\"aligncenter size-medium wp-image-21064\" src=\"https:\/\/www.satokangas.fi\/blogi\/wp-content\/uploads\/2014\/05\/MG_3503-600x400.jpg\" alt=\"_MG_3503\" width=\"600\" height=\"400\" srcset=\"https:\/\/www.satokangas.fi\/blogi\/wp-content\/uploads\/2014\/05\/MG_3503-600x400.jpg 600w, https:\/\/www.satokangas.fi\/blogi\/wp-content\/uploads\/2014\/05\/MG_3503-300x200.jpg 300w, https:\/\/www.satokangas.fi\/blogi\/wp-content\/uploads\/2014\/05\/MG_3503-1535x1024.jpg 1535w, https:\/\/www.satokangas.fi\/blogi\/wp-content\/uploads\/2014\/05\/MG_3503.jpg 1600w\" sizes=\"auto, (max-width: 600px) 100vw, 600px\" \/><\/a><\/p>\n<p style=\"text-align: justify;\">Samalla tehtiin autotalliremontti = yhden auton tallista tila kahdelle, ja yht\u00e4aikaa sis\u00e4lle kylpp\u00e4riremontti ja my\u00f6s sis\u00e4\u00e4nk\u00e4ynnin edustan kiveyksen yms. uusiminen. Siis oli rakennustalvi 2007 &#8211; 2008.<\/p>\n<p style=\"text-align: justify;\"><a href=\"https:\/\/www.satokangas.fi\/blogi\/wp-content\/uploads\/2014\/05\/MG_3489-Custom.jpg\"><img loading=\"lazy\" decoding=\"async\" data-attachment-id=\"21067\" data-permalink=\"https:\/\/www.satokangas.fi\/blogi\/2014\/05\/meidan-la-festa\/_mg_3489-custom\/\" data-orig-file=\"https:\/\/www.satokangas.fi\/blogi\/wp-content\/uploads\/2014\/05\/MG_3489-Custom.jpg\" data-orig-size=\"1600,1067\" data-comments-opened=\"1\" data-image-meta=\"{&quot;aperture&quot;:&quot;5.6&quot;,&quot;credit&quot;:&quot;&quot;,&quot;camera&quot;:&quot;Canon EOS 400D DIGITAL&quot;,&quot;caption&quot;:&quot;&quot;,&quot;created_timestamp&quot;:&quot;1189093274&quot;,&quot;copyright&quot;:&quot;&quot;,&quot;focal_length&quot;:&quot;44&quot;,&quot;iso&quot;:&quot;400&quot;,&quot;shutter_speed&quot;:&quot;0.0025&quot;,&quot;title&quot;:&quot;&quot;}\" data-image-title=\"_MG_3489 (Custom)\" data-image-description=\"\" data-image-caption=\"\" data-large-file=\"https:\/\/www.satokangas.fi\/blogi\/wp-content\/uploads\/2014\/05\/MG_3489-Custom-1535x1024.jpg\" class=\"aligncenter size-medium wp-image-21067\" src=\"https:\/\/www.satokangas.fi\/blogi\/wp-content\/uploads\/2014\/05\/MG_3489-Custom-600x400.jpg\" alt=\"_MG_3489 (Custom)\" width=\"600\" height=\"400\" srcset=\"https:\/\/www.satokangas.fi\/blogi\/wp-content\/uploads\/2014\/05\/MG_3489-Custom-600x400.jpg 600w, https:\/\/www.satokangas.fi\/blogi\/wp-content\/uploads\/2014\/05\/MG_3489-Custom-300x200.jpg 300w, https:\/\/www.satokangas.fi\/blogi\/wp-content\/uploads\/2014\/05\/MG_3489-Custom-1535x1024.jpg 1535w, https:\/\/www.satokangas.fi\/blogi\/wp-content\/uploads\/2014\/05\/MG_3489-Custom.jpg 1600w\" sizes=\"auto, (max-width: 600px) 100vw, 600px\" \/><\/a><\/p>\n<p style=\"text-align: justify;\"><a href=\"https:\/\/www.satokangas.fi\/blogi\/wp-content\/uploads\/2014\/05\/MG_3862-Custom.jpg\"><img loading=\"lazy\" decoding=\"async\" data-attachment-id=\"21068\" data-permalink=\"https:\/\/www.satokangas.fi\/blogi\/2014\/05\/meidan-la-festa\/_mg_3862-custom\/\" data-orig-file=\"https:\/\/www.satokangas.fi\/blogi\/wp-content\/uploads\/2014\/05\/MG_3862-Custom.jpg\" data-orig-size=\"1600,1067\" data-comments-opened=\"1\" data-image-meta=\"{&quot;aperture&quot;:&quot;5.6&quot;,&quot;credit&quot;:&quot;&quot;,&quot;camera&quot;:&quot;Canon EOS 400D DIGITAL&quot;,&quot;caption&quot;:&quot;&quot;,&quot;created_timestamp&quot;:&quot;1190114683&quot;,&quot;copyright&quot;:&quot;&quot;,&quot;focal_length&quot;:&quot;18&quot;,&quot;iso&quot;:&quot;1600&quot;,&quot;shutter_speed&quot;:&quot;0.000625&quot;,&quot;title&quot;:&quot;&quot;}\" data-image-title=\"_MG_3862 (Custom)\" data-image-description=\"\" data-image-caption=\"\" data-large-file=\"https:\/\/www.satokangas.fi\/blogi\/wp-content\/uploads\/2014\/05\/MG_3862-Custom-1535x1024.jpg\" class=\"aligncenter size-medium wp-image-21068\" src=\"https:\/\/www.satokangas.fi\/blogi\/wp-content\/uploads\/2014\/05\/MG_3862-Custom-600x400.jpg\" alt=\"_MG_3862 (Custom)\" width=\"600\" height=\"400\" srcset=\"https:\/\/www.satokangas.fi\/blogi\/wp-content\/uploads\/2014\/05\/MG_3862-Custom-600x400.jpg 600w, https:\/\/www.satokangas.fi\/blogi\/wp-content\/uploads\/2014\/05\/MG_3862-Custom-300x200.jpg 300w, https:\/\/www.satokangas.fi\/blogi\/wp-content\/uploads\/2014\/05\/MG_3862-Custom-1535x1024.jpg 1535w, https:\/\/www.satokangas.fi\/blogi\/wp-content\/uploads\/2014\/05\/MG_3862-Custom.jpg 1600w\" sizes=\"auto, (max-width: 600px) 100vw, 600px\" \/><\/a><\/p>\n<p style=\"text-align: justify;\"><a href=\"https:\/\/www.satokangas.fi\/blogi\/wp-content\/uploads\/2014\/05\/MG_3970-Custom.jpg\"><img loading=\"lazy\" decoding=\"async\" data-attachment-id=\"21069\" data-permalink=\"https:\/\/www.satokangas.fi\/blogi\/2014\/05\/meidan-la-festa\/_mg_3970-custom\/\" data-orig-file=\"https:\/\/www.satokangas.fi\/blogi\/wp-content\/uploads\/2014\/05\/MG_3970-Custom.jpg\" data-orig-size=\"1600,1067\" data-comments-opened=\"1\" data-image-meta=\"{&quot;aperture&quot;:&quot;5.6&quot;,&quot;credit&quot;:&quot;&quot;,&quot;camera&quot;:&quot;Canon EOS 400D DIGITAL&quot;,&quot;caption&quot;:&quot;&quot;,&quot;created_timestamp&quot;:&quot;1190920644&quot;,&quot;copyright&quot;:&quot;&quot;,&quot;focal_length&quot;:&quot;18&quot;,&quot;iso&quot;:&quot;1600&quot;,&quot;shutter_speed&quot;:&quot;0.04&quot;,&quot;title&quot;:&quot;&quot;}\" data-image-title=\"_MG_3970 (Custom)\" data-image-description=\"\" data-image-caption=\"\" data-large-file=\"https:\/\/www.satokangas.fi\/blogi\/wp-content\/uploads\/2014\/05\/MG_3970-Custom-1535x1024.jpg\" class=\"aligncenter size-medium wp-image-21069\" src=\"https:\/\/www.satokangas.fi\/blogi\/wp-content\/uploads\/2014\/05\/MG_3970-Custom-600x400.jpg\" alt=\"_MG_3970 (Custom)\" width=\"600\" height=\"400\" srcset=\"https:\/\/www.satokangas.fi\/blogi\/wp-content\/uploads\/2014\/05\/MG_3970-Custom-600x400.jpg 600w, https:\/\/www.satokangas.fi\/blogi\/wp-content\/uploads\/2014\/05\/MG_3970-Custom-300x200.jpg 300w, https:\/\/www.satokangas.fi\/blogi\/wp-content\/uploads\/2014\/05\/MG_3970-Custom-1535x1024.jpg 1535w, https:\/\/www.satokangas.fi\/blogi\/wp-content\/uploads\/2014\/05\/MG_3970-Custom.jpg 1600w\" sizes=\"auto, (max-width: 600px) 100vw, 600px\" \/><\/a><\/p>\n<p style=\"text-align: justify;\">Uun toinen sakara on irti talosta, siis on kuljettava sis\u00e4pihan &#8211; \u00a0josta tehtiin oikein \u00b4piazza\u00b4- kautta.<\/p>\n<p style=\"text-align: justify;\"><a href=\"https:\/\/www.satokangas.fi\/blogi\/wp-content\/uploads\/2014\/05\/MG_3969-kopio.jpg\"><img loading=\"lazy\" decoding=\"async\" data-attachment-id=\"21082\" data-permalink=\"https:\/\/www.satokangas.fi\/blogi\/2014\/05\/meidan-la-festa\/_mg_3969-kopio\/\" data-orig-file=\"https:\/\/www.satokangas.fi\/blogi\/wp-content\/uploads\/2014\/05\/MG_3969-kopio.jpg\" data-orig-size=\"800,533\" data-comments-opened=\"1\" data-image-meta=\"{&quot;aperture&quot;:&quot;5.6&quot;,&quot;credit&quot;:&quot;&quot;,&quot;camera&quot;:&quot;Canon EOS 400D DIGITAL&quot;,&quot;caption&quot;:&quot;&quot;,&quot;created_timestamp&quot;:&quot;1190920636&quot;,&quot;copyright&quot;:&quot;&quot;,&quot;focal_length&quot;:&quot;18&quot;,&quot;iso&quot;:&quot;1600&quot;,&quot;shutter_speed&quot;:&quot;0.125&quot;,&quot;title&quot;:&quot;&quot;}\" data-image-title=\"_MG_3969 (kopio)\" data-image-description=\"\" data-image-caption=\"\" data-large-file=\"https:\/\/www.satokangas.fi\/blogi\/wp-content\/uploads\/2014\/05\/MG_3969-kopio.jpg\" class=\"aligncenter size-medium wp-image-21082\" src=\"https:\/\/www.satokangas.fi\/blogi\/wp-content\/uploads\/2014\/05\/MG_3969-kopio-600x400.jpg\" alt=\"_MG_3969 (kopio)\" width=\"600\" height=\"400\" srcset=\"https:\/\/www.satokangas.fi\/blogi\/wp-content\/uploads\/2014\/05\/MG_3969-kopio-600x400.jpg 600w, https:\/\/www.satokangas.fi\/blogi\/wp-content\/uploads\/2014\/05\/MG_3969-kopio-300x199.jpg 300w, https:\/\/www.satokangas.fi\/blogi\/wp-content\/uploads\/2014\/05\/MG_3969-kopio.jpg 800w\" sizes=\"auto, (max-width: 600px) 100vw, 600px\" \/><\/a><\/p>\n<p style=\"text-align: justify;\"><img loading=\"lazy\" decoding=\"async\" data-attachment-id=\"21084\" data-permalink=\"https:\/\/www.satokangas.fi\/blogi\/2014\/05\/meidan-la-festa\/_mg_4745-custom\/\" data-orig-file=\"https:\/\/www.satokangas.fi\/blogi\/wp-content\/uploads\/2014\/05\/MG_4745-Custom.jpg\" data-orig-size=\"800,533\" data-comments-opened=\"1\" data-image-meta=\"{&quot;aperture&quot;:&quot;4&quot;,&quot;credit&quot;:&quot;&quot;,&quot;camera&quot;:&quot;Canon EOS 400D DIGITAL&quot;,&quot;caption&quot;:&quot;&quot;,&quot;created_timestamp&quot;:&quot;1194096367&quot;,&quot;copyright&quot;:&quot;&quot;,&quot;focal_length&quot;:&quot;25&quot;,&quot;iso&quot;:&quot;100&quot;,&quot;shutter_speed&quot;:&quot;0.005&quot;,&quot;title&quot;:&quot;&quot;}\" data-image-title=\"_MG_4745 (Custom)\" data-image-description=\"\" data-image-caption=\"\" data-large-file=\"https:\/\/www.satokangas.fi\/blogi\/wp-content\/uploads\/2014\/05\/MG_4745-Custom.jpg\" class=\"aligncenter size-medium wp-image-21084\" src=\"https:\/\/www.satokangas.fi\/blogi\/wp-content\/uploads\/2014\/05\/MG_4745-Custom-600x400.jpg\" alt=\"_MG_4745 (Custom)\" width=\"600\" height=\"400\" srcset=\"https:\/\/www.satokangas.fi\/blogi\/wp-content\/uploads\/2014\/05\/MG_4745-Custom-600x400.jpg 600w, https:\/\/www.satokangas.fi\/blogi\/wp-content\/uploads\/2014\/05\/MG_4745-Custom-300x199.jpg 300w, https:\/\/www.satokangas.fi\/blogi\/wp-content\/uploads\/2014\/05\/MG_4745-Custom.jpg 800w\" sizes=\"auto, (max-width: 600px) 100vw, 600px\" \/><\/p>\n<p style=\"text-align: justify;\">Sokkeli oli valmis ja kattotuolit paikoillaan ennen lumen tuloa. Ja koko puutarha deletoitu!<\/p>\n<p style=\"text-align: justify;\">Jotta pehtoori ja raksamiehet pystyiv\u00e4t talvenkin rakentamaan, oli valmistuva Festa ja KOKO talo pistett\u00e4v\u00e4 pakettiin! Oli hassua el\u00e4\u00e4 talossa teltan sis\u00e4ll\u00e4. Tavallistakin pime\u00e4mp\u00e4\u00e4.<\/p>\n<p style=\"text-align: justify;\"><a href=\"https:\/\/www.satokangas.fi\/blogi\/wp-content\/uploads\/2014\/05\/MG_4941-Custom.jpg\"><img loading=\"lazy\" decoding=\"async\" data-attachment-id=\"21070\" data-permalink=\"https:\/\/www.satokangas.fi\/blogi\/2014\/05\/meidan-la-festa\/_mg_4941-custom\/\" data-orig-file=\"https:\/\/www.satokangas.fi\/blogi\/wp-content\/uploads\/2014\/05\/MG_4941-Custom.jpg\" data-orig-size=\"1600,1067\" data-comments-opened=\"1\" data-image-meta=\"{&quot;aperture&quot;:&quot;5&quot;,&quot;credit&quot;:&quot;&quot;,&quot;camera&quot;:&quot;Canon EOS 400D DIGITAL&quot;,&quot;caption&quot;:&quot;&quot;,&quot;created_timestamp&quot;:&quot;1195386649&quot;,&quot;copyright&quot;:&quot;&quot;,&quot;focal_length&quot;:&quot;24&quot;,&quot;iso&quot;:&quot;200&quot;,&quot;shutter_speed&quot;:&quot;0.0125&quot;,&quot;title&quot;:&quot;&quot;}\" data-image-title=\"_MG_4941 (Custom)\" data-image-description=\"\" data-image-caption=\"\" data-large-file=\"https:\/\/www.satokangas.fi\/blogi\/wp-content\/uploads\/2014\/05\/MG_4941-Custom-1535x1024.jpg\" class=\"aligncenter size-medium wp-image-21070\" src=\"https:\/\/www.satokangas.fi\/blogi\/wp-content\/uploads\/2014\/05\/MG_4941-Custom-600x400.jpg\" alt=\"_MG_4941 (Custom)\" width=\"600\" height=\"400\" srcset=\"https:\/\/www.satokangas.fi\/blogi\/wp-content\/uploads\/2014\/05\/MG_4941-Custom-600x400.jpg 600w, https:\/\/www.satokangas.fi\/blogi\/wp-content\/uploads\/2014\/05\/MG_4941-Custom-300x200.jpg 300w, https:\/\/www.satokangas.fi\/blogi\/wp-content\/uploads\/2014\/05\/MG_4941-Custom-1535x1024.jpg 1535w, https:\/\/www.satokangas.fi\/blogi\/wp-content\/uploads\/2014\/05\/MG_4941-Custom.jpg 1600w\" sizes=\"auto, (max-width: 600px) 100vw, 600px\" \/><\/a><\/p>\n<p style=\"text-align: justify;\"><img loading=\"lazy\" decoding=\"async\" data-attachment-id=\"21074\" data-permalink=\"https:\/\/www.satokangas.fi\/blogi\/2014\/05\/meidan-la-festa\/_mg_5378-custom\/\" data-orig-file=\"https:\/\/www.satokangas.fi\/blogi\/wp-content\/uploads\/2014\/05\/MG_5378-Custom.jpg\" data-orig-size=\"1600,1067\" data-comments-opened=\"1\" data-image-meta=\"{&quot;aperture&quot;:&quot;4&quot;,&quot;credit&quot;:&quot;&quot;,&quot;camera&quot;:&quot;Canon EOS 400D DIGITAL&quot;,&quot;caption&quot;:&quot;&quot;,&quot;created_timestamp&quot;:&quot;1197808989&quot;,&quot;copyright&quot;:&quot;&quot;,&quot;focal_length&quot;:&quot;18&quot;,&quot;iso&quot;:&quot;200&quot;,&quot;shutter_speed&quot;:&quot;0.008&quot;,&quot;title&quot;:&quot;&quot;}\" data-image-title=\"_MG_5378 (Custom)\" data-image-description=\"\" data-image-caption=\"\" data-large-file=\"https:\/\/www.satokangas.fi\/blogi\/wp-content\/uploads\/2014\/05\/MG_5378-Custom-1535x1024.jpg\" class=\"aligncenter size-medium wp-image-21074\" src=\"https:\/\/www.satokangas.fi\/blogi\/wp-content\/uploads\/2014\/05\/MG_5378-Custom-600x400.jpg\" alt=\"_MG_5378 (Custom)\" width=\"600\" height=\"400\" srcset=\"https:\/\/www.satokangas.fi\/blogi\/wp-content\/uploads\/2014\/05\/MG_5378-Custom-600x400.jpg 600w, https:\/\/www.satokangas.fi\/blogi\/wp-content\/uploads\/2014\/05\/MG_5378-Custom-300x200.jpg 300w, https:\/\/www.satokangas.fi\/blogi\/wp-content\/uploads\/2014\/05\/MG_5378-Custom-1535x1024.jpg 1535w, https:\/\/www.satokangas.fi\/blogi\/wp-content\/uploads\/2014\/05\/MG_5378-Custom.jpg 1600w\" sizes=\"auto, (max-width: 600px) 100vw, 600px\" \/><\/p>\n<p style=\"text-align: justify;\"><a href=\"https:\/\/www.satokangas.fi\/blogi\/wp-content\/uploads\/2014\/05\/MG_5161-Custom.jpg\"><img loading=\"lazy\" decoding=\"async\" data-attachment-id=\"21071\" data-permalink=\"https:\/\/www.satokangas.fi\/blogi\/2014\/05\/meidan-la-festa\/_mg_5161-custom\/\" data-orig-file=\"https:\/\/www.satokangas.fi\/blogi\/wp-content\/uploads\/2014\/05\/MG_5161-Custom.jpg\" data-orig-size=\"800,533\" data-comments-opened=\"1\" data-image-meta=\"{&quot;aperture&quot;:&quot;7.1&quot;,&quot;credit&quot;:&quot;&quot;,&quot;camera&quot;:&quot;Canon EOS 400D DIGITAL&quot;,&quot;caption&quot;:&quot;&quot;,&quot;created_timestamp&quot;:&quot;1196509037&quot;,&quot;copyright&quot;:&quot;&quot;,&quot;focal_length&quot;:&quot;18&quot;,&quot;iso&quot;:&quot;800&quot;,&quot;shutter_speed&quot;:&quot;0.01&quot;,&quot;title&quot;:&quot;&quot;}\" data-image-title=\"_MG_5161 (Custom)\" data-image-description=\"\" data-image-caption=\"\" data-large-file=\"https:\/\/www.satokangas.fi\/blogi\/wp-content\/uploads\/2014\/05\/MG_5161-Custom.jpg\" class=\"aligncenter size-medium wp-image-21071\" src=\"https:\/\/www.satokangas.fi\/blogi\/wp-content\/uploads\/2014\/05\/MG_5161-Custom-600x400.jpg\" alt=\"_MG_5161 (Custom)\" width=\"600\" height=\"400\" srcset=\"https:\/\/www.satokangas.fi\/blogi\/wp-content\/uploads\/2014\/05\/MG_5161-Custom-600x400.jpg 600w, https:\/\/www.satokangas.fi\/blogi\/wp-content\/uploads\/2014\/05\/MG_5161-Custom-300x199.jpg 300w, https:\/\/www.satokangas.fi\/blogi\/wp-content\/uploads\/2014\/05\/MG_5161-Custom.jpg 800w\" sizes=\"auto, (max-width: 600px) 100vw, 600px\" \/><\/a><\/p>\n<p style=\"text-align: justify;\"><a href=\"https:\/\/www.satokangas.fi\/blogi\/wp-content\/uploads\/2014\/05\/MG_5162-Custom.jpg\"><img loading=\"lazy\" decoding=\"async\" data-attachment-id=\"21072\" data-permalink=\"https:\/\/www.satokangas.fi\/blogi\/2014\/05\/meidan-la-festa\/_mg_5162-custom\/\" data-orig-file=\"https:\/\/www.satokangas.fi\/blogi\/wp-content\/uploads\/2014\/05\/MG_5162-Custom.jpg\" data-orig-size=\"800,533\" data-comments-opened=\"1\" data-image-meta=\"{&quot;aperture&quot;:&quot;7.1&quot;,&quot;credit&quot;:&quot;&quot;,&quot;camera&quot;:&quot;Canon EOS 400D DIGITAL&quot;,&quot;caption&quot;:&quot;&quot;,&quot;created_timestamp&quot;:&quot;1196509056&quot;,&quot;copyright&quot;:&quot;&quot;,&quot;focal_length&quot;:&quot;18&quot;,&quot;iso&quot;:&quot;800&quot;,&quot;shutter_speed&quot;:&quot;0.01&quot;,&quot;title&quot;:&quot;&quot;}\" data-image-title=\"_MG_5162 (Custom)\" data-image-description=\"\" data-image-caption=\"\" data-large-file=\"https:\/\/www.satokangas.fi\/blogi\/wp-content\/uploads\/2014\/05\/MG_5162-Custom.jpg\" class=\"aligncenter size-medium wp-image-21072\" src=\"https:\/\/www.satokangas.fi\/blogi\/wp-content\/uploads\/2014\/05\/MG_5162-Custom-600x400.jpg\" alt=\"_MG_5162 (Custom)\" width=\"600\" height=\"400\" srcset=\"https:\/\/www.satokangas.fi\/blogi\/wp-content\/uploads\/2014\/05\/MG_5162-Custom-600x400.jpg 600w, https:\/\/www.satokangas.fi\/blogi\/wp-content\/uploads\/2014\/05\/MG_5162-Custom-300x199.jpg 300w, https:\/\/www.satokangas.fi\/blogi\/wp-content\/uploads\/2014\/05\/MG_5162-Custom.jpg 800w\" sizes=\"auto, (max-width: 600px) 100vw, 600px\" \/><\/a><\/p>\n<p style=\"text-align: justify;\">Autotallikin alkoi hahmottua. Pehtoorilla riitti puuhaa.<\/p>\n<p style=\"text-align: justify;\">Katoksen alla n\u00e4ytti joulun alla\u00a0\u00a0t\u00e4lt\u00e4:<\/p>\n<p style=\"text-align: justify;\"><a href=\"https:\/\/www.satokangas.fi\/blogi\/wp-content\/uploads\/2014\/05\/MG_5166-Custom.jpg\"><img loading=\"lazy\" decoding=\"async\" data-attachment-id=\"21073\" data-permalink=\"https:\/\/www.satokangas.fi\/blogi\/2014\/05\/meidan-la-festa\/_mg_5166-custom\/\" data-orig-file=\"https:\/\/www.satokangas.fi\/blogi\/wp-content\/uploads\/2014\/05\/MG_5166-Custom.jpg\" data-orig-size=\"800,533\" data-comments-opened=\"1\" data-image-meta=\"{&quot;aperture&quot;:&quot;7.1&quot;,&quot;credit&quot;:&quot;&quot;,&quot;camera&quot;:&quot;Canon EOS 400D DIGITAL&quot;,&quot;caption&quot;:&quot;&quot;,&quot;created_timestamp&quot;:&quot;1196509153&quot;,&quot;copyright&quot;:&quot;&quot;,&quot;focal_length&quot;:&quot;18&quot;,&quot;iso&quot;:&quot;1600&quot;,&quot;shutter_speed&quot;:&quot;0.05&quot;,&quot;title&quot;:&quot;&quot;}\" data-image-title=\"_MG_5166 (Custom)\" data-image-description=\"\" data-image-caption=\"\" data-large-file=\"https:\/\/www.satokangas.fi\/blogi\/wp-content\/uploads\/2014\/05\/MG_5166-Custom.jpg\" class=\"aligncenter size-medium wp-image-21073\" src=\"https:\/\/www.satokangas.fi\/blogi\/wp-content\/uploads\/2014\/05\/MG_5166-Custom-600x400.jpg\" alt=\"_MG_5166 (Custom)\" width=\"600\" height=\"400\" srcset=\"https:\/\/www.satokangas.fi\/blogi\/wp-content\/uploads\/2014\/05\/MG_5166-Custom-600x400.jpg 600w, https:\/\/www.satokangas.fi\/blogi\/wp-content\/uploads\/2014\/05\/MG_5166-Custom-300x199.jpg 300w, https:\/\/www.satokangas.fi\/blogi\/wp-content\/uploads\/2014\/05\/MG_5166-Custom.jpg 800w\" sizes=\"auto, (max-width: 600px) 100vw, 600px\" \/><\/a><\/p>\n<p style=\"text-align: justify;\"><a href=\"https:\/\/www.satokangas.fi\/blogi\/wp-content\/uploads\/2014\/05\/MG_5383_1-Custom.jpg\"><img loading=\"lazy\" decoding=\"async\" data-attachment-id=\"21085\" data-permalink=\"https:\/\/www.satokangas.fi\/blogi\/2014\/05\/meidan-la-festa\/_mg_5383_1-custom\/\" data-orig-file=\"https:\/\/www.satokangas.fi\/blogi\/wp-content\/uploads\/2014\/05\/MG_5383_1-Custom.jpg\" data-orig-size=\"800,583\" data-comments-opened=\"1\" data-image-meta=\"{&quot;aperture&quot;:&quot;4&quot;,&quot;credit&quot;:&quot;&quot;,&quot;camera&quot;:&quot;Canon EOS 400D DIGITAL&quot;,&quot;caption&quot;:&quot;&quot;,&quot;created_timestamp&quot;:&quot;1197809097&quot;,&quot;copyright&quot;:&quot;&quot;,&quot;focal_length&quot;:&quot;18&quot;,&quot;iso&quot;:&quot;400&quot;,&quot;shutter_speed&quot;:&quot;0.2&quot;,&quot;title&quot;:&quot;&quot;}\" data-image-title=\"_MG_5383_1 (Custom)\" data-image-description=\"\" data-image-caption=\"\" data-large-file=\"https:\/\/www.satokangas.fi\/blogi\/wp-content\/uploads\/2014\/05\/MG_5383_1-Custom.jpg\" class=\"aligncenter size-medium wp-image-21085\" src=\"https:\/\/www.satokangas.fi\/blogi\/wp-content\/uploads\/2014\/05\/MG_5383_1-Custom-548x400.jpg\" alt=\"_MG_5383_1 (Custom)\" width=\"548\" height=\"400\" srcset=\"https:\/\/www.satokangas.fi\/blogi\/wp-content\/uploads\/2014\/05\/MG_5383_1-Custom-548x400.jpg 548w, https:\/\/www.satokangas.fi\/blogi\/wp-content\/uploads\/2014\/05\/MG_5383_1-Custom-300x218.jpg 300w, https:\/\/www.satokangas.fi\/blogi\/wp-content\/uploads\/2014\/05\/MG_5383_1-Custom.jpg 800w\" sizes=\"auto, (max-width: 548px) 100vw, 548px\" \/><\/a><\/p>\n<p style=\"text-align: justify;\">Piazzan kukkaltaat jo mallissaan&#8230;\u00a0<a href=\"https:\/\/www.satokangas.fi\/blogi\/wp-content\/uploads\/2014\/05\/MG_5378-Custom.jpg\"><br \/>\n<\/a> <a href=\"https:\/\/www.satokangas.fi\/blogi\/wp-content\/uploads\/2014\/05\/MG_5379-Custom.jpg\"><img loading=\"lazy\" decoding=\"async\" data-attachment-id=\"21075\" data-permalink=\"https:\/\/www.satokangas.fi\/blogi\/2014\/05\/meidan-la-festa\/_mg_5379-custom\/\" data-orig-file=\"https:\/\/www.satokangas.fi\/blogi\/wp-content\/uploads\/2014\/05\/MG_5379-Custom.jpg\" data-orig-size=\"1600,1067\" data-comments-opened=\"1\" data-image-meta=\"{&quot;aperture&quot;:&quot;4&quot;,&quot;credit&quot;:&quot;&quot;,&quot;camera&quot;:&quot;Canon EOS 400D DIGITAL&quot;,&quot;caption&quot;:&quot;&quot;,&quot;created_timestamp&quot;:&quot;1197809021&quot;,&quot;copyright&quot;:&quot;&quot;,&quot;focal_length&quot;:&quot;18&quot;,&quot;iso&quot;:&quot;200&quot;,&quot;shutter_speed&quot;:&quot;0.066666666666667&quot;,&quot;title&quot;:&quot;&quot;}\" data-image-title=\"_MG_5379 (Custom)\" data-image-description=\"\" data-image-caption=\"\" data-large-file=\"https:\/\/www.satokangas.fi\/blogi\/wp-content\/uploads\/2014\/05\/MG_5379-Custom-1535x1024.jpg\" class=\"aligncenter size-medium wp-image-21075\" src=\"https:\/\/www.satokangas.fi\/blogi\/wp-content\/uploads\/2014\/05\/MG_5379-Custom-600x400.jpg\" alt=\"_MG_5379 (Custom)\" width=\"600\" height=\"400\" srcset=\"https:\/\/www.satokangas.fi\/blogi\/wp-content\/uploads\/2014\/05\/MG_5379-Custom-600x400.jpg 600w, https:\/\/www.satokangas.fi\/blogi\/wp-content\/uploads\/2014\/05\/MG_5379-Custom-300x200.jpg 300w, https:\/\/www.satokangas.fi\/blogi\/wp-content\/uploads\/2014\/05\/MG_5379-Custom-1535x1024.jpg 1535w, https:\/\/www.satokangas.fi\/blogi\/wp-content\/uploads\/2014\/05\/MG_5379-Custom.jpg 1600w\" sizes=\"auto, (max-width: 600px) 100vw, 600px\" \/><\/a><\/p>\n<p style=\"text-align: justify;\">Kev\u00e4\u00e4n tullen Festa kuoriutui pressujen alta. Kun t\u00e4h\u00e4n vaiheeseen oli p\u00e4\u00e4sty, minusta tuntui, ett\u00e4 olin joka viikonloppu ollut Rauta-Keskolla tms. valitsemassa laattoja, hanoja, rappausmatskuja, paneelia, kaappeja tms.<\/p>\n<p style=\"text-align: justify;\">Talomme on Modulan talopaketti, jonka on piirt\u00e4nyt (1980-luvulla) Paldaniuksen toimisto, ja sielt\u00e4 sitten rakennuspiirustukset my\u00f6s t\u00e4lle siivelle hankittiin.<\/p>\n<p style=\"text-align: justify;\">Sisustussuunnittelussa auttoi yst\u00e4v\u00e4mme, jolla on ko. puuhaan koulutus, ja sitten paljolti kimpassa kaksistaan &#8230;<\/p>\n<p style=\"text-align: justify;\"><a href=\"https:\/\/www.satokangas.fi\/blogi\/wp-content\/uploads\/2014\/05\/MG_5393-Custom.jpg\"><img loading=\"lazy\" decoding=\"async\" data-attachment-id=\"21076\" data-permalink=\"https:\/\/www.satokangas.fi\/blogi\/2014\/05\/meidan-la-festa\/_mg_5393-custom\/\" data-orig-file=\"https:\/\/www.satokangas.fi\/blogi\/wp-content\/uploads\/2014\/05\/MG_5393-Custom.jpg\" data-orig-size=\"1600,1067\" data-comments-opened=\"1\" data-image-meta=\"{&quot;aperture&quot;:&quot;4&quot;,&quot;credit&quot;:&quot;&quot;,&quot;camera&quot;:&quot;Canon EOS 400D DIGITAL&quot;,&quot;caption&quot;:&quot;&quot;,&quot;created_timestamp&quot;:&quot;1198330466&quot;,&quot;copyright&quot;:&quot;&quot;,&quot;focal_length&quot;:&quot;18&quot;,&quot;iso&quot;:&quot;200&quot;,&quot;shutter_speed&quot;:&quot;0.01&quot;,&quot;title&quot;:&quot;&quot;}\" data-image-title=\"_MG_5393 (Custom)\" data-image-description=\"\" data-image-caption=\"\" data-large-file=\"https:\/\/www.satokangas.fi\/blogi\/wp-content\/uploads\/2014\/05\/MG_5393-Custom-1535x1024.jpg\" class=\"aligncenter size-medium wp-image-21076\" src=\"https:\/\/www.satokangas.fi\/blogi\/wp-content\/uploads\/2014\/05\/MG_5393-Custom-600x400.jpg\" alt=\"_MG_5393 (Custom)\" width=\"600\" height=\"400\" srcset=\"https:\/\/www.satokangas.fi\/blogi\/wp-content\/uploads\/2014\/05\/MG_5393-Custom-600x400.jpg 600w, https:\/\/www.satokangas.fi\/blogi\/wp-content\/uploads\/2014\/05\/MG_5393-Custom-300x200.jpg 300w, https:\/\/www.satokangas.fi\/blogi\/wp-content\/uploads\/2014\/05\/MG_5393-Custom-1535x1024.jpg 1535w, https:\/\/www.satokangas.fi\/blogi\/wp-content\/uploads\/2014\/05\/MG_5393-Custom.jpg 1600w\" sizes=\"auto, (max-width: 600px) 100vw, 600px\" \/><\/a> <a href=\"https:\/\/www.satokangas.fi\/blogi\/wp-content\/uploads\/2014\/05\/MG_5825-Custom.jpg\"><img loading=\"lazy\" decoding=\"async\" data-attachment-id=\"21077\" data-permalink=\"https:\/\/www.satokangas.fi\/blogi\/2014\/05\/meidan-la-festa\/_mg_5825-custom\/\" data-orig-file=\"https:\/\/www.satokangas.fi\/blogi\/wp-content\/uploads\/2014\/05\/MG_5825-Custom.jpg\" data-orig-size=\"1600,1067\" data-comments-opened=\"1\" data-image-meta=\"{&quot;aperture&quot;:&quot;14&quot;,&quot;credit&quot;:&quot;&quot;,&quot;camera&quot;:&quot;Canon EOS 400D DIGITAL&quot;,&quot;caption&quot;:&quot;&quot;,&quot;created_timestamp&quot;:&quot;1201951987&quot;,&quot;copyright&quot;:&quot;&quot;,&quot;focal_length&quot;:&quot;18&quot;,&quot;iso&quot;:&quot;400&quot;,&quot;shutter_speed&quot;:&quot;0.25&quot;,&quot;title&quot;:&quot;&quot;}\" data-image-title=\"_MG_5825 (Custom)\" data-image-description=\"\" data-image-caption=\"\" data-large-file=\"https:\/\/www.satokangas.fi\/blogi\/wp-content\/uploads\/2014\/05\/MG_5825-Custom-1535x1024.jpg\" class=\"aligncenter size-medium wp-image-21077\" src=\"https:\/\/www.satokangas.fi\/blogi\/wp-content\/uploads\/2014\/05\/MG_5825-Custom-600x400.jpg\" alt=\"_MG_5825 (Custom)\" width=\"600\" height=\"400\" srcset=\"https:\/\/www.satokangas.fi\/blogi\/wp-content\/uploads\/2014\/05\/MG_5825-Custom-600x400.jpg 600w, https:\/\/www.satokangas.fi\/blogi\/wp-content\/uploads\/2014\/05\/MG_5825-Custom-300x200.jpg 300w, https:\/\/www.satokangas.fi\/blogi\/wp-content\/uploads\/2014\/05\/MG_5825-Custom-1535x1024.jpg 1535w, https:\/\/www.satokangas.fi\/blogi\/wp-content\/uploads\/2014\/05\/MG_5825-Custom.jpg 1600w\" sizes=\"auto, (max-width: 600px) 100vw, 600px\" \/><\/a> <a href=\"https:\/\/www.satokangas.fi\/blogi\/wp-content\/uploads\/2014\/05\/MG_5831-Custom.jpg\"><img loading=\"lazy\" decoding=\"async\" data-attachment-id=\"21078\" data-permalink=\"https:\/\/www.satokangas.fi\/blogi\/2014\/05\/meidan-la-festa\/_mg_5831-custom\/\" data-orig-file=\"https:\/\/www.satokangas.fi\/blogi\/wp-content\/uploads\/2014\/05\/MG_5831-Custom.jpg\" data-orig-size=\"1600,1067\" data-comments-opened=\"1\" data-image-meta=\"{&quot;aperture&quot;:&quot;14&quot;,&quot;credit&quot;:&quot;&quot;,&quot;camera&quot;:&quot;Canon EOS 400D DIGITAL&quot;,&quot;caption&quot;:&quot;&quot;,&quot;created_timestamp&quot;:&quot;1201952306&quot;,&quot;copyright&quot;:&quot;&quot;,&quot;focal_length&quot;:&quot;28&quot;,&quot;iso&quot;:&quot;800&quot;,&quot;shutter_speed&quot;:&quot;0.02&quot;,&quot;title&quot;:&quot;&quot;}\" data-image-title=\"_MG_5831 (Custom)\" data-image-description=\"\" data-image-caption=\"\" data-large-file=\"https:\/\/www.satokangas.fi\/blogi\/wp-content\/uploads\/2014\/05\/MG_5831-Custom-1535x1024.jpg\" class=\"aligncenter size-medium wp-image-21078\" src=\"https:\/\/www.satokangas.fi\/blogi\/wp-content\/uploads\/2014\/05\/MG_5831-Custom-600x400.jpg\" alt=\"_MG_5831 (Custom)\" width=\"600\" height=\"400\" srcset=\"https:\/\/www.satokangas.fi\/blogi\/wp-content\/uploads\/2014\/05\/MG_5831-Custom-600x400.jpg 600w, https:\/\/www.satokangas.fi\/blogi\/wp-content\/uploads\/2014\/05\/MG_5831-Custom-300x200.jpg 300w, https:\/\/www.satokangas.fi\/blogi\/wp-content\/uploads\/2014\/05\/MG_5831-Custom-1535x1024.jpg 1535w, https:\/\/www.satokangas.fi\/blogi\/wp-content\/uploads\/2014\/05\/MG_5831-Custom.jpg 1600w\" sizes=\"auto, (max-width: 600px) 100vw, 600px\" \/><\/a><\/p>\n<p style=\"text-align: justify;\">Vappuna 2008 pidettiin tuparit &#8230;. ja esikoisen lakkiaisiin pehtoori ehti jo siirtonurmenkin rullata paikalleen ja saada muutoinkin kaiken priimakuntoon.<\/p>\n<p style=\"text-align: justify;\"><a href=\"https:\/\/www.satokangas.fi\/blogi\/wp-content\/uploads\/2014\/05\/MG_7707-Custom.jpg\"><img loading=\"lazy\" decoding=\"async\" data-attachment-id=\"21079\" data-permalink=\"https:\/\/www.satokangas.fi\/blogi\/2014\/05\/meidan-la-festa\/_mg_7707-custom\/\" data-orig-file=\"https:\/\/www.satokangas.fi\/blogi\/wp-content\/uploads\/2014\/05\/MG_7707-Custom.jpg\" data-orig-size=\"1000,667\" data-comments-opened=\"1\" data-image-meta=\"{&quot;aperture&quot;:&quot;4.5&quot;,&quot;credit&quot;:&quot;&quot;,&quot;camera&quot;:&quot;Canon EOS 400D DIGITAL&quot;,&quot;caption&quot;:&quot;&quot;,&quot;created_timestamp&quot;:&quot;1212426476&quot;,&quot;copyright&quot;:&quot;&quot;,&quot;focal_length&quot;:&quot;31&quot;,&quot;iso&quot;:&quot;200&quot;,&quot;shutter_speed&quot;:&quot;0.0025&quot;,&quot;title&quot;:&quot;&quot;}\" data-image-title=\"_MG_7707 (Custom)\" data-image-description=\"\" data-image-caption=\"\" data-large-file=\"https:\/\/www.satokangas.fi\/blogi\/wp-content\/uploads\/2014\/05\/MG_7707-Custom.jpg\" class=\"aligncenter size-medium wp-image-21079\" src=\"https:\/\/www.satokangas.fi\/blogi\/wp-content\/uploads\/2014\/05\/MG_7707-Custom-600x400.jpg\" alt=\"_MG_7707 (Custom)\" width=\"600\" height=\"400\" srcset=\"https:\/\/www.satokangas.fi\/blogi\/wp-content\/uploads\/2014\/05\/MG_7707-Custom-600x400.jpg 600w, https:\/\/www.satokangas.fi\/blogi\/wp-content\/uploads\/2014\/05\/MG_7707-Custom-300x200.jpg 300w, https:\/\/www.satokangas.fi\/blogi\/wp-content\/uploads\/2014\/05\/MG_7707-Custom.jpg 1000w\" sizes=\"auto, (max-width: 600px) 100vw, 600px\" \/><\/a><\/p>\n<p style=\"text-align: justify;\">La Festa ja Piazza on hyviksi havaittu.<\/p>\n<p style=\"text-align: justify;\"><a href=\"https:\/\/www.satokangas.fi\/blogi\/wp-content\/uploads\/2014\/05\/MG_9118-Custom.jpg\"><img loading=\"lazy\" decoding=\"async\" data-attachment-id=\"21080\" data-permalink=\"https:\/\/www.satokangas.fi\/blogi\/2014\/05\/meidan-la-festa\/_mg_9118-custom\/\" data-orig-file=\"https:\/\/www.satokangas.fi\/blogi\/wp-content\/uploads\/2014\/05\/MG_9118-Custom.jpg\" data-orig-size=\"1600,1067\" data-comments-opened=\"1\" data-image-meta=\"{&quot;aperture&quot;:&quot;9&quot;,&quot;credit&quot;:&quot;&quot;,&quot;camera&quot;:&quot;Canon EOS 400D DIGITAL&quot;,&quot;caption&quot;:&quot;&quot;,&quot;created_timestamp&quot;:&quot;1220045040&quot;,&quot;copyright&quot;:&quot;&quot;,&quot;focal_length&quot;:&quot;18&quot;,&quot;iso&quot;:&quot;200&quot;,&quot;shutter_speed&quot;:&quot;6&quot;,&quot;title&quot;:&quot;&quot;}\" data-image-title=\"_MG_9118 (Custom)\" data-image-description=\"\" data-image-caption=\"\" data-large-file=\"https:\/\/www.satokangas.fi\/blogi\/wp-content\/uploads\/2014\/05\/MG_9118-Custom-1535x1024.jpg\" class=\"aligncenter size-medium wp-image-21080\" src=\"https:\/\/www.satokangas.fi\/blogi\/wp-content\/uploads\/2014\/05\/MG_9118-Custom-600x400.jpg\" alt=\"_MG_9118 (Custom)\" width=\"600\" height=\"400\" srcset=\"https:\/\/www.satokangas.fi\/blogi\/wp-content\/uploads\/2014\/05\/MG_9118-Custom-600x400.jpg 600w, https:\/\/www.satokangas.fi\/blogi\/wp-content\/uploads\/2014\/05\/MG_9118-Custom-300x200.jpg 300w, https:\/\/www.satokangas.fi\/blogi\/wp-content\/uploads\/2014\/05\/MG_9118-Custom-1535x1024.jpg 1535w, https:\/\/www.satokangas.fi\/blogi\/wp-content\/uploads\/2014\/05\/MG_9118-Custom.jpg 1600w\" sizes=\"auto, (max-width: 600px) 100vw, 600px\" \/><\/a> <a href=\"https:\/\/www.satokangas.fi\/blogi\/wp-content\/uploads\/2014\/05\/MG_9120-Custom.jpg\"><img loading=\"lazy\" decoding=\"async\" data-attachment-id=\"21081\" data-permalink=\"https:\/\/www.satokangas.fi\/blogi\/2014\/05\/meidan-la-festa\/_mg_9120-custom\/\" data-orig-file=\"https:\/\/www.satokangas.fi\/blogi\/wp-content\/uploads\/2014\/05\/MG_9120-Custom.jpg\" data-orig-size=\"1600,1067\" data-comments-opened=\"1\" data-image-meta=\"{&quot;aperture&quot;:&quot;9&quot;,&quot;credit&quot;:&quot;&quot;,&quot;camera&quot;:&quot;Canon EOS 400D DIGITAL&quot;,&quot;caption&quot;:&quot;&quot;,&quot;created_timestamp&quot;:&quot;1220045094&quot;,&quot;copyright&quot;:&quot;&quot;,&quot;focal_length&quot;:&quot;18&quot;,&quot;iso&quot;:&quot;100&quot;,&quot;shutter_speed&quot;:&quot;15&quot;,&quot;title&quot;:&quot;&quot;}\" data-image-title=\"_MG_9120 (Custom)\" data-image-description=\"\" data-image-caption=\"\" data-large-file=\"https:\/\/www.satokangas.fi\/blogi\/wp-content\/uploads\/2014\/05\/MG_9120-Custom-1535x1024.jpg\" class=\"aligncenter size-medium wp-image-21081\" src=\"https:\/\/www.satokangas.fi\/blogi\/wp-content\/uploads\/2014\/05\/MG_9120-Custom-600x400.jpg\" alt=\"_MG_9120 (Custom)\" width=\"600\" height=\"400\" srcset=\"https:\/\/www.satokangas.fi\/blogi\/wp-content\/uploads\/2014\/05\/MG_9120-Custom-600x400.jpg 600w, https:\/\/www.satokangas.fi\/blogi\/wp-content\/uploads\/2014\/05\/MG_9120-Custom-300x200.jpg 300w, https:\/\/www.satokangas.fi\/blogi\/wp-content\/uploads\/2014\/05\/MG_9120-Custom-1535x1024.jpg 1535w, https:\/\/www.satokangas.fi\/blogi\/wp-content\/uploads\/2014\/05\/MG_9120-Custom.jpg 1600w\" sizes=\"auto, (max-width: 600px) 100vw, 600px\" \/><\/a><\/p>\n<p style=\"text-align: justify;\">Ja kaikki vain harrastusten vuoksi? Ruoanlaitto, viiniyst\u00e4v\u00e4t, kestitseminen, puutarha, \u00a0&#8211; niin ja perhe. \u00a0Kummastelijoille sanomme usein, ett\u00e4 monilla on golf-osake tai purjevene tai asuntoauto tai pari pr\u00e4tk\u00e4\u00e4 tai lomaosake jossain &#8211; t\u00e4m\u00e4 on meid\u00e4n purjevene, jossa viet\u00e4mme kotilomat, juhlat ja viikonloput.<\/p>\n<p style=\"text-align: justify;\">Sis\u00e4kuvia sielt\u00e4 on blogissa vilahdellut (ja tulee vilahtelemaan) paljonkin (esim. <a title=\"Kalaasit 2012 vol. II\" href=\"https:\/\/www.satokangas.fi\/blogi\/2012\/08\/kalaasit-2012-vol-ii\/\">kalaasit\u00a0<\/a>ja <a title=\"Kes\u00e4\u00e4 pihalla, ja piharuoka vol. 2\" href=\"https:\/\/www.satokangas.fi\/blogi\/2011\/06\/kesaa-pihalla-ja-piharuoka-vol-2\/\">piazza<\/a>, <a title=\"Toscanan maisema oviverhona\" href=\"https:\/\/www.satokangas.fi\/blogi\/2010\/12\/toscanan-maisema-oviverhona\/\">takaovi<\/a>, <a title=\"Tulkoon Joulu!\" href=\"https:\/\/www.satokangas.fi\/blogi\/2012\/12\/tulkoon-joulu-2\/\">joulukuvissa<\/a> &#8230;) \u00a0Edell\u00e4 olevat kuvat suurenevat klikkaamalla.<\/p>\n<p style=\"text-align: justify;\">La Festassa\u00a0on pidetty kalaaseja, kaksistaan illallisia nautittu, kahdet lakkiaiset j\u00e4rjestetty, samoin aika monet nyytt\u00e4rit, joulut ja l\u00e4ksi\u00e4iset, yksi keittokirja kuvattu, monetkohan viininmaistiaiset, ty\u00f6porukan piknik, t\u00f6it\u00e4kin siell\u00e4 on tehty. Ja joka viikonloppu siell\u00e4 sy\u00f6d\u00e4\u00e4n, &#8211; kes\u00e4t talvet! P\u00f6yd\u00e4n ymp\u00e4rille mahtuu 1\u00a0&#8211; 16 henke\u00e4. Muutoksia ei ole tarvinnut tehd\u00e4, Festa toimii. Kaasuliedest\u00e4 olen erityisen iloinen.\u00a0Ja nyt se on eilisen j\u00e4lkeen taas valmis kes\u00e4\u00e4n! Festat tulkoot!<\/p>\n","protected":false},"excerpt":{"rendered":"<p>T\u00e4m\u00e4kin kylm\u00e4 sunnuntai, jolloin r\u00e4stijuttujen lista on hyvinkin lyhentynyt, alkaa olla blogin kirjoitusta vaille suoritettu. Miten tuosta suorittamisesta p\u00e4\u00e4sisi el\u00e4kkeelle, mitenh\u00e4n siit\u00e4 p\u00e4\u00e4sisi suunnilleen kokonaan eroon&#8230; Kev\u00e4tsiivous, -pyykk\u00e4ys, -puutarhahommat (l\u00e4hinn\u00e4 pehtoorilla) jatkuneet t\u00e4n\u00e4\u00e4n. V\u00e4lill\u00e4 tovi paikallaan, huomenna kun on pystytt\u00e4v\u00e4 lausumaan jotain arvosteltavaa yhdest\u00e4 jos toisestakin paperista.\u00a0 Eilisen La Festasta kirjoittamiseni j\u00e4lkeen Katri kirjoitti kommentissa (mukava kun joku &#8221;rohkenee&#8221; t\u00e4st\u00e4 &hellip; <\/p>\n","protected":false},"author":1,"featured_media":0,"comment_status":"open","ping_status":"open","sticky":false,"template":"","format":"standard","meta":{"jetpack_post_was_ever_published":false,"_jetpack_newsletter_access":"","_jetpack_dont_email_post_to_subs":false,"_jetpack_newsletter_tier_id":0,"_jetpack_memberships_contains_paywalled_content":false,"_jetpack_memberships_contains_paid_content":false,"footnotes":"","jetpack_publicize_message":"","jetpack_publicize_feature_enabled":true,"jetpack_social_post_already_shared":true,"jetpack_social_options":{"image_generator_settings":{"template":"highway","default_image_id":0,"font":"","enabled":false},"version":2}},"categories":[1],"tags":[],"class_list":["post-21059","post","type-post","status-publish","format-standard","hentry","category-aiheeton","latest_post"],"jetpack_publicize_connections":[],"jetpack_featured_media_url":"","jetpack_shortlink":"https:\/\/wp.me\/pr4p4-5tF","jetpack_sharing_enabled":true,"jetpack_likes_enabled":false,"jetpack-related-posts":[{"id":410,"url":"https:\/\/www.satokangas.fi\/blogi\/2008\/05\/la-festa-la-festassa\/","url_meta":{"origin":21059,"position":0},"title":"La Festa La Festassa","author":"Reija","date":"1.5.2008","format":false,"excerpt":"Vappubrunssi BO:lle ja GSL:lle. Ep\u00e4todellista. Aurinkoista. Herkullistakin. Kuplivaa. Taas ep\u00e4todellista. Ik\u00e4\u00e4ntymisest\u00e4kin mainittiin, mukavin saatesanoin ja lahjuksin.Kyll\u00e4h\u00e4n minusta, meist\u00e4 oli hulppeaa, ett\u00e4 v\u00e4ki viihtyi. Viihtymiseenh\u00e4n La Festa on tarkoitettukin. Ja ruoka nautittavaksi. Riittikin. S\u00e4\u00e4 ei olisi voinut olla parempi. Ja n\u00e4m\u00e4 ihmiset. Yst\u00e4v\u00e4t.\u00a0\"Jatkoillakin\" :) . Olisi outoa jos valittaisin jostain.","rel":"","context":"Kategoriassa &quot;Niit\u00e4 n\u00e4it\u00e4&quot;","block_context":{"text":"Niit\u00e4 n\u00e4it\u00e4","link":"https:\/\/www.satokangas.fi\/blogi\/category\/aiheeton\/"},"img":{"alt_text":"","src":"","width":0,"height":0},"classes":[]},{"id":14109,"url":"https:\/\/www.satokangas.fi\/blogi\/2012\/05\/primo-maggio-la-feste-del-lavore-perugia-ja-assisi-huiputettu\/","url_meta":{"origin":21059,"position":1},"title":"Primo maggio, la feste del lavore &#8211; Perugia ja Assisi huiputettu","author":"Reija","date":"1.5.2012","format":false,"excerpt":"Toukokuun ensimm\u00e4inen, ty\u00f6n juhla. Niinh\u00e4n se on t\u00e4\u00e4ll\u00e4 Italiassakin. Meill\u00e4 aikeena l\u00e4hte\u00e4 patikoimaan ja vappupiknikille Monte Sabilliini -vuorille (n. 100 km taloltamme it\u00e4\u00e4n, mutta s\u00e4\u00e4tiedotus uhkaili sateella ja ukkosella - viimeist\u00e4\u00e4n iltap\u00e4iv\u00e4ksi luvattiin surkeaa keli\u00e4, joten me p\u00e4\u00e4timme l\u00e4hte\u00e4 jatkamaan l\u00e4hitienooseen tutustumista: menn\u00e4\u00e4n Perugiaan, ehk\u00e4 Assisiin. Korkeallahan nekin ovat. Kukkulakaupunkeja.\u2026","rel":"","context":"Kategoriassa &quot;Italia&quot;","block_context":{"text":"Italia","link":"https:\/\/www.satokangas.fi\/blogi\/category\/italia\/"},"img":{"alt_text":"","src":"https:\/\/i0.wp.com\/www.satokangas.fi\/blogi\/wp-content\/uploads\/Vappupatikka-266x400.jpg?resize=350%2C200&ssl=1","width":350,"height":200},"classes":[]},{"id":409,"url":"https:\/\/www.satokangas.fi\/blogi\/2008\/04\/vappuaatto\/","url_meta":{"origin":21059,"position":2},"title":"Vappuaatto","author":"Reija","date":"30.4.2008","format":false,"excerpt":"Aamunelj\u00e4st\u00e4(!) asti enemm\u00e4n tai v\u00e4hemm\u00e4n liikkeess\u00e4. Huominen La Festa La Festassa ja hulppea l\u00e4mp\u00f6 pit\u00e4neet virkavapaalaista harrastuksen parissa. Teinit kaupungissa, mik\u00e4 huolettaa, mutta nyt v\u00e4sytt\u00e4\u00e4...","rel":"","context":"Kategoriassa &quot;Niit\u00e4 n\u00e4it\u00e4&quot;","block_context":{"text":"Niit\u00e4 n\u00e4it\u00e4","link":"https:\/\/www.satokangas.fi\/blogi\/category\/aiheeton\/"},"img":{"alt_text":"","src":"","width":0,"height":0},"classes":[]},{"id":38505,"url":"https:\/\/www.satokangas.fi\/blogi\/2020\/04\/tanakin-vuonna\/","url_meta":{"origin":21059,"position":3},"title":"T\u00e4n\u00e4kin vuonna","author":"Reija","date":"16.4.2020","format":false,"excerpt":"\u00a0 Ollaan yhdess\u00e4 tai ainakin yht\u00e4 syd\u00e4mess\u00e4 P\u00e4ivien pidentyess\u00e4 jonkin uuden edess\u00e4 Kev\u00e4\u00e4n lehdill\u00e4 on t\u00e4n\u00e4kin vuonna el\u00e4m\u00e4 P\u00e4ivien pidentyess\u00e4 ollaan yht\u00e4 syd\u00e4mess\u00e4 uuden edess\u00e4 T\u00e4n\u00e4\u00e4n lenkill\u00e4 Hartaansel\u00e4n rantavesill\u00e4 n\u00e4m\u00e4. Ensimm\u00e4isen\u00e4 tuli mieleen tuo laulu... \"kev\u00e4\u00e4n lehdill\u00e4 on t\u00e4n\u00e4kin vuonna el\u00e4m\u00e4\"...\u00a0 Kev\u00e4t tulee, laulujoutsenet eiv\u00e4t tarvitse turvav\u00e4lej\u00e4. Siivousp\u00e4iv\u00e4n ilona \u00e4\u00e4nikirjat,\u2026","rel":"","context":"Kategoriassa &quot;Niit\u00e4 n\u00e4it\u00e4&quot;","block_context":{"text":"Niit\u00e4 n\u00e4it\u00e4","link":"https:\/\/www.satokangas.fi\/blogi\/category\/aiheeton\/"},"img":{"alt_text":"","src":"https:\/\/i0.wp.com\/www.satokangas.fi\/blogi\/wp-content\/uploads\/2020\/04\/joutsenet.jpg?resize=350%2C200&ssl=1","width":350,"height":200},"classes":[]},{"id":8147,"url":"https:\/\/www.satokangas.fi\/blogi\/2010\/08\/kohti-kalaaseja\/","url_meta":{"origin":21059,"position":4},"title":"Kohti kalaaseja","author":"Reija","date":"13.8.2010","format":false,"excerpt":"Kalaasit on huomenna. Kes\u00e4n suurin ruokajuhla meill\u00e4, nyt 11. kerta. Paluu juurille. Viime vuonna kokkailin kaikkea aasialaista, ja vaikka mit\u00e4 cross-kitscheni\u00e4. Nyt italialaista. Alusta loppuuun italialaista. Antipastit, primit, secundot, formaggit, dolcet (joita on tulossa AIKA MONTA) ovat italialaisia. Luulisin (t\u00e4ss\u00e4 vaiheessa) ett\u00e4 eri ruokia on 15, joista vasta kolme on\u2026","rel":"","context":"Kategoriassa &quot;Niit\u00e4 n\u00e4it\u00e4&quot;","block_context":{"text":"Niit\u00e4 n\u00e4it\u00e4","link":"https:\/\/www.satokangas.fi\/blogi\/category\/aiheeton\/"},"img":{"alt_text":"","src":"","width":0,"height":0},"classes":[]},{"id":13998,"url":"https:\/\/www.satokangas.fi\/blogi\/2012\/04\/la-vita-e-bella\/","url_meta":{"origin":21059,"position":5},"title":"La vita \u00e8 bella!","author":"Reija","date":"19.4.2012","format":false,"excerpt":"Kaunis el\u00e4m\u00e4 (La vita \u00e8 bella)! Oletteko n\u00e4hneet sen elokuvan? Sen p\u00e4\u00e4osan esitt\u00e4j\u00e4 Roberto Benigni sai suorituksestaan Oscarin. Se on hieno elokuva. Viel\u00e4kin. Kun ensimm\u00e4isen kerran (1997, ilmestymisvuonna)\u00a0 istuin elokuvateatterissa ja n\u00e4in sen,\u00a0 kyynelkanavissani oli tulva, ehtym\u00e4t\u00f6n tulva. Katsoin elokuvan viime viikonloppuna, istuin lauantai-iltana yksin, punaviinilasi p\u00f6yd\u00e4ll\u00e4, Festassamme ja katsoin\u2026","rel":"","context":"Kategoriassa &quot;Italia&quot;","block_context":{"text":"Italia","link":"https:\/\/www.satokangas.fi\/blogi\/category\/italia\/"},"img":{"alt_text":"","src":"https:\/\/i0.wp.com\/www.satokangas.fi\/blogi\/wp-content\/uploads\/Benigni.jpg?resize=350%2C200&ssl=1","width":350,"height":200},"classes":[]}],"_links":{"self":[{"href":"https:\/\/www.satokangas.fi\/blogi\/wp-json\/wp\/v2\/posts\/21059","targetHints":{"allow":["GET"]}}],"collection":[{"href":"https:\/\/www.satokangas.fi\/blogi\/wp-json\/wp\/v2\/posts"}],"about":[{"href":"https:\/\/www.satokangas.fi\/blogi\/wp-json\/wp\/v2\/types\/post"}],"author":[{"embeddable":true,"href":"https:\/\/www.satokangas.fi\/blogi\/wp-json\/wp\/v2\/users\/1"}],"replies":[{"embeddable":true,"href":"https:\/\/www.satokangas.fi\/blogi\/wp-json\/wp\/v2\/comments?post=21059"}],"version-history":[{"count":0,"href":"https:\/\/www.satokangas.fi\/blogi\/wp-json\/wp\/v2\/posts\/21059\/revisions"}],"wp:attachment":[{"href":"https:\/\/www.satokangas.fi\/blogi\/wp-json\/wp\/v2\/media?parent=21059"}],"wp:term":[{"taxonomy":"category","embeddable":true,"href":"https:\/\/www.satokangas.fi\/blogi\/wp-json\/wp\/v2\/categories?post=21059"},{"taxonomy":"post_tag","embeddable":true,"href":"https:\/\/www.satokangas.fi\/blogi\/wp-json\/wp\/v2\/tags?post=21059"}],"curies":[{"name":"wp","href":"https:\/\/api.w.org\/{rel}","templated":true}]}}