{"id":20979,"date":"2014-04-26T20:00:33","date_gmt":"2014-04-26T20:00:33","guid":{"rendered":"https:\/\/www.satokangas.fi\/blogi\/?p=20979"},"modified":"2014-04-26T21:03:05","modified_gmt":"2014-04-26T21:03:05","slug":"jaat-on-lahteneet","status":"publish","type":"post","link":"https:\/\/www.satokangas.fi\/blogi\/2014\/04\/jaat-on-lahteneet\/","title":{"rendered":"J\u00e4\u00e4t on l\u00e4hteneet!"},"content":{"rendered":"<p style=\"text-align: justify;\">Oli pakko p\u00e4\u00e4st\u00e4 merenrantaan, M\u00f6lj\u00e4lle. Vaikka l\u00e4ht\u00f6 viiv\u00e4styi, oli siell\u00e4 viel\u00e4 kymmenen j\u00e4lkeenkin seesteist\u00e4, hiljaista, rauhallista. Olin kauan. J\u00e4\u00e4t l\u00e4hteneet, lintuja. V\u00e4st\u00e4r\u00e4kkikin. Aika t\u00f6rstin\u00e4 on. \ud83d\ude09<\/p>\n<p style=\"text-align: justify;\"><span style=\"color: #999999;\">(kannattaa klikkailla kuvat isommiksi, ehdottomasti kannattaa)<\/span><\/p>\n<p style=\"text-align: justify;\"><a href=\"https:\/\/www.satokangas.fi\/blogi\/wp-content\/uploads\/2014\/04\/M\u00f6lj\u00e4ll\u00e4-4_2014-9.jpg\"><img loading=\"lazy\" decoding=\"async\" class=\"aligncenter size-medium wp-image-20982\" src=\"https:\/\/www.satokangas.fi\/blogi\/wp-content\/uploads\/2014\/04\/M\u00f6lj\u00e4ll\u00e4-4_2014-9-504x400.jpg\" alt=\"M\u00f6lj\u00e4ll\u00e4 4_2014-9\" width=\"504\" height=\"400\" \/><\/a><\/p>\n<p style=\"text-align: justify;\"><a href=\"https:\/\/www.satokangas.fi\/blogi\/wp-content\/uploads\/2014\/04\/M\u00f6lj\u00e4ll\u00e4-4_2014-14.jpg\"><img loading=\"lazy\" decoding=\"async\" class=\"aligncenter size-medium wp-image-20989\" src=\"https:\/\/www.satokangas.fi\/blogi\/wp-content\/uploads\/2014\/04\/M\u00f6lj\u00e4ll\u00e4-4_2014-14-557x400.jpg\" alt=\"M\u00f6lj\u00e4ll\u00e4 4_2014-14\" width=\"557\" height=\"400\" \/><\/a><\/p>\n<p style=\"text-align: justify;\">Siis en\u00e4\u00e4 vain v\u00e4h\u00e4sen kes\u00e4\u00e4n, &#8230; silt\u00e4 tuntui.<\/p>\n<p style=\"text-align: justify;\"><a href=\"https:\/\/www.satokangas.fi\/blogi\/wp-content\/uploads\/2014\/04\/M\u00f6lj\u00e4ll\u00e4-4_2014-6.jpg\"><img loading=\"lazy\" decoding=\"async\" class=\"aligncenter size-medium wp-image-20980\" src=\"https:\/\/www.satokangas.fi\/blogi\/wp-content\/uploads\/2014\/04\/M\u00f6lj\u00e4ll\u00e4-4_2014-6-270x400.jpg\" alt=\"M\u00f6lj\u00e4ll\u00e4 4_2014-6\" width=\"270\" height=\"400\" \/><\/a><\/p>\n<p style=\"text-align: justify;\">Minun massallani ei paljon hyp\u00e4hdell\u00e4, mutta mieli hyp\u00e4hteli ilosta, kev\u00e4\u00e4st\u00e4. Hiljaa mieless\u00e4ni lauleskelinkin. Mutta vain mieless\u00e4ni. \ud83d\ude09<\/p>\n<h3 style=\"text-align: justify;\"><span style=\"color: #3366ff;\">\u266c\u00a0\u266c\u266c\u00a0\u266a\u266a \u266c \u00a0\u266a\u266a\u00a0\u00a0<\/span><\/h3>\n<p style=\"text-align: justify;\"><a href=\"https:\/\/www.satokangas.fi\/blogi\/wp-content\/uploads\/2014\/04\/M\u00f6lj\u00e4ll\u00e4-4_2014-8.jpg\"><img loading=\"lazy\" decoding=\"async\" class=\"aligncenter size-medium wp-image-20981\" src=\"https:\/\/www.satokangas.fi\/blogi\/wp-content\/uploads\/2014\/04\/M\u00f6lj\u00e4ll\u00e4-4_2014-8-414x400.jpg\" alt=\"M\u00f6lj\u00e4ll\u00e4 4_2014-8\" width=\"414\" height=\"400\" \/><\/a><\/p>\n<p style=\"text-align: justify;\">Pajunkissoja, paljon. Ja tyrnipensaan oksia. Jotenkin aika ornamentaaalisia, kauniita ovat.<\/p>\n<p style=\"text-align: justify;\"><img loading=\"lazy\" decoding=\"async\" class=\"aligncenter size-medium wp-image-20986\" src=\"https:\/\/www.satokangas.fi\/blogi\/wp-content\/uploads\/2014\/04\/M\u00f6lj\u00e4ll\u00e4-4_2014-13-600x400.jpg\" alt=\"M\u00f6lj\u00e4ll\u00e4 4_2014-13\" width=\"600\" height=\"400\" \/><\/p>\n<p style=\"text-align: justify;\">J\u00e4\u00e4t l\u00e4hteneet. Aallonmurtajalla mukava istuksia. Katsella, nauttia.\u00a0<a href=\"https:\/\/www.satokangas.fi\/blogi\/wp-content\/uploads\/2014\/04\/M\u00f6lj\u00e4ll\u00e4-4_2014-9.jpg\"><br \/>\n<\/a> <a href=\"https:\/\/www.satokangas.fi\/blogi\/wp-content\/uploads\/2014\/04\/M\u00f6lj\u00e4ll\u00e4-4_2014-11.jpg\"><img loading=\"lazy\" decoding=\"async\" class=\"aligncenter size-medium wp-image-20984\" src=\"https:\/\/www.satokangas.fi\/blogi\/wp-content\/uploads\/2014\/04\/M\u00f6lj\u00e4ll\u00e4-4_2014-11-600x400.jpg\" alt=\"M\u00f6lj\u00e4ll\u00e4 4_2014-11\" width=\"600\" height=\"400\" \/><\/a> <a href=\"https:\/\/www.satokangas.fi\/blogi\/wp-content\/uploads\/2014\/04\/M\u00f6lj\u00e4ll\u00e4-4_2014-12.jpg\"><img loading=\"lazy\" decoding=\"async\" class=\"aligncenter size-medium wp-image-20985\" src=\"https:\/\/www.satokangas.fi\/blogi\/wp-content\/uploads\/2014\/04\/M\u00f6lj\u00e4ll\u00e4-4_2014-12-600x400.jpg\" alt=\"M\u00f6lj\u00e4ll\u00e4 4_2014-12\" width=\"600\" height=\"400\" \/><\/a><\/p>\n<p style=\"text-align: justify;\">Ennen kuin l\u00e4hdin halliin ja kaupungille, k\u00e4vin viel\u00e4 kuvaamassa siilot.\u00a0<a href=\"https:\/\/www.satokangas.fi\/blogi\/wp-content\/uploads\/2014\/04\/M\u00f6lj\u00e4ll\u00e4-4_2014-4.jpg\"><img loading=\"lazy\" decoding=\"async\" class=\"aligncenter size-medium wp-image-20987\" src=\"https:\/\/www.satokangas.fi\/blogi\/wp-content\/uploads\/2014\/04\/M\u00f6lj\u00e4ll\u00e4-4_2014-4-600x400.jpg\" alt=\"M\u00f6lj\u00e4ll\u00e4 4_2014-4\" width=\"600\" height=\"400\" \/><\/a> <a href=\"https:\/\/www.satokangas.fi\/blogi\/wp-content\/uploads\/2014\/04\/M\u00f6lj\u00e4ll\u00e4-4_2014-5.jpg\"><img loading=\"lazy\" decoding=\"async\" class=\"aligncenter size-medium wp-image-20988\" src=\"https:\/\/www.satokangas.fi\/blogi\/wp-content\/uploads\/2014\/04\/M\u00f6lj\u00e4ll\u00e4-4_2014-5-600x300.jpg\" alt=\"M\u00f6lj\u00e4ll\u00e4 4_2014-5\" width=\"600\" height=\"300\" \/><\/a>Olipa mukava kun oli aikaa itsell\u00e4 k\u00e4yd\u00e4 hallissa ja ruokakaupassa, kaikkea hyv\u00e4\u00e4 kokkailtavaksi ostin. Nuoripari k\u00e4vi sitten sy\u00f6m\u00e4ss\u00e4; pehtoori savusti lohirullia, min\u00e4 tein lisukkeita ja j\u00e4lkkk\u00e4rit. Festaa laittelin kes\u00e4isemp\u00e4\u00e4n kuosiin, vaihtelin tabletit, lis\u00e4\u00e4 yrttej\u00e4, kukkia. &#8230;<\/p>\n<p style=\"text-align: justify;\">Pehtoori jo pihan siistinyt, haravoinut, pensaiden juuret putsannut. Minulle ei j\u00e4\u00e4 kuin hifistely. Ja t\u00e4nne sis\u00e4lle &#8221;pient\u00e4-kes\u00e4\u00e4-kohti&#8221; -sisustelua.<\/p>\n<p style=\"text-align: justify;\"><a href=\"https:\/\/www.satokangas.fi\/blogi\/wp-content\/uploads\/2014\/04\/111.jpg\"><img loading=\"lazy\" decoding=\"async\" data-attachment-id=\"20991\" data-permalink=\"https:\/\/www.satokangas.fi\/blogi\/2014\/04\/jaat-on-lahteneet\/attachment\/111\/\" data-orig-file=\"https:\/\/www.satokangas.fi\/blogi\/wp-content\/uploads\/2014\/04\/111.jpg\" data-orig-size=\"1280,775\" data-comments-opened=\"1\" data-image-meta=\"{&quot;aperture&quot;:&quot;6.3&quot;,&quot;credit&quot;:&quot;Reija Satokangas&quot;,&quot;camera&quot;:&quot;Canon EOS 5D Mark II&quot;,&quot;caption&quot;:&quot;&quot;,&quot;created_timestamp&quot;:&quot;1398514818&quot;,&quot;copyright&quot;:&quot;&quot;,&quot;focal_length&quot;:&quot;100&quot;,&quot;iso&quot;:&quot;250&quot;,&quot;shutter_speed&quot;:&quot;0.002&quot;,&quot;title&quot;:&quot;&quot;}\" data-image-title=\"111\" data-image-description=\"\" data-image-caption=\"\" data-large-file=\"https:\/\/www.satokangas.fi\/blogi\/wp-content\/uploads\/2014\/04\/111.jpg\" class=\"aligncenter size-medium wp-image-20991\" src=\"https:\/\/www.satokangas.fi\/blogi\/wp-content\/uploads\/2014\/04\/111-600x363.jpg\" alt=\"111\" width=\"600\" height=\"363\" srcset=\"https:\/\/www.satokangas.fi\/blogi\/wp-content\/uploads\/2014\/04\/111-600x363.jpg 600w, https:\/\/www.satokangas.fi\/blogi\/wp-content\/uploads\/2014\/04\/111-300x181.jpg 300w, https:\/\/www.satokangas.fi\/blogi\/wp-content\/uploads\/2014\/04\/111.jpg 1280w\" sizes=\"auto, (max-width: 600px) 100vw, 600px\" \/><\/a><\/p>\n<p style=\"text-align: justify;\">Melkein olisi tehnyt mieli l\u00e4hte\u00e4 Raksilaan katsomaan matsia: viimeksi olen k\u00e4ynyt K\u00e4rppien peli\u00e4 liven\u00e4 katsomassa noin 10 vuotta sitten. T\u00e4n\u00e4\u00e4n olisi ollut mukava olla paikalla! J\u00e4\u00e4t voi nyt l\u00e4hte\u00e4 hallistakin. \ud83d\ude42<\/p>\n","protected":false},"excerpt":{"rendered":"<p>Oli pakko p\u00e4\u00e4st\u00e4 merenrantaan, M\u00f6lj\u00e4lle. Vaikka l\u00e4ht\u00f6 viiv\u00e4styi, oli siell\u00e4 viel\u00e4 kymmenen j\u00e4lkeenkin seesteist\u00e4, hiljaista, rauhallista. Olin kauan. J\u00e4\u00e4t l\u00e4hteneet, lintuja. V\u00e4st\u00e4r\u00e4kkikin. Aika t\u00f6rstin\u00e4 on. \ud83d\ude09 (kannattaa klikkailla kuvat isommiksi, ehdottomasti kannattaa) Siis en\u00e4\u00e4 vain v\u00e4h\u00e4sen kes\u00e4\u00e4n, &#8230; silt\u00e4 tuntui. Minun massallani ei paljon hyp\u00e4hdell\u00e4, mutta mieli hyp\u00e4hteli ilosta, kev\u00e4\u00e4st\u00e4. Hiljaa mieless\u00e4ni lauleskelinkin. Mutta vain mieless\u00e4ni. \ud83d\ude09 \u266c\u00a0\u266c\u266c\u00a0\u266a\u266a \u266c \u00a0\u266a\u266a\u00a0\u00a0 &hellip; <\/p>\n","protected":false},"author":1,"featured_media":0,"comment_status":"open","ping_status":"open","sticky":false,"template":"","format":"standard","meta":{"jetpack_post_was_ever_published":false,"_jetpack_newsletter_access":"","_jetpack_dont_email_post_to_subs":false,"_jetpack_newsletter_tier_id":0,"_jetpack_memberships_contains_paywalled_content":false,"_jetpack_memberships_contains_paid_content":false,"footnotes":"","jetpack_publicize_message":"","jetpack_publicize_feature_enabled":true,"jetpack_social_post_already_shared":true,"jetpack_social_options":{"image_generator_settings":{"template":"highway","default_image_id":0,"font":"","enabled":false},"version":2}},"categories":[1,55,37],"tags":[],"class_list":["post-20979","post","type-post","status-publish","format-standard","hentry","category-aiheeton","category-oulu","category-valokuvaus","latest_post"],"jetpack_publicize_connections":[],"jetpack_featured_media_url":"","jetpack_shortlink":"https:\/\/wp.me\/pr4p4-5sn","jetpack_sharing_enabled":true,"jetpack_likes_enabled":false,"jetpack-related-posts":[{"id":36283,"url":"https:\/\/www.satokangas.fi\/blogi\/2019\/04\/jaat-jo-lahdolla\/","url_meta":{"origin":20979,"position":0},"title":"J\u00e4\u00e4t jo l\u00e4hd\u00f6ll\u00e4","author":"Reija","date":"23.4.2019","format":false,"excerpt":"\"Iijoesta on jo l\u00e4hteneet j\u00e4\u00e4t\", - systeri kertoi, kun aamup\u00e4iv\u00e4ll\u00e4 piipahti kuva-asioiden takia. Ja Kuivasj\u00e4rvess\u00e4 on j\u00e4\u00e4npinnalla jo paljon vett\u00e4, toisessa p\u00e4\u00e4ss\u00e4 j\u00e4rve\u00e4 ei en\u00e4\u00e4 ollenkaan j\u00e4\u00e4t\u00e4, hoksasin ihan itse kun kiersin j\u00e4rven t\u00e4n\u00e4\u00e4n. Aika l\u00e4mmint\u00e4, ja ihanan aurinkoista on ollut. J\u00e4rjestelyj\u00e4, asioista sopimista, suunnittelua. Ei mit\u00e4\u00e4n ihmeellist\u00e4. Kev\u00e4\u00e4lt\u00e4 alkaa\u2026","rel":"","context":"Kategoriassa &quot;Niit\u00e4 n\u00e4it\u00e4&quot;","block_context":{"text":"Niit\u00e4 n\u00e4it\u00e4","link":"https:\/\/www.satokangas.fi\/blogi\/category\/aiheeton\/"},"img":{"alt_text":"","src":"https:\/\/i0.wp.com\/www.satokangas.fi\/blogi\/wp-content\/uploads\/2019\/04\/3-4.jpg?resize=350%2C200&ssl=1","width":350,"height":200,"srcset":"https:\/\/i0.wp.com\/www.satokangas.fi\/blogi\/wp-content\/uploads\/2019\/04\/3-4.jpg?resize=350%2C200&ssl=1 1x, https:\/\/i0.wp.com\/www.satokangas.fi\/blogi\/wp-content\/uploads\/2019\/04\/3-4.jpg?resize=525%2C300&ssl=1 1.5x, https:\/\/i0.wp.com\/www.satokangas.fi\/blogi\/wp-content\/uploads\/2019\/04\/3-4.jpg?resize=700%2C400&ssl=1 2x"},"classes":[]},{"id":45496,"url":"https:\/\/www.satokangas.fi\/blogi\/2023\/05\/kevat-enemman-kuin-aikoihin\/","url_meta":{"origin":20979,"position":1},"title":"Kev\u00e4t enemm\u00e4n kuin aikoihin","author":"Reija","date":"9.5.2023","format":false,"excerpt":"Pyyk\u00f6sj\u00e4rvest\u00e4 ... Ja Kuivasj\u00e4rvest\u00e4 ovat j\u00e4\u00e4t l\u00e4hteneet. Ja aurinko on paistanut koko p\u00e4iv\u00e4n. Ja tuntuu, ett\u00e4 koko p\u00e4iv\u00e4n olen ollut liikkeess\u00e4, ulkona paljon, monta kymment\u00e4 kilometri\u00e4. T\u00e4n\u00e4\u00e4n oli aika laittaa kevytuntuvatoppis ja toppahousut pyykkiin, k\u00e4\u00e4nt\u00e4\u00e4 yrttipenkit, hankkia Apsulle - kev\u00e4\u00e4n lapselle - syntt\u00e4rilahja -\u00a0 - - Master Chef p\u00e4\u00e4t\u00f6ksess\u00e4, telkkarikev\u00e4tkin\u2026","rel":"","context":"Kategoriassa &quot;Niit\u00e4 n\u00e4it\u00e4&quot;","block_context":{"text":"Niit\u00e4 n\u00e4it\u00e4","link":"https:\/\/www.satokangas.fi\/blogi\/category\/aiheeton\/"},"img":{"alt_text":"","src":"https:\/\/i0.wp.com\/www.satokangas.fi\/blogi\/wp-content\/uploads\/2023\/05\/sulia_vesia.jpg?resize=350%2C200&ssl=1","width":350,"height":200,"srcset":"https:\/\/i0.wp.com\/www.satokangas.fi\/blogi\/wp-content\/uploads\/2023\/05\/sulia_vesia.jpg?resize=350%2C200&ssl=1 1x, https:\/\/i0.wp.com\/www.satokangas.fi\/blogi\/wp-content\/uploads\/2023\/05\/sulia_vesia.jpg?resize=525%2C300&ssl=1 1.5x, https:\/\/i0.wp.com\/www.satokangas.fi\/blogi\/wp-content\/uploads\/2023\/05\/sulia_vesia.jpg?resize=700%2C400&ssl=1 2x"},"classes":[]},{"id":40753,"url":"https:\/\/www.satokangas.fi\/blogi\/2021\/04\/oulussa-rannoilla\/","url_meta":{"origin":20979,"position":2},"title":"Oulussa rannoilla","author":"Reija","date":"26.4.2021","format":false,"excerpt":"Py\u00f6r\u00e4lenkill\u00e4 oli ensimm\u00e4iseksi ajeltava M\u00f6lj\u00e4lle. J\u00e4\u00e4t on l\u00e4hteneet. Meri hohkaa viel\u00e4 kylm\u00e4\u00e4, mutta tuntuipa hyv\u00e4lle, kun se oli kuitenkin \u00b4vapaa\u00b4. N\u00e4ytti silt\u00e4 kuin olisi monta rantaviivaa, ihan kuin vesi olisi meress\u00e4 v\u00e4hiss\u00e4. L\u00e4ms\u00e4nj\u00e4rvi oli viel\u00e4 j\u00e4\u00e4ss\u00e4, mutta Kuivasj\u00e4rvell\u00e4 rannat jo niin sulat, ett\u00e4 joutsenpariskunta on siell\u00e4 jo useamman p\u00e4iv\u00e4n uiskennellut.\u2026","rel":"","context":"Kategoriassa &quot;Niit\u00e4 n\u00e4it\u00e4&quot;","block_context":{"text":"Niit\u00e4 n\u00e4it\u00e4","link":"https:\/\/www.satokangas.fi\/blogi\/category\/aiheeton\/"},"img":{"alt_text":"","src":"https:\/\/i0.wp.com\/www.satokangas.fi\/blogi\/wp-content\/uploads\/2021\/04\/tasaista-2.jpg?resize=350%2C200&ssl=1","width":350,"height":200,"srcset":"https:\/\/i0.wp.com\/www.satokangas.fi\/blogi\/wp-content\/uploads\/2021\/04\/tasaista-2.jpg?resize=350%2C200&ssl=1 1x, https:\/\/i0.wp.com\/www.satokangas.fi\/blogi\/wp-content\/uploads\/2021\/04\/tasaista-2.jpg?resize=525%2C300&ssl=1 1.5x, https:\/\/i0.wp.com\/www.satokangas.fi\/blogi\/wp-content\/uploads\/2021\/04\/tasaista-2.jpg?resize=700%2C400&ssl=1 2x"},"classes":[]},{"id":36310,"url":"https:\/\/www.satokangas.fi\/blogi\/2019\/04\/niin-kuluu-aika\/","url_meta":{"origin":20979,"position":3},"title":"Niin kuluu aika&#8230;","author":"Reija","date":"28.4.2019","format":false,"excerpt":"Miten n\u00e4m\u00e4 p\u00e4iv\u00e4t kuluvat niin nopeasti? Miten kilometrej\u00e4 py\u00f6r\u00e4n mittariin kertyy niin nopeasti? Kirjoja vilisee ohi korvien nopeammin kuin ehdin sulattaa... Eevis jo istuu ruokap\u00f6yd\u00e4ss\u00e4, Apsun kanssa puhalletaan ilmapalloja ja poika on jo paljon parempi kuin mumminsa. P\u00e4\u00e4tettiin, ett\u00e4 vappup\u00e4iv\u00e4n\u00e4 puhallellaan saippuakuplia. Kev\u00e4t. Ja lapsenlapset jo isoja. Lumet ovat pihalta\u2026","rel":"","context":"Kategoriassa &quot;Niit\u00e4 n\u00e4it\u00e4&quot;","block_context":{"text":"Niit\u00e4 n\u00e4it\u00e4","link":"https:\/\/www.satokangas.fi\/blogi\/category\/aiheeton\/"},"img":{"alt_text":"","src":"https:\/\/i0.wp.com\/www.satokangas.fi\/blogi\/wp-content\/uploads\/2019\/04\/meri.jpg?resize=350%2C200&ssl=1","width":350,"height":200,"srcset":"https:\/\/i0.wp.com\/www.satokangas.fi\/blogi\/wp-content\/uploads\/2019\/04\/meri.jpg?resize=350%2C200&ssl=1 1x, https:\/\/i0.wp.com\/www.satokangas.fi\/blogi\/wp-content\/uploads\/2019\/04\/meri.jpg?resize=525%2C300&ssl=1 1.5x, https:\/\/i0.wp.com\/www.satokangas.fi\/blogi\/wp-content\/uploads\/2019\/04\/meri.jpg?resize=700%2C400&ssl=1 2x, https:\/\/i0.wp.com\/www.satokangas.fi\/blogi\/wp-content\/uploads\/2019\/04\/meri.jpg?resize=1050%2C600&ssl=1 3x, https:\/\/i0.wp.com\/www.satokangas.fi\/blogi\/wp-content\/uploads\/2019\/04\/meri.jpg?resize=1400%2C800&ssl=1 4x"},"classes":[]},{"id":24399,"url":"https:\/\/www.satokangas.fi\/blogi\/2015\/04\/huhtikuinen-kevatsunnuntai\/","url_meta":{"origin":20979,"position":4},"title":"Huhtikuinen kev\u00e4tsunnuntai","author":"Reija","date":"19.4.2015","format":false,"excerpt":"Aamulla, taas kerran turhan varhain, merenrannassa lenkill\u00e4: j\u00e4\u00e4t olivat l\u00e4hteneet. Tuosta vaan. Poikkeuksellisen aikaisin, usein vasta vapulta, my\u00f6hemminkin, mutta nyt, nyt ne olivat jo l\u00e4hteneet. Hyv\u00e4h\u00e4n se on. Todella toivoin, ett\u00e4 olisi ollut aikaa ajella systerin tyk\u00f6 Iijokivarteen katsomaan j\u00e4iden l\u00e4ht\u00f6\u00e4 joesta. Sovimme, ett\u00e4 sitten ensi vuonna menen. Ensi vuonna\u2026","rel":"","context":"Kategoriassa &quot;Niit\u00e4 n\u00e4it\u00e4&quot;","block_context":{"text":"Niit\u00e4 n\u00e4it\u00e4","link":"https:\/\/www.satokangas.fi\/blogi\/category\/aiheeton\/"},"img":{"alt_text":"","src":"","width":0,"height":0},"classes":[]},{"id":36312,"url":"https:\/\/www.satokangas.fi\/blogi\/2019\/04\/hyvaa-arkea\/","url_meta":{"origin":20979,"position":5},"title":"Hyv\u00e4\u00e4 arkea","author":"Reija","date":"29.4.2019","format":false,"excerpt":"Sen j\u00e4lkeen kun p\u00e4iv\u00e4n hommat sain tehdyksi (paitsi ett\u00e4 viel\u00e4kin on pyykit silitt\u00e4m\u00e4tt\u00e4), ison lasagnen rakennelluksi ja paistetuksi, ja kun sit\u00e4 aika varhain iltap\u00e4iv\u00e4ll\u00e4 s\u00f6imme, pidin pienen lukutauon, - ja sitten py\u00f6r\u00e4n selk\u00e4\u00e4n. Ajoin Alakyl\u00e4n kautta Kiiminkiin, ja samaa reitti\u00e4 takaisin. Alkup\u00e4\u00e4st\u00e4 hyvinkin tuttua, mutta sitten py\u00f6r\u00e4tie vie Jylkynkankaan l\u00e4pi.\u2026","rel":"","context":"Kategoriassa &quot;Liikkuminen&quot;","block_context":{"text":"Liikkuminen","link":"https:\/\/www.satokangas.fi\/blogi\/category\/liikkuminen\/"},"img":{"alt_text":"","src":"https:\/\/i0.wp.com\/www.satokangas.fi\/blogi\/wp-content\/uploads\/2019\/04\/Kiiminki-2.jpg?resize=350%2C200&ssl=1","width":350,"height":200,"srcset":"https:\/\/i0.wp.com\/www.satokangas.fi\/blogi\/wp-content\/uploads\/2019\/04\/Kiiminki-2.jpg?resize=350%2C200&ssl=1 1x, https:\/\/i0.wp.com\/www.satokangas.fi\/blogi\/wp-content\/uploads\/2019\/04\/Kiiminki-2.jpg?resize=525%2C300&ssl=1 1.5x, https:\/\/i0.wp.com\/www.satokangas.fi\/blogi\/wp-content\/uploads\/2019\/04\/Kiiminki-2.jpg?resize=700%2C400&ssl=1 2x, https:\/\/i0.wp.com\/www.satokangas.fi\/blogi\/wp-content\/uploads\/2019\/04\/Kiiminki-2.jpg?resize=1050%2C600&ssl=1 3x, https:\/\/i0.wp.com\/www.satokangas.fi\/blogi\/wp-content\/uploads\/2019\/04\/Kiiminki-2.jpg?resize=1400%2C800&ssl=1 4x"},"classes":[]}],"_links":{"self":[{"href":"https:\/\/www.satokangas.fi\/blogi\/wp-json\/wp\/v2\/posts\/20979","targetHints":{"allow":["GET"]}}],"collection":[{"href":"https:\/\/www.satokangas.fi\/blogi\/wp-json\/wp\/v2\/posts"}],"about":[{"href":"https:\/\/www.satokangas.fi\/blogi\/wp-json\/wp\/v2\/types\/post"}],"author":[{"embeddable":true,"href":"https:\/\/www.satokangas.fi\/blogi\/wp-json\/wp\/v2\/users\/1"}],"replies":[{"embeddable":true,"href":"https:\/\/www.satokangas.fi\/blogi\/wp-json\/wp\/v2\/comments?post=20979"}],"version-history":[{"count":0,"href":"https:\/\/www.satokangas.fi\/blogi\/wp-json\/wp\/v2\/posts\/20979\/revisions"}],"wp:attachment":[{"href":"https:\/\/www.satokangas.fi\/blogi\/wp-json\/wp\/v2\/media?parent=20979"}],"wp:term":[{"taxonomy":"category","embeddable":true,"href":"https:\/\/www.satokangas.fi\/blogi\/wp-json\/wp\/v2\/categories?post=20979"},{"taxonomy":"post_tag","embeddable":true,"href":"https:\/\/www.satokangas.fi\/blogi\/wp-json\/wp\/v2\/tags?post=20979"}],"curies":[{"name":"wp","href":"https:\/\/api.w.org\/{rel}","templated":true}]}}