{"id":20972,"date":"2014-04-25T20:01:57","date_gmt":"2014-04-25T20:01:57","guid":{"rendered":"https:\/\/www.satokangas.fi\/blogi\/?p=20972"},"modified":"2014-04-25T22:01:41","modified_gmt":"2014-04-25T22:01:41","slug":"vanhentumisesta","status":"publish","type":"post","link":"https:\/\/www.satokangas.fi\/blogi\/2014\/04\/vanhentumisesta\/","title":{"rendered":"Vanhentumisesta"},"content":{"rendered":"<p style=\"text-align: justify;\">Olen k\u00e4ytt\u00e4nyt &#8211; ihan liian &#8211; paljon aikaa t\u00e4m\u00e4n blogini ulkoasun parissa. T\u00e4m\u00e4 kun EI minua nyt, viel\u00e4, viel\u00e4k\u00e4\u00e4n miellyt\u00e4! Miten ihmeess\u00e4 saan tuon vasemman palkin vihre\u00e4n v\u00e4rin vaihdetuksi harmaaksi, tai valkoiseksi tai &#8230; ? T\u00e4h\u00e4n ne nyt kulminoituvat minun suurimmat ongelmani.. \ud83d\ude09 Tai noh&#8230;<\/p>\n<p style=\"text-align: justify;\">Nyt kun on t\u00e4m\u00e4 merkillinen kev\u00e4t, on n\u00e4it\u00e4 merkillisi\u00e4 p\u00e4ivi\u00e4&#8230; tulee miettineeksi kaikenmoista.<\/p>\n<p style=\"text-align: justify;\">T\u00e4n\u00e4\u00e4nkin. Eik\u00e4 merkillisyys ole kiinni vain s\u00e4\u00e4st\u00e4, ei vain auringosta, ei vain ihanasta l\u00e4mm\u00f6st\u00e4, jonka soisin huomenna ja sunnuntaina jatkuvan, jotta tulisi oltua kunnolla ulkona, vaan my\u00f6s vanhenemisesta, tai sen l\u00e4helle tulemisesta, omakohtaiseksi kokemisesta. Vanheneminen tuo viisautta, sanotaan. Tuoko? Ja mietin, ett\u00e4 aika kova hinta on viisastumisella. Eik\u00e4 ole kyse VAIN\u00a0kehon vanhenemisesta.<\/p>\n<p style=\"text-align: justify;\">V\u00e4ist\u00e4m\u00e4t\u00f6nt\u00e4 on, ett\u00e4 on meill\u00e4 jokaisella on perim\u00e4mme, geenimme, perinn\u00f6lliset sairautemme, piirteemme, hyv\u00e4t ja huonot puolemme. Halusimme tai emme, vanhenemme. N\u00e4emme itsemme vanhenemassa &#8211; tai osa meist\u00e4 ei n\u00e4e, tai kielt\u00e4ytyy n\u00e4kem\u00e4st\u00e4,\u00a0kielt\u00e4v\u00e4t menneen itsess\u00e4\u00e4n, kielt\u00e4v\u00e4t itsens\u00e4 osana sukupolvien ketjua \u00a0 &#8230; \u00a0&#8211; \u00a0ehk\u00e4 historioitsija ei kielt\u00e4miseen sorru niin usein kuin muut&#8230;? \u00a0tai noh, tied\u00e4 h\u00e4nt\u00e4!<\/p>\n<p style=\"text-align: justify;\">N\u00e4iden pohdintojeni taustalla romaani Nelj\u00e4ntienristeys, sen maailmasta kumpuavat y\u00f6st\u00e4 toiseen jatkuvat (painajais)unet, t\u00e4n\u00e4\u00e4n \u00a0sairaalareissu \u00e4idin kanssa, gradu, joka on arvosteltava ja jonka aihe \u00b4karjalainen identiteetti\u00b4 &#8211; \u00a0evakoiden ja heid\u00e4n lastensa identiteetti &#8211; siis minunkin identiteettini. Taustalla oma l\u00e4\u00e4k\u00e4rireissu, perhetuttujen, monessa mukana olleen, melkein kuin kummilapsen kihlautuminen, minulle t\u00e4rke\u00e4n opiskelijan raskaus, josta halusi kertoa&#8230; \u00a0Vanhenen.<\/p>\n<p style=\"text-align: justify;\">No mutta t\u00e4h\u00e4n p\u00e4iv\u00e4\u00e4n, hetkeen&#8230; Siin\u00e4h\u00e4n sit\u00e4 pit\u00e4isi oppia el\u00e4m\u00e4\u00e4n, &#8211; mik\u00e4 taas on historioitsijalle v\u00e4h\u00e4n vaikeaa, mutta &#8230;<\/p>\n<p style=\"text-align: justify;\">Siis nyt! Perjantai-illassa maistuu hyv\u00e4lle pieni j\u00e4lkiruoka,\u00a0<span style=\"color: #37404e;\">helppo makunautinto: Comte-juustosiivu, parap\u00e4hkin\u00f6it\u00e4, Reese\u00b4s ja lasillinen punaviini\u00e4. Ei mit\u00e4\u00e4n turhaa pipert\u00e4mist\u00e4, mutta maistuu perjantailta. Ja siin\u00e4 on antioksidantteja, flavonoideja, terveellisi\u00e4 rasvoja, verenpainetta alentavaa punaviini\u00e4, relaksoivia aineksia, &#8211; siis ihan pelkk\u00e4\u00e4 vanhuuden torjuntaa koko herkku. Mit\u00e4 makeampi punaviini, sit\u00e4 paremmin sopii Reese\u00b4sin p\u00e4hkin\u00e4voin suolaiseen makuun. Ja huomaat nuorentuvasi. \u00a0\ud83d\ude09<\/span><\/p>\n<p style=\"text-align: justify;\"><a href=\"https:\/\/www.satokangas.fi\/blogi\/wp-content\/uploads\/2014\/04\/Reese.jpg\"><img loading=\"lazy\" decoding=\"async\" data-attachment-id=\"20973\" data-permalink=\"https:\/\/www.satokangas.fi\/blogi\/2014\/04\/vanhentumisesta\/reese\/\" data-orig-file=\"https:\/\/www.satokangas.fi\/blogi\/wp-content\/uploads\/2014\/04\/Reese.jpg\" data-orig-size=\"978,920\" data-comments-opened=\"1\" data-image-meta=\"{&quot;aperture&quot;:&quot;0&quot;,&quot;credit&quot;:&quot;&quot;,&quot;camera&quot;:&quot;&quot;,&quot;caption&quot;:&quot;&quot;,&quot;created_timestamp&quot;:&quot;0&quot;,&quot;copyright&quot;:&quot;&quot;,&quot;focal_length&quot;:&quot;0&quot;,&quot;iso&quot;:&quot;0&quot;,&quot;shutter_speed&quot;:&quot;0&quot;,&quot;title&quot;:&quot;&quot;}\" data-image-title=\"Reese\" data-image-description=\"\" data-image-caption=\"\" data-large-file=\"https:\/\/www.satokangas.fi\/blogi\/wp-content\/uploads\/2014\/04\/Reese.jpg\" class=\"aligncenter size-medium wp-image-20973\" src=\"https:\/\/www.satokangas.fi\/blogi\/wp-content\/uploads\/2014\/04\/Reese-425x400.jpg\" alt=\"Reese\" width=\"425\" height=\"400\" srcset=\"https:\/\/www.satokangas.fi\/blogi\/wp-content\/uploads\/2014\/04\/Reese-425x400.jpg 425w, https:\/\/www.satokangas.fi\/blogi\/wp-content\/uploads\/2014\/04\/Reese-300x282.jpg 300w, https:\/\/www.satokangas.fi\/blogi\/wp-content\/uploads\/2014\/04\/Reese.jpg 978w\" sizes=\"auto, (max-width: 425px) 100vw, 425px\" \/><\/a><\/p>\n<p style=\"text-align: justify;\">\n","protected":false},"excerpt":{"rendered":"<p>Olen k\u00e4ytt\u00e4nyt &#8211; ihan liian &#8211; paljon aikaa t\u00e4m\u00e4n blogini ulkoasun parissa. T\u00e4m\u00e4 kun EI minua nyt, viel\u00e4, viel\u00e4k\u00e4\u00e4n miellyt\u00e4! Miten ihmeess\u00e4 saan tuon vasemman palkin vihre\u00e4n v\u00e4rin vaihdetuksi harmaaksi, tai valkoiseksi tai &#8230; ? T\u00e4h\u00e4n ne nyt kulminoituvat minun suurimmat ongelmani.. \ud83d\ude09 Tai noh&#8230; Nyt kun on t\u00e4m\u00e4 merkillinen kev\u00e4t, on n\u00e4it\u00e4 merkillisi\u00e4 p\u00e4ivi\u00e4&#8230; tulee miettineeksi kaikenmoista. T\u00e4n\u00e4\u00e4nkin. Eik\u00e4 &hellip; <\/p>\n","protected":false},"author":1,"featured_media":0,"comment_status":"open","ping_status":"open","sticky":false,"template":"","format":"standard","meta":{"jetpack_post_was_ever_published":false,"_jetpack_newsletter_access":"","_jetpack_dont_email_post_to_subs":false,"_jetpack_newsletter_tier_id":0,"_jetpack_memberships_contains_paywalled_content":false,"_jetpack_memberships_contains_paid_content":false,"footnotes":"","jetpack_publicize_message":"","jetpack_publicize_feature_enabled":true,"jetpack_social_post_already_shared":true,"jetpack_social_options":{"image_generator_settings":{"template":"highway","default_image_id":0,"font":"","enabled":false},"version":2}},"categories":[1],"tags":[],"class_list":["post-20972","post","type-post","status-publish","format-standard","hentry","category-aiheeton","latest_post"],"jetpack_publicize_connections":[],"jetpack_featured_media_url":"","jetpack_shortlink":"https:\/\/wp.me\/pr4p4-5sg","jetpack_sharing_enabled":true,"jetpack_likes_enabled":false,"jetpack-related-posts":[{"id":35050,"url":"https:\/\/www.satokangas.fi\/blogi\/2018\/10\/viinisuosituksia-ja-elamanmenoa\/","url_meta":{"origin":20972,"position":0},"title":"Viinisuosituksia ja  el\u00e4m\u00e4nmenoa","author":"Reija","date":"18.10.2018","format":false,"excerpt":"Viinisuosituksista olen lupaillut jo monta kertaa, joten josko nyt. Tuo sudenkorento-Pizzolaton Prosecco on hyv\u00e4\u00e4, siin\u00e4 on paljon makua ja hedelm\u00e4\u00e4, mutta ei j\u00e4\u00e4 kuplattomaksikaan. Ja vasemmalla oleva Pasquan piirroksen n\u00e4k\u00f6isell\u00e4 etiketill\u00e4 varustettu on ihan erilaista, kevytt\u00e4 ja raikasta, mutta sellaisena miellytt\u00e4v\u00e4\u00e4. Hinnat 12 - 15 euroa. Sitten kaksi kelpoa punaviini\u00e4\u2026","rel":"","context":"Kategoriassa &quot;Niit\u00e4 n\u00e4it\u00e4&quot;","block_context":{"text":"Niit\u00e4 n\u00e4it\u00e4","link":"https:\/\/www.satokangas.fi\/blogi\/category\/aiheeton\/"},"img":{"alt_text":"","src":"https:\/\/i0.wp.com\/www.satokangas.fi\/blogi\/wp-content\/uploads\/2018\/10\/Aamulla_torilla_-2.jpg?resize=350%2C200&ssl=1","width":350,"height":200,"srcset":"https:\/\/i0.wp.com\/www.satokangas.fi\/blogi\/wp-content\/uploads\/2018\/10\/Aamulla_torilla_-2.jpg?resize=350%2C200&ssl=1 1x, https:\/\/i0.wp.com\/www.satokangas.fi\/blogi\/wp-content\/uploads\/2018\/10\/Aamulla_torilla_-2.jpg?resize=525%2C300&ssl=1 1.5x, https:\/\/i0.wp.com\/www.satokangas.fi\/blogi\/wp-content\/uploads\/2018\/10\/Aamulla_torilla_-2.jpg?resize=700%2C400&ssl=1 2x"},"classes":[]},{"id":34306,"url":"https:\/\/www.satokangas.fi\/blogi\/2018\/06\/34306\/","url_meta":{"origin":20972,"position":1},"title":"Nyt on aika ja paikka sekaisin","author":"Reija","date":"29.6.2018","format":false,"excerpt":"Min\u00e4h\u00e4n voisin kertoa, kuinka kiva oli aamulla her\u00e4t\u00e4 - vaikkakin vain muutaman y\u00f6unen tunnin j\u00e4lkeen - omiaan juttelevan pojanpojan vierest\u00e4. Muistella t\u00e4ss\u00e4, kuinka viel\u00e4 aamulla muistelin eilist\u00e4 iltaa, kun sain olla valokuvaaja : \"professional photographer\" niin kuin joku sanoi. Ja kuinka \"v\u00e4liajat\" istuin p\u00f6yd\u00e4ss\u00e4, jossa oli nelj\u00e4 ranskaa puhuvaa naista,\u2026","rel":"","context":"Kategoriassa &quot;Isovanhemmuus&quot;","block_context":{"text":"Isovanhemmuus","link":"https:\/\/www.satokangas.fi\/blogi\/category\/isovanhemmuus\/"},"img":{"alt_text":"","src":"https:\/\/i0.wp.com\/www.satokangas.fi\/blogi\/wp-content\/uploads\/2018\/06\/Istanbul-2.jpg?resize=350%2C200&ssl=1","width":350,"height":200,"srcset":"https:\/\/i0.wp.com\/www.satokangas.fi\/blogi\/wp-content\/uploads\/2018\/06\/Istanbul-2.jpg?resize=350%2C200&ssl=1 1x, https:\/\/i0.wp.com\/www.satokangas.fi\/blogi\/wp-content\/uploads\/2018\/06\/Istanbul-2.jpg?resize=525%2C300&ssl=1 1.5x, https:\/\/i0.wp.com\/www.satokangas.fi\/blogi\/wp-content\/uploads\/2018\/06\/Istanbul-2.jpg?resize=700%2C400&ssl=1 2x"},"classes":[]},{"id":33783,"url":"https:\/\/www.satokangas.fi\/blogi\/2018\/04\/makiveteraani-laskemassa\/","url_meta":{"origin":20972,"position":2},"title":"M\u00e4kiveteraani laskemassa &#8230;","author":"Reija","date":"15.4.2018","format":false,"excerpt":"Pitk\u00e4st\u00e4 aikaa. Viime vuonna en, mutta nyt. Olin t\u00e4n\u00e4\u00e4n m\u00e4ess\u00e4, rinteess\u00e4, laskemassa. --- ihan miten kukin haluaa ilmaista. Silloin kun t\u00e4m\u00e4n rakkkaan harrastukseni aloitin, puhuttiin slalomista. \"Laskettelu-urani\"\u00a0:)\u00a0alku oli Vuokatissa (uskokaa pois; minulla on siit\u00e4 kaitafilmi!!\u00a0 :) ) - hyv\u00e4nen aika puolivuosisataa sitten!!. Kaunisp\u00e4\u00e4ll\u00e4 olin laskenut J\u00e4rvisill\u00e4 = tavallisilla suksilla t\u00e4tini\u2026","rel":"","context":"Kategoriassa &quot;Lappi&quot;","block_context":{"text":"Lappi","link":"https:\/\/www.satokangas.fi\/blogi\/category\/lappi\/"},"img":{"alt_text":"","src":"https:\/\/i0.wp.com\/www.satokangas.fi\/blogi\/wp-content\/uploads\/2018\/04\/Pohjoisen-paisteessa_-17.jpg?resize=350%2C200&ssl=1","width":350,"height":200,"srcset":"https:\/\/i0.wp.com\/www.satokangas.fi\/blogi\/wp-content\/uploads\/2018\/04\/Pohjoisen-paisteessa_-17.jpg?resize=350%2C200&ssl=1 1x, https:\/\/i0.wp.com\/www.satokangas.fi\/blogi\/wp-content\/uploads\/2018\/04\/Pohjoisen-paisteessa_-17.jpg?resize=525%2C300&ssl=1 1.5x, https:\/\/i0.wp.com\/www.satokangas.fi\/blogi\/wp-content\/uploads\/2018\/04\/Pohjoisen-paisteessa_-17.jpg?resize=700%2C400&ssl=1 2x"},"classes":[]},{"id":38295,"url":"https:\/\/www.satokangas.fi\/blogi\/2020\/03\/vuosia-kulutettu\/","url_meta":{"origin":20972,"position":3},"title":"Vuosia kulutettu","author":"Reija","date":"5.3.2020","format":false,"excerpt":"Siit\u00e4 on yli nelj\u00e4kymment\u00e4 vuotta!\u00a0 Me kaksi historianopiskelijaa, niin erilaisia opiskelijoita, niin erilaisin perustein, niin erilaisin tavoittein yliopiston k\u00e4yt\u00e4vill\u00e4, tunkkaisilla, matalilla k\u00e4yt\u00e4vill\u00e4, ahtaassa kirjastossa, huikeilla klassillisen arkeologian luennoilla, ainej\u00e4rjest\u00f6n naamiaisissa, toistemme tupareissa, ... my\u00f6hemmin niin monissa vaiheissa. T\u00e4n\u00e4\u00e4n pitk\u00e4st\u00e4 aikaa kaksistaan sy\u00f6m\u00e4ss\u00e4 ja p\u00e4ivitt\u00e4m\u00e4ss\u00e4. Kuitenkin - el\u00e4m\u00e4mme ovat niin erilaiset,\u2026","rel":"","context":"Kategoriassa &quot;Niit\u00e4 n\u00e4it\u00e4&quot;","block_context":{"text":"Niit\u00e4 n\u00e4it\u00e4","link":"https:\/\/www.satokangas.fi\/blogi\/category\/aiheeton\/"},"img":{"alt_text":"","src":"https:\/\/i0.wp.com\/www.satokangas.fi\/blogi\/wp-content\/uploads\/2020\/03\/ilta.jpg?resize=350%2C200&ssl=1","width":350,"height":200},"classes":[]},{"id":41677,"url":"https:\/\/www.satokangas.fi\/blogi\/2021\/09\/tapaamisia-monissa-merkeissa\/","url_meta":{"origin":20972,"position":4},"title":"Tapaamisia monissa merkeiss\u00e4","author":"Reija","date":"29.9.2021","format":false,"excerpt":"T\u00e4n\u00e4\u00e4n on tullut \"kyl\u00e4ilty\u00e4\" enemm\u00e4n kuin muutamina koronakuukausina yhteens\u00e4! Aamulla py\u00f6r\u00e4ilimme Pehtoorin kanssa kimpassa J\u00e4\u00e4liin: siell\u00e4 ysikymppinen \u00e4itins\u00e4 elelee ja p\u00e4rj\u00e4ilee edelleen kotonaan - toki apua on p\u00e4ivitt\u00e4in, mutta p\u00e4rj\u00e4\u00e4 kuitenkin. Katseltiin meid\u00e4n ruskakuvia, juteltiin vanhenemisesta, vanhemmista ja lapsista, lastenlapsistakin. Sit\u00e4h\u00e4n se anoppi ihmetteli, ettemme Lapissa \"mill\u00e4\u00e4n halunneet mets\u00e4\u00e4n menn\u00e4\u2026","rel":"","context":"Kategoriassa &quot;Niit\u00e4 n\u00e4it\u00e4&quot;","block_context":{"text":"Niit\u00e4 n\u00e4it\u00e4","link":"https:\/\/www.satokangas.fi\/blogi\/category\/aiheeton\/"},"img":{"alt_text":"","src":"https:\/\/i0.wp.com\/www.satokangas.fi\/blogi\/wp-content\/uploads\/2021\/09\/Ainola_.jpg?resize=350%2C200&ssl=1","width":350,"height":200,"srcset":"https:\/\/i0.wp.com\/www.satokangas.fi\/blogi\/wp-content\/uploads\/2021\/09\/Ainola_.jpg?resize=350%2C200&ssl=1 1x, https:\/\/i0.wp.com\/www.satokangas.fi\/blogi\/wp-content\/uploads\/2021\/09\/Ainola_.jpg?resize=525%2C300&ssl=1 1.5x, https:\/\/i0.wp.com\/www.satokangas.fi\/blogi\/wp-content\/uploads\/2021\/09\/Ainola_.jpg?resize=700%2C400&ssl=1 2x"},"classes":[]},{"id":28839,"url":"https:\/\/www.satokangas.fi\/blogi\/2016\/07\/karibialainen-piknik\/","url_meta":{"origin":20972,"position":5},"title":"Karibialainen piknik","author":"Reija","date":"29.7.2016","format":false,"excerpt":"Karibialainen paistink\u00e4\u00e4nt\u00e4j\u00e4-piknik on nyt koettu. Jo kuudes rotiss\u00f6\u00f6ri-piknik, eik\u00e4 voi v\u00e4itt\u00e4\u00e4, ett\u00e4 olisi ollut pettymys. Teemana oli siis karibialainen keitti\u00f6. Kuka on k\u00e4ynyt Karibialla? - Noh kuitenkin, hyv\u00e4 haaste se oli. Meit\u00e4 oli paikalla taas melkein kolmekymment\u00e4, ja kaikilla omat viritelm\u00e4ns\u00e4 illansuun ruokajuhlaa varten. Aamup\u00e4iv\u00e4n mietin, mit\u00e4 n\u00e4ist\u00e4 teen? Joku\u2026","rel":"","context":"Kategoriassa &quot;Oulu&quot;","block_context":{"text":"Oulu","link":"https:\/\/www.satokangas.fi\/blogi\/category\/oulu\/"},"img":{"alt_text":"Piknik","src":"https:\/\/i0.wp.com\/www.satokangas.fi\/blogi\/wp-content\/uploads\/2016\/07\/Piknik-400x400.jpg?resize=350%2C200&ssl=1","width":350,"height":200},"classes":[]}],"_links":{"self":[{"href":"https:\/\/www.satokangas.fi\/blogi\/wp-json\/wp\/v2\/posts\/20972","targetHints":{"allow":["GET"]}}],"collection":[{"href":"https:\/\/www.satokangas.fi\/blogi\/wp-json\/wp\/v2\/posts"}],"about":[{"href":"https:\/\/www.satokangas.fi\/blogi\/wp-json\/wp\/v2\/types\/post"}],"author":[{"embeddable":true,"href":"https:\/\/www.satokangas.fi\/blogi\/wp-json\/wp\/v2\/users\/1"}],"replies":[{"embeddable":true,"href":"https:\/\/www.satokangas.fi\/blogi\/wp-json\/wp\/v2\/comments?post=20972"}],"version-history":[{"count":0,"href":"https:\/\/www.satokangas.fi\/blogi\/wp-json\/wp\/v2\/posts\/20972\/revisions"}],"wp:attachment":[{"href":"https:\/\/www.satokangas.fi\/blogi\/wp-json\/wp\/v2\/media?parent=20972"}],"wp:term":[{"taxonomy":"category","embeddable":true,"href":"https:\/\/www.satokangas.fi\/blogi\/wp-json\/wp\/v2\/categories?post=20972"},{"taxonomy":"post_tag","embeddable":true,"href":"https:\/\/www.satokangas.fi\/blogi\/wp-json\/wp\/v2\/tags?post=20972"}],"curies":[{"name":"wp","href":"https:\/\/api.w.org\/{rel}","templated":true}]}}