{"id":19850,"date":"2014-01-06T18:48:51","date_gmt":"2014-01-06T16:48:51","guid":{"rendered":"https:\/\/www.satokangas.fi\/blogi\/?p=19850"},"modified":"2023-09-17T10:21:59","modified_gmt":"2023-09-17T07:21:59","slug":"lukukausi-alkaa-olenko-valmis","status":"publish","type":"post","link":"https:\/\/www.satokangas.fi\/blogi\/2014\/01\/lukukausi-alkaa-olenko-valmis\/","title":{"rendered":"Lukukausi alkaa &#8211; olenko valmis?"},"content":{"rendered":"<p>Huomenna tulevat opiskelijat, alkavat seminaarit, on vastaanotto, ylihuomenna k\u00e4ynnistyy luentosarja, seuraaavalla viikolla ensimm\u00e4iset kokoukset ja p\u00f6yd\u00e4ll\u00e4 odottaa jo kaksi graduk\u00e4sikirjoitusta lausuntoaan, yksi v\u00e4it\u00f6skirjantekij\u00e4n palaveri sovittu ja yhden tarkastusprosessi pistett\u00e4v\u00e4 vireille. Torstain ja perjantain olin toki jo t\u00f6iss\u00e4 ja hiljalleen lukukauden k\u00e4ynnistystoimia tein.<\/p>\n<p>Lomalla on tyky-juttuja tehty: ty\u00f6kyvyn yll\u00e4pit\u00e4miseksi ja edist\u00e4miseksi olen nukkunut, liikkunut, lukenut l\u00e4ll\u00e4rikirjallisuutta. Neuleet on pesty ja silitetty, muistitikut j\u00e4rjestelty, luentoa varten artikkelit valittu, www-sivut tehty. Jakku ostettu. Joulu pakattu pois, tontut nukkumassa, (kaamos)valoja en viel\u00e4 suostu ottamaan pois. Tukka leikkautettu. Kirjastoon harkkamateriaalit tilattu.<\/p>\n<p>Joo, olenhan min\u00e4 valmis. Siit\u00e4p\u00e4h\u00e4n alkakoot. Mukavakinhan tuo on.<\/p>\n<p style=\"text-align: center;\"><a href=\"https:\/\/www.satokangas.fi\/blogi\/wp-content\/uploads\/2014\/01\/pidennetty-viikonloppu-3.jpg\"><img loading=\"lazy\" decoding=\"async\" data-attachment-id=\"19857\" data-permalink=\"https:\/\/www.satokangas.fi\/blogi\/2014\/01\/lukukausi-alkaa-olenko-valmis\/pidennetty-viikonloppu-3\/\" data-orig-file=\"https:\/\/www.satokangas.fi\/blogi\/wp-content\/uploads\/2014\/01\/pidennetty-viikonloppu-3.jpg\" data-orig-size=\"800,1200\" data-comments-opened=\"1\" data-image-meta=\"{&quot;aperture&quot;:&quot;2.8&quot;,&quot;credit&quot;:&quot;Reija Satokangas&quot;,&quot;camera&quot;:&quot;Canon EOS 5D Mark II&quot;,&quot;caption&quot;:&quot;&quot;,&quot;created_timestamp&quot;:&quot;1389012125&quot;,&quot;copyright&quot;:&quot;&quot;,&quot;focal_length&quot;:&quot;100&quot;,&quot;iso&quot;:&quot;1250&quot;,&quot;shutter_speed&quot;:&quot;0.0333333333333&quot;,&quot;title&quot;:&quot;&quot;}\" data-image-title=\"pidennetty viikonloppu-3\" data-image-description=\"\" data-image-caption=\"\" data-large-file=\"https:\/\/www.satokangas.fi\/blogi\/wp-content\/uploads\/2014\/01\/pidennetty-viikonloppu-3-682x1024.jpg\" class=\"aligncenter wp-image-19857\" style=\"border: 5px solid grey;\" src=\"https:\/\/www.satokangas.fi\/blogi\/wp-content\/uploads\/2014\/01\/pidennetty-viikonloppu-3-266x400.jpg\" alt=\"pidennetty viikonloppu-3\" width=\"266\" height=\"400\" srcset=\"https:\/\/www.satokangas.fi\/blogi\/wp-content\/uploads\/2014\/01\/pidennetty-viikonloppu-3-266x400.jpg 266w, https:\/\/www.satokangas.fi\/blogi\/wp-content\/uploads\/2014\/01\/pidennetty-viikonloppu-3-200x300.jpg 200w, https:\/\/www.satokangas.fi\/blogi\/wp-content\/uploads\/2014\/01\/pidennetty-viikonloppu-3-682x1024.jpg 682w, https:\/\/www.satokangas.fi\/blogi\/wp-content\/uploads\/2014\/01\/pidennetty-viikonloppu-3.jpg 800w\" sizes=\"auto, (max-width: 266px) 100vw, 266px\" \/><\/a><\/p>\n<p>Ja kuinka mukava onkaan ollut t\u00e4m\u00e4 kolmen p\u00e4iv\u00e4n kotiolo. L\u00e4mmitell\u00e4 takkaa ja leivinuunia, leikki\u00e4 ett\u00e4 on kylm\u00e4 tammikuu. Poltella kynttil\u00f6it\u00e4 &#8211; tosin osaa ei raski edes sytytt\u00e4\u00e4 kun ovat niin kauniita (ja kalliita \ud83d\ude42 ).<\/p>\n<p style=\"text-align: center;\"><a href=\"https:\/\/www.satokangas.fi\/blogi\/wp-content\/uploads\/2014\/01\/pidennetty-viikonloppu-2.jpg\"><img loading=\"lazy\" decoding=\"async\" data-attachment-id=\"19856\" data-permalink=\"https:\/\/www.satokangas.fi\/blogi\/2014\/01\/lukukausi-alkaa-olenko-valmis\/pidennetty-viikonloppu-2\/\" data-orig-file=\"https:\/\/www.satokangas.fi\/blogi\/wp-content\/uploads\/2014\/01\/pidennetty-viikonloppu-2.jpg\" data-orig-size=\"800,1200\" data-comments-opened=\"1\" data-image-meta=\"{&quot;aperture&quot;:&quot;2.8&quot;,&quot;credit&quot;:&quot;Reija Satokangas&quot;,&quot;camera&quot;:&quot;Canon EOS 5D Mark II&quot;,&quot;caption&quot;:&quot;&quot;,&quot;created_timestamp&quot;:&quot;1389012134&quot;,&quot;copyright&quot;:&quot;&quot;,&quot;focal_length&quot;:&quot;100&quot;,&quot;iso&quot;:&quot;1250&quot;,&quot;shutter_speed&quot;:&quot;0.04&quot;,&quot;title&quot;:&quot;&quot;}\" data-image-title=\"pidennetty viikonloppu-2\" data-image-description=\"\" data-image-caption=\"\" data-large-file=\"https:\/\/www.satokangas.fi\/blogi\/wp-content\/uploads\/2014\/01\/pidennetty-viikonloppu-2-682x1024.jpg\" class=\"aligncenter wp-image-19856\" style=\"border: 5px solid grey;\" src=\"https:\/\/www.satokangas.fi\/blogi\/wp-content\/uploads\/2014\/01\/pidennetty-viikonloppu-2-266x400.jpg\" alt=\"pidennetty viikonloppu-2\" width=\"266\" height=\"400\" srcset=\"https:\/\/www.satokangas.fi\/blogi\/wp-content\/uploads\/2014\/01\/pidennetty-viikonloppu-2-266x400.jpg 266w, https:\/\/www.satokangas.fi\/blogi\/wp-content\/uploads\/2014\/01\/pidennetty-viikonloppu-2-200x300.jpg 200w, https:\/\/www.satokangas.fi\/blogi\/wp-content\/uploads\/2014\/01\/pidennetty-viikonloppu-2-682x1024.jpg 682w, https:\/\/www.satokangas.fi\/blogi\/wp-content\/uploads\/2014\/01\/pidennetty-viikonloppu-2.jpg 800w\" sizes=\"auto, (max-width: 266px) 100vw, 266px\" \/><\/a><\/p>\n<p style=\"text-align: center;\">Kokkailla, ja kokeilla taas jotain uutta. Nyt kun persimonit ovat saatavilla, ja halpoja,<br \/>\nniist\u00e4 saa salaattiin mukavaa makeutta, ja sitten ne ovat hyvi\u00e4 n\u00e4in:<\/p>\n<p style=\"text-align: center;\"><a href=\"https:\/\/www.satokangas.fi\/blogi\/wp-content\/uploads\/2014\/01\/pidennetty-viikonloppu.jpg\"><img loading=\"lazy\" decoding=\"async\" data-attachment-id=\"19858\" data-permalink=\"https:\/\/www.satokangas.fi\/blogi\/2014\/01\/lukukausi-alkaa-olenko-valmis\/pidennetty-viikonloppu\/\" data-orig-file=\"https:\/\/www.satokangas.fi\/blogi\/wp-content\/uploads\/2014\/01\/pidennetty-viikonloppu.jpg\" data-orig-size=\"975,650\" data-comments-opened=\"1\" data-image-meta=\"{&quot;aperture&quot;:&quot;4&quot;,&quot;credit&quot;:&quot;Reija Satokangas&quot;,&quot;camera&quot;:&quot;Canon EOS 5D Mark II&quot;,&quot;caption&quot;:&quot;&quot;,&quot;created_timestamp&quot;:&quot;1388771480&quot;,&quot;copyright&quot;:&quot;&quot;,&quot;focal_length&quot;:&quot;105&quot;,&quot;iso&quot;:&quot;640&quot;,&quot;shutter_speed&quot;:&quot;0.0769230769231&quot;,&quot;title&quot;:&quot;&quot;}\" data-image-title=\"pidennetty viikonloppu\" data-image-description=\"\" data-image-caption=\"\" data-large-file=\"https:\/\/www.satokangas.fi\/blogi\/wp-content\/uploads\/2014\/01\/pidennetty-viikonloppu.jpg\" class=\"aligncenter size-medium wp-image-19858\" style=\"border: 10px solid grey;\" src=\"https:\/\/www.satokangas.fi\/blogi\/wp-content\/uploads\/2014\/01\/pidennetty-viikonloppu-600x400.jpg\" alt=\"pidennetty viikonloppu\" width=\"600\" height=\"400\" srcset=\"https:\/\/www.satokangas.fi\/blogi\/wp-content\/uploads\/2014\/01\/pidennetty-viikonloppu-600x400.jpg 600w, https:\/\/www.satokangas.fi\/blogi\/wp-content\/uploads\/2014\/01\/pidennetty-viikonloppu-300x200.jpg 300w, https:\/\/www.satokangas.fi\/blogi\/wp-content\/uploads\/2014\/01\/pidennetty-viikonloppu.jpg 975w\" sizes=\"auto, (max-width: 600px) 100vw, 600px\" \/><\/a><\/p>\n<p style=\"text-align: center;\"><a title=\"Lapas \u2013 uudenvuoden herkku?\" href=\"https:\/\/www.satokangas.fi\/blogi\/2013\/12\/lapas-uudenvuoden-herkku\/\">Tapas-lapas-postauksen<\/a> yhteydess\u00e4 mainostamani maalaispatee ja persimoniviipaleet ovat oivallinen alkupala, tai vaikka tapas. \ud83d\ude42 Olisipa ollut jotain vihreet\u00e4 tuohon koristeeksi. Mutta maku ei vaadi muuta. Hyv\u00e4\u00e4 noin.<\/p>\n<p style=\"text-align: center;\">Eiliseksi j\u00e4lkk\u00e4riksi tein t\u00e4ytekakun. Tai noh, sellaisen l\u00e4ss\u00e4yksen. Mutta hyv\u00e4\u00e4 sekin oli.<\/p>\n<p style=\"text-align: center;\">Siis ensi paistetaan k\u00e4\u00e4retorttu\/kakkupohja uunipellill\u00e4. Kostutetaan maidon ja Baileys-lik\u00f6\u00f6rin sekoituksella (\u00bd dl + \u00bd dl). Levylle levitet\u00e4\u00e4n puoli purkkia tuollaista Nutellan n\u00e4k\u00f6ist\u00e4 ja makuistakin tahnaa.<\/p>\n<p style=\"text-align: center;\">Rullataan. Leikataan kolmeksi paksuksi viipaleeksi, asetellaan vierekk\u00e4in ja peitet\u00e4\u00e4n kermavaahdolla, siev\u00e4sti jos osataan.<\/p>\n<p>&nbsp;<\/p>\n<p style=\"text-align: center;\">\u00a0Min\u00e4 en osaa. Siksi se on tuollainen lastenjuhlakakun n\u00e4k\u00f6inen tekele.<\/p>\n<p>&nbsp;<\/p>\n<p>Mutta leikkauspinta on k\u00e4lli. Ensi kerralla rullaan kaikki levyt p\u00e4\u00e4llekk\u00e4in ja teen vain yhden py\u00f6ryl\u00e4n. Mutta yht\u00e4 kaikki. Hyv\u00e4\u00e4 t\u00e4m\u00e4 oli. Juniori &amp; kihlattunsa pitiv\u00e4t kardemummakahvin keralla kovastikin. Moni kakku p\u00e4\u00e4lt\u00e4 kaunis, &#8212; t\u00e4m\u00e4 ei, mutta hyv\u00e4\u00e4 oli.<\/p>\n<p>&nbsp;<\/p>\n<p>&nbsp;<\/p>\n<p>Dietti ja tipaton aloitettu? No, ei todellakaan ole. Ehk\u00e4 v\u00e4h\u00e4n voidaan jo ensi viikolla kevennell\u00e4. Siin\u00e4 kaikki.<\/p>\n","protected":false},"excerpt":{"rendered":"<p>Huomenna tulevat opiskelijat, alkavat seminaarit, on vastaanotto, ylihuomenna k\u00e4ynnistyy luentosarja, seuraaavalla viikolla ensimm\u00e4iset kokoukset ja p\u00f6yd\u00e4ll\u00e4 odottaa jo kaksi graduk\u00e4sikirjoitusta lausuntoaan, yksi v\u00e4it\u00f6skirjantekij\u00e4n palaveri sovittu ja yhden tarkastusprosessi pistett\u00e4v\u00e4 vireille. Torstain ja perjantain olin toki jo t\u00f6iss\u00e4 ja hiljalleen lukukauden k\u00e4ynnistystoimia tein. Lomalla on tyky-juttuja tehty: ty\u00f6kyvyn yll\u00e4pit\u00e4miseksi ja edist\u00e4miseksi olen nukkunut, liikkunut, lukenut l\u00e4ll\u00e4rikirjallisuutta. Neuleet on pesty ja silitetty, &hellip; <\/p>\n","protected":false},"author":1,"featured_media":0,"comment_status":"open","ping_status":"open","sticky":false,"template":"","format":"standard","meta":{"jetpack_post_was_ever_published":false,"_jetpack_newsletter_access":"","_jetpack_dont_email_post_to_subs":false,"_jetpack_newsletter_tier_id":0,"_jetpack_memberships_contains_paywalled_content":false,"_jetpack_memberships_contains_paid_content":false,"footnotes":"","jetpack_publicize_message":"","jetpack_publicize_feature_enabled":true,"jetpack_social_post_already_shared":true,"jetpack_social_options":{"image_generator_settings":{"template":"highway","default_image_id":0,"font":"","enabled":false},"version":2}},"categories":[1,17,32],"tags":[],"class_list":["post-19850","post","type-post","status-publish","format-standard","hentry","category-aiheeton","category-ruoka_ja_viini","category-yliopistoelamaa","latest_post"],"jetpack_publicize_connections":[],"jetpack_featured_media_url":"","jetpack_shortlink":"https:\/\/wp.me\/pr4p4-5aa","jetpack_sharing_enabled":true,"jetpack_likes_enabled":false,"jetpack-related-posts":[{"id":42869,"url":"https:\/\/www.satokangas.fi\/blogi\/2022\/05\/haslinkia\/","url_meta":{"origin":19850,"position":0},"title":"H\u00e4slinki\u00e4","author":"Reija","date":"17.5.2022","format":false,"excerpt":"On p\u00e4ivi\u00e4, jolloin on enemm\u00e4n yrityst\u00e4 kuin varsinaisesti mit\u00e4\u00e4n hyv\u00e4\u00e4 aikaansaannosta. T\u00e4n\u00e4\u00e4n on ollut sellainen multitaskaamisen p\u00e4iv\u00e4. Ja eih\u00e4n siit\u00e4 tahdo hyv\u00e4\u00e4 seurata. Ja kaiken kulkemisen, kirjoittamisen, j\u00e4rjestelyn, lukemisen, arvostelun, ostosten, myynnin, vaihteeksi Kontti-k\u00e4ynnin ja tapetin etsinn\u00e4n v\u00e4liss\u00e4, ohessa ja j\u00e4lkeen olen lukenut ja kuunnellut uutisia enemm\u00e4n kuin aikohin, vaikka\u2026","rel":"","context":"Kategoriassa &quot;Niit\u00e4 n\u00e4it\u00e4&quot;","block_context":{"text":"Niit\u00e4 n\u00e4it\u00e4","link":"https:\/\/www.satokangas.fi\/blogi\/category\/aiheeton\/"},"img":{"alt_text":"","src":"https:\/\/i0.wp.com\/www.satokangas.fi\/blogi\/wp-content\/uploads\/2022\/05\/1-11.jpg?resize=350%2C200&ssl=1","width":350,"height":200,"srcset":"https:\/\/i0.wp.com\/www.satokangas.fi\/blogi\/wp-content\/uploads\/2022\/05\/1-11.jpg?resize=350%2C200&ssl=1 1x, https:\/\/i0.wp.com\/www.satokangas.fi\/blogi\/wp-content\/uploads\/2022\/05\/1-11.jpg?resize=525%2C300&ssl=1 1.5x, https:\/\/i0.wp.com\/www.satokangas.fi\/blogi\/wp-content\/uploads\/2022\/05\/1-11.jpg?resize=700%2C400&ssl=1 2x"},"classes":[]},{"id":13621,"url":"https:\/\/www.satokangas.fi\/blogi\/2012\/02\/juhlakirja-on-valmis-ja-julkistettu-historian-selkosilla\/","url_meta":{"origin":19850,"position":1},"title":"Juhlakirja on valmis ja julkistettu: Historian selkosilla","author":"Reija","date":"28.2.2012","format":false,"excerpt":"Julkkarit. T\u00e4n\u00e4\u00e4n oli juhlakirjan julkistamistilaisuus. \"Historian selkosilla\" on valmis. Kun akateemisen oppituolin haltija t\u00e4ytt\u00e4\u00e4 tasavuosia, on tapana, ett\u00e4 h\u00e4nelle kirjoitetaan juhlakirja. Ainakin meill\u00e4 humanisteilla on t\u00e4mm\u00f6inen tapa.\u00a0 Minun esimieheni on t\u00e4ytt\u00e4nyt tasavuosia jo jokunen vuosi sitten, mutta silloin h\u00e4n tiukasti kielsi juhlakirjan tekemisen. Emme antaneet periksi, vaan p\u00e4\u00e4timme oppiaineen piiriss\u00e4,\u2026","rel":"","context":"Kategoriassa &quot;Niit\u00e4 n\u00e4it\u00e4&quot;","block_context":{"text":"Niit\u00e4 n\u00e4it\u00e4","link":"https:\/\/www.satokangas.fi\/blogi\/category\/aiheeton\/"},"img":{"alt_text":"","src":"https:\/\/i0.wp.com\/www.satokangas.fi\/blogi\/wp-content\/uploads\/Vahtola2.jpg?resize=350%2C200&ssl=1","width":350,"height":200},"classes":[]},{"id":21611,"url":"https:\/\/www.satokangas.fi\/blogi\/2014\/07\/kesan-rengasmatka-tehty\/","url_meta":{"origin":19850,"position":2},"title":"Kes\u00e4n rengasmatka tehty","author":"Reija","date":"3.7.2014","format":false,"excerpt":"Rengasmatka, roadtrip, kotiseuturetki, maakuntamatka, kes\u00e4kuvakisan materiaalin hankintareissu on tehty. Olen juuri palannut : 500,7 km, 12,04 tuntia, 268 kuvaa, kuppi kahvia ja cupcake, \u00a0yksi pieni j\u00e4tskipuikko, salaatti ja pizzapala, v\u00e4h\u00e4n jukurttikookoksia, kaksi pullollista vett\u00e4, yksi Pepsi-Max, yksin oloa ja v\u00e4lill\u00e4 seurana vanhempaa miesseuraa (Willberg ja Cohen*). Minun kes\u00e4retkeni, minun pieni\u2026","rel":"","context":"Kategoriassa &quot;Niit\u00e4 n\u00e4it\u00e4&quot;","block_context":{"text":"Niit\u00e4 n\u00e4it\u00e4","link":"https:\/\/www.satokangas.fi\/blogi\/category\/aiheeton\/"},"img":{"alt_text":"maalla-2","src":"https:\/\/i0.wp.com\/www.satokangas.fi\/blogi\/wp-content\/uploads\/2014\/07\/maalla-2-600x400.jpg?resize=350%2C200&ssl=1","width":350,"height":200,"srcset":"https:\/\/i0.wp.com\/www.satokangas.fi\/blogi\/wp-content\/uploads\/2014\/07\/maalla-2-600x400.jpg?resize=350%2C200&ssl=1 1x, https:\/\/i0.wp.com\/www.satokangas.fi\/blogi\/wp-content\/uploads\/2014\/07\/maalla-2-600x400.jpg?resize=525%2C300&ssl=1 1.5x"},"classes":[]},{"id":45195,"url":"https:\/\/www.satokangas.fi\/blogi\/2023\/04\/maisemajuttuja\/","url_meta":{"origin":19850,"position":3},"title":"Maisemajuttuja","author":"Reija","date":"3.4.2023","format":false,"excerpt":"Sielunmaisema? Mielimaisema? Mielenmaisema? Mets\u00e4ss\u00e4 kulkiessa, tunturissa kuvaillessa mietin, tarkoitetaanko sielunmaisemalla ja mielenmaisemalla samaa asiaa. Mielimaisema? - K\u00e4ytet\u00e4\u00e4nk\u00f6 sellaista sanaa? Mie ehk\u00e4 voin n\u00e4ist\u00e4 maisemista sellaista k\u00e4ytt\u00e4\u00e4, mutta onko mielimaisema sittenk\u00e4\u00e4n sama kuin sielunmaisemani? - Eik\u00f6s se ole merenrannassa? En siis itsek\u00e4\u00e4n tied\u00e4. :D Toinen huomio maisemia katsellessa: jo eilisen tulomatkan\u2026","rel":"","context":"Kategoriassa &quot;Lappi&quot;","block_context":{"text":"Lappi","link":"https:\/\/www.satokangas.fi\/blogi\/category\/lappi\/"},"img":{"alt_text":"","src":"https:\/\/i0.wp.com\/www.satokangas.fi\/blogi\/wp-content\/uploads\/2023\/04\/huhtimaanantai-3.jpg?resize=350%2C200&ssl=1","width":350,"height":200,"srcset":"https:\/\/i0.wp.com\/www.satokangas.fi\/blogi\/wp-content\/uploads\/2023\/04\/huhtimaanantai-3.jpg?resize=350%2C200&ssl=1 1x, https:\/\/i0.wp.com\/www.satokangas.fi\/blogi\/wp-content\/uploads\/2023\/04\/huhtimaanantai-3.jpg?resize=525%2C300&ssl=1 1.5x, https:\/\/i0.wp.com\/www.satokangas.fi\/blogi\/wp-content\/uploads\/2023\/04\/huhtimaanantai-3.jpg?resize=700%2C400&ssl=1 2x"},"classes":[]},{"id":26607,"url":"https:\/\/www.satokangas.fi\/blogi\/2015\/10\/emmaljunga-patikka\/","url_meta":{"origin":19850,"position":4},"title":"Emmaljunga-patikka ;)","author":"Reija","date":"22.10.2015","format":false,"excerpt":"T\u00e4n\u00e4\u00e4n se on tehty. Ensimm\u00e4inen lastenvaunupatikka. No, ehk\u00e4 vain k\u00e4vely, mutta kiertelimmep\u00e4 Saarisel\u00e4n raitilla ristiin rastiin. Asfalttipatikointia siis.\u00a0L\u00e4htiess\u00e4 satoi, mutta emme antaneet sen lannistaa. Ja alkuiltap\u00e4iv\u00e4ll\u00e4 m\u00f6kin pihaan palatessa jo paistoi, - eih\u00e4n se aurinko t\u00e4\u00e4ll\u00e4 en\u00e4\u00e4 kovin korkealla k\u00e4y.\u00a0Kokenut patikoijahan poika jo on; tasan vuosi sitten \u00e4itins\u00e4 mukana Mallorcan\u2026","rel":"","context":"Kategoriassa &quot;Lappi&quot;","block_context":{"text":"Lappi","link":"https:\/\/www.satokangas.fi\/blogi\/category\/lappi\/"},"img":{"alt_text":"","src":"","width":0,"height":0},"classes":[]},{"id":50861,"url":"https:\/\/www.satokangas.fi\/blogi\/2024\/10\/kalenteri-on-valmis\/","url_meta":{"origin":19850,"position":5},"title":"Kalenteri on valmis!","author":"Reija","date":"16.10.2024","format":false,"excerpt":"Olisin ehk\u00e4 v\u00e4h\u00e4n helpommankin kansikuvan kalenteriin voinut suunnitella! Kun tuhansista m\u00f6kkireissujen kuvista oli valittava kalenteriin vain 12 kuvaa, j\u00e4i v\u00e4h\u00e4n harmittamaan, ett\u00e4 monia kivoja ja onnistuneita otoksia oli j\u00e4tett\u00e4v\u00e4 pois. Siit\u00e4 syntyi idea saada puolensataa kuvaa edes pikkuisina mukaan. Siin\u00e4p\u00e4 se on sadep\u00e4iv\u00e4 tuunatessa mennyt. Aika mukavaa puuhaa kuiteski. Kalenteri\u2026","rel":"","context":"Kategoriassa &quot;Niit\u00e4 n\u00e4it\u00e4&quot;","block_context":{"text":"Niit\u00e4 n\u00e4it\u00e4","link":"https:\/\/www.satokangas.fi\/blogi\/category\/aiheeton\/"},"img":{"alt_text":"","src":"https:\/\/i0.wp.com\/www.satokangas.fi\/blogi\/wp-content\/uploads\/2024\/10\/8.jpg?resize=350%2C200&ssl=1","width":350,"height":200,"srcset":"https:\/\/i0.wp.com\/www.satokangas.fi\/blogi\/wp-content\/uploads\/2024\/10\/8.jpg?resize=350%2C200&ssl=1 1x, https:\/\/i0.wp.com\/www.satokangas.fi\/blogi\/wp-content\/uploads\/2024\/10\/8.jpg?resize=525%2C300&ssl=1 1.5x, https:\/\/i0.wp.com\/www.satokangas.fi\/blogi\/wp-content\/uploads\/2024\/10\/8.jpg?resize=700%2C400&ssl=1 2x"},"classes":[]}],"_links":{"self":[{"href":"https:\/\/www.satokangas.fi\/blogi\/wp-json\/wp\/v2\/posts\/19850","targetHints":{"allow":["GET"]}}],"collection":[{"href":"https:\/\/www.satokangas.fi\/blogi\/wp-json\/wp\/v2\/posts"}],"about":[{"href":"https:\/\/www.satokangas.fi\/blogi\/wp-json\/wp\/v2\/types\/post"}],"author":[{"embeddable":true,"href":"https:\/\/www.satokangas.fi\/blogi\/wp-json\/wp\/v2\/users\/1"}],"replies":[{"embeddable":true,"href":"https:\/\/www.satokangas.fi\/blogi\/wp-json\/wp\/v2\/comments?post=19850"}],"version-history":[{"count":0,"href":"https:\/\/www.satokangas.fi\/blogi\/wp-json\/wp\/v2\/posts\/19850\/revisions"}],"wp:attachment":[{"href":"https:\/\/www.satokangas.fi\/blogi\/wp-json\/wp\/v2\/media?parent=19850"}],"wp:term":[{"taxonomy":"category","embeddable":true,"href":"https:\/\/www.satokangas.fi\/blogi\/wp-json\/wp\/v2\/categories?post=19850"},{"taxonomy":"post_tag","embeddable":true,"href":"https:\/\/www.satokangas.fi\/blogi\/wp-json\/wp\/v2\/tags?post=19850"}],"curies":[{"name":"wp","href":"https:\/\/api.w.org\/{rel}","templated":true}]}}