{"id":19818,"date":"2014-01-04T17:19:23","date_gmt":"2014-01-04T15:19:23","guid":{"rendered":"https:\/\/www.satokangas.fi\/blogi\/?p=19818"},"modified":"2014-01-04T18:16:41","modified_gmt":"2014-01-04T16:16:41","slug":"kulttuuria-kulttuuria","status":"publish","type":"post","link":"https:\/\/www.satokangas.fi\/blogi\/2014\/01\/kulttuuria-kulttuuria\/","title":{"rendered":"Kulttuuria, kulttuuria"},"content":{"rendered":"<p>Liikuntakulttuuria, kuvataidetta, historiaa, ruokakulttuuria &#8211; &#8211; &#8211;<\/p>\n<p>Olisi pit\u00e4nyt l\u00e4hte\u00e4 harjoittamaan liikuntakulttuuria aiemmin kuin tein. Olisi ollut kunnolla pime\u00e4\u00e4, eik\u00e4 olisi n\u00e4kynyt kuinka ankean n\u00e4k\u00f6ist\u00e4 on. Tahtoo v\u00e4h\u00e4n lis\u00e4\u00e4 lunta, ja v\u00e4h\u00e4n lis\u00e4\u00e4 pakkasta. Noh, periaatteessa kuitenkin hyv\u00e4 ulkoilla. Toisin kuin juuri koskaan tammikuussa menin Meri-Toppilan rantaan. Yleens\u00e4 sinne on t\u00e4h\u00e4n aikaan vuodesta vaikea menn\u00e4, sill\u00e4 talvikunnossapitoa ei ole. Nyt sit\u00e4 ei tarvittu. Paitsi ett\u00e4 hiekkaa, soraa olisi saanut olla. Liukas oli. Meri h\u00e4th\u00e4t\u00e4\u00e4 rannasta j\u00e4\u00e4ss\u00e4&#8230;<\/p>\n<p style=\"text-align: center;\"><a href=\"https:\/\/www.satokangas.fi\/blogi\/wp-content\/uploads\/2014\/01\/Kulttuuria.jpg\"><img loading=\"lazy\" decoding=\"async\" class=\"aligncenter\" alt=\"Kulttuuria\" src=\"https:\/\/www.satokangas.fi\/blogi\/wp-content\/uploads\/2014\/01\/Kulttuuria-600x158.jpg\" width=\"600\" height=\"158\" \/><\/a><\/p>\n<p><span style=\"font-size: 14px; line-height: 1.5em;\">Sauvak\u00e4vely merkitsikin j\u00e4nnityst\u00e4 olkap\u00e4\u00e4lle, ei helpotusta kuten yleens\u00e4 &#8230;<\/span><\/p>\n<p><a style=\"font-size: 14px; line-height: 1.5em;\" href=\"https:\/\/www.satokangas.fi\/blogi\/wp-content\/uploads\/2014\/01\/Kulttuuria-2.jpg\"><img loading=\"lazy\" decoding=\"async\" data-attachment-id=\"19820\" data-permalink=\"https:\/\/www.satokangas.fi\/blogi\/2014\/01\/kulttuuria-kulttuuria\/kulttuuria-2\/\" data-orig-file=\"https:\/\/www.satokangas.fi\/blogi\/wp-content\/uploads\/2014\/01\/Kulttuuria-2.jpg\" data-orig-size=\"675,1200\" data-comments-opened=\"1\" data-image-meta=\"{&quot;aperture&quot;:&quot;2.2&quot;,&quot;credit&quot;:&quot;Reija Satokangas&quot;,&quot;camera&quot;:&quot;Lumia 1020&quot;,&quot;caption&quot;:&quot;&quot;,&quot;created_timestamp&quot;:&quot;1388828380&quot;,&quot;copyright&quot;:&quot;&quot;,&quot;focal_length&quot;:&quot;0&quot;,&quot;iso&quot;:&quot;800&quot;,&quot;shutter_speed&quot;:&quot;0.0666666666667&quot;,&quot;title&quot;:&quot;&quot;}\" data-image-title=\"Kulttuuria-2\" data-image-description=\"\" data-image-caption=\"\" data-large-file=\"https:\/\/www.satokangas.fi\/blogi\/wp-content\/uploads\/2014\/01\/Kulttuuria-2-576x1024.jpg\" class=\" wp-image-19820 alignleft\" alt=\"Kulttuuria-2\" src=\"https:\/\/www.satokangas.fi\/blogi\/wp-content\/uploads\/2014\/01\/Kulttuuria-2-225x400.jpg\" width=\"225\" height=\"400\" srcset=\"https:\/\/www.satokangas.fi\/blogi\/wp-content\/uploads\/2014\/01\/Kulttuuria-2-225x400.jpg 225w, https:\/\/www.satokangas.fi\/blogi\/wp-content\/uploads\/2014\/01\/Kulttuuria-2-168x300.jpg 168w, https:\/\/www.satokangas.fi\/blogi\/wp-content\/uploads\/2014\/01\/Kulttuuria-2-576x1024.jpg 576w, https:\/\/www.satokangas.fi\/blogi\/wp-content\/uploads\/2014\/01\/Kulttuuria-2.jpg 675w\" sizes=\"auto, (max-width: 225px) 100vw, 225px\" \/><\/a><\/p>\n<p><a href=\"https:\/\/www.satokangas.fi\/blogi\/wp-content\/uploads\/2014\/01\/Kulttuuria-3.jpg\"><img loading=\"lazy\" decoding=\"async\" data-attachment-id=\"19821\" data-permalink=\"https:\/\/www.satokangas.fi\/blogi\/2014\/01\/kulttuuria-kulttuuria\/kulttuuria-3\/\" data-orig-file=\"https:\/\/www.satokangas.fi\/blogi\/wp-content\/uploads\/2014\/01\/Kulttuuria-3.jpg\" data-orig-size=\"675,1200\" data-comments-opened=\"1\" data-image-meta=\"{&quot;aperture&quot;:&quot;2.2&quot;,&quot;credit&quot;:&quot;Reija Satokangas&quot;,&quot;camera&quot;:&quot;Lumia 1020&quot;,&quot;caption&quot;:&quot;&quot;,&quot;created_timestamp&quot;:&quot;1388828404&quot;,&quot;copyright&quot;:&quot;&quot;,&quot;focal_length&quot;:&quot;0&quot;,&quot;iso&quot;:&quot;800&quot;,&quot;shutter_speed&quot;:&quot;0.0588235294118&quot;,&quot;title&quot;:&quot;&quot;}\" data-image-title=\"Kulttuuria-3\" data-image-description=\"\" data-image-caption=\"\" data-large-file=\"https:\/\/www.satokangas.fi\/blogi\/wp-content\/uploads\/2014\/01\/Kulttuuria-3-576x1024.jpg\" class=\" wp-image-19821 alignright\" alt=\"Kulttuuria-3\" src=\"https:\/\/www.satokangas.fi\/blogi\/wp-content\/uploads\/2014\/01\/Kulttuuria-3-225x400.jpg\" width=\"225\" height=\"400\" srcset=\"https:\/\/www.satokangas.fi\/blogi\/wp-content\/uploads\/2014\/01\/Kulttuuria-3-225x400.jpg 225w, https:\/\/www.satokangas.fi\/blogi\/wp-content\/uploads\/2014\/01\/Kulttuuria-3-168x300.jpg 168w, https:\/\/www.satokangas.fi\/blogi\/wp-content\/uploads\/2014\/01\/Kulttuuria-3-576x1024.jpg 576w, https:\/\/www.satokangas.fi\/blogi\/wp-content\/uploads\/2014\/01\/Kulttuuria-3.jpg 675w\" sizes=\"auto, (max-width: 225px) 100vw, 225px\" \/><\/a><\/p>\n<p>&nbsp;<\/p>\n<p>&nbsp;<\/p>\n<p>&nbsp;<\/p>\n<p>&nbsp;<\/p>\n<p>&nbsp;<\/p>\n<p>&nbsp;<\/p>\n<p>&nbsp;<\/p>\n<p>&nbsp;<\/p>\n<p>&nbsp;<\/p>\n<p>&nbsp;<\/p>\n<p>&nbsp;<\/p>\n<p>&nbsp;<\/p>\n<p><span style=\"font-size: 14px; line-height: 1.5em;\">Seuraavaksi korkeakulttuuria. Tai noh .. kuvataidetta. Vihdoin &#8211; viimein &#8211; saimme l\u00e4hdetyksi Taidemuseoon, jossa on <\/span><a style=\"font-size: 14px; line-height: 1.5em;\" href=\"http:\/\/www.ouka.fi\/oulu\/taidemuseo\/287\">Reidar S\u00e4rest\u00f6niemen n\u00e4yttely<\/a><span style=\"font-size: 14px; line-height: 1.5em;\">.\u00a0<\/span><\/p>\n<p style=\"text-align: center;\"><a href=\"https:\/\/www.satokangas.fi\/blogi\/wp-content\/uploads\/2014\/01\/Kulttuuria-3-2.jpg\"><img loading=\"lazy\" decoding=\"async\" class=\"aligncenter\" alt=\"Kulttuuria-3-2\" src=\"https:\/\/www.satokangas.fi\/blogi\/wp-content\/uploads\/2014\/01\/Kulttuuria-3-2-600x276.jpg\" width=\"480\" height=\"221\" \/><\/a><\/p>\n<p>Jos S\u00e4rest\u00f6niemen taide oli h\u00e4nelle poikkeuksellisen henkil\u00f6kohtaista, niin henkil\u00f6kohtaista h\u00e4nen taiteensa on my\u00f6s minulle. Yksi, aika laajan, n\u00e4yttelyn tauluista kun oli lapsuudenkodissani ja molemmat vanhempani pitiv\u00e4t S\u00e4rest\u00f6niemen taiteesta; k\u00e4viv\u00e4tp\u00e4 Kittil\u00e4ss\u00e4 tapaamassakin taiteilijaa.<\/p>\n<p style=\"text-align: center;\"><a style=\"font-size: 14px; line-height: 1.5em;\" href=\"https:\/\/www.satokangas.fi\/blogi\/wp-content\/uploads\/2014\/01\/Kulttuuria-4.jpg\"><img loading=\"lazy\" decoding=\"async\" class=\"aligncenter\" alt=\"Kulttuuria-4\" src=\"https:\/\/www.satokangas.fi\/blogi\/wp-content\/uploads\/2014\/01\/Kulttuuria-4-600x94.jpg\" width=\"600\" height=\"94\" \/><\/a><\/p>\n<p style=\"text-align: center;\"><a style=\"font-size: 14px; line-height: 1.5em;\" href=\"https:\/\/www.satokangas.fi\/blogi\/wp-content\/uploads\/2014\/01\/Kulttuuria-6.jpg\"><img loading=\"lazy\" decoding=\"async\" data-attachment-id=\"19827\" data-permalink=\"https:\/\/www.satokangas.fi\/blogi\/2014\/01\/kulttuuria-kulttuuria\/kulttuuria-6\/\" data-orig-file=\"https:\/\/www.satokangas.fi\/blogi\/wp-content\/uploads\/2014\/01\/Kulttuuria-6.jpg\" data-orig-size=\"975,287\" data-comments-opened=\"1\" data-image-meta=\"{&quot;aperture&quot;:&quot;2.2&quot;,&quot;credit&quot;:&quot;Reija Satokangas&quot;,&quot;camera&quot;:&quot;Lumia 1020&quot;,&quot;caption&quot;:&quot;&quot;,&quot;created_timestamp&quot;:&quot;1388835949&quot;,&quot;copyright&quot;:&quot;&quot;,&quot;focal_length&quot;:&quot;0&quot;,&quot;iso&quot;:&quot;250&quot;,&quot;shutter_speed&quot;:&quot;0.0142857142857&quot;,&quot;title&quot;:&quot;&quot;}\" data-image-title=\"Kulttuuria-6\" data-image-description=\"\" data-image-caption=\"\" data-large-file=\"https:\/\/www.satokangas.fi\/blogi\/wp-content\/uploads\/2014\/01\/Kulttuuria-6.jpg\" class=\"aligncenter size-medium wp-image-19827\" alt=\"Kulttuuria-6\" src=\"https:\/\/www.satokangas.fi\/blogi\/wp-content\/uploads\/2014\/01\/Kulttuuria-6-600x176.jpg\" width=\"600\" height=\"176\" srcset=\"https:\/\/www.satokangas.fi\/blogi\/wp-content\/uploads\/2014\/01\/Kulttuuria-6-600x176.jpg 600w, https:\/\/www.satokangas.fi\/blogi\/wp-content\/uploads\/2014\/01\/Kulttuuria-6-300x88.jpg 300w, https:\/\/www.satokangas.fi\/blogi\/wp-content\/uploads\/2014\/01\/Kulttuuria-6.jpg 975w\" sizes=\"auto, (max-width: 600px) 100vw, 600px\" \/><\/a><\/p>\n<p style=\"text-align: justify;\">Jo pelk\u00e4st\u00e4\u00e4n signeerausten tarkastelu oli mielenkiintoista: 1960-luvulla, uransa alussa, S\u00e4rest\u00f6niemi joko ei signeerannut taulujaan ollenkaan tai sitten tuhrusti nimens\u00e4, hyvin pienell\u00e4, teoksen yl\u00e4reunaan, mutta 1970-luvun voimansa tunnossa ei j\u00e4tt\u00e4nyt arvailujen varaan, kuka ty\u00f6n oli tehnyt: suoraan tuubista nimi, ja isolla!, taulun alareunaan. My\u00f6s porofiguurit &#8221;tuubitekniikalla&#8221; ovat h\u00e4nelle ominaisia.<\/p>\n<p style=\"text-align: center;\"><a href=\"https:\/\/www.satokangas.fi\/blogi\/wp-content\/uploads\/2014\/01\/Kulttuuria-5.jpg\"><img loading=\"lazy\" decoding=\"async\" class=\"aligncenter\" alt=\"Kulttuuria-5\" src=\"https:\/\/www.satokangas.fi\/blogi\/wp-content\/uploads\/2014\/01\/Kulttuuria-5-600x337.jpg\" width=\"600\" height=\"337\" \/><\/a><\/p>\n<p style=\"text-align: justify;\">Alla oleva &#8221;Kalmisto J\u00e4\u00e4meren rannalla&#8221; oli minulle t\u00e4ysin uutta &#8230; Eik\u00e4 ep\u00e4ilyst\u00e4k\u00e4\u00e4n, ett\u00e4 olin heti Pykeijassa (<a href=\"http:\/\/satokangas.kuvat.fi\/kuvat\/J%C3%A4%C3%A4meren+kierros+2011\/\">kuvat<\/a>).<\/p>\n<p style=\"text-align: center;\"><a href=\"https:\/\/www.satokangas.fi\/blogi\/wp-content\/uploads\/2014\/01\/Kulttuuria-2-3.jpg\"><img loading=\"lazy\" decoding=\"async\" data-attachment-id=\"19825\" data-permalink=\"https:\/\/www.satokangas.fi\/blogi\/2014\/01\/kulttuuria-kulttuuria\/kulttuuria-2-3\/\" data-orig-file=\"https:\/\/www.satokangas.fi\/blogi\/wp-content\/uploads\/2014\/01\/Kulttuuria-2-3.jpg\" data-orig-size=\"975,1028\" data-comments-opened=\"1\" data-image-meta=\"{&quot;aperture&quot;:&quot;2.2&quot;,&quot;credit&quot;:&quot;Reija Satokangas&quot;,&quot;camera&quot;:&quot;Lumia 1020&quot;,&quot;caption&quot;:&quot;&quot;,&quot;created_timestamp&quot;:&quot;1388836488&quot;,&quot;copyright&quot;:&quot;&quot;,&quot;focal_length&quot;:&quot;0&quot;,&quot;iso&quot;:&quot;160&quot;,&quot;shutter_speed&quot;:&quot;0.0222222222222&quot;,&quot;title&quot;:&quot;&quot;}\" data-image-title=\"Kulttuuria-2-3\" data-image-description=\"\" data-image-caption=\"\" data-large-file=\"https:\/\/www.satokangas.fi\/blogi\/wp-content\/uploads\/2014\/01\/Kulttuuria-2-3-971x1024.jpg\" class=\" wp-image-19825 aligncenter\" alt=\"Kulttuuria-2-3\" src=\"https:\/\/www.satokangas.fi\/blogi\/wp-content\/uploads\/2014\/01\/Kulttuuria-2-3-379x400.jpg\" width=\"379\" height=\"400\" srcset=\"https:\/\/www.satokangas.fi\/blogi\/wp-content\/uploads\/2014\/01\/Kulttuuria-2-3-379x400.jpg 379w, https:\/\/www.satokangas.fi\/blogi\/wp-content\/uploads\/2014\/01\/Kulttuuria-2-3-284x300.jpg 284w, https:\/\/www.satokangas.fi\/blogi\/wp-content\/uploads\/2014\/01\/Kulttuuria-2-3-971x1024.jpg 971w, https:\/\/www.satokangas.fi\/blogi\/wp-content\/uploads\/2014\/01\/Kulttuuria-2-3.jpg 975w\" sizes=\"auto, (max-width: 379px) 100vw, 379px\" \/><\/a><\/p>\n<p>Melkein veti hiljaiseksi tuo n\u00e4yttely.\u00a0Mutta ei auttanut, \u00a0&#8211; kulttuurip\u00e4iv\u00e4 jatkui: seuraavaksi kohti (Pohjois-Pohjanmaan) museota. Ajattelin, ett\u00e4 ensi viikolla alkavaa luentoa varten k\u00e4yn oppimassa ja katsomassa yhden n\u00e4yttelyn, mutta se olikin jo ohi. Siisp\u00e4 tutustuimme Afrikan t\u00e4hti -pelin historiaan. T\u00e4m\u00e4kinh\u00e4n on kovin henkil\u00f6kohtainen ja <a title=\"Meneeh\u00e4n se maanantai n\u00e4inkin\" href=\"https:\/\/www.satokangas.fi\/blogi\/2013\/12\/meneehan-se-maanantai-nainkin\/\">ajankohtainen aihe meille<\/a>&#8230;<\/p>\n<p style=\"text-align: center;\"><a href=\"https:\/\/www.satokangas.fi\/blogi\/wp-content\/uploads\/2014\/01\/Kulttuuria-7.jpg\"><img loading=\"lazy\" decoding=\"async\" class=\"aligncenter\" alt=\"Kulttuuria-7\" src=\"https:\/\/www.satokangas.fi\/blogi\/wp-content\/uploads\/2014\/01\/Kulttuuria-7-225x400.jpg\" width=\"225\" height=\"400\" \/><\/a><\/p>\n<p style=\"text-align: center;\"><a href=\"https:\/\/www.satokangas.fi\/blogi\/wp-content\/uploads\/2014\/01\/Kulttuuria-3-3.jpg\"><img loading=\"lazy\" decoding=\"async\" alt=\"Kulttuuria-3-3\" src=\"https:\/\/www.satokangas.fi\/blogi\/wp-content\/uploads\/2014\/01\/Kulttuuria-3-3-225x400.jpg\" width=\"225\" height=\"400\" \/><\/a><\/p>\n<p style=\"text-align: justify;\">Kaikenlaista uutta opittiin n\u00e4yttelyss\u00e4. Tied\u00e4ttek\u00f6, kuinka kauan kesti suomalaisilla l\u00e4hetyssaarnaajilla matka Helsingist\u00e4 Ambomaalle (Namibiaan) 1800-luvun lopussa? Kesti kaksi vuotta! Mit\u00e4 min\u00e4 turhaan urputan, ett\u00e4 matka lapsen luo Meksikoon vie puolitoista vuorokautta?<\/p>\n<p style=\"text-align: justify;\">No opittiin paljon my\u00f6s siirtomaapolitiikasta, valkoisen miehen vallasta ja taakasta, ennakkoluuloista ja suomalaisten Afrikka-tiet\u00e4myksest\u00e4.<\/p>\n<p style=\"text-align: center;\"><a href=\"https:\/\/www.satokangas.fi\/blogi\/wp-content\/uploads\/2014\/01\/Kulttuuria-9.jpg\"><img loading=\"lazy\" decoding=\"async\" data-attachment-id=\"19833\" data-permalink=\"https:\/\/www.satokangas.fi\/blogi\/2014\/01\/kulttuuria-kulttuuria\/kulttuuria-9\/\" data-orig-file=\"https:\/\/www.satokangas.fi\/blogi\/wp-content\/uploads\/2014\/01\/Kulttuuria-9.jpg\" data-orig-size=\"975,1148\" data-comments-opened=\"1\" data-image-meta=\"{&quot;aperture&quot;:&quot;2.2&quot;,&quot;credit&quot;:&quot;Reija Satokangas&quot;,&quot;camera&quot;:&quot;Lumia 1020&quot;,&quot;caption&quot;:&quot;&quot;,&quot;created_timestamp&quot;:&quot;1388838481&quot;,&quot;copyright&quot;:&quot;&quot;,&quot;focal_length&quot;:&quot;0&quot;,&quot;iso&quot;:&quot;400&quot;,&quot;shutter_speed&quot;:&quot;0.025&quot;,&quot;title&quot;:&quot;&quot;}\" data-image-title=\"Kulttuuria-9\" data-image-description=\"\" data-image-caption=\"\" data-large-file=\"https:\/\/www.satokangas.fi\/blogi\/wp-content\/uploads\/2014\/01\/Kulttuuria-9-869x1024.jpg\" class=\" wp-image-19833 aligncenter\" alt=\"Kulttuuria-9\" src=\"https:\/\/www.satokangas.fi\/blogi\/wp-content\/uploads\/2014\/01\/Kulttuuria-9-339x400.jpg\" width=\"339\" height=\"400\" srcset=\"https:\/\/www.satokangas.fi\/blogi\/wp-content\/uploads\/2014\/01\/Kulttuuria-9-339x400.jpg 339w, https:\/\/www.satokangas.fi\/blogi\/wp-content\/uploads\/2014\/01\/Kulttuuria-9-254x300.jpg 254w, https:\/\/www.satokangas.fi\/blogi\/wp-content\/uploads\/2014\/01\/Kulttuuria-9-869x1024.jpg 869w, https:\/\/www.satokangas.fi\/blogi\/wp-content\/uploads\/2014\/01\/Kulttuuria-9.jpg 975w\" sizes=\"auto, (max-width: 339px) 100vw, 339px\" \/><\/a><\/p>\n<p style=\"text-align: center;\">Ja n\u00e4yttelyn j\u00e4lkeen t\u00e4t\u00e4 peli\u00e4 pelaa ihan uusilla tiedoilla, ihan uudesta n\u00e4k\u00f6kulmasta &#8230; \ud83d\ude42<\/p>\n<p style=\"text-align: center;\"><a href=\"https:\/\/www.satokangas.fi\/blogi\/wp-content\/uploads\/2014\/01\/Kulttuuria-4-2.jpg\"><img loading=\"lazy\" decoding=\"async\" alt=\"Kulttuuria-4-2\" src=\"https:\/\/www.satokangas.fi\/blogi\/wp-content\/uploads\/2014\/01\/Kulttuuria-4-2-600x400.jpg\" width=\"600\" height=\"400\" \/><\/a><\/p>\n<p style=\"text-align: center;\"><a href=\"https:\/\/www.satokangas.fi\/blogi\/wp-content\/uploads\/2014\/01\/Kulttuuria-8.jpg\"><img loading=\"lazy\" decoding=\"async\" data-attachment-id=\"19832\" data-permalink=\"https:\/\/www.satokangas.fi\/blogi\/2014\/01\/kulttuuria-kulttuuria\/kulttuuria-8\/\" data-orig-file=\"https:\/\/www.satokangas.fi\/blogi\/wp-content\/uploads\/2014\/01\/Kulttuuria-8.jpg\" data-orig-size=\"975,717\" data-comments-opened=\"1\" data-image-meta=\"{&quot;aperture&quot;:&quot;2.2&quot;,&quot;credit&quot;:&quot;Reija Satokangas&quot;,&quot;camera&quot;:&quot;Lumia 1020&quot;,&quot;caption&quot;:&quot;&quot;,&quot;created_timestamp&quot;:&quot;1388838241&quot;,&quot;copyright&quot;:&quot;&quot;,&quot;focal_length&quot;:&quot;0&quot;,&quot;iso&quot;:&quot;400&quot;,&quot;shutter_speed&quot;:&quot;0.04&quot;,&quot;title&quot;:&quot;&quot;}\" data-image-title=\"Kulttuuria-8\" data-image-description=\"\" data-image-caption=\"\" data-large-file=\"https:\/\/www.satokangas.fi\/blogi\/wp-content\/uploads\/2014\/01\/Kulttuuria-8.jpg\" class=\"size-medium wp-image-19832 aligncenter\" alt=\"Kulttuuria-8\" src=\"https:\/\/www.satokangas.fi\/blogi\/wp-content\/uploads\/2014\/01\/Kulttuuria-8-543x400.jpg\" width=\"543\" height=\"400\" srcset=\"https:\/\/www.satokangas.fi\/blogi\/wp-content\/uploads\/2014\/01\/Kulttuuria-8-543x400.jpg 543w, https:\/\/www.satokangas.fi\/blogi\/wp-content\/uploads\/2014\/01\/Kulttuuria-8-300x220.jpg 300w, https:\/\/www.satokangas.fi\/blogi\/wp-content\/uploads\/2014\/01\/Kulttuuria-8.jpg 975w\" sizes=\"auto, (max-width: 543px) 100vw, 543px\" \/><\/a><\/p>\n<p>Museon j\u00e4lkeen ruokakulttuurin vuoro. Viskaalista k\u00e4ytiin hakemassa iso kimpale huomista uunipataa varten. V\u00e4h\u00e4n muutakin. Ja sitten viel\u00e4 t\u00e4ydennysostoksille Stockan Herkkuun. Akateemisessakin piipahdettava, v\u00e4h\u00e4n kuin kirjallista kulttuuria ja ty\u00f6asioita v\u00e4liss\u00e4.<\/p>\n<p>Sitten aika mietti\u00e4 sy\u00f6mist\u00e4. Pehtoorihan on jo Gastro26 -ravintolan testannut. Testannut ilokseen <a href=\"https:\/\/www.satokangas.fi\/blogi\/2013\/12\/arjessa-jo-juhlaa-suunnitellen\/\">ilman valokuvaavaa vaimoaan<\/a>, mutta t\u00e4n\u00e4\u00e4n olimme siis kaksin. Ja min\u00e4 kuvasin. Tietysti! \ud83d\ude00<\/p>\n<p>Lyhyt arvioni: paikka kolsu, viinilasillinen tuplasti korkkivikaista, palvelu siit\u00e4 huolimatta yst\u00e4v\u00e4llist\u00e4, maa-artisokkakeitto ihan tavattoman hyv\u00e4\u00e4, samettista, raikasta, t\u00e4ytel\u00e4ist\u00e4, kerrassaan ihanaa. Karitsan niska (retro)valkosipuli-perunoineen ja juurespyreineen mehev\u00e4\u00e4, muhevaa, ja j\u00e4lkiruoka (suklaa-brownie), jota tosin maistoin vain pehtoorin lautaselta, oli hyv\u00e4\u00e4. Ei maailmojakaatavaa, mutta hyv\u00e4\u00e4.<\/p>\n<p style=\"text-align: center;\"><a href=\"https:\/\/www.satokangas.fi\/blogi\/wp-content\/uploads\/2014\/01\/Kulttuuria-10.jpg\"><img loading=\"lazy\" decoding=\"async\" class=\"aligncenter\" style=\"border: 5px solid black;\" alt=\"Kulttuuria-10\" src=\"https:\/\/www.satokangas.fi\/blogi\/wp-content\/uploads\/2014\/01\/Kulttuuria-10-524x400.jpg\" width=\"524\" height=\"400\" \/><\/a><\/p>\n<p style=\"text-align: center;\"><a href=\"https:\/\/www.satokangas.fi\/blogi\/wp-content\/uploads\/2014\/01\/Kulttuuria-2-5.jpg\"><img loading=\"lazy\" decoding=\"async\" data-attachment-id=\"19834\" data-permalink=\"https:\/\/www.satokangas.fi\/blogi\/2014\/01\/kulttuuria-kulttuuria\/kulttuuria-2-5\/\" data-orig-file=\"https:\/\/www.satokangas.fi\/blogi\/wp-content\/uploads\/2014\/01\/Kulttuuria-2-5.jpg\" data-orig-size=\"975,648\" data-comments-opened=\"1\" data-image-meta=\"{&quot;aperture&quot;:&quot;2.2&quot;,&quot;credit&quot;:&quot;Reija Satokangas&quot;,&quot;camera&quot;:&quot;Lumia 1020&quot;,&quot;caption&quot;:&quot;&quot;,&quot;created_timestamp&quot;:&quot;1388846301&quot;,&quot;copyright&quot;:&quot;&quot;,&quot;focal_length&quot;:&quot;0&quot;,&quot;iso&quot;:&quot;800&quot;,&quot;shutter_speed&quot;:&quot;0.1&quot;,&quot;title&quot;:&quot;&quot;}\" data-image-title=\"Kulttuuria-2-5\" data-image-description=\"\" data-image-caption=\"\" data-large-file=\"https:\/\/www.satokangas.fi\/blogi\/wp-content\/uploads\/2014\/01\/Kulttuuria-2-5.jpg\" class=\"aligncenter  wp-image-19834\" style=\"border: 5px solid black;\" alt=\"Kulttuuria-2-5\" src=\"https:\/\/www.satokangas.fi\/blogi\/wp-content\/uploads\/2014\/01\/Kulttuuria-2-5-600x398.jpg\" width=\"600\" height=\"398\" srcset=\"https:\/\/www.satokangas.fi\/blogi\/wp-content\/uploads\/2014\/01\/Kulttuuria-2-5-600x398.jpg 600w, https:\/\/www.satokangas.fi\/blogi\/wp-content\/uploads\/2014\/01\/Kulttuuria-2-5-300x199.jpg 300w, https:\/\/www.satokangas.fi\/blogi\/wp-content\/uploads\/2014\/01\/Kulttuuria-2-5.jpg 975w\" sizes=\"auto, (max-width: 600px) 100vw, 600px\" \/><\/a><\/p>\n<p style=\"text-align: center;\"><a href=\"https:\/\/www.satokangas.fi\/blogi\/wp-content\/uploads\/2014\/01\/Kulttuuria-3-4.jpg\"><img loading=\"lazy\" decoding=\"async\" data-attachment-id=\"19835\" data-permalink=\"https:\/\/www.satokangas.fi\/blogi\/2014\/01\/kulttuuria-kulttuuria\/kulttuuria-3-4\/\" data-orig-file=\"https:\/\/www.satokangas.fi\/blogi\/wp-content\/uploads\/2014\/01\/Kulttuuria-3-4.jpg\" data-orig-size=\"975,550\" data-comments-opened=\"1\" data-image-meta=\"{&quot;aperture&quot;:&quot;2.2&quot;,&quot;credit&quot;:&quot;Reija Satokangas&quot;,&quot;camera&quot;:&quot;Lumia 1020&quot;,&quot;caption&quot;:&quot;&quot;,&quot;created_timestamp&quot;:&quot;1388847337&quot;,&quot;copyright&quot;:&quot;&quot;,&quot;focal_length&quot;:&quot;0&quot;,&quot;iso&quot;:&quot;800&quot;,&quot;shutter_speed&quot;:&quot;0.0714285714286&quot;,&quot;title&quot;:&quot;&quot;}\" data-image-title=\"Kulttuuria-3-4\" data-image-description=\"\" data-image-caption=\"\" data-large-file=\"https:\/\/www.satokangas.fi\/blogi\/wp-content\/uploads\/2014\/01\/Kulttuuria-3-4.jpg\" class=\"aligncenter  wp-image-19835\" style=\"border: 5px solid black;\" alt=\"Kulttuuria-3-4\" src=\"https:\/\/www.satokangas.fi\/blogi\/wp-content\/uploads\/2014\/01\/Kulttuuria-3-4-600x338.jpg\" width=\"600\" height=\"338\" srcset=\"https:\/\/www.satokangas.fi\/blogi\/wp-content\/uploads\/2014\/01\/Kulttuuria-3-4-600x338.jpg 600w, https:\/\/www.satokangas.fi\/blogi\/wp-content\/uploads\/2014\/01\/Kulttuuria-3-4-300x169.jpg 300w, https:\/\/www.satokangas.fi\/blogi\/wp-content\/uploads\/2014\/01\/Kulttuuria-3-4.jpg 975w\" sizes=\"auto, (max-width: 600px) 100vw, 600px\" \/><\/a><\/p>\n<p>Lauantai jatkukoon kulttuurin merkeiss\u00e4: historiaa ja kirjallisuutta seuraavaksi vuorossa. \ud83d\ude42<\/p>\n","protected":false},"excerpt":{"rendered":"<p>Liikuntakulttuuria, kuvataidetta, historiaa, ruokakulttuuria &#8211; &#8211; &#8211; Olisi pit\u00e4nyt l\u00e4hte\u00e4 harjoittamaan liikuntakulttuuria aiemmin kuin tein. Olisi ollut kunnolla pime\u00e4\u00e4, eik\u00e4 olisi n\u00e4kynyt kuinka ankean n\u00e4k\u00f6ist\u00e4 on. Tahtoo v\u00e4h\u00e4n lis\u00e4\u00e4 lunta, ja v\u00e4h\u00e4n lis\u00e4\u00e4 pakkasta. Noh, periaatteessa kuitenkin hyv\u00e4 ulkoilla. Toisin kuin juuri koskaan tammikuussa menin Meri-Toppilan rantaan. Yleens\u00e4 sinne on t\u00e4h\u00e4n aikaan vuodesta vaikea menn\u00e4, sill\u00e4 talvikunnossapitoa ei ole. Nyt &hellip; <\/p>\n","protected":false},"author":1,"featured_media":0,"comment_status":"open","ping_status":"open","sticky":false,"template":"","format":"standard","meta":{"jetpack_post_was_ever_published":false,"_jetpack_newsletter_access":"","_jetpack_dont_email_post_to_subs":false,"_jetpack_newsletter_tier_id":0,"_jetpack_memberships_contains_paywalled_content":false,"_jetpack_memberships_contains_paid_content":false,"footnotes":"","jetpack_publicize_message":"","jetpack_publicize_feature_enabled":true,"jetpack_social_post_already_shared":true,"jetpack_social_options":{"image_generator_settings":{"template":"highway","default_image_id":0,"font":"","enabled":false},"version":2}},"categories":[13,1,55,17],"tags":[],"class_list":["post-19818","post","type-post","status-publish","format-standard","hentry","category-historiaa","category-aiheeton","category-oulu","category-ruoka_ja_viini","latest_post"],"jetpack_publicize_connections":[],"jetpack_featured_media_url":"","jetpack_shortlink":"https:\/\/wp.me\/pr4p4-59E","jetpack_sharing_enabled":true,"jetpack_likes_enabled":false,"jetpack-related-posts":[{"id":13887,"url":"https:\/\/www.satokangas.fi\/blogi\/2012\/04\/lankalauantaina-lapissa\/","url_meta":{"origin":19818,"position":0},"title":"Lankalauantaina Lapissa","author":"Reija","date":"7.4.2012","format":false,"excerpt":"Kyll\u00e4 t\u00e4\u00e4ll\u00e4 aletaan olla p\u00e4\u00e4si\u00e4isfiiliksiss\u00e4. P\u00e4\u00e4si\u00e4sfiilist\u00e4 on, mit\u00e4 nyt meill\u00e4 vanhuksilla v\u00e4h\u00e4n vaivat vaivaa. Pehtoorin lonkkanivelen limapussintulehdus ja meitsin helmikuussa puhjennut, silloin kivuliaskin, diagnostisoitu ja l\u00e4\u00e4kitty gastriitti ja (ehk\u00e4, sanoi l\u00e4\u00e4k\u00e4ri) alkava mahahaava oireilevat, mutta t\u00e4mm\u00f6ist\u00e4h\u00e4n se voi olla, eik\u00e4 maailma n\u00e4ist\u00e4 krempoista kaadu. Kun siippa ei voi hiiht\u00e4\u00e4, eik\u00e4\u2026","rel":"","context":"Kategoriassa &quot;Lappi&quot;","block_context":{"text":"Lappi","link":"https:\/\/www.satokangas.fi\/blogi\/category\/lappi\/"},"img":{"alt_text":"","src":"https:\/\/i0.wp.com\/www.satokangas.fi\/blogi\/wp-content\/uploads\/p%C3%A4%C3%A4si%C3%A4sipupu1-600x400.jpg?resize=350%2C200&ssl=1","width":350,"height":200,"srcset":"https:\/\/i0.wp.com\/www.satokangas.fi\/blogi\/wp-content\/uploads\/p%C3%A4%C3%A4si%C3%A4sipupu1-600x400.jpg?resize=350%2C200&ssl=1 1x, https:\/\/i0.wp.com\/www.satokangas.fi\/blogi\/wp-content\/uploads\/p%C3%A4%C3%A4si%C3%A4sipupu1-600x400.jpg?resize=525%2C300&ssl=1 1.5x"},"classes":[]},{"id":377,"url":"https:\/\/www.satokangas.fi\/blogi\/2008\/03\/etelassa\/","url_meta":{"origin":19818,"position":1},"title":"Etel\u00e4ss\u00e4","author":"Reija","date":"22.3.2008","format":false,"excerpt":"Torstain saldo: paljon k\u00e4vely\u00e4 melkein autiossa Helsingiss\u00e4. VilliSilkin valikoima mahdollisti kankaiden oston kev\u00e4\u00e4n ja kes\u00e4n juhlakampetta varten. Astioiden ja espressokeittimien per\u00e4ss\u00e4 kuljettiin. Ei yht\u00e4\u00e4n museota eik\u00e4 arkistoa. Ja illaksi oli varaus Postresiin. Ei t\u00e4m\u00e4 niin huono reissu olekaan! Harvoin, hyvin harvoin on sy\u00f6ty niin hyvin. Ja niin kauan kun min\u00e4\u2026","rel":"","context":"Kategoriassa &quot;Niit\u00e4 n\u00e4it\u00e4&quot;","block_context":{"text":"Niit\u00e4 n\u00e4it\u00e4","link":"https:\/\/www.satokangas.fi\/blogi\/category\/aiheeton\/"},"img":{"alt_text":"","src":"","width":0,"height":0},"classes":[]},{"id":40983,"url":"https:\/\/www.satokangas.fi\/blogi\/2021\/06\/kotikaupungissa-turistina\/","url_meta":{"origin":19818,"position":2},"title":"Kotikaupungissa turistina","author":"Reija","date":"12.6.2021","format":false,"excerpt":"\"Odensen tuuli\" (liittyy meid\u00e4n nuoruuden telttaretkeilyyn) t\u00e4n\u00e4\u00e4n. Ihan kuin oltaisiin oltu jossain etel\u00e4mp\u00e4n\u00e4, jossain ulkomailla. Ja v\u00e4h\u00e4n sellainen fiiliskin on ollut. Tekemiset kuin matkoilla: kulttuurin \u00e4\u00e4rell\u00e4, linnan raunioilla, kahvilassa, meren rannassa, piazzalla hyvin sy\u00f6den. K\u00e4vimme pienten kanssa aamulla kirjastossa, sitten T\u00e4htitornin kahvilaan j\u00e4tskille ja Oulun linnan kellariin. Eka kertaa siell\u00e4\u2026","rel":"","context":"Kategoriassa &quot;Niit\u00e4 n\u00e4it\u00e4&quot;","block_context":{"text":"Niit\u00e4 n\u00e4it\u00e4","link":"https:\/\/www.satokangas.fi\/blogi\/category\/aiheeton\/"},"img":{"alt_text":"","src":"","width":0,"height":0},"classes":[]},{"id":45812,"url":"https:\/\/www.satokangas.fi\/blogi\/2023\/05\/top-10-splitin-lomalla\/","url_meta":{"origin":19818,"position":3},"title":"Top 10 Splitin lomalla","author":"Reija","date":"28.5.2023","format":false,"excerpt":"Koti tuntuu isolta, kaikki hyvin siistilt\u00e4, piha vihre\u00e4lt\u00e4, s\u00e4\u00e4 hyyt\u00e4v\u00e4n kylm\u00e4lt\u00e4, valo paljolta, lapsenlapsi syliss\u00e4 rakkaalta, kaikinpuolinen liikkumattomuus oudolta. Kotiuduimme eilen kymmenen j\u00e4lkeen, - nyt p\u00e4\u00e4llimm\u00e4isen\u00e4 tunne, ett\u00e4 olipa helppo, aurinkoinen, liikkuva, l\u00e4mmin, monenlaista tarjonnut, huoleton, herkullinen, paljon kulkemisen viikko. Kuvasatoa olen alkanut hiljalleen purkaa, pyykit jo pesty, ensiapu puutarhalle\u2026","rel":"","context":"Kategoriassa &quot;Kroatia 2023&quot;","block_context":{"text":"Kroatia 2023","link":"https:\/\/www.satokangas.fi\/blogi\/category\/reissut\/kroatia-2023\/"},"img":{"alt_text":"","src":"https:\/\/i0.wp.com\/www.satokangas.fi\/blogi\/wp-content\/uploads\/2023\/05\/10-10.jpg?resize=350%2C200&ssl=1","width":350,"height":200,"srcset":"https:\/\/i0.wp.com\/www.satokangas.fi\/blogi\/wp-content\/uploads\/2023\/05\/10-10.jpg?resize=350%2C200&ssl=1 1x, https:\/\/i0.wp.com\/www.satokangas.fi\/blogi\/wp-content\/uploads\/2023\/05\/10-10.jpg?resize=525%2C300&ssl=1 1.5x, https:\/\/i0.wp.com\/www.satokangas.fi\/blogi\/wp-content\/uploads\/2023\/05\/10-10.jpg?resize=700%2C400&ssl=1 2x, https:\/\/i0.wp.com\/www.satokangas.fi\/blogi\/wp-content\/uploads\/2023\/05\/10-10.jpg?resize=1050%2C600&ssl=1 3x"},"classes":[]},{"id":43507,"url":"https:\/\/www.satokangas.fi\/blogi\/2022\/08\/kihu\/","url_meta":{"origin":19818,"position":4},"title":"Kihu?","author":"Reija","date":"10.8.2022","format":false,"excerpt":"J\u00e4\u00e4merelt\u00e4 tunturipuron rannalle. Olemme palanneet Norjan retkelt\u00e4. Parin p\u00e4iv\u00e4n lintu-, luonto-, kulttuuri-, yhdess\u00e4 retkeily- ja ruokailup\u00e4iv\u00e4t on koettu, nautittu, eletty - ja uutta opittu. Pehtoori kiteytti\u00a0Ekker\u00f8yn\u00a0lintuvuorella oppimansa: \"Kihu on paskanjauhaja!\" - Vankka lintutieteeellinen lausunto perustuu t\u00e4n\u00e4\u00e4n saatuun opetukseen ja omakohtaiseen havainnointiin. :) Olipa hieno p\u00e4iv\u00e4, hieno kokemus, retkeilyn iloa, uuden\u2026","rel":"","context":"Kategoriassa &quot;Niit\u00e4 n\u00e4it\u00e4&quot;","block_context":{"text":"Niit\u00e4 n\u00e4it\u00e4","link":"https:\/\/www.satokangas.fi\/blogi\/category\/aiheeton\/"},"img":{"alt_text":"","src":"https:\/\/i0.wp.com\/www.satokangas.fi\/blogi\/wp-content\/uploads\/2022\/08\/1-19.jpg?resize=350%2C200&ssl=1","width":350,"height":200,"srcset":"https:\/\/i0.wp.com\/www.satokangas.fi\/blogi\/wp-content\/uploads\/2022\/08\/1-19.jpg?resize=350%2C200&ssl=1 1x, https:\/\/i0.wp.com\/www.satokangas.fi\/blogi\/wp-content\/uploads\/2022\/08\/1-19.jpg?resize=525%2C300&ssl=1 1.5x, https:\/\/i0.wp.com\/www.satokangas.fi\/blogi\/wp-content\/uploads\/2022\/08\/1-19.jpg?resize=700%2C400&ssl=1 2x"},"classes":[]},{"id":2120,"url":"https:\/\/www.satokangas.fi\/blogi\/2009\/01\/kulttuuria-monella-tasolla\/","url_meta":{"origin":19818,"position":5},"title":"Kulttuuria monella tasolla","author":"Reija","date":"17.1.2009","format":false,"excerpt":"Viel\u00e4kin soi valssi ... Olemme olleet teatterissa katsomassa Keisarin valssia. Olihan Aleksanteri ensimm\u00e4isell\u00e4 komea \u00e4\u00e4ni ja raami. \u00a0Loisteliasta pukuteatteria ja musiikkia.\u00a0 Kolme tuntia viihdett\u00e4 isolla V:ll\u00e4. Historian tuotteistamista parhaimmillaan. Murmeli ja me. Kolmistaan. Ja teatterihan vaatii ruokaa ennen tai j\u00e4lkeen. Me olimme p\u00e4iv\u00e4n\u00e4yt\u00f6ksen j\u00e4lkeen Matalassa. Viiden ruokalajin yll\u00e4tysmenussa oli kaksi\u2026","rel":"","context":"Kategoriassa &quot;Niit\u00e4 n\u00e4it\u00e4&quot;","block_context":{"text":"Niit\u00e4 n\u00e4it\u00e4","link":"https:\/\/www.satokangas.fi\/blogi\/category\/aiheeton\/"},"img":{"alt_text":"","src":"","width":0,"height":0},"classes":[]}],"_links":{"self":[{"href":"https:\/\/www.satokangas.fi\/blogi\/wp-json\/wp\/v2\/posts\/19818","targetHints":{"allow":["GET"]}}],"collection":[{"href":"https:\/\/www.satokangas.fi\/blogi\/wp-json\/wp\/v2\/posts"}],"about":[{"href":"https:\/\/www.satokangas.fi\/blogi\/wp-json\/wp\/v2\/types\/post"}],"author":[{"embeddable":true,"href":"https:\/\/www.satokangas.fi\/blogi\/wp-json\/wp\/v2\/users\/1"}],"replies":[{"embeddable":true,"href":"https:\/\/www.satokangas.fi\/blogi\/wp-json\/wp\/v2\/comments?post=19818"}],"version-history":[{"count":0,"href":"https:\/\/www.satokangas.fi\/blogi\/wp-json\/wp\/v2\/posts\/19818\/revisions"}],"wp:attachment":[{"href":"https:\/\/www.satokangas.fi\/blogi\/wp-json\/wp\/v2\/media?parent=19818"}],"wp:term":[{"taxonomy":"category","embeddable":true,"href":"https:\/\/www.satokangas.fi\/blogi\/wp-json\/wp\/v2\/categories?post=19818"},{"taxonomy":"post_tag","embeddable":true,"href":"https:\/\/www.satokangas.fi\/blogi\/wp-json\/wp\/v2\/tags?post=19818"}],"curies":[{"name":"wp","href":"https:\/\/api.w.org\/{rel}","templated":true}]}}