{"id":19811,"date":"2014-01-03T19:33:21","date_gmt":"2014-01-03T17:33:21","guid":{"rendered":"https:\/\/www.satokangas.fi\/blogi\/?p=19811"},"modified":"2014-01-04T08:42:23","modified_gmt":"2014-01-04T06:42:23","slug":"pois-pois-postin-tielta","status":"publish","type":"post","link":"https:\/\/www.satokangas.fi\/blogi\/2014\/01\/pois-pois-postin-tielta\/","title":{"rendered":"&#8221;Pois pois postin tielt\u00e4,"},"content":{"rendered":"<p>&#8230; posti se kulkee keskell\u00e4 tiet\u00e4.&#8221; &#8211;\u00a0Tai sitten ei kulje.<\/p>\n<p>Tuntuu ett\u00e4 viime aikoina on ollut enemm\u00e4n kulkematta kuin kulkenut.<\/p>\n<p>L\u00e4hetin tytt\u00e4relle Meksikoon kuplakuoren ennen marraskuun puoltav\u00e4li\u00e4; salmiakkiaskin, pokkarin, pienen adventtikalenterin, Aarikan tontun, muuta ihan pient\u00e4 ja paljon halauksia kuoreen. Viime viikolla t\u00e4m\u00e4 palautui. Meksikossa k\u00e4yneen\u00e4, koskaan tyt\u00e4rt\u00e4 tavoittamatta. Snif.<\/p>\n<p style=\"text-align: center;\"><a href=\"https:\/\/www.satokangas.fi\/blogi\/wp-content\/uploads\/2014\/01\/postia.jpg\"><img loading=\"lazy\" decoding=\"async\" class=\"aligncenter\" alt=\"postia\" src=\"https:\/\/www.satokangas.fi\/blogi\/wp-content\/uploads\/2014\/01\/postia-600x295.jpg\" width=\"600\" height=\"295\" \/><\/a><\/p>\n<p style=\"text-align: center;\"><a href=\"https:\/\/www.satokangas.fi\/blogi\/wp-content\/uploads\/2014\/01\/MG_8640.jpg\"><img loading=\"lazy\" decoding=\"async\" data-attachment-id=\"19812\" data-permalink=\"https:\/\/www.satokangas.fi\/blogi\/2014\/01\/pois-pois-postin-tielta\/_mg_8640\/\" data-orig-file=\"https:\/\/www.satokangas.fi\/blogi\/wp-content\/uploads\/2014\/01\/MG_8640.jpg\" data-orig-size=\"1623,905\" data-comments-opened=\"1\" data-image-meta=\"{&quot;aperture&quot;:&quot;4&quot;,&quot;credit&quot;:&quot;Reija Satokangas&quot;,&quot;camera&quot;:&quot;Canon EOS 5D Mark II&quot;,&quot;caption&quot;:&quot;&quot;,&quot;created_timestamp&quot;:&quot;1388773563&quot;,&quot;copyright&quot;:&quot;&quot;,&quot;focal_length&quot;:&quot;105&quot;,&quot;iso&quot;:&quot;640&quot;,&quot;shutter_speed&quot;:&quot;0.0166666666667&quot;,&quot;title&quot;:&quot;&quot;}\" data-image-title=\"_MG_8640\" data-image-description=\"\" data-image-caption=\"\" data-large-file=\"https:\/\/www.satokangas.fi\/blogi\/wp-content\/uploads\/2014\/01\/MG_8640-1600x892.jpg\" class=\"size-medium wp-image-19812 aligncenter\" alt=\"_MG_8640\" src=\"https:\/\/www.satokangas.fi\/blogi\/wp-content\/uploads\/2014\/01\/MG_8640-600x334.jpg\" width=\"600\" height=\"334\" srcset=\"https:\/\/www.satokangas.fi\/blogi\/wp-content\/uploads\/2014\/01\/MG_8640-600x334.jpg 600w, https:\/\/www.satokangas.fi\/blogi\/wp-content\/uploads\/2014\/01\/MG_8640-300x167.jpg 300w, https:\/\/www.satokangas.fi\/blogi\/wp-content\/uploads\/2014\/01\/MG_8640-1600x892.jpg 1600w, https:\/\/www.satokangas.fi\/blogi\/wp-content\/uploads\/2014\/01\/MG_8640.jpg 1623w\" sizes=\"auto, (max-width: 600px) 100vw, 600px\" \/><\/a><\/p>\n<p>Ja reilusti marraskuun puolella pidin kiirett\u00e4, ett\u00e4 saadaan <a href=\"https:\/\/www.satokangas.fi\/blogi\/?s=joulupaketti\">joulupaketti l\u00e4htem\u00e4\u00e4n<\/a>. Otin selv\u00e4\u00e4 postista, mit\u00e4 Meksikoon saa ja mit\u00e4 ei saa l\u00e4hett\u00e4\u00e4: postin sivuilla lukee, ett\u00e4 kielletyt l\u00e4hetykset ovat n\u00e4m\u00e4:<\/p>\n<blockquote><p>Raha, arvopaperit, matkashekit, platina, kulta ja hopea valmistettuna tai valmistamattomana, jalokivet, korut sek\u00e4 muut arvoesineet, arpajaismateriaali, kalenterit, mainosmateriaali, kuvapostikortit, suklaa, lihatuotteet, alkoholi, kosmetiikka.<\/p><\/blockquote>\n<p>Juuri kun olin ajatellut omista kuvista tehdyn kalenterin postitella, juuri kun olin ajatellut suomalaista suklaata, v\u00e4h\u00e4n kuivaporoa ja muutaman tytt\u00e4ren lempparikempparituotteen (mm. Guerlainin aurinkopuuterin) pakettiin hankkia. No ostettiin ja hankittiin sitten kaikkea muuta pient\u00e4, kevytt\u00e4, suomalaista, toivottavasti ilahduttavaa lapselle. Tein villasukat Meksikon kylmille lattioille &#8230;<\/p>\n<p>Pakattiin Muumi-laatikkoon (esikoinen kun on &#8221;v\u00e4h\u00e4n&#8221; muumifani) ja maksettiin kaikkinensa 50 euroa postikuluja, jotta lapsi saisi joulupaketin, \u00a0&#8211; jotta saisi meilt\u00e4 aineellisenkin viestin, saisi t\u00e4ll\u00e4kin tavoin viestin ik\u00e4v\u00e4st\u00e4 ja v\u00e4litt\u00e4misest\u00e4. Ja t\u00e4n\u00e4\u00e4n pehtoori haki sen Tuiran postista. Miksi minuun niin sattuu?!! Koskee.<\/p>\n<p style=\"text-align: center;\"><a href=\"https:\/\/www.satokangas.fi\/blogi\/wp-content\/uploads\/2014\/01\/postia-2.jpg\"><img loading=\"lazy\" decoding=\"async\" data-attachment-id=\"19814\" data-permalink=\"https:\/\/www.satokangas.fi\/blogi\/2014\/01\/pois-pois-postin-tielta\/postia-2-2\/\" data-orig-file=\"https:\/\/www.satokangas.fi\/blogi\/wp-content\/uploads\/2014\/01\/postia-2.jpg\" data-orig-size=\"975,527\" data-comments-opened=\"1\" data-image-meta=\"{&quot;aperture&quot;:&quot;4&quot;,&quot;credit&quot;:&quot;Reija Satokangas&quot;,&quot;camera&quot;:&quot;Canon EOS 5D Mark II&quot;,&quot;caption&quot;:&quot;&quot;,&quot;created_timestamp&quot;:&quot;1388773576&quot;,&quot;copyright&quot;:&quot;&quot;,&quot;focal_length&quot;:&quot;105&quot;,&quot;iso&quot;:&quot;640&quot;,&quot;shutter_speed&quot;:&quot;0.01&quot;,&quot;title&quot;:&quot;&quot;}\" data-image-title=\"postia-2\" data-image-description=\"\" data-image-caption=\"\" data-large-file=\"https:\/\/www.satokangas.fi\/blogi\/wp-content\/uploads\/2014\/01\/postia-2.jpg\" class=\"size-medium wp-image-19814 aligncenter\" alt=\"postia-2\" src=\"https:\/\/www.satokangas.fi\/blogi\/wp-content\/uploads\/2014\/01\/postia-2-600x324.jpg\" width=\"600\" height=\"324\" srcset=\"https:\/\/www.satokangas.fi\/blogi\/wp-content\/uploads\/2014\/01\/postia-2-600x324.jpg 600w, https:\/\/www.satokangas.fi\/blogi\/wp-content\/uploads\/2014\/01\/postia-2-300x162.jpg 300w, https:\/\/www.satokangas.fi\/blogi\/wp-content\/uploads\/2014\/01\/postia-2.jpg 975w\" sizes=\"auto, (max-width: 600px) 100vw, 600px\" \/><\/a><\/p>\n<p style=\"text-align: center;\"><a href=\"https:\/\/www.satokangas.fi\/blogi\/wp-content\/uploads\/2014\/01\/postia-3.jpg\"><img loading=\"lazy\" decoding=\"async\" data-attachment-id=\"19815\" data-permalink=\"https:\/\/www.satokangas.fi\/blogi\/2014\/01\/pois-pois-postin-tielta\/postia-3-2\/\" data-orig-file=\"https:\/\/www.satokangas.fi\/blogi\/wp-content\/uploads\/2014\/01\/postia-3.jpg\" data-orig-size=\"975,730\" data-comments-opened=\"1\" data-image-meta=\"{&quot;aperture&quot;:&quot;4&quot;,&quot;credit&quot;:&quot;Reija Satokangas&quot;,&quot;camera&quot;:&quot;Canon EOS 5D Mark II&quot;,&quot;caption&quot;:&quot;&quot;,&quot;created_timestamp&quot;:&quot;1388773623&quot;,&quot;copyright&quot;:&quot;&quot;,&quot;focal_length&quot;:&quot;82&quot;,&quot;iso&quot;:&quot;640&quot;,&quot;shutter_speed&quot;:&quot;0.02&quot;,&quot;title&quot;:&quot;&quot;}\" data-image-title=\"postia-3\" data-image-description=\"\" data-image-caption=\"\" data-large-file=\"https:\/\/www.satokangas.fi\/blogi\/wp-content\/uploads\/2014\/01\/postia-3.jpg\" class=\"size-medium wp-image-19815 aligncenter\" alt=\"postia-3\" src=\"https:\/\/www.satokangas.fi\/blogi\/wp-content\/uploads\/2014\/01\/postia-3-534x400.jpg\" width=\"534\" height=\"400\" srcset=\"https:\/\/www.satokangas.fi\/blogi\/wp-content\/uploads\/2014\/01\/postia-3-534x400.jpg 534w, https:\/\/www.satokangas.fi\/blogi\/wp-content\/uploads\/2014\/01\/postia-3-300x224.jpg 300w, https:\/\/www.satokangas.fi\/blogi\/wp-content\/uploads\/2014\/01\/postia-3.jpg 975w\" sizes=\"auto, (max-width: 534px) 100vw, 534px\" \/><\/a><\/p>\n<p>Ennen joulua kyseltiin tytt\u00e4relt\u00e4, miten siell\u00e4 muut eurooppalaiset ovat saaneet paketteja, ovatko tulleet perille? Ty\u00f6kaverinsa Greg oli kertonut, ett\u00e4 kolme kuukautta oli pisin aika, kun oli Keski-Euroopasta paketti kulkenut V\u00e4li-Amerikkaan, Monterreyhin, jotta ei niin tavatonta. Mutta nyt meill\u00e4 on siis t\u00e4\u00e4ll\u00e4 kotona muumijoululautasliinoja ja Aarikan tonttu. Meill\u00e4 on pienet villasukat ja muuta pient\u00e4 ja v\u00e4h\u00e4n isompaa, jonka oli tarkoitus ilahduttaa lapsen joulua Meksikossa.<\/p>\n<p>Eik\u00e4 se kulje posti toiseenkaan suuntaan! Tyt\u00e4r teki aika lailla t\u00f6it\u00e4, ett\u00e4 sai l\u00e4hetetyksi joulukortit Suomeen. Ainakin Mummuille, parhaille kavereille, en oikein tied\u00e4, kenelle kaikille, mutta kuitenkin &#8230; Postimerkkien ja kuorien hankkiminen kun ei Monterreyss\u00e4 ole mit\u00e4\u00e4n pikkujuttu (ks. <a href=\"https:\/\/www.satokangas.fi\/blogi\/2013\/05\/terveisia-meksikosta-vol-iv\/\">kev\u00e4\u00e4lt\u00e4 yritys<\/a>), joten n\u00e4ki vaivaa. Mutta ei ole kortteja n\u00e4kynyt. Eik\u00e4 ole tyt\u00e4rk\u00e4\u00e4n saanut niit\u00e4 kortteja, joita t\u00e4\u00e4lt\u00e4 aika monet l\u00e4hettiv\u00e4t. \ud83d\ude41<\/p>\n<p><span style=\"font-size: 14px; line-height: 1.5em;\">Eik\u00e4 t\u00e4m\u00e4 Oulu &#8211; Meksiko -postilinja ole ainoa postin kulkemattomuuden tai kulun ihmejuttu viime p\u00e4ivin\u00e4. Amerikan serkun joulukortti tuli New Yorkista nopsasti kolmessa viikossa. Kolmessa viikossa!<\/span><\/p>\n<p>Ja sitten toisenlainen ihmekertomus postinkulusta: t\u00e4n\u00e4\u00e4n minulle tuli vakuutusyhti\u00f6n &#8221;hyvin henkil\u00f6kohtainen&#8221; mainoskirje, johon oli merkitty osoite, jossa asuin viimeksi vuonna 1980! Kuten olen kertonut olen asunut l\u00e4hes koko ik\u00e4ni t\u00e4ss\u00e4 kilometrin s\u00e4teell\u00e4. Koskelantiell\u00e4 oli lapsuuteni ja sitten taas varhaisaikuisuuteni postiosoite, mutta viimeksi siis vuonna 1980.<\/p>\n<p>Kaiken muun lis\u00e4ksi vakuutusyhti\u00f6n kirjeess\u00e4, jossa oli siis v\u00e4\u00e4r\u00e4 osoite, oli my\u00f6s v\u00e4\u00e4r\u00e4 nimi. Siis tytt\u00f6nimeni. Ja sit\u00e4h\u00e4n min\u00e4 olen k\u00e4ytt\u00e4nyt viimeksi elokuussa 1983! Siis v\u00e4\u00e4r\u00e4 sukunimi ja v\u00e4\u00e4r\u00e4 osoite, mutta SILTI kirje tuli perille. Ja mik\u00e4 hauskinta: t\u00e4m\u00e4n kyseisen vakuutusyhti\u00f6n toimitusjohtaja, joka mainoskirjeen alareunassa hymyilee valloittavinta, poikamaisinta hymy\u00e4\u00e4n, on meid\u00e4n hyv\u00e4 yst\u00e4v\u00e4. \ud83d\ude00 H\u00e4n tuskin tiet\u00e4\u00e4 yhti\u00f6n postitusmenettelyist\u00e4, mutta voisikohan auttaa paketin saamisessa Meksikoon??<\/p>\n<p><span style=\"font-size: 14px; line-height: 1.5em;\">Sit\u00e4 min\u00e4 vain mietin, miten Oulun\/Tuiran posti tiesi tuoda kirjeen minulle? yli 30 vuotta tytt\u00f6nimest\u00e4 ja tuosta osoitteesta! Ja silti joku tiesi! Melkein pelottavaa.\u00a0<\/span><\/p>\n<p>PS. Jotain \u00e4\u00e4rimm\u00e4isen nostalgista sattui kohdalle kun hain aiheeseen kuvitusta&#8230; \ud83d\ude09 \u00a0<a href=\"http:\/\/www.youtube.com\/watch?v=uoSGjNFQWgE\">http:\/\/www.youtube.com\/watch?v=uoSGjNFQWgE<\/a>\u00a0 Noita me pehtoorin kanssa kuuntelimme opiskeluaikana Toivoniemess\u00e4.<\/p>\n<p>&nbsp;<\/p>\n","protected":false},"excerpt":{"rendered":"<p>&#8230; posti se kulkee keskell\u00e4 tiet\u00e4.&#8221; &#8211;\u00a0Tai sitten ei kulje. Tuntuu ett\u00e4 viime aikoina on ollut enemm\u00e4n kulkematta kuin kulkenut. L\u00e4hetin tytt\u00e4relle Meksikoon kuplakuoren ennen marraskuun puoltav\u00e4li\u00e4; salmiakkiaskin, pokkarin, pienen adventtikalenterin, Aarikan tontun, muuta ihan pient\u00e4 ja paljon halauksia kuoreen. Viime viikolla t\u00e4m\u00e4 palautui. Meksikossa k\u00e4yneen\u00e4, koskaan tyt\u00e4rt\u00e4 tavoittamatta. Snif. Ja reilusti marraskuun puolella pidin kiirett\u00e4, ett\u00e4 saadaan joulupaketti l\u00e4htem\u00e4\u00e4n. &hellip; <\/p>\n","protected":false},"author":1,"featured_media":0,"comment_status":"open","ping_status":"open","sticky":false,"template":"","format":"standard","meta":{"jetpack_post_was_ever_published":false,"_jetpack_newsletter_access":"","_jetpack_dont_email_post_to_subs":false,"_jetpack_newsletter_tier_id":0,"_jetpack_memberships_contains_paywalled_content":false,"_jetpack_memberships_contains_paid_content":false,"footnotes":"","jetpack_publicize_message":"","jetpack_publicize_feature_enabled":true,"jetpack_social_post_already_shared":true,"jetpack_social_options":{"image_generator_settings":{"template":"highway","default_image_id":0,"font":"","enabled":false},"version":2}},"categories":[62,1,22],"tags":[],"class_list":["post-19811","post","type-post","status-publish","format-standard","hentry","category-meksiko","category-aiheeton","category-vanhemmuus","latest_post"],"jetpack_publicize_connections":[],"jetpack_featured_media_url":"","jetpack_shortlink":"https:\/\/wp.me\/pr4p4-59x","jetpack_sharing_enabled":true,"jetpack_likes_enabled":false,"jetpack-related-posts":[{"id":21163,"url":"https:\/\/www.satokangas.fi\/blogi\/2014\/05\/vival-el-postal-mexicano\/","url_meta":{"origin":19811,"position":0},"title":"Vival el postal Mexicano!!","author":"Reija","date":"16.5.2014","format":false,"excerpt":"\"... Ja muuten!! Joulupaketti saapui \u00a0:D - - Purkat otin t\u00f6ihin, ihmiset luulivat paketin perusteella siivousv\u00e4lineiksi :D\" Meksikon posti ei ole ollut se, johon reilun vuoden aikana ensimm\u00e4iseksi olen uskonut ja luottanut! Itkunsekaisia kokemuksia siit\u00e4 on ollut (ks. t\u00e4\u00e4lt\u00e4), mutta periksi en ole antanut! Kortteja ja muutamia kirjepakettaja olen lapselle\u2026","rel":"","context":"Kategoriassa &quot;Meksiko&quot;","block_context":{"text":"Meksiko","link":"https:\/\/www.satokangas.fi\/blogi\/category\/reissut\/meksiko\/"},"img":{"alt_text":"postia_","src":"https:\/\/i0.wp.com\/www.satokangas.fi\/blogi\/wp-content\/uploads\/2014\/05\/postia_-528x400.jpg?resize=350%2C200&ssl=1","width":350,"height":200,"srcset":"https:\/\/i0.wp.com\/www.satokangas.fi\/blogi\/wp-content\/uploads\/2014\/05\/postia_-528x400.jpg?resize=350%2C200&ssl=1 1x, https:\/\/i0.wp.com\/www.satokangas.fi\/blogi\/wp-content\/uploads\/2014\/05\/postia_-528x400.jpg?resize=525%2C300&ssl=1 1.5x"},"classes":[]},{"id":20792,"url":"https:\/\/www.satokangas.fi\/blogi\/2014\/04\/terveisia-meksikosta-viii\/","url_meta":{"origin":19811,"position":1},"title":"Terveisi\u00e4 Meksikosta VIII","author":"Reija","date":"10.4.2014","format":false,"excerpt":"Tyt\u00e4r on ollut Meksikossa melkein puoli vuotta, talven yli. Yhteens\u00e4 siis melkein vuoden. Nyt siell\u00e4 on l\u00e4mmin. Poikkeuksellisen kylm\u00e4n talven j\u00e4lkeen siell\u00e4 on l\u00e4mmennyt: viime viikolla oli jo +38 C. Ja juuri tuolla viikolla toimiston ilmastointi oli hajonnut. Tietysti. Farkkuminari ja paitapusero olivat liimaantuneet kiinni, oli ollut vaikea liikahtaakaan ilman\u2026","rel":"","context":"Kategoriassa &quot;Meksiko&quot;","block_context":{"text":"Meksiko","link":"https:\/\/www.satokangas.fi\/blogi\/category\/reissut\/meksiko\/"},"img":{"alt_text":"10156136_10201891915912599_1985274539_n","src":"https:\/\/i0.wp.com\/www.satokangas.fi\/blogi\/wp-content\/uploads\/2014\/04\/10156136_10201891915912599_1985274539_n-225x400.jpg?resize=350%2C200&ssl=1","width":350,"height":200},"classes":[]},{"id":22360,"url":"https:\/\/www.satokangas.fi\/blogi\/2014\/09\/paluulippu-kotiin\/","url_meta":{"origin":19811,"position":2},"title":"Paluulippu kotiin!","author":"Reija","date":"7.9.2014","format":false,"excerpt":"Muumipekko seisoi ja katsoi kun Nuuskamuikkunen pakkasi telttansa. - Viivytk\u00f6 kauan poissa? h\u00e4n kysyi. - En, sanoi Nuuskamuikkunen. Ensimm\u00e4isen\u00e4 kev\u00e4tp\u00e4iv\u00e4n\u00e4 olen t\u00e4\u00e4ll\u00e4 j\u00e4lleen ja vihell\u00e4n ikkunan alla. Yksi vuosi kuluu nopeasti! \u00a0(Tove Jansson, Taikurin hattu) \u00a0 Vuosi sitten ostin esikoiselle syntt\u00e4rilahjan, jota en olisi halunnut antaa. T\u00e4n\u00e4 vuonna - ihan\u2026","rel":"","context":"Kategoriassa &quot;Meksiko&quot;","block_context":{"text":"Meksiko","link":"https:\/\/www.satokangas.fi\/blogi\/category\/reissut\/meksiko\/"},"img":{"alt_text":"","src":"https:\/\/i0.wp.com\/www.satokangas.fi\/blogi\/wp-content\/uploads\/2014\/09\/mapa_do_mexico.jpg?resize=350%2C200&ssl=1","width":350,"height":200},"classes":[]},{"id":35246,"url":"https:\/\/www.satokangas.fi\/blogi\/2018\/11\/marraskuussa-toivoo-lunta\/","url_meta":{"origin":19811,"position":3},"title":"Marraskuussa toivoo lunta","author":"Reija","date":"20.11.2018","format":false,"excerpt":"Sulaa, j\u00e4\u00e4tyy, sulaa, j\u00e4\u00e4tyy. Pakkasta, nollakeli\u00e4, muutama l\u00e4mp\u00f6aste, tyynt\u00e4, tuulta, ei lunta. Juuri nyt on sitten 60 vuoteen n\u00e4in v\u00e4h\u00e4n lunta! V\u00e4h\u00e4n, tai ei ollenkaan, lunta Lapissakin. Juuri t\u00e4n\u00e4 vuonna!\u00a0 Mit\u00e4k\u00f6 v\u00e4li\u00e4 sill\u00e4 nyt on? Noku. No kun tytt\u00e4ren kavereita tulee (tai siis menee) itsen\u00e4isyysp\u00e4iv\u00e4n\u00e4 Hangasojan m\u00f6kille. Tyt\u00e4r tietysti my\u00f6s.\u2026","rel":"","context":"Kategoriassa &quot;Oulu&quot;","block_context":{"text":"Oulu","link":"https:\/\/www.satokangas.fi\/blogi\/category\/oulu\/"},"img":{"alt_text":"","src":"https:\/\/i0.wp.com\/www.satokangas.fi\/blogi\/wp-content\/uploads\/2018\/11\/sulaa.jpg?resize=350%2C200&ssl=1","width":350,"height":200,"srcset":"https:\/\/i0.wp.com\/www.satokangas.fi\/blogi\/wp-content\/uploads\/2018\/11\/sulaa.jpg?resize=350%2C200&ssl=1 1x, https:\/\/i0.wp.com\/www.satokangas.fi\/blogi\/wp-content\/uploads\/2018\/11\/sulaa.jpg?resize=525%2C300&ssl=1 1.5x, https:\/\/i0.wp.com\/www.satokangas.fi\/blogi\/wp-content\/uploads\/2018\/11\/sulaa.jpg?resize=700%2C400&ssl=1 2x"},"classes":[]},{"id":15502,"url":"https:\/\/www.satokangas.fi\/blogi\/2012\/10\/15502\/","url_meta":{"origin":19811,"position":4},"title":"Kohti Meksikoa","author":"Reija","date":"12.10.2012","format":false,"excerpt":"Monterrey. Tied\u00e4ttek\u00f6 hyv\u00e4t blogivieraat ja -yst\u00e4v\u00e4t, kyl\u00e4nmiehet ja -naiset, miss\u00e4 on Monterrey? Min\u00e4 opin tiet\u00e4m\u00e4\u00e4n paikan toissa kev\u00e4\u00e4n\u00e4, jolloin meill\u00e4 oli vieraana kaunis, nuori nainen, jonka kotipaikka on Monterrey. K\u00e4yntins\u00e4 (ja ihan Satu \u00d6stringin n\u00e4k\u00f6isen yst\u00e4v\u00e4ns\u00e4 k\u00e4ynnin) aikana ja j\u00e4lkeen saimme vieh\u00e4tt\u00e4v\u00e4n kutsun tulla k\u00e4ym\u00e4\u00e4n Meksikossa, - \u00a0vaikka koko perhe\u2026","rel":"","context":"Kategoriassa &quot;Niit\u00e4 n\u00e4it\u00e4&quot;","block_context":{"text":"Niit\u00e4 n\u00e4it\u00e4","link":"https:\/\/www.satokangas.fi\/blogi\/category\/aiheeton\/"},"img":{"alt_text":"","src":"https:\/\/i0.wp.com\/www.satokangas.fi\/blogi\/wp-content\/uploads\/Monterray-486x400.jpg?resize=350%2C200&ssl=1","width":350,"height":200},"classes":[]},{"id":16383,"url":"https:\/\/www.satokangas.fi\/blogi\/2013\/01\/terveisia-meksikosta\/","url_meta":{"origin":19811,"position":5},"title":"Terveisi\u00e4 Meksikosta","author":"Reija","date":"31.1.2013","format":false,"excerpt":"Nyt kun tyt\u00e4r on ollut reilun viikon Monterreyss\u00e4 ja kolme ty\u00f6p\u00e4iv\u00e4\u00e4kin jo takana, kyselin lupaa, jotta saanko postailla t\u00e4nnekin kuulumisia. Lupasi. Oman Meksiko-bloginsa perustamista on kyll\u00e4 harkinnut, mutta sit\u00e4 odotellessa t\u00e4ss\u00e4 jotain kuulumisia. Asunto on siis San Pedrossa, joka on kaupunki kaupungissa. Koko Monterreyn alueella on yli nelj\u00e4 miljoonaa asukasta\u2026","rel":"","context":"Kategoriassa &quot;Vanhemmuus&quot;","block_context":{"text":"Vanhemmuus","link":"https:\/\/www.satokangas.fi\/blogi\/category\/vanhemmuus\/"},"img":{"alt_text":"imgmonterrey2","src":"https:\/\/i0.wp.com\/www.satokangas.fi\/blogi\/wp-content\/uploads\/2013\/01\/imgmonterrey2-587x400.jpg?resize=350%2C200&ssl=1","width":350,"height":200,"srcset":"https:\/\/i0.wp.com\/www.satokangas.fi\/blogi\/wp-content\/uploads\/2013\/01\/imgmonterrey2-587x400.jpg?resize=350%2C200&ssl=1 1x, https:\/\/i0.wp.com\/www.satokangas.fi\/blogi\/wp-content\/uploads\/2013\/01\/imgmonterrey2-587x400.jpg?resize=525%2C300&ssl=1 1.5x"},"classes":[]}],"_links":{"self":[{"href":"https:\/\/www.satokangas.fi\/blogi\/wp-json\/wp\/v2\/posts\/19811","targetHints":{"allow":["GET"]}}],"collection":[{"href":"https:\/\/www.satokangas.fi\/blogi\/wp-json\/wp\/v2\/posts"}],"about":[{"href":"https:\/\/www.satokangas.fi\/blogi\/wp-json\/wp\/v2\/types\/post"}],"author":[{"embeddable":true,"href":"https:\/\/www.satokangas.fi\/blogi\/wp-json\/wp\/v2\/users\/1"}],"replies":[{"embeddable":true,"href":"https:\/\/www.satokangas.fi\/blogi\/wp-json\/wp\/v2\/comments?post=19811"}],"version-history":[{"count":0,"href":"https:\/\/www.satokangas.fi\/blogi\/wp-json\/wp\/v2\/posts\/19811\/revisions"}],"wp:attachment":[{"href":"https:\/\/www.satokangas.fi\/blogi\/wp-json\/wp\/v2\/media?parent=19811"}],"wp:term":[{"taxonomy":"category","embeddable":true,"href":"https:\/\/www.satokangas.fi\/blogi\/wp-json\/wp\/v2\/categories?post=19811"},{"taxonomy":"post_tag","embeddable":true,"href":"https:\/\/www.satokangas.fi\/blogi\/wp-json\/wp\/v2\/tags?post=19811"}],"curies":[{"name":"wp","href":"https:\/\/api.w.org\/{rel}","templated":true}]}}