{"id":18345,"date":"2013-08-07T20:03:37","date_gmt":"2013-08-07T17:03:37","guid":{"rendered":"https:\/\/www.satokangas.fi\/blogi\/?p=18345"},"modified":"2013-08-08T22:01:12","modified_gmt":"2013-08-08T19:01:12","slug":"digikurssin-laksyjen-parissa","status":"publish","type":"post","link":"https:\/\/www.satokangas.fi\/blogi\/2013\/08\/digikurssin-laksyjen-parissa\/","title":{"rendered":"Digikurssin l\u00e4ksyjen parissa"},"content":{"rendered":"<p>Nyt on mennyt pari iltaa digikurssin viimeisten teht\u00e4vien parissa. Huomenna on viimeinen nettiluento. Lopputy\u00f6n\u00e4 on tarkoitus tehd\u00e4 kuvakirja. Ja min\u00e4h\u00e4n &#8211; jostain merkillisest\u00e4 hetken mielijohteesta &#8211; valitsin kuvakirjani teemaksi sinisen. Periksih\u00e4n en sitten voi antaa, ja vaihtaa aihetta, vaan olen kehitellyt teemaa eteenp\u00e4in. Kirjasta tullenee kolmiosainen: Lapin siniset hetket ja tunturit, Sininen Meksiko ja Oulun sininen tai jotenkin noin&#8230; \u00a0Siksip\u00e4 kaivoin my\u00f6s talvikuvia Lapista. Oikeastaan aika mukava katsella niit\u00e4 hellerajoilla kieppuvan elokuun kes\u00e4iltana.<\/p>\n<p>Kolmosteht\u00e4v\u00e4n teemana oli valo. Teht\u00e4v\u00e4nanto kuului n\u00e4in:<\/p>\n<blockquote><p><strong>Valon ja v\u00e4rin voima haltuun.\u00a0<\/strong><strong>Valo, valotus, v\u00e4rihallinta.<br \/>\n<\/strong>Valokuva syntyy ja el\u00e4\u00e4 valosta. Valolla on t\u00e4rke\u00e4 osa oikean tunnelman v\u00e4litt\u00e4misess\u00e4 ja sill\u00e4 piirret\u00e4\u00e4n kohde my\u00f6s selke\u00e4sti esiin ymp\u00e4rist\u00f6st\u00e4\u00e4n.\u00a0Valon mahti pakottaa ratkomaan my\u00f6s teknisi\u00e4 kysymyksi\u00e4. Valonmittauksen ohella on hallittava kontrasti.<\/p><\/blockquote>\n<p>Ja t\u00e4\u00e4lt\u00e4 l\u00f6ytyy minun vastaukseni: <a href=\"https:\/\/www.satokangas.fi\/blogi\/3. tehtavat_RS.pdf\">KLIKS<\/a><\/p>\n<p>Nelosteht\u00e4v\u00e4n kuvat olettekin t\u00e4\u00e4ll\u00e4 blogissa jo n\u00e4hneet: <a title=\"Valokuval\u00e4ksyj\u00e4 Meksikosta\" href=\"https:\/\/www.satokangas.fi\/blogi\/2013\/06\/valokuvalaksyja-meksikosta\/\">henkil\u00f6kuvia Meksikosta<\/a>.<\/p>\n<p>Ja viimeinen eli viides teht\u00e4v\u00e4 meni n\u00e4in:<\/p>\n<blockquote><p><strong>Luonto kuvaan l\u00e4helt\u00e4 ja kaukaa<\/strong>.<br \/>\nMaisemasta makro- ja el\u00e4inmaailmaan.\u00a0Maiseman\u00a0syvyyden, ter\u00e4vyyden ja s\u00e4vykirjon tavoittaminen vaatii oikeita tekniikka- ja ilmaisuvalintoja sek\u00e4 sopivaa valoa.<\/p><\/blockquote>\n<p>Niidenkin joukossa on vanhoja tuttuja, rakkaitakin kuvia. K\u00e4yh\u00e4n katsomassa <a href=\"https:\/\/www.satokangas.fi\/blogi\/5. kuvaustehtavat_RS.pdf\">KLIKS<\/a><\/p>\n<p style=\"text-align: center;\"><a href=\"https:\/\/www.satokangas.fi\/blogi\/wp-content\/uploads\/2013\/08\/Taikatalvi-2.jpg\"><img loading=\"lazy\" decoding=\"async\" data-attachment-id=\"18346\" data-permalink=\"https:\/\/www.satokangas.fi\/blogi\/2013\/08\/digikurssin-laksyjen-parissa\/taikatalvi-2-3\/\" data-orig-file=\"https:\/\/www.satokangas.fi\/blogi\/wp-content\/uploads\/2013\/08\/Taikatalvi-2.jpg\" data-orig-size=\"1600,1052\" data-comments-opened=\"1\" data-image-meta=\"{&quot;aperture&quot;:&quot;4&quot;,&quot;credit&quot;:&quot;&quot;,&quot;camera&quot;:&quot;Canon EOS 5D Mark II&quot;,&quot;caption&quot;:&quot;&quot;,&quot;created_timestamp&quot;:&quot;1364483866&quot;,&quot;copyright&quot;:&quot;&quot;,&quot;focal_length&quot;:&quot;95&quot;,&quot;iso&quot;:&quot;100&quot;,&quot;shutter_speed&quot;:&quot;0.0002&quot;,&quot;title&quot;:&quot;&quot;}\" data-image-title=\"Taikatalvi-2\" data-image-description=\"\" data-image-caption=\"\" data-large-file=\"https:\/\/www.satokangas.fi\/blogi\/wp-content\/uploads\/2013\/08\/Taikatalvi-2-1557x1024.jpg\" class=\"size-medium wp-image-18346 aligncenter\" alt=\"Taikatalvi-2\" src=\"https:\/\/www.satokangas.fi\/blogi\/wp-content\/uploads\/2013\/08\/Taikatalvi-2-600x394.jpg\" width=\"600\" height=\"394\" srcset=\"https:\/\/www.satokangas.fi\/blogi\/wp-content\/uploads\/2013\/08\/Taikatalvi-2-600x394.jpg 600w, https:\/\/www.satokangas.fi\/blogi\/wp-content\/uploads\/2013\/08\/Taikatalvi-2-300x197.jpg 300w, https:\/\/www.satokangas.fi\/blogi\/wp-content\/uploads\/2013\/08\/Taikatalvi-2-1557x1024.jpg 1557w, https:\/\/www.satokangas.fi\/blogi\/wp-content\/uploads\/2013\/08\/Taikatalvi-2.jpg 1600w\" sizes=\"auto, (max-width: 600px) 100vw, 600px\" \/><\/a><\/p>\n","protected":false},"excerpt":{"rendered":"<p>Nyt on mennyt pari iltaa digikurssin viimeisten teht\u00e4vien parissa. Huomenna on viimeinen nettiluento. Lopputy\u00f6n\u00e4 on tarkoitus tehd\u00e4 kuvakirja. Ja min\u00e4h\u00e4n &#8211; jostain merkillisest\u00e4 hetken mielijohteesta &#8211; valitsin kuvakirjani teemaksi sinisen. Periksih\u00e4n en sitten voi antaa, ja vaihtaa aihetta, vaan olen kehitellyt teemaa eteenp\u00e4in. Kirjasta tullenee kolmiosainen: Lapin siniset hetket ja tunturit, Sininen Meksiko ja Oulun sininen tai jotenkin noin&#8230; \u00a0Siksip\u00e4 &hellip; <\/p>\n","protected":false},"author":1,"featured_media":0,"comment_status":"open","ping_status":"open","sticky":false,"template":"","format":"standard","meta":{"jetpack_post_was_ever_published":false,"_jetpack_newsletter_access":"","_jetpack_dont_email_post_to_subs":false,"_jetpack_newsletter_tier_id":0,"_jetpack_memberships_contains_paywalled_content":false,"_jetpack_memberships_contains_paid_content":false,"footnotes":"","jetpack_publicize_message":"","jetpack_publicize_feature_enabled":true,"jetpack_social_post_already_shared":true,"jetpack_social_options":{"image_generator_settings":{"template":"highway","default_image_id":0,"font":"","enabled":false},"version":2}},"categories":[37],"tags":[],"class_list":["post-18345","post","type-post","status-publish","format-standard","hentry","category-valokuvaus","latest_post"],"jetpack_publicize_connections":[],"jetpack_featured_media_url":"","jetpack_shortlink":"https:\/\/wp.me\/pr4p4-4LT","jetpack_sharing_enabled":true,"jetpack_likes_enabled":false,"jetpack-related-posts":[{"id":29855,"url":"https:\/\/www.satokangas.fi\/blogi\/2016\/12\/sinisesta-hetkesta-toiseen\/","url_meta":{"origin":18345,"position":0},"title":"Sinisest\u00e4 hetkest\u00e4 toiseen","author":"Reija","date":"8.12.2016","format":false,"excerpt":"[Kappelin nurkalla oleva liikenneympyr\u00e4] Taivas ei ole ollut sininen, mutta aamup\u00e4iv\u00e4ll\u00e4 puolikymmest\u00e4 puoliyhteentoista ja iltap\u00e4iv\u00e4ll\u00e4 kahden ja kolmen v\u00e4lill\u00e4 on sininen hetki. Ennen ja j\u00e4lkeen sen on pehme\u00e4\u00e4 pime\u00e4\u00e4, jota valkeat hanget valaisevat. Puolenp\u00e4iv\u00e4n molemminpuolin on mukava h\u00e4m\u00e4r\u00e4. Sinisest\u00e4 siniseen olin pihalla m\u00f6kin koko tonttuarmeijan kanssa. Ja kaiken muun joulukortteihin\u2026","rel":"","context":"Kategoriassa &quot;Lappi&quot;","block_context":{"text":"Lappi","link":"https:\/\/www.satokangas.fi\/blogi\/category\/lappi\/"},"img":{"alt_text":"","src":"https:\/\/i0.wp.com\/www.satokangas.fi\/blogi\/wp-content\/uploads\/2016\/12\/Saarisel%C3%A4ll%C3%A4-600x400.jpg?resize=350%2C200&ssl=1","width":350,"height":200,"srcset":"https:\/\/i0.wp.com\/www.satokangas.fi\/blogi\/wp-content\/uploads\/2016\/12\/Saarisel%C3%A4ll%C3%A4-600x400.jpg?resize=350%2C200&ssl=1 1x, https:\/\/i0.wp.com\/www.satokangas.fi\/blogi\/wp-content\/uploads\/2016\/12\/Saarisel%C3%A4ll%C3%A4-600x400.jpg?resize=525%2C300&ssl=1 1.5x"},"classes":[]},{"id":17734,"url":"https:\/\/www.satokangas.fi\/blogi\/2013\/06\/valokuvalaksyja-meksikosta\/","url_meta":{"origin":18345,"position":1},"title":"Valokuval\u00e4ksyj\u00e4 Meksikosta","author":"Reija","date":"18.6.2013","format":false,"excerpt":"On n\u00e4iss\u00e4 hyyt\u00e4viss\u00e4 keleiss\u00e4 hyv\u00e4tkin puolensa: duunissa ei ole kuuma. Ja siell\u00e4 on k\u00e4sitt\u00e4m\u00e4tt\u00f6m\u00e4n hiljaista. Olisko t\u00e4n\u00e4\u00e4n piipahtanut korkeintaan viisi opiskelijaa..., ei kokouksia, ei puhelimen p\u00e4rin\u00e4\u00e4, - ehk\u00e4 voisin puhua ty\u00f6rauhasta. Se ei v\u00e4lill\u00e4 ole ollenkaan huono olotila. Nyt illan soitellut parit pitk\u00e4t puhelut ja \u00a0kuronut kiinni digikurssin luentoja ja\u2026","rel":"","context":"Kategoriassa &quot;Meksiko&quot;","block_context":{"text":"Meksiko","link":"https:\/\/www.satokangas.fi\/blogi\/category\/reissut\/meksiko\/"},"img":{"alt_text":"","src":"https:\/\/i0.wp.com\/www.satokangas.fi\/blogi\/wp-content\/uploads\/2013\/06\/pp32077-lunch-on-skyscraper-poster.jpg?resize=350%2C200&ssl=1","width":350,"height":200,"srcset":"https:\/\/i0.wp.com\/www.satokangas.fi\/blogi\/wp-content\/uploads\/2013\/06\/pp32077-lunch-on-skyscraper-poster.jpg?resize=350%2C200&ssl=1 1x, https:\/\/i0.wp.com\/www.satokangas.fi\/blogi\/wp-content\/uploads\/2013\/06\/pp32077-lunch-on-skyscraper-poster.jpg?resize=525%2C300&ssl=1 1.5x, https:\/\/i0.wp.com\/www.satokangas.fi\/blogi\/wp-content\/uploads\/2013\/06\/pp32077-lunch-on-skyscraper-poster.jpg?resize=700%2C400&ssl=1 2x"},"classes":[]},{"id":27014,"url":"https:\/\/www.satokangas.fi\/blogi\/2015\/12\/revontulia-ja-muita-kaamoksen-valoja\/","url_meta":{"origin":18345,"position":2},"title":"Revontulia ja muita kaamoksen valoja","author":"Reija","date":"8.12.2015","format":false,"excerpt":"N\u00e4it\u00e4 nettisaitteja eilen illalla kovasti tarkkailin samalla kun lasten kanssa chattailin. \u00a0 Yhdeks\u00e4n j\u00e4lkeen sitten revontulet realisoituivat my\u00f6s liven\u00e4 meid\u00e4n m\u00f6kkipihalla. Siell\u00e4 min\u00e4 heiluin kameran ja jalustan kanssa pitk\u00e4n tovin, ja ennen kymment\u00e4 l\u00e4hdettiin viel\u00e4 k\u00e4ym\u00e4\u00e4n autolla Kaunisp\u00e4\u00e4ll\u00e4. Klikkaa isommaksi. T\u00e4st\u00e4 seuraavasta kuvasta Juniori, joka on erikoistunut y\u00f6-, revontuli-, timelapse-,\u2026","rel":"","context":"Kategoriassa &quot;Lappi&quot;","block_context":{"text":"Lappi","link":"https:\/\/www.satokangas.fi\/blogi\/category\/lappi\/"},"img":{"alt_text":"Sieppaa","src":"https:\/\/i0.wp.com\/www.satokangas.fi\/blogi\/wp-content\/uploads\/2015\/12\/Sieppaa-514x400.jpg?resize=350%2C200&ssl=1","width":350,"height":200},"classes":[]},{"id":35732,"url":"https:\/\/www.satokangas.fi\/blogi\/2019\/01\/saariselalle-mutta-minne-muualle\/","url_meta":{"origin":18345,"position":3},"title":"Saarisel\u00e4lle, mutta minne muualle?","author":"Reija","date":"4.1.2019","format":false,"excerpt":"Aamulla ladulla (hiiht\u00e4m\u00e4ss\u00e4), illalla m\u00e4ess\u00e4 (kuvaamassa). Siin\u00e4 v\u00e4liss\u00e4 siivottiin ja saunottiin. Menness\u00e4 satoi, pian kyll\u00e4 loppui... Olipa mukava hiiht\u00e4\u00e4. Hyvin varovasti aloittelin kauden. Illansuussa l\u00e4hdin katselemaan Suomen pisimm\u00e4n pulkkam\u00e4en valaisua. Olipa vaikea l\u00f6yt\u00e4\u00e4 kuvakulmaa. T\u00e4ss\u00e4 sitten yksi onnistuneimmista, vasemmassa reunassa vain p\u00e4tk\u00e4 liki kahden kilometrin m\u00e4est\u00e4, jossa oli iltaviidelt\u00e4 aika\u2026","rel":"","context":"Kategoriassa &quot;Lappi&quot;","block_context":{"text":"Lappi","link":"https:\/\/www.satokangas.fi\/blogi\/category\/lappi\/"},"img":{"alt_text":"","src":"https:\/\/i0.wp.com\/www.satokangas.fi\/blogi\/wp-content\/uploads\/2019\/01\/maessa-3.jpg?resize=350%2C200&ssl=1","width":350,"height":200,"srcset":"https:\/\/i0.wp.com\/www.satokangas.fi\/blogi\/wp-content\/uploads\/2019\/01\/maessa-3.jpg?resize=350%2C200&ssl=1 1x, https:\/\/i0.wp.com\/www.satokangas.fi\/blogi\/wp-content\/uploads\/2019\/01\/maessa-3.jpg?resize=525%2C300&ssl=1 1.5x, https:\/\/i0.wp.com\/www.satokangas.fi\/blogi\/wp-content\/uploads\/2019\/01\/maessa-3.jpg?resize=700%2C400&ssl=1 2x, https:\/\/i0.wp.com\/www.satokangas.fi\/blogi\/wp-content\/uploads\/2019\/01\/maessa-3.jpg?resize=1050%2C600&ssl=1 3x"},"classes":[]},{"id":16566,"url":"https:\/\/www.satokangas.fi\/blogi\/2013\/02\/valoa-kohti-2\/","url_meta":{"origin":18345,"position":4},"title":"Valoa kohti","author":"Reija","date":"20.2.2013","format":false,"excerpt":"T\u00e4n\u00e4\u00e4n t\u00f6ist\u00e4 tullessa valo. Valo parkkipaikalla, valo mieless\u00e4kin, \u00a0iltap\u00e4iv\u00e4n lempe\u00e4 valo heijastui kauniisti ruokahuoneen paneelisein\u00e4\u00e4n. T\u00e4n\u00e4\u00e4n kun ei tarvitse lennosta l\u00e4hte\u00e4 kokoukseen niin kuin huomenna pit\u00e4\u00e4, eik\u00e4 \u00a0kursseille niinkuin eilen tai toissap\u00e4iv\u00e4n\u00e4 piti, ja kun \u00a0t\u00e4n\u00e4\u00e4n ei ole viikonloppuna varastoon tehtyj\u00e4 \u00a0puolivalmiita blogipostauksia (sellaista tulee joskus harjoitettua ;)), voin kertoakin\u2026","rel":"","context":"Kategoriassa &quot;Niit\u00e4 n\u00e4it\u00e4&quot;","block_context":{"text":"Niit\u00e4 n\u00e4it\u00e4","link":"https:\/\/www.satokangas.fi\/blogi\/category\/aiheeton\/"},"img":{"alt_text":"valo-3","src":"https:\/\/i0.wp.com\/www.satokangas.fi\/blogi\/wp-content\/uploads\/2013\/02\/valo-3-231x400.jpg?resize=350%2C200&ssl=1","width":350,"height":200},"classes":[]},{"id":23398,"url":"https:\/\/www.satokangas.fi\/blogi\/2014\/12\/suuri-leivontapaiva-kuihtui-tryffeleiden-teoksi\/","url_meta":{"origin":18345,"position":5},"title":"Suuri Leivontap\u00e4iv\u00e4 kuihtui tryffeleiden teoksi","author":"Reija","date":"20.12.2014","format":false,"excerpt":"Her\u00e4\u00e4n aura-auton \u00e4\u00e4neen. Kello on 4.40. Kaksikymment\u00e4 vaille VIISI! P\u00e4\u00e4t\u00e4n nukahtaa uudelleen. Saahan sit\u00e4 p\u00e4\u00e4tt\u00e4\u00e4. Puolen tunnin piehtaroinnin ja miettimisen j\u00e4lkeen (nopeasti menee asiat tajuntaan!) ymm\u00e4rr\u00e4n, ett\u00e4 se oli aura-auto! Tarkoittaa, ett\u00e4 on satanut lunta niin paljon, ett\u00e4 sit\u00e4 riitt\u00e4\u00e4 aurattavaksi asti. T\u00e4m\u00e4n ilahduttavan tosiseikan ymm\u00e4rretty\u00e4ni pomppaan yl\u00f6s ja l\u00e4hden\u2026","rel":"","context":"Kategoriassa &quot;Oulu&quot;","block_context":{"text":"Oulu","link":"https:\/\/www.satokangas.fi\/blogi\/category\/oulu\/"},"img":{"alt_text":"Valoa Oulu","src":"https:\/\/i0.wp.com\/www.satokangas.fi\/blogi\/wp-content\/uploads\/2014\/12\/Valoa-Oulu-600x225.jpg?resize=350%2C200&ssl=1","width":350,"height":200,"srcset":"https:\/\/i0.wp.com\/www.satokangas.fi\/blogi\/wp-content\/uploads\/2014\/12\/Valoa-Oulu-600x225.jpg?resize=350%2C200&ssl=1 1x, https:\/\/i0.wp.com\/www.satokangas.fi\/blogi\/wp-content\/uploads\/2014\/12\/Valoa-Oulu-600x225.jpg?resize=525%2C300&ssl=1 1.5x"},"classes":[]}],"_links":{"self":[{"href":"https:\/\/www.satokangas.fi\/blogi\/wp-json\/wp\/v2\/posts\/18345","targetHints":{"allow":["GET"]}}],"collection":[{"href":"https:\/\/www.satokangas.fi\/blogi\/wp-json\/wp\/v2\/posts"}],"about":[{"href":"https:\/\/www.satokangas.fi\/blogi\/wp-json\/wp\/v2\/types\/post"}],"author":[{"embeddable":true,"href":"https:\/\/www.satokangas.fi\/blogi\/wp-json\/wp\/v2\/users\/1"}],"replies":[{"embeddable":true,"href":"https:\/\/www.satokangas.fi\/blogi\/wp-json\/wp\/v2\/comments?post=18345"}],"version-history":[{"count":0,"href":"https:\/\/www.satokangas.fi\/blogi\/wp-json\/wp\/v2\/posts\/18345\/revisions"}],"wp:attachment":[{"href":"https:\/\/www.satokangas.fi\/blogi\/wp-json\/wp\/v2\/media?parent=18345"}],"wp:term":[{"taxonomy":"category","embeddable":true,"href":"https:\/\/www.satokangas.fi\/blogi\/wp-json\/wp\/v2\/categories?post=18345"},{"taxonomy":"post_tag","embeddable":true,"href":"https:\/\/www.satokangas.fi\/blogi\/wp-json\/wp\/v2\/tags?post=18345"}],"curies":[{"name":"wp","href":"https:\/\/api.w.org\/{rel}","templated":true}]}}