{"id":18340,"date":"2013-08-06T20:50:21","date_gmt":"2013-08-06T17:50:21","guid":{"rendered":"https:\/\/www.satokangas.fi\/blogi\/?p=18340"},"modified":"2013-08-06T21:11:22","modified_gmt":"2013-08-06T18:11:22","slug":"urautunutta-tuttua-ei-se-arki-kuitenkaan-niin-huono-asia-ole","status":"publish","type":"post","link":"https:\/\/www.satokangas.fi\/blogi\/2013\/08\/urautunutta-tuttua-ei-se-arki-kuitenkaan-niin-huono-asia-ole\/","title":{"rendered":"Urautunutta, tuttua. Silti: ei se arki niin huono asia ole"},"content":{"rendered":"<p>&#8211; Olisiko sittenkin pit\u00e4nyt ottaa takki? Auringosta, kes\u00e4isest\u00e4 aamusta huolimatta tuntuu kalsealta, varsinkin niill\u00e4 p\u00e4tkill\u00e4 kun py\u00f6r\u00e4tie kulkee mets\u00e4n varjossa liki palelee. Mutta sitten kun olen ty\u00f6huoneessani, on jo kuuma. Miksen sittenkin laittanut sit\u00e4 salsahametta ja kes\u00e4neuletta!<\/p>\n<p style=\"text-align: center;\"><a href=\"https:\/\/www.satokangas.fi\/blogi\/wp-content\/uploads\/2013\/08\/luonto-7.jpg\"><img loading=\"lazy\" decoding=\"async\" class=\"aligncenter\" style=\"border: 5px solid grey;\" alt=\"luonto-7\" src=\"https:\/\/www.satokangas.fi\/blogi\/wp-content\/uploads\/2013\/08\/luonto-7-596x400.jpg\" width=\"596\" height=\"400\" \/><\/a><\/p>\n<p>Aamukahvilla viel\u00e4 uusia t\u00f6ihin palaajia, &#8211; viel\u00e4 jutut liikkuvat menneiss\u00e4 lomissa, matkoissa. Mutta minun pit\u00e4\u00e4 ehti\u00e4 k\u00e4yd\u00e4 viel\u00e4 tiedekunnassa ennen kokousta: onko oikeasti taas &#8221;jossain tuntemattomalla taholla&#8221; tehty ihan \u00e4lyvapaita p\u00e4\u00e4t\u00f6ksi\u00e4 ja aikaansaatu byrokratian kukkasia? Perusopinnot voivatkin olla 30 opintopistett\u00e4 tai voivat ne olla sen entiset 25 pistett\u00e4kin tai ihan kumpi vaan, mutta sitten aineopinnot eiv\u00e4t voikaan olla 35 pojoa vaan nekin on 30 tai sitten voivat ne olla sen 35 pistett\u00e4kin. Vaikuttaako sekavalta?? Sit\u00e4 se onkin! Totta totisesti on! Ihan ilimanaikusta suunnittelijoiden s\u00e4\u00e4t\u00e4m\u00e4\u00e4 \u00a0ja direktiivien m\u00e4\u00e4r\u00e4\u00e4m\u00e4\u00e4 ja ties mink\u00e4 aikaansaamaa asioiden sotkuisuutta. Tuohduin, vaahtosin, &#8211; vain hiukan. Protestoin. Ihan turhaan, pit\u00e4isih\u00e4n minun se jo &#8211; hyv\u00e4nen aika! &#8211; tiet\u00e4\u00e4. N\u00e4m\u00e4 p\u00e4\u00e4tt\u00f6myydet vain vy\u00f6ryv\u00e4t &#8211; ei me ruohonjuuritasolla niille mit\u00e4\u00e4n voida.<\/p>\n<p>Oppiainekokouksessa jatkamme hyvin sujuvasti siit\u00e4, mihin juhannusviikolla j\u00e4imme: el\u00e4k\u00f6ityv\u00e4n esimiehen virant\u00e4ytt\u00f6\u00e4 varten hakukuulutusta varsin sopuisasti p\u00e4hk\u00e4ilimme. Kaikilla omat jargoniansa, omat n\u00e4k\u00f6kulmansa, mutta lopultakin ilahduttavan levollisesti ja viime k\u00e4dess\u00e4 yksimielisestikin p\u00e4\u00e4dyimme ratkaisuun. Kaikkea muutakin sovittiin pitk\u00e4lle ensi vuoden ja seuraavankin varalle. Ja taas mietin kaikkien positioita, p\u00e4\u00e4m\u00e4\u00e4ri\u00e4. Miksip\u00e4 meist\u00e4 kukaan yhden helteisen loman aikana olisi muuttunut? Miksip\u00e4 muuttuisi?<\/p>\n<p>Iltap\u00e4iv\u00e4ll\u00e4 jo muutama kandiseminaarilainenkin. Min\u00e4 toistelen niit\u00e4 samoja juttuja, joita olen jo yhdeks\u00e4n vuotta kandiseminaarilaisille selitt\u00e4nyt. Ajattelen toistavani itse\u00e4ni. No niinp\u00e4! Mutta opiskelijathan kuitenkin vaihtuvat. \ud83d\ude09<\/p>\n<p>Kun t\u00f6iden j\u00e4lkeen l\u00e4hden k\u00e4ym\u00e4\u00e4n Caritaksessa k\u00e4ynkin kodin kautta, ajelen py\u00f6r\u00e4n talliin ja otan auton. Ja vain v\u00e4h\u00e4n olen itselleni vihainen, etten laiskuuttani py\u00f6r\u00e4illyt. En sitten l\u00e4htenyt lenkillek\u00e4\u00e4n. Enh\u00e4n min\u00e4 iltaisin. Ty\u00f6p\u00e4ivin\u00e4 varsinkaan.<\/p>\n<p style=\"text-align: center;\"><a href=\"https:\/\/www.satokangas.fi\/blogi\/wp-content\/uploads\/2013\/08\/luonto-6.jpg\"><img loading=\"lazy\" decoding=\"async\" data-attachment-id=\"18341\" data-permalink=\"https:\/\/www.satokangas.fi\/blogi\/2013\/08\/urautunutta-tuttua-ei-se-arki-kuitenkaan-niin-huono-asia-ole\/luonto-6\/\" data-orig-file=\"https:\/\/www.satokangas.fi\/blogi\/wp-content\/uploads\/2013\/08\/luonto-6.jpg\" data-orig-size=\"2250,1500\" data-comments-opened=\"1\" data-image-meta=\"{&quot;aperture&quot;:&quot;4&quot;,&quot;credit&quot;:&quot;Reija Satokangas&quot;,&quot;camera&quot;:&quot;Canon EOS 5D Mark II&quot;,&quot;caption&quot;:&quot;&quot;,&quot;created_timestamp&quot;:&quot;1374599658&quot;,&quot;copyright&quot;:&quot;&quot;,&quot;focal_length&quot;:&quot;73&quot;,&quot;iso&quot;:&quot;250&quot;,&quot;shutter_speed&quot;:&quot;0.005&quot;,&quot;title&quot;:&quot;&quot;}\" data-image-title=\"luonto-6\" data-image-description=\"\" data-image-caption=\"\" data-large-file=\"https:\/\/www.satokangas.fi\/blogi\/wp-content\/uploads\/2013\/08\/luonto-6-1536x1024.jpg\" class=\"size-medium wp-image-18341 aligncenter\" style=\"border: 5px solid grey;\" alt=\"luonto-6\" src=\"https:\/\/www.satokangas.fi\/blogi\/wp-content\/uploads\/2013\/08\/luonto-6-600x400.jpg\" width=\"600\" height=\"400\" srcset=\"https:\/\/www.satokangas.fi\/blogi\/wp-content\/uploads\/2013\/08\/luonto-6-600x400.jpg 600w, https:\/\/www.satokangas.fi\/blogi\/wp-content\/uploads\/2013\/08\/luonto-6-300x200.jpg 300w, https:\/\/www.satokangas.fi\/blogi\/wp-content\/uploads\/2013\/08\/luonto-6-1536x1024.jpg 1536w\" sizes=\"auto, (max-width: 600px) 100vw, 600px\" \/><\/a><\/p>\n<p>&nbsp;<\/p>\n","protected":false},"excerpt":{"rendered":"<p>&#8211; Olisiko sittenkin pit\u00e4nyt ottaa takki? Auringosta, kes\u00e4isest\u00e4 aamusta huolimatta tuntuu kalsealta, varsinkin niill\u00e4 p\u00e4tkill\u00e4 kun py\u00f6r\u00e4tie kulkee mets\u00e4n varjossa liki palelee. Mutta sitten kun olen ty\u00f6huoneessani, on jo kuuma. Miksen sittenkin laittanut sit\u00e4 salsahametta ja kes\u00e4neuletta! Aamukahvilla viel\u00e4 uusia t\u00f6ihin palaajia, &#8211; viel\u00e4 jutut liikkuvat menneiss\u00e4 lomissa, matkoissa. Mutta minun pit\u00e4\u00e4 ehti\u00e4 k\u00e4yd\u00e4 viel\u00e4 tiedekunnassa ennen kokousta: onko oikeasti &hellip; <\/p>\n","protected":false},"author":1,"featured_media":0,"comment_status":"open","ping_status":"open","sticky":false,"template":"","format":"standard","meta":{"jetpack_post_was_ever_published":false,"_jetpack_newsletter_access":"","_jetpack_dont_email_post_to_subs":false,"_jetpack_newsletter_tier_id":0,"_jetpack_memberships_contains_paywalled_content":false,"_jetpack_memberships_contains_paid_content":false,"footnotes":"","jetpack_publicize_message":"","jetpack_publicize_feature_enabled":true,"jetpack_social_post_already_shared":true,"jetpack_social_options":{"image_generator_settings":{"template":"highway","default_image_id":0,"font":"","enabled":false},"version":2}},"categories":[1,32],"tags":[],"class_list":["post-18340","post","type-post","status-publish","format-standard","hentry","category-aiheeton","category-yliopistoelamaa","latest_post"],"jetpack_publicize_connections":[],"jetpack_featured_media_url":"","jetpack_shortlink":"https:\/\/wp.me\/pr4p4-4LO","jetpack_sharing_enabled":true,"jetpack_likes_enabled":false,"jetpack-related-posts":[{"id":34254,"url":"https:\/\/www.satokangas.fi\/blogi\/2018\/06\/paluu-liikennepuistoon\/","url_meta":{"origin":18340,"position":0},"title":"Paluu liikennepuistoon","author":"Reija","date":"21.6.2018","format":false,"excerpt":"Iltavuoro. Ja sen aluksi olin Apsun kanssa liikennepuistossa. Oikeastaan t\u00e4n\u00e4\u00e4n vasta tajusin, kuinka paljon min\u00e4 olen sit\u00e4 odottanut. Sinne liittyy minulla niin paljon hyvi\u00e4 muistoja omasta lapsuudesta ja omien lasten kanssa siell\u00e4 vietetyist\u00e4 iltap\u00e4ivist\u00e4, ett\u00e4 olen kovasti odottanut voivani vied\u00e4 pojanpojan sinne. Kolmivuotias osaa jo polkea ja ylt\u00e4\u00e4 juuri ja\u2026","rel":"","context":"Kategoriassa &quot;Isovanhemmuus&quot;","block_context":{"text":"Isovanhemmuus","link":"https:\/\/www.satokangas.fi\/blogi\/category\/isovanhemmuus\/"},"img":{"alt_text":"","src":"https:\/\/i0.wp.com\/www.satokangas.fi\/blogi\/wp-content\/uploads\/2018\/06\/DSC_0886.jpg?resize=350%2C200&ssl=1","width":350,"height":200,"srcset":"https:\/\/i0.wp.com\/www.satokangas.fi\/blogi\/wp-content\/uploads\/2018\/06\/DSC_0886.jpg?resize=350%2C200&ssl=1 1x, https:\/\/i0.wp.com\/www.satokangas.fi\/blogi\/wp-content\/uploads\/2018\/06\/DSC_0886.jpg?resize=525%2C300&ssl=1 1.5x, https:\/\/i0.wp.com\/www.satokangas.fi\/blogi\/wp-content\/uploads\/2018\/06\/DSC_0886.jpg?resize=700%2C400&ssl=1 2x"},"classes":[]},{"id":4045,"url":"https:\/\/www.satokangas.fi\/blogi\/2009\/08\/juhlat-juhlittu\/","url_meta":{"origin":18340,"position":1},"title":"Juhlat juhlittu","author":"Reija","date":"16.8.2009","format":false,"excerpt":"Ja min\u00e4 sanoin sit\u00e4 uneksi, koska halusin j\u00e4\u00e4d\u00e4. Tua Forsstr\u00f6m ________________________________________________ Eilisen ja t\u00e4m\u00e4n aamun pitki\u00e4 rullistelulenkkej\u00e4 lukuunottamatta kaksi p\u00e4iv\u00e4\u00e4 on kulunut enemm\u00e4n tai v\u00e4hemm\u00e4n ruoan \u00e4\u00e4rell\u00e4. Sit\u00e4 hankkien, tehden ja sy\u00f6den. Paluu ker\u00e4ilyaikakauteen? No ehkei ihan. Kes\u00e4n Suuri Juhla on ohi. Juhla on minulle aina iso juttu. Niin t\u00e4n\u00e4kin\u2026","rel":"","context":"Kategoriassa &quot;Niit\u00e4 n\u00e4it\u00e4&quot;","block_context":{"text":"Niit\u00e4 n\u00e4it\u00e4","link":"https:\/\/www.satokangas.fi\/blogi\/category\/aiheeton\/"},"img":{"alt_text":"tapakset","src":"https:\/\/i0.wp.com\/www.satokangas.fi\/blogi\/wp-content\/uploads\/2009\/08\/tapakset-500x398.jpg?resize=350%2C200&ssl=1","width":350,"height":200},"classes":[]},{"id":43346,"url":"https:\/\/www.satokangas.fi\/blogi\/2022\/07\/pionien-aikaan\/","url_meta":{"origin":18340,"position":2},"title":"Pionien aikaan","author":"Reija","date":"8.7.2022","format":false,"excerpt":"Sellainen vapaap\u00e4iv\u00e4-fiilis heti aamusta. Erin\u00e4isi\u00e4 velvollisuuspankkiasioita ja viranomaisyhteydenottoja (edesmenneen \u00e4idin asioita viel\u00e4) aamup\u00e4iv\u00e4ll\u00e4, kaikenmoista kalenteriasiaa ja sitten ulos. Oli aika kylm\u00e4. Tai siis ihan hiton tuulista. Tavoitteena se 40 km kuten koko t\u00e4ll\u00e4 viikolla. Kuten koko lomaviikon j\u00e4lkeiseen ryhtiliikkeeseen kuuluu, mutta enp\u00e4 ihan jaksanut. Hissuksiin kiertelin py\u00f6r\u00e4n kanssa kolmisen tuntia\u2026","rel":"","context":"Kategoriassa &quot;Niit\u00e4 n\u00e4it\u00e4&quot;","block_context":{"text":"Niit\u00e4 n\u00e4it\u00e4","link":"https:\/\/www.satokangas.fi\/blogi\/category\/aiheeton\/"},"img":{"alt_text":"","src":"https:\/\/i0.wp.com\/www.satokangas.fi\/blogi\/wp-content\/uploads\/2022\/07\/1-56.jpg?resize=350%2C200&ssl=1","width":350,"height":200,"srcset":"https:\/\/i0.wp.com\/www.satokangas.fi\/blogi\/wp-content\/uploads\/2022\/07\/1-56.jpg?resize=350%2C200&ssl=1 1x, https:\/\/i0.wp.com\/www.satokangas.fi\/blogi\/wp-content\/uploads\/2022\/07\/1-56.jpg?resize=525%2C300&ssl=1 1.5x, https:\/\/i0.wp.com\/www.satokangas.fi\/blogi\/wp-content\/uploads\/2022\/07\/1-56.jpg?resize=700%2C400&ssl=1 2x"},"classes":[]},{"id":9351,"url":"https:\/\/www.satokangas.fi\/blogi\/2010\/11\/hiukset-ja-identiteetti\/","url_meta":{"origin":18340,"position":3},"title":"Hiukset ja identiteetti","author":"Reija","date":"5.11.2010","format":false,"excerpt":"Kampaajalla k\u00e4ydess\u00e4 mietin, kuinka paljon ihmisen oleminen, identiteetti, arki, oma kuva, on kiinni ulkon\u00e4\u00f6st\u00e4? Sit\u00e4 vaan, ett\u00e4 taidan palata \u00a0blondiksi, blondimmaksi... Vaikka t\u00e4m\u00e4 brunettius on luomumpaa, paljon halvempaa, paljon nopeampaa, oikeasti aidompaa \u00a0kuin jatkuva v\u00e4rj\u00e4ys ... mutta jos blondius on kuitenkin\u00a0 omempi ... vaikuttaako se persoonallisuuteeni....? Minulle hiukset, tukka, on\u2026","rel":"","context":"Kategoriassa &quot;Niit\u00e4 n\u00e4it\u00e4&quot;","block_context":{"text":"Niit\u00e4 n\u00e4it\u00e4","link":"https:\/\/www.satokangas.fi\/blogi\/category\/aiheeton\/"},"img":{"alt_text":"","src":"https:\/\/i0.wp.com\/www.satokangas.fi\/blogi\/wp-content\/uploads\/Johtava-rengasmyyj%C3%A41-266x400.jpg?resize=350%2C200&ssl=1","width":350,"height":200},"classes":[]},{"id":41796,"url":"https:\/\/www.satokangas.fi\/blogi\/2021\/10\/etatyolaiset-yhdessa\/","url_meta":{"origin":18340,"position":4},"title":"Et\u00e4ty\u00f6l\u00e4iset yhdess\u00e4","author":"Reija","date":"24.10.2021","format":false,"excerpt":"Saarisel\u00e4ll\u00e4 paistaa. Kiilop\u00e4\u00e4ll\u00e4 t\u00e4n\u00e4\u00e4n puolelta p\u00e4ivin n\u00e4ytti silt\u00e4 kuin olisi maaliskuu. Kimmelt\u00e4v\u00e4t hanget, aurinko paistaa kirkkaasti siniselt\u00e4 taivaalta, eik\u00e4 kaamoksen tuntua hitustakaan. Ei, emme ole m\u00f6kill\u00e4, vaan Ty\u00e4r l\u00e4hetti t\u00e4llaisen otoksen: olivat J:n kanssa aamup\u00e4iv\u00e4ll\u00e4 kavunneet tunturiin. Et\u00e4ilij\u00e4t ovat t\u00e4ll\u00e4 er\u00e4\u00e4 viihtyneet jo kolme viikkoa Hangasojan varressa, aikovat olla viel\u00e4\u2026","rel":"","context":"Kategoriassa &quot;M\u00f6kkiel\u00e4m\u00e4\u00e4&quot;","block_context":{"text":"M\u00f6kkiel\u00e4m\u00e4\u00e4","link":"https:\/\/www.satokangas.fi\/blogi\/category\/mokkielamaa\/"},"img":{"alt_text":"","src":"https:\/\/i0.wp.com\/www.satokangas.fi\/blogi\/wp-content\/uploads\/2021\/10\/0f509bbc-041c-40b6-9e79-a4192e21d2bf-1365x1024.jpg?resize=350%2C200&ssl=1","width":350,"height":200,"srcset":"https:\/\/i0.wp.com\/www.satokangas.fi\/blogi\/wp-content\/uploads\/2021\/10\/0f509bbc-041c-40b6-9e79-a4192e21d2bf-1365x1024.jpg?resize=350%2C200&ssl=1 1x, https:\/\/i0.wp.com\/www.satokangas.fi\/blogi\/wp-content\/uploads\/2021\/10\/0f509bbc-041c-40b6-9e79-a4192e21d2bf-1365x1024.jpg?resize=525%2C300&ssl=1 1.5x, https:\/\/i0.wp.com\/www.satokangas.fi\/blogi\/wp-content\/uploads\/2021\/10\/0f509bbc-041c-40b6-9e79-a4192e21d2bf-1365x1024.jpg?resize=700%2C400&ssl=1 2x"},"classes":[]},{"id":2845,"url":"https:\/\/www.satokangas.fi\/blogi\/2009\/03\/ehtymaton-luonnonvara\/","url_meta":{"origin":18340,"position":5},"title":"Ehtym\u00e4t\u00f6n luonnonvara","author":"Reija","date":"19.3.2009","format":false,"excerpt":"Mist\u00e4 niit\u00e4 aina tulee? Hetken luulet, ett\u00e4 m\u00e4\u00e4r\u00e4 on v\u00e4henem\u00e4\u00e4n p\u00e4in, yht\u00e4\u00e4n lajityyppins\u00e4 edustajaa et ole n\u00e4hnyt tai kuullut pitk\u00e4\u00e4n aikaan. Ajattelet, ett\u00e4 josko ovat tukehtuneet omaan ahdistukseensa tai ett\u00e4 ovat vaihtaneet reviiri\u00e4 niin ettei niit\u00e4 siksik\u00e4\u00e4n esiinny. Mutta sitten kuuletkin, mutkan kautta kuten t\u00e4m\u00e4n lajin tunnistamisessa yleens\u00e4 tapahtuu, ett\u00e4\u2026","rel":"","context":"Kategoriassa &quot;Niit\u00e4 n\u00e4it\u00e4&quot;","block_context":{"text":"Niit\u00e4 n\u00e4it\u00e4","link":"https:\/\/www.satokangas.fi\/blogi\/category\/aiheeton\/"},"img":{"alt_text":"","src":"","width":0,"height":0},"classes":[]}],"_links":{"self":[{"href":"https:\/\/www.satokangas.fi\/blogi\/wp-json\/wp\/v2\/posts\/18340","targetHints":{"allow":["GET"]}}],"collection":[{"href":"https:\/\/www.satokangas.fi\/blogi\/wp-json\/wp\/v2\/posts"}],"about":[{"href":"https:\/\/www.satokangas.fi\/blogi\/wp-json\/wp\/v2\/types\/post"}],"author":[{"embeddable":true,"href":"https:\/\/www.satokangas.fi\/blogi\/wp-json\/wp\/v2\/users\/1"}],"replies":[{"embeddable":true,"href":"https:\/\/www.satokangas.fi\/blogi\/wp-json\/wp\/v2\/comments?post=18340"}],"version-history":[{"count":0,"href":"https:\/\/www.satokangas.fi\/blogi\/wp-json\/wp\/v2\/posts\/18340\/revisions"}],"wp:attachment":[{"href":"https:\/\/www.satokangas.fi\/blogi\/wp-json\/wp\/v2\/media?parent=18340"}],"wp:term":[{"taxonomy":"category","embeddable":true,"href":"https:\/\/www.satokangas.fi\/blogi\/wp-json\/wp\/v2\/categories?post=18340"},{"taxonomy":"post_tag","embeddable":true,"href":"https:\/\/www.satokangas.fi\/blogi\/wp-json\/wp\/v2\/tags?post=18340"}],"curies":[{"name":"wp","href":"https:\/\/api.w.org\/{rel}","templated":true}]}}