{"id":18133,"date":"2013-07-23T19:09:42","date_gmt":"2013-07-23T16:09:42","guid":{"rendered":"https:\/\/www.satokangas.fi\/blogi\/?p=18133"},"modified":"2013-07-23T22:21:29","modified_gmt":"2013-07-23T19:21:29","slug":"odottamattomia-juttuja","status":"publish","type":"post","link":"https:\/\/www.satokangas.fi\/blogi\/2013\/07\/odottamattomia-juttuja\/","title":{"rendered":"Odottamattomia juttuja"},"content":{"rendered":"<p>On p\u00e4ivi\u00e4, jotka menev\u00e4t ihan toisin kuin olit ajatellut. T\u00e4m\u00e4 on ollut sellainen p\u00e4iv\u00e4.<\/p>\n<p>Ei mm. ollut pienint\u00e4k\u00e4\u00e4n tarkoitusta k\u00e4yd\u00e4 t\u00f6iss\u00e4 t\u00e4n\u00e4\u00e4n. K\u00e4vinp\u00e4 silti. Siell\u00e4 tuoksui lattiavaha, eik\u00e4 siell\u00e4 ollut ket\u00e4\u00e4n. Ei ket\u00e4\u00e4n. Muutoin siell\u00e4 oli sellaista kuin h\u00e4m\u00e4r\u00e4sti muistelinkin. T\u00e4m\u00e4 kertoo siit\u00e4, ett\u00e4 olen taas kerran niin typer\u00e4, ett\u00e4 alan jo liu\u00b4uttaa itse\u00e4ni t\u00f6ihin. Mietin jo, ett\u00e4 &#8221;eih\u00e4n t\u00e4ss\u00e4 en\u00e4\u00e4 ehdi&#8221;, &#8221;en\u00e4\u00e4 niin ja niin monta p\u00e4iv\u00e4\u00e4&#8221;, ja &#8221;pit\u00e4isi jo ryhty\u00e4 nukkumaan ajoissa&#8221;, ja alan katsella jo v\u00e4h\u00e4n kalenteria valmiiksi, sopia tapaamisia, tehd\u00e4 listaa, mist\u00e4 aloittaa duunit&#8230; Ja kaikinpuolin olen ik\u00e4v\u00e4 ihminen n\u00e4in loman hiipuessa kohti loppuaan. Miksen revittele sunnuntai-iltaan asti ja her\u00e4\u00e4 maanantaina kertarys\u00e4yksell\u00e4 todellisuuteen: TY\u00d6P\u00c4IV\u00c4!<\/p>\n<p>Jospa min\u00e4 yritt\u00e4isin. Varsinkin nyt kun saimme viel\u00e4 l\u00e4mm\u00f6n!<\/p>\n<p style=\"text-align: center;\"><a href=\"https:\/\/www.satokangas.fi\/blogi\/wp-content\/uploads\/2013\/07\/Sieppaa3.jpg\"><img loading=\"lazy\" decoding=\"async\" data-attachment-id=\"18134\" data-permalink=\"https:\/\/www.satokangas.fi\/blogi\/2013\/07\/odottamattomia-juttuja\/sieppaa-10\/\" data-orig-file=\"https:\/\/www.satokangas.fi\/blogi\/wp-content\/uploads\/2013\/07\/Sieppaa3.jpg\" data-orig-size=\"644,360\" data-comments-opened=\"1\" data-image-meta=\"{&quot;aperture&quot;:&quot;0&quot;,&quot;credit&quot;:&quot;Reija&quot;,&quot;camera&quot;:&quot;&quot;,&quot;caption&quot;:&quot;&quot;,&quot;created_timestamp&quot;:&quot;1374602698&quot;,&quot;copyright&quot;:&quot;&quot;,&quot;focal_length&quot;:&quot;0&quot;,&quot;iso&quot;:&quot;0&quot;,&quot;shutter_speed&quot;:&quot;0&quot;,&quot;title&quot;:&quot;&quot;}\" data-image-title=\"Sieppaa\" data-image-description=\"\" data-image-caption=\"\" data-large-file=\"https:\/\/www.satokangas.fi\/blogi\/wp-content\/uploads\/2013\/07\/Sieppaa3.jpg\" class=\"size-medium wp-image-18134 aligncenter\" alt=\"Sieppaa\" src=\"https:\/\/www.satokangas.fi\/blogi\/wp-content\/uploads\/2013\/07\/Sieppaa3-600x335.jpg\" width=\"600\" height=\"335\" srcset=\"https:\/\/www.satokangas.fi\/blogi\/wp-content\/uploads\/2013\/07\/Sieppaa3-600x335.jpg 600w, https:\/\/www.satokangas.fi\/blogi\/wp-content\/uploads\/2013\/07\/Sieppaa3-300x167.jpg 300w, https:\/\/www.satokangas.fi\/blogi\/wp-content\/uploads\/2013\/07\/Sieppaa3.jpg 644w\" sizes=\"auto, (max-width: 600px) 100vw, 600px\" \/><\/a><\/p>\n<p>&nbsp;<\/p>\n<p>Tarkoitus oli huomenna l\u00e4hte\u00e4 sinne kes\u00e4retkelleni, mutta eip\u00e4 se nyt taida onnistua, liek\u00f6 ollenkaan&#8230; Mutta JOS p\u00e4\u00e4sen p\u00e4iv\u00e4rundilleni niin\u00a0<a title=\"Pieni\u00e4 ja pitki\u00e4 matkoja suunnitellen\" href=\"https:\/\/www.satokangas.fi\/blogi\/2013\/06\/pienia-ja-pitkia-matkoja-suunnitellen\/\">kilpailu<\/a>\u00a0tulee, palkinnotkin on jo hommattuna. \ud83d\ude42<\/p>\n<p>J\u00e4\u00e4liss\u00e4 k\u00e4ytiin t\u00e4n\u00e4\u00e4n kun pappa (pehtoorin is\u00e4) t\u00e4ytti kunniakkaat 88 vuotta. Kaikenmoista muutakin suhaamista eestaas koko p\u00e4iv\u00e4.<\/p>\n<p style=\"text-align: center;\"><a href=\"https:\/\/www.satokangas.fi\/blogi\/wp-content\/uploads\/2013\/07\/3.jpg\"><img loading=\"lazy\" decoding=\"async\" data-attachment-id=\"18135\" data-permalink=\"https:\/\/www.satokangas.fi\/blogi\/2013\/07\/odottamattomia-juttuja\/3-9\/\" data-orig-file=\"https:\/\/www.satokangas.fi\/blogi\/wp-content\/uploads\/2013\/07\/3.jpg\" data-orig-size=\"1500,1000\" data-comments-opened=\"1\" data-image-meta=\"{&quot;aperture&quot;:&quot;4&quot;,&quot;credit&quot;:&quot;Reija Satokangas&quot;,&quot;camera&quot;:&quot;Canon EOS 5D Mark II&quot;,&quot;caption&quot;:&quot;&quot;,&quot;created_timestamp&quot;:&quot;1374599725&quot;,&quot;copyright&quot;:&quot;&quot;,&quot;focal_length&quot;:&quot;75&quot;,&quot;iso&quot;:&quot;100&quot;,&quot;shutter_speed&quot;:&quot;0.003125&quot;,&quot;title&quot;:&quot;&quot;}\" data-image-title=\"3\" data-image-description=\"\" data-image-caption=\"\" data-large-file=\"https:\/\/www.satokangas.fi\/blogi\/wp-content\/uploads\/2013\/07\/3.jpg\" class=\"aligncenter size-medium wp-image-18135\" alt=\"3\" src=\"https:\/\/www.satokangas.fi\/blogi\/wp-content\/uploads\/2013\/07\/3-600x400.jpg\" width=\"600\" height=\"400\" srcset=\"https:\/\/www.satokangas.fi\/blogi\/wp-content\/uploads\/2013\/07\/3-600x400.jpg 600w, https:\/\/www.satokangas.fi\/blogi\/wp-content\/uploads\/2013\/07\/3-300x200.jpg 300w, https:\/\/www.satokangas.fi\/blogi\/wp-content\/uploads\/2013\/07\/3.jpg 1500w\" sizes=\"auto, (max-width: 600px) 100vw, 600px\" \/><\/a><\/p>\n<p style=\"text-align: center;\"><a href=\"https:\/\/www.satokangas.fi\/blogi\/wp-content\/uploads\/2013\/07\/4.jpg\"><img loading=\"lazy\" decoding=\"async\" data-attachment-id=\"18136\" data-permalink=\"https:\/\/www.satokangas.fi\/blogi\/2013\/07\/odottamattomia-juttuja\/4-12\/\" data-orig-file=\"https:\/\/www.satokangas.fi\/blogi\/wp-content\/uploads\/2013\/07\/4.jpg\" data-orig-size=\"1500,1000\" data-comments-opened=\"1\" data-image-meta=\"{&quot;aperture&quot;:&quot;4&quot;,&quot;credit&quot;:&quot;Reija Satokangas&quot;,&quot;camera&quot;:&quot;Canon EOS 5D Mark II&quot;,&quot;caption&quot;:&quot;&quot;,&quot;created_timestamp&quot;:&quot;1374599730&quot;,&quot;copyright&quot;:&quot;&quot;,&quot;focal_length&quot;:&quot;102&quot;,&quot;iso&quot;:&quot;100&quot;,&quot;shutter_speed&quot;:&quot;0.02&quot;,&quot;title&quot;:&quot;&quot;}\" data-image-title=\"4\" data-image-description=\"\" data-image-caption=\"\" data-large-file=\"https:\/\/www.satokangas.fi\/blogi\/wp-content\/uploads\/2013\/07\/4.jpg\" class=\"size-medium wp-image-18136 aligncenter\" alt=\"4\" src=\"https:\/\/www.satokangas.fi\/blogi\/wp-content\/uploads\/2013\/07\/4-600x400.jpg\" width=\"600\" height=\"400\" srcset=\"https:\/\/www.satokangas.fi\/blogi\/wp-content\/uploads\/2013\/07\/4-600x400.jpg 600w, https:\/\/www.satokangas.fi\/blogi\/wp-content\/uploads\/2013\/07\/4-300x200.jpg 300w, https:\/\/www.satokangas.fi\/blogi\/wp-content\/uploads\/2013\/07\/4.jpg 1500w\" sizes=\"auto, (max-width: 600px) 100vw, 600px\" \/><\/a><\/p>\n<p>Nyt taidan ryhty\u00e4 viimeistelem\u00e4\u00e4n <a href=\"http:\/\/www.satokangas.fi\/Matka\/Meksiko%202013\/index.html\">Meksiko-sivut<\/a> (hope so, ett\u00e4 saan ennen puolta y\u00f6t\u00e4 valmiiksi). Ai niin, yksi &#8221;kes\u00e4lomaprojekti&#8221; (= uusi lamppu) on pois p\u00e4iv\u00e4j\u00e4rjestyksest\u00e4. Poulsenhan se meill\u00e4 nyt on&#8230;<\/p>\n<p style=\"text-align: center;\"><a href=\"https:\/\/www.satokangas.fi\/blogi\/wp-content\/uploads\/2013\/07\/lamppu.jpg\"><img loading=\"lazy\" decoding=\"async\" data-attachment-id=\"18137\" data-permalink=\"https:\/\/www.satokangas.fi\/blogi\/2013\/07\/odottamattomia-juttuja\/lamppu-4\/\" data-orig-file=\"https:\/\/www.satokangas.fi\/blogi\/wp-content\/uploads\/2013\/07\/lamppu.jpg\" data-orig-size=\"1267,1000\" data-comments-opened=\"1\" data-image-meta=\"{&quot;aperture&quot;:&quot;2.5&quot;,&quot;credit&quot;:&quot;Reija Satokangas&quot;,&quot;camera&quot;:&quot;Canon EOS 5D Mark II&quot;,&quot;caption&quot;:&quot;&quot;,&quot;created_timestamp&quot;:&quot;1374312573&quot;,&quot;copyright&quot;:&quot;&quot;,&quot;focal_length&quot;:&quot;35&quot;,&quot;iso&quot;:&quot;1000&quot;,&quot;shutter_speed&quot;:&quot;0.005&quot;,&quot;title&quot;:&quot;&quot;}\" data-image-title=\"lamppu\" data-image-description=\"\" data-image-caption=\"\" data-large-file=\"https:\/\/www.satokangas.fi\/blogi\/wp-content\/uploads\/2013\/07\/lamppu.jpg\" class=\"aligncenter size-medium wp-image-18137\" alt=\"lamppu\" src=\"https:\/\/www.satokangas.fi\/blogi\/wp-content\/uploads\/2013\/07\/lamppu-506x400.jpg\" width=\"506\" height=\"400\" srcset=\"https:\/\/www.satokangas.fi\/blogi\/wp-content\/uploads\/2013\/07\/lamppu-506x400.jpg 506w, https:\/\/www.satokangas.fi\/blogi\/wp-content\/uploads\/2013\/07\/lamppu-300x236.jpg 300w, https:\/\/www.satokangas.fi\/blogi\/wp-content\/uploads\/2013\/07\/lamppu.jpg 1267w\" sizes=\"auto, (max-width: 506px) 100vw, 506px\" \/><\/a><\/p>\n<p style=\"text-align: center;\"><a href=\"https:\/\/www.satokangas.fi\/blogi\/wp-content\/uploads\/2013\/07\/lamppu-2.jpg\"><img loading=\"lazy\" decoding=\"async\" data-attachment-id=\"18138\" data-permalink=\"https:\/\/www.satokangas.fi\/blogi\/2013\/07\/odottamattomia-juttuja\/lamppu-2-2\/\" data-orig-file=\"https:\/\/www.satokangas.fi\/blogi\/wp-content\/uploads\/2013\/07\/lamppu-2.jpg\" data-orig-size=\"1500,1000\" data-comments-opened=\"1\" data-image-meta=\"{&quot;aperture&quot;:&quot;1.4&quot;,&quot;credit&quot;:&quot;Reija Satokangas&quot;,&quot;camera&quot;:&quot;Canon EOS 5D Mark II&quot;,&quot;caption&quot;:&quot;&quot;,&quot;created_timestamp&quot;:&quot;1374312593&quot;,&quot;copyright&quot;:&quot;&quot;,&quot;focal_length&quot;:&quot;35&quot;,&quot;iso&quot;:&quot;1000&quot;,&quot;shutter_speed&quot;:&quot;0.0008&quot;,&quot;title&quot;:&quot;&quot;}\" data-image-title=\"lamppu-2\" data-image-description=\"\" data-image-caption=\"\" data-large-file=\"https:\/\/www.satokangas.fi\/blogi\/wp-content\/uploads\/2013\/07\/lamppu-2.jpg\" class=\"size-medium wp-image-18138 aligncenter\" alt=\"lamppu-2\" src=\"https:\/\/www.satokangas.fi\/blogi\/wp-content\/uploads\/2013\/07\/lamppu-2-600x400.jpg\" width=\"600\" height=\"400\" srcset=\"https:\/\/www.satokangas.fi\/blogi\/wp-content\/uploads\/2013\/07\/lamppu-2-600x400.jpg 600w, https:\/\/www.satokangas.fi\/blogi\/wp-content\/uploads\/2013\/07\/lamppu-2-300x200.jpg 300w, https:\/\/www.satokangas.fi\/blogi\/wp-content\/uploads\/2013\/07\/lamppu-2.jpg 1500w\" sizes=\"auto, (max-width: 600px) 100vw, 600px\" \/><\/a><\/p>\n<p>&nbsp;<\/p>\n<p>Tilasin netist\u00e4 (ihan turhaa ramppaamista ja ressi\u00e4 kaupungilla), tuli postissa nelj\u00e4ss\u00e4 p\u00e4iv\u00e4ss\u00e4 ja kotiovelle ilman mit\u00e4\u00e4n rahtimaksuja. Olemme tyytyv\u00e4isi\u00e4.<\/p>\n","protected":false},"excerpt":{"rendered":"<p>On p\u00e4ivi\u00e4, jotka menev\u00e4t ihan toisin kuin olit ajatellut. T\u00e4m\u00e4 on ollut sellainen p\u00e4iv\u00e4. Ei mm. ollut pienint\u00e4k\u00e4\u00e4n tarkoitusta k\u00e4yd\u00e4 t\u00f6iss\u00e4 t\u00e4n\u00e4\u00e4n. K\u00e4vinp\u00e4 silti. Siell\u00e4 tuoksui lattiavaha, eik\u00e4 siell\u00e4 ollut ket\u00e4\u00e4n. Ei ket\u00e4\u00e4n. Muutoin siell\u00e4 oli sellaista kuin h\u00e4m\u00e4r\u00e4sti muistelinkin. T\u00e4m\u00e4 kertoo siit\u00e4, ett\u00e4 olen taas kerran niin typer\u00e4, ett\u00e4 alan jo liu\u00b4uttaa itse\u00e4ni t\u00f6ihin. Mietin jo, ett\u00e4 &#8221;eih\u00e4n t\u00e4ss\u00e4 &hellip; <\/p>\n","protected":false},"author":1,"featured_media":0,"comment_status":"open","ping_status":"open","sticky":false,"template":"","format":"standard","meta":{"jetpack_post_was_ever_published":false,"_jetpack_newsletter_access":"","_jetpack_dont_email_post_to_subs":false,"_jetpack_newsletter_tier_id":0,"_jetpack_memberships_contains_paywalled_content":false,"_jetpack_memberships_contains_paid_content":false,"footnotes":"","jetpack_publicize_message":"","jetpack_publicize_feature_enabled":true,"jetpack_social_post_already_shared":true,"jetpack_social_options":{"image_generator_settings":{"template":"highway","default_image_id":0,"font":"","enabled":false},"version":2}},"categories":[1],"tags":[],"class_list":["post-18133","post","type-post","status-publish","format-standard","hentry","category-aiheeton","latest_post"],"jetpack_publicize_connections":[],"jetpack_featured_media_url":"","jetpack_shortlink":"https:\/\/wp.me\/pr4p4-4It","jetpack_sharing_enabled":true,"jetpack_likes_enabled":false,"jetpack-related-posts":[{"id":22641,"url":"https:\/\/www.satokangas.fi\/blogi\/2014\/10\/nuorten-ystavyys\/","url_meta":{"origin":18133,"position":0},"title":"Nuorten yst\u00e4vyys","author":"Reija","date":"10.10.2014","format":false,"excerpt":"T\u00f6iss\u00e4 ei paljon ket\u00e4\u00e4n t\u00e4n\u00e4\u00e4n. Min\u00e4 nyt olin jo seitsem\u00e4n j\u00e4lkeen, ja mik\u00e4 rauha koko p\u00e4iv\u00e4n! Tulikin sitten oikein urakalla luettua opinn\u00e4ytteit\u00e4 ja niiden aihioita. Ja sellainen sis\u00e4\u00e4nrakennettu systeemi minussa on, ett\u00e4 kun sade piiskaa ikkunalautoihin, kun ty\u00f6huoneessa on sopiva h\u00e4m\u00e4r\u00e4, eik\u00e4 ulos, ulkoilemaan ole kaipuuta, niin uppoan ja viihdyn\u2026","rel":"","context":"Kategoriassa &quot;Niit\u00e4 n\u00e4it\u00e4&quot;","block_context":{"text":"Niit\u00e4 n\u00e4it\u00e4","link":"https:\/\/www.satokangas.fi\/blogi\/category\/aiheeton\/"},"img":{"alt_text":"anne 1","src":"https:\/\/i0.wp.com\/www.satokangas.fi\/blogi\/wp-content\/uploads\/2014\/10\/anne-1-485x400.jpg?resize=350%2C200&ssl=1","width":350,"height":200},"classes":[]},{"id":48222,"url":"https:\/\/www.satokangas.fi\/blogi\/2024\/01\/kansalaisaktiivisuutta\/","url_meta":{"origin":18133,"position":1},"title":"Kansalaisaktiivisuutta?","author":"Reija","date":"9.1.2024","format":false,"excerpt":"Koskapa t\u00e4m\u00e4 postauksen teko venyi n\u00e4in pitk\u00e4lle, en sittenk\u00e4\u00e4n tee aikomaani kysely\u00e4. Huomenna sitten. ... P\u00e4iv\u00e4ss\u00e4 on ollut hopusti hommaa, koneelle en ole juuri ehtinyt. Siivousta, asioita, kirjastoa - viihdyinkin aika kauan, lankojen ostoa [taasko itselle neule? - kyll\u00e4, neulominen on mukavaa, halpaa, terapeuttista. Kukaan l\u00e4hipiiriss\u00e4 ei tiet\u00e4\u00e4kseni tarvi islantilaisneuletta,\u2026","rel":"","context":"Kategoriassa &quot;Niit\u00e4 n\u00e4it\u00e4&quot;","block_context":{"text":"Niit\u00e4 n\u00e4it\u00e4","link":"https:\/\/www.satokangas.fi\/blogi\/category\/aiheeton\/"},"img":{"alt_text":"","src":"https:\/\/i0.wp.com\/www.satokangas.fi\/blogi\/wp-content\/uploads\/2024\/01\/2024_1-22.jpg?resize=350%2C200&ssl=1","width":350,"height":200,"srcset":"https:\/\/i0.wp.com\/www.satokangas.fi\/blogi\/wp-content\/uploads\/2024\/01\/2024_1-22.jpg?resize=350%2C200&ssl=1 1x, https:\/\/i0.wp.com\/www.satokangas.fi\/blogi\/wp-content\/uploads\/2024\/01\/2024_1-22.jpg?resize=525%2C300&ssl=1 1.5x"},"classes":[]},{"id":27701,"url":"https:\/\/www.satokangas.fi\/blogi\/2016\/03\/helmikuun-jalkeen\/","url_meta":{"origin":18133,"position":2},"title":"Helmikuun j\u00e4lkeen&#8230;","author":"Reija","date":"1.3.2016","format":false,"excerpt":"P\u00e4iv\u00e4t menev\u00e4t erilailla kuin on suunnitellut. Useasti. Niin t\u00e4n\u00e4\u00e4nkin. Aamuvarhain olin liikkeell\u00e4, joten l\u00e4ht\u00f6 oli hyv\u00e4. Mutta oliko historiatieteiss\u00e4 ket\u00e4\u00e4n t\u00f6iss\u00e4 heti kahdeksan j\u00e4lkeen. Nope. Ei ket\u00e4\u00e4n. No mutta onnistuin roudaamaan nelj\u00e4 isoa (ei ihan Ikea, mutta sellaisia K-kaupan isoja) kassillista kirjoja pois kotona, kiertoon. Eik\u00e4 asioiden toimitus v\u00e4ltt\u00e4m\u00e4tt\u00e4 vaatinut\u2026","rel":"","context":"Kategoriassa &quot;Niit\u00e4 n\u00e4it\u00e4&quot;","block_context":{"text":"Niit\u00e4 n\u00e4it\u00e4","link":"https:\/\/www.satokangas.fi\/blogi\/category\/aiheeton\/"},"img":{"alt_text":"Valoa ja varjoa-3","src":"https:\/\/i0.wp.com\/www.satokangas.fi\/blogi\/wp-content\/uploads\/2016\/03\/Valoa-ja-varjoa-3-267x400.jpg?resize=350%2C200&ssl=1","width":350,"height":200},"classes":[]},{"id":12158,"url":"https:\/\/www.satokangas.fi\/blogi\/2011\/08\/tama-paiva-on-tehty\/","url_meta":{"origin":18133,"position":3},"title":"T\u00e4m\u00e4 p\u00e4iv\u00e4 on tehty &#8230;","author":"Reija","date":"8.8.2011","format":false,"excerpt":"T\u00e4m\u00e4 maanantai on tehty mustikoista, vadelmista. \u00a0Ulkona vihmovasta sateesta, viheli\u00e4isest\u00e4 sateesta, joka kertoo syksyn olevan l\u00e4hell\u00e4. T\u00e4m\u00e4 p\u00e4iv\u00e4 on tehty tytt\u00e4ren n\u00e4kemisest\u00e4, hyv\u00e4st\u00e4 mielest\u00e4 apen voidessa jo paremmin. T\u00e4m\u00e4 p\u00e4iv\u00e4 on tehty pitkien asialistojen tekemisest\u00e4, ja niiss\u00e4 mainittujen asioiden v\u00e4lttelyst\u00e4. T\u00e4m\u00e4 p\u00e4iv\u00e4 on tehty kotonaolosta. T\u00e4n\u00e4\u00e4n on ollut aikaa It\u00e4vallan\u2026","rel":"","context":"Kategoriassa &quot;Niit\u00e4 n\u00e4it\u00e4&quot;","block_context":{"text":"Niit\u00e4 n\u00e4it\u00e4","link":"https:\/\/www.satokangas.fi\/blogi\/category\/aiheeton\/"},"img":{"alt_text":"","src":"","width":0,"height":0},"classes":[]},{"id":11503,"url":"https:\/\/www.satokangas.fi\/blogi\/2011\/04\/junassa\/","url_meta":{"origin":18133,"position":4},"title":"Junassa","author":"Reija","date":"19.4.2011","format":false,"excerpt":"Juna Tampereelle l\u00e4htee ajallaan. Minulla on kuusi tuntia aikaa supistaa noin 20 tunniksi riitt\u00e4v\u00e4 luentoni pariin tuntiin: 100 vuotta linja-autoliikenteen historiaa pariin tuntiin. Mahdoton teht\u00e4v\u00e4. Yritett\u00e4v\u00e4 oli. Junavaunussa on vain yksi nuori nainen, yksi keski-ik\u00e4inen mies Tervolasta matkalla Tallinnaan \u2013 \u201d ihan vesiev\u00e4ill\u00e4 vaan\u201d. \u00a0No joo, kirkasta ainakin. Oikeasti hyvin\u2026","rel":"","context":"Kategoriassa &quot;Niit\u00e4 n\u00e4it\u00e4&quot;","block_context":{"text":"Niit\u00e4 n\u00e4it\u00e4","link":"https:\/\/www.satokangas.fi\/blogi\/category\/aiheeton\/"},"img":{"alt_text":"","src":"https:\/\/i0.wp.com\/www.satokangas.fi\/blogi\/wp-content\/uploads\/N%C3%A4sinneula-591x400.jpg?resize=350%2C200&ssl=1","width":350,"height":200,"srcset":"https:\/\/i0.wp.com\/www.satokangas.fi\/blogi\/wp-content\/uploads\/N%C3%A4sinneula-591x400.jpg?resize=350%2C200&ssl=1 1x, https:\/\/i0.wp.com\/www.satokangas.fi\/blogi\/wp-content\/uploads\/N%C3%A4sinneula-591x400.jpg?resize=525%2C300&ssl=1 1.5x"},"classes":[]},{"id":22059,"url":"https:\/\/www.satokangas.fi\/blogi\/2014\/07\/luontokuvaaja-toissa\/","url_meta":{"origin":18133,"position":5},"title":"Luontokuvaaja t\u00f6iss\u00e4","author":"Reija","date":"31.7.2014","format":false,"excerpt":"Kes\u00e4n, jollei vuosikymmenen, mahtavin ja voimakkain ukkonen mourunnut koko iltap\u00e4iv\u00e4n. Hienoja luontokuvia, sadekuvia, salamakuvia, usvakuvia, merikuvia, sadekes\u00e4kuvia, loiskivia l\u00e4t\u00e4k\u00f6it\u00e4, tulvivia alikulkuja, m\u00e4rki\u00e4 metsi\u00e4 kuvauskohteena.\u00a0Olisi ehk\u00e4 ollut. No kuvasin min\u00e4kin. Pitkin p\u00e4iv\u00e4\u00e4. Huoh! Kes\u00e4kukkia ei tarvi kastella. Se on hyv\u00e4 puoli. Eilen jo p\u00e4\u00e4tin, ett\u00e4 lobelioita en en\u00e4\u00e4 koskaan laita. Pid\u00e4n\u2026","rel":"","context":"Kategoriassa &quot;Niit\u00e4 n\u00e4it\u00e4&quot;","block_context":{"text":"Niit\u00e4 n\u00e4it\u00e4","link":"https:\/\/www.satokangas.fi\/blogi\/category\/aiheeton\/"},"img":{"alt_text":"Luontokuvaaja t\u00f6iss\u00e4-4","src":"https:\/\/i0.wp.com\/www.satokangas.fi\/blogi\/wp-content\/uploads\/2014\/07\/Luontokuvaaja-t%C3%B6iss%C3%A4-4-600x374.jpg?resize=350%2C200&ssl=1","width":350,"height":200,"srcset":"https:\/\/i0.wp.com\/www.satokangas.fi\/blogi\/wp-content\/uploads\/2014\/07\/Luontokuvaaja-t%C3%B6iss%C3%A4-4-600x374.jpg?resize=350%2C200&ssl=1 1x, https:\/\/i0.wp.com\/www.satokangas.fi\/blogi\/wp-content\/uploads\/2014\/07\/Luontokuvaaja-t%C3%B6iss%C3%A4-4-600x374.jpg?resize=525%2C300&ssl=1 1.5x"},"classes":[]}],"_links":{"self":[{"href":"https:\/\/www.satokangas.fi\/blogi\/wp-json\/wp\/v2\/posts\/18133","targetHints":{"allow":["GET"]}}],"collection":[{"href":"https:\/\/www.satokangas.fi\/blogi\/wp-json\/wp\/v2\/posts"}],"about":[{"href":"https:\/\/www.satokangas.fi\/blogi\/wp-json\/wp\/v2\/types\/post"}],"author":[{"embeddable":true,"href":"https:\/\/www.satokangas.fi\/blogi\/wp-json\/wp\/v2\/users\/1"}],"replies":[{"embeddable":true,"href":"https:\/\/www.satokangas.fi\/blogi\/wp-json\/wp\/v2\/comments?post=18133"}],"version-history":[{"count":0,"href":"https:\/\/www.satokangas.fi\/blogi\/wp-json\/wp\/v2\/posts\/18133\/revisions"}],"wp:attachment":[{"href":"https:\/\/www.satokangas.fi\/blogi\/wp-json\/wp\/v2\/media?parent=18133"}],"wp:term":[{"taxonomy":"category","embeddable":true,"href":"https:\/\/www.satokangas.fi\/blogi\/wp-json\/wp\/v2\/categories?post=18133"},{"taxonomy":"post_tag","embeddable":true,"href":"https:\/\/www.satokangas.fi\/blogi\/wp-json\/wp\/v2\/tags?post=18133"}],"curies":[{"name":"wp","href":"https:\/\/api.w.org\/{rel}","templated":true}]}}