{"id":17734,"date":"2013-06-18T22:02:41","date_gmt":"2013-06-18T19:02:41","guid":{"rendered":"https:\/\/www.satokangas.fi\/blogi\/?p=17734"},"modified":"2013-06-18T22:29:14","modified_gmt":"2013-06-18T19:29:14","slug":"valokuvalaksyja-meksikosta","status":"publish","type":"post","link":"https:\/\/www.satokangas.fi\/blogi\/2013\/06\/valokuvalaksyja-meksikosta\/","title":{"rendered":"Valokuval\u00e4ksyj\u00e4 Meksikosta"},"content":{"rendered":"<p>On n\u00e4iss\u00e4 hyyt\u00e4viss\u00e4 keleiss\u00e4 hyv\u00e4tkin puolensa: duunissa ei ole kuuma. Ja siell\u00e4 on k\u00e4sitt\u00e4m\u00e4tt\u00f6m\u00e4n hiljaista. Olisko t\u00e4n\u00e4\u00e4n piipahtanut korkeintaan viisi opiskelijaa&#8230;, ei kokouksia, ei puhelimen p\u00e4rin\u00e4\u00e4, &#8211; ehk\u00e4 voisin puhua ty\u00f6rauhasta. Se ei v\u00e4lill\u00e4 ole ollenkaan huono olotila.<\/p>\n<p>Nyt illan soitellut parit pitk\u00e4t puhelut ja \u00a0kuronut kiinni digikurssin luentoja ja tehnyt l\u00e4ksyj\u00e4, joiden palautusp\u00e4iv\u00e4 on huomenna. Teht\u00e4v\u00e4t olivat tiedossa jo reissulla, joten tein ne kaikki matkakuvista. Sik\u00e4li sattui hyvin ett\u00e4 juuri t\u00e4ll\u00e4 kerralla oli teht\u00e4v\u00e4 henkil\u00f6- ja tilannekuvaus. Juurikin siksi hyv\u00e4, ett\u00e4 Meksikossa ja meksikolaiset ottavat mielett\u00f6m\u00e4sti kuvia. Toisistaan ja muista. Tuntui, ett\u00e4 koko ajan jossain l\u00e4hell\u00e4 joku oli poseeraamassa. Kun min\u00e4 liikuin &#8211; kuten tavallista &#8211; suunnilleen koko ajan kameran kanssa, oli aina joku kysym\u00e4ss\u00e4 haluanko, ett\u00e4 minusta otetaan kuva kamerallani? No en todellakaan halunnut. ; ) mutta minulla oli oiva tilaisuus ottaa henkil\u00f6kuvia, joiden ottamista yleens\u00e4 vierastan.<\/p>\n<p>(kaikki kuvat suurenevat klikkaamalla)<\/p>\n<p>1. Henkil\u00f6- tai tilannekuva, jossa tausta puhuu, kertoo\u2026<\/p>\n<p>Pistinp\u00e4 ehdolle kaksi..<\/p>\n<p><a href=\"https:\/\/www.satokangas.fi\/blogi\/wp-content\/uploads\/2013\/06\/Henkil\u00f6-ja-tilannekuva-6.jpg\"><img loading=\"lazy\" decoding=\"async\" class=\"aligncenter size-medium wp-image-17735\" alt=\"Henkil\u00f6- ja tilannekuva-6\" src=\"https:\/\/www.satokangas.fi\/blogi\/wp-content\/uploads\/2013\/06\/Henkil\u00f6-ja-tilannekuva-6-600x400.jpg\" width=\"600\" height=\"400\" \/><\/a><\/p>\n<p><a href=\"https:\/\/www.satokangas.fi\/blogi\/wp-content\/uploads\/2013\/06\/Henkil\u00f6-ja-tilannekuva-8.jpg\"><img loading=\"lazy\" decoding=\"async\" class=\"aligncenter size-large wp-image-17736\" alt=\"Henkil\u00f6- ja tilannekuva-8\" src=\"https:\/\/www.satokangas.fi\/blogi\/wp-content\/uploads\/2013\/06\/Henkil\u00f6-ja-tilannekuva-8-690x1024.jpg\" width=\"690\" height=\"1024\" \/><\/a><\/p>\n<p>2. Valo luo tunnelmaa henkil\u00f6- tai tilannekuvaan<\/p>\n<p><a href=\"https:\/\/www.satokangas.fi\/blogi\/wp-content\/uploads\/2013\/06\/Henkil\u00f6-ja-tilannekuva.jpg\"><img loading=\"lazy\" decoding=\"async\" class=\"aligncenter size-medium wp-image-17737\" alt=\"Henkil\u00f6- ja tilannekuva\" src=\"https:\/\/www.satokangas.fi\/blogi\/wp-content\/uploads\/2013\/06\/Henkil\u00f6-ja-tilannekuva-600x376.jpg\" width=\"600\" height=\"376\" \/><\/a><\/p>\n<p>4. Ratkaiseva hetki n\u00e4kyy. Oikea ajoitus\u2026<\/p>\n<p><a href=\"https:\/\/www.satokangas.fi\/blogi\/wp-content\/uploads\/2013\/06\/Henkil\u00f6-ja-tilannekuva-3.jpg\"><img loading=\"lazy\" decoding=\"async\" class=\"aligncenter size-medium wp-image-17739\" alt=\"Henkil\u00f6- ja tilannekuva-3\" src=\"https:\/\/www.satokangas.fi\/blogi\/wp-content\/uploads\/2013\/06\/Henkil\u00f6-ja-tilannekuva-3-600x368.jpg\" width=\"600\" height=\"368\" \/><\/a><\/p>\n<p><a href=\"https:\/\/www.satokangas.fi\/blogi\/wp-content\/uploads\/2013\/06\/Henkil\u00f6-ja-tilannekuva-2.jpg\"><img loading=\"lazy\" decoding=\"async\" class=\"aligncenter size-medium wp-image-17738\" alt=\"Henkil\u00f6- ja tilannekuva-2\" src=\"https:\/\/www.satokangas.fi\/blogi\/wp-content\/uploads\/2013\/06\/Henkil\u00f6-ja-tilannekuva-2-399x400.jpg\" width=\"399\" height=\"400\" \/><\/a><\/p>\n<p>5. Yll\u00e4t\u00e4 katsoja poikkeavalla rajauksella tai sommittelulla<\/p>\n<p>(Olisin suonut ett\u00e4 koko kuva &#8211; ei vain varjo &#8211; olisi ollut tarkka, mutta ei nyt t\u00e4h\u00e4n h\u00e4t\u00e4\u00e4n voi l\u00e4hte\u00e4 tilannetta tekem\u00e4\u00e4n uudelleen.)<\/p>\n<p>Kuvan yhteyteen kuuluu biisi <a href=\"http:\/\/www.youtube.com\/watch?v=F4ptPEm8gjE\">&#8221;Walk on the water&#8221;<\/a><\/p>\n<p style=\"text-align: center;\">\u00a0<a href=\"https:\/\/www.satokangas.fi\/blogi\/wp-content\/uploads\/2013\/06\/Henkil\u00f6-ja-tilannekuva-10.jpg\"><img loading=\"lazy\" decoding=\"async\" class=\"aligncenter  wp-image-17743\" alt=\"Henkil\u00f6- ja tilannekuva-10\" src=\"https:\/\/www.satokangas.fi\/blogi\/wp-content\/uploads\/2013\/06\/Henkil\u00f6-ja-tilannekuva-10-721x1024.jpg\" width=\"577\" height=\"819\" \/><\/a><\/p>\n<p>6. Paras henkil\u00f6- tai tilannekuvani<\/p>\n<p>T\u00e4ll\u00e4 reissulla ehk\u00e4 paras, mik\u00e4 kertonee siit\u00e4, etten ole erityisen hyv\u00e4 henkil\u00f6kuvissa. Mutta t\u00e4ss\u00e4 on jotain studiokuvamaisuutta, josta yll\u00e4tt\u00e4en pid\u00e4n. Kuva on 16-vuotiaasta neitokaisesta, joka viett\u00e4\u00e4 &#8221;debyytti\u00e4\u00e4n&#8221;, joten siksi tuo kainous olemuksessa &#8211; syv\u00e4npunaisesta puvusta huolimatta &#8211; sopii kuvaa, ja olen ilonen ett\u00e4 sen onnistuin taltioimaan.<\/p>\n<p><a href=\"https:\/\/www.satokangas.fi\/blogi\/wp-content\/uploads\/2013\/06\/Henkil\u00f6-ja-tilannekuva-13.jpg\"><img loading=\"lazy\" decoding=\"async\" class=\"aligncenter size-large wp-image-17745\" alt=\"Henkil\u00f6- ja tilannekuva-13\" src=\"https:\/\/www.satokangas.fi\/blogi\/wp-content\/uploads\/2013\/06\/Henkil\u00f6-ja-tilannekuva-13-705x1024.jpg\" width=\"705\" height=\"1024\" \/><\/a><\/p>\n<p>&nbsp;<\/p>\n<p>&nbsp;<\/p>\n<p>7. T\u00e4ss\u00e4 onnistuin melkein?<\/p>\n<p>Melkein vain siksi, ett\u00e4 morsiusneidon jalat pit\u00e4isi n\u00e4ky\u00e4, tai pit\u00e4isi n\u00e4ky\u00e4 edes ne siniset ruusun ter\u00e4lehdet, joita h\u00e4n h\u00e4\u00e4parin j\u00e4lkeen heitteli. Muistattehan, ett\u00e4 minun teemani kurssin lopputy\u00f6n kuvaksi on nimenomaan sininen.<\/p>\n<p><a href=\"https:\/\/www.satokangas.fi\/blogi\/wp-content\/uploads\/2013\/06\/Henkil\u00f6-ja-tilannekuva-9.jpg\"><img loading=\"lazy\" decoding=\"async\" class=\"aligncenter\" alt=\"Henkil\u00f6- ja tilannekuva-9\" src=\"https:\/\/www.satokangas.fi\/blogi\/wp-content\/uploads\/2013\/06\/Henkil\u00f6-ja-tilannekuva-9-273x400.jpg\" width=\"273\" height=\"400\" \/><\/a><\/p>\n<p>8. Maailman paras henkil\u00f6- tai tilannekuva. Liit\u00e4 linkki kuvaan tai vain muistelu kokemuksesta.<\/p>\n<p>&#8221;Lunch On A Skyscraper&#8221; on minusta edelleen yksi huikeimmista kuvista. Nyt l\u00f6ysin siit\u00e4 t\u00e4llaisen v\u00e4ritetyn version, &#8211; \u00a0se on sininen, kuten minun teemani kurssilla. Oikeasti minua huimaa t\u00e4t\u00e4 kuvaa katsoessani. Muistan New Yorkin, muistan \u00a0Rockefeller Centerin, jota n\u00e4m\u00e4 miehet olivat rakentamassa, muistan sen surun, joka New Yorkissa kohtasi, muistan kuinka yksi versio t\u00e4st\u00e4 kuvasta oli kierrevihon kannessa lukiovuosina, jolloin kuvaa katsoessa ei, eik\u00e4 paljon muutenkaan huimannut. En tied\u00e4 viel\u00e4k\u00e4\u00e4n, miten t\u00e4m\u00e4 kuva ja sen tilanne on voitu j\u00e4rjest\u00e4\u00e4, mutta edelleen t\u00e4m\u00e4 jo puhkikulunut kuva kiehtoo minua. (Kuva on <a href=\"http:\/\/www.panicposters.com\/new-york-lunch-on-skyscraper-colour-poster.html\">t\u00e4\u00e4lt\u00e4<\/a>)<\/p>\n<p><a href=\"https:\/\/www.satokangas.fi\/blogi\/wp-content\/uploads\/2013\/06\/pp32077-lunch-on-skyscraper-poster.jpg\"><img loading=\"lazy\" decoding=\"async\" data-attachment-id=\"17742\" data-permalink=\"https:\/\/www.satokangas.fi\/blogi\/2013\/06\/valokuvalaksyja-meksikosta\/pp32077-lunch-on-skyscraper-poster\/\" data-orig-file=\"https:\/\/www.satokangas.fi\/blogi\/wp-content\/uploads\/2013\/06\/pp32077-lunch-on-skyscraper-poster.jpg\" data-orig-size=\"706,471\" data-comments-opened=\"1\" data-image-meta=\"{&quot;aperture&quot;:&quot;0&quot;,&quot;credit&quot;:&quot;&quot;,&quot;camera&quot;:&quot;&quot;,&quot;caption&quot;:&quot;&quot;,&quot;created_timestamp&quot;:&quot;0&quot;,&quot;copyright&quot;:&quot;&quot;,&quot;focal_length&quot;:&quot;0&quot;,&quot;iso&quot;:&quot;0&quot;,&quot;shutter_speed&quot;:&quot;0&quot;,&quot;title&quot;:&quot;&quot;}\" data-image-title=\"pp32077-lunch-on-skyscraper-poster\" data-image-description=\"\" data-image-caption=\"\" data-large-file=\"https:\/\/www.satokangas.fi\/blogi\/wp-content\/uploads\/2013\/06\/pp32077-lunch-on-skyscraper-poster.jpg\" class=\"aligncenter size-full wp-image-17742\" alt=\"pp32077-lunch-on-skyscraper-poster\" src=\"https:\/\/www.satokangas.fi\/blogi\/wp-content\/uploads\/2013\/06\/pp32077-lunch-on-skyscraper-poster.jpg\" width=\"706\" height=\"471\" srcset=\"https:\/\/www.satokangas.fi\/blogi\/wp-content\/uploads\/2013\/06\/pp32077-lunch-on-skyscraper-poster.jpg 706w, https:\/\/www.satokangas.fi\/blogi\/wp-content\/uploads\/2013\/06\/pp32077-lunch-on-skyscraper-poster-300x200.jpg 300w, https:\/\/www.satokangas.fi\/blogi\/wp-content\/uploads\/2013\/06\/pp32077-lunch-on-skyscraper-poster-600x400.jpg 600w\" sizes=\"auto, (max-width: 706px) 100vw, 706px\" \/><\/a><\/p>\n<p>&nbsp;<\/p>\n<p>&nbsp;<\/p>\n","protected":false},"excerpt":{"rendered":"<p>On n\u00e4iss\u00e4 hyyt\u00e4viss\u00e4 keleiss\u00e4 hyv\u00e4tkin puolensa: duunissa ei ole kuuma. Ja siell\u00e4 on k\u00e4sitt\u00e4m\u00e4tt\u00f6m\u00e4n hiljaista. Olisko t\u00e4n\u00e4\u00e4n piipahtanut korkeintaan viisi opiskelijaa&#8230;, ei kokouksia, ei puhelimen p\u00e4rin\u00e4\u00e4, &#8211; ehk\u00e4 voisin puhua ty\u00f6rauhasta. Se ei v\u00e4lill\u00e4 ole ollenkaan huono olotila. Nyt illan soitellut parit pitk\u00e4t puhelut ja \u00a0kuronut kiinni digikurssin luentoja ja tehnyt l\u00e4ksyj\u00e4, joiden palautusp\u00e4iv\u00e4 on huomenna. Teht\u00e4v\u00e4t olivat tiedossa jo &hellip; <\/p>\n","protected":false},"author":1,"featured_media":0,"comment_status":"open","ping_status":"open","sticky":false,"template":"","format":"standard","meta":{"jetpack_post_was_ever_published":false,"_jetpack_newsletter_access":"","_jetpack_dont_email_post_to_subs":false,"_jetpack_newsletter_tier_id":0,"_jetpack_memberships_contains_paywalled_content":false,"_jetpack_memberships_contains_paid_content":false,"footnotes":"","jetpack_publicize_message":"","jetpack_publicize_feature_enabled":true,"jetpack_social_post_already_shared":true,"jetpack_social_options":{"image_generator_settings":{"template":"highway","default_image_id":0,"font":"","enabled":false},"version":2}},"categories":[62,1,37],"tags":[],"class_list":["post-17734","post","type-post","status-publish","format-standard","hentry","category-meksiko","category-aiheeton","category-valokuvaus","latest_post"],"jetpack_publicize_connections":[],"jetpack_featured_media_url":"","jetpack_shortlink":"https:\/\/wp.me\/pr4p4-4C2","jetpack_sharing_enabled":true,"jetpack_likes_enabled":false,"jetpack-related-posts":[{"id":22242,"url":"https:\/\/www.satokangas.fi\/blogi\/2014\/08\/terveisia-meksikosta-vol-x\/","url_meta":{"origin":17734,"position":0},"title":"Terveisi\u00e4 Meksikosta vol. X","author":"Reija","date":"25.8.2014","format":false,"excerpt":"\"Nuku hyvin \u00e4l\u00e4k\u00e4 sure. Ensimm\u00e4isen\u00e4 kev\u00e4tp\u00e4iv\u00e4n\u00e4 min\u00e4 olen taas t\u00e4\u00e4ll\u00e4 luonasi. Rakenna pato minua odotellessasi.\" \u00a0 \u00a0 \u00a0 \u00a0 \u00a0(Nuuskamuikkusen kev\u00e4tkirje) \u00a0 Meid\u00e4n Nuuskamuikkunen Skypeili \u00e4sken Meksikosta. Pisti eilen viestin: \"Holaaaaaa! Mulla on huomenna vapaap\u00e4iv\u00e4, viides kuudesta vuosittaisesta. Oisko skype kello 12 :) ? Tei\u00e4n klo 8?\" \u00a0Pitk\u00e4\u00e4n aikaan se\u2026","rel":"","context":"Kategoriassa &quot;Meksiko&quot;","block_context":{"text":"Meksiko","link":"https:\/\/www.satokangas.fi\/blogi\/category\/reissut\/meksiko\/"},"img":{"alt_text":"altAno6itnTC1HXlJIeOcjV9GMRM0SPgAcshQmcrcx0GwcV","src":"https:\/\/i0.wp.com\/www.satokangas.fi\/blogi\/wp-content\/uploads\/2014\/08\/altAno6itnTC1HXlJIeOcjV9GMRM0SPgAcshQmcrcx0GwcV-300x400.jpg?resize=350%2C200&ssl=1","width":350,"height":200},"classes":[]},{"id":17610,"url":"https:\/\/www.satokangas.fi\/blogi\/2013\/06\/meksikon-historiaa-ja-helletta\/","url_meta":{"origin":17734,"position":1},"title":"Meksikon historiaa.. ja hellett\u00e4","author":"Reija","date":"8.6.2013","format":false,"excerpt":"(Ihan heti alkuun teht\u00e4v\u00e4 korjaus eilisen postauksen lapsukseen; eilen kirjoitin vahingossa ett\u00e4 MC on 500 metri\u00e4 merenpinnan yl\u00e4puolella. Tosiasiassa on KAKSI ja puoli kilometri\u00e4 mpy. Siis vuoristossa ollaan.) T\u00e4n\u00e4\u00e4n aamulla k\u00e4velimme kohti Zol\u00e1coa (vanhaan keskustaan), - samaan aikaan kun meksikolaiset meniv\u00e4t t\u00f6ihin me tepastelimme aamiaiselle. Voi kun te tiet\u00e4isitte, kuinka\u2026","rel":"","context":"Kategoriassa &quot;Meksiko&quot;","block_context":{"text":"Meksiko","link":"https:\/\/www.satokangas.fi\/blogi\/category\/reissut\/meksiko\/"},"img":{"alt_text":"_MG_7795 (Medium)","src":"https:\/\/i0.wp.com\/www.satokangas.fi\/blogi\/wp-content\/uploads\/2013\/06\/MG_7795-Medium-600x400.jpg?resize=350%2C200&ssl=1","width":350,"height":200,"srcset":"https:\/\/i0.wp.com\/www.satokangas.fi\/blogi\/wp-content\/uploads\/2013\/06\/MG_7795-Medium-600x400.jpg?resize=350%2C200&ssl=1 1x, https:\/\/i0.wp.com\/www.satokangas.fi\/blogi\/wp-content\/uploads\/2013\/06\/MG_7795-Medium-600x400.jpg?resize=525%2C300&ssl=1 1.5x"},"classes":[]},{"id":17318,"url":"https:\/\/www.satokangas.fi\/blogi\/2013\/05\/meksikoon\/","url_meta":{"origin":17734,"position":2},"title":"Meksikoon!","author":"Reija","date":"3.5.2013","format":false,"excerpt":"Nyt on hyv\u00e4 aika ottaa Vivotif. Ensimm\u00e4inen hepatiitti-B -pistos on jo saatukin, toinen pistos parin viikon p\u00e4\u00e4st\u00e4 ja sitten tehoste puolen vuoden kuluttua. \u00a0Hepatiitti-A -rokote hankittiin jo Marokon matkaa (2005) varten, mutta tuo Vivotif on t\u00e4ysin ennenkokematon juttu. Eik\u00e4 ihan ongelmitta tullut hommatuksi... Kun t\u00e4ss\u00e4 joku viikko sitten varmistui, ett\u00e4\u2026","rel":"","context":"Kategoriassa &quot;Niit\u00e4 n\u00e4it\u00e4&quot;","block_context":{"text":"Niit\u00e4 n\u00e4it\u00e4","link":"https:\/\/www.satokangas.fi\/blogi\/category\/aiheeton\/"},"img":{"alt_text":"616205_10150999014696943_935002150_o","src":"https:\/\/i0.wp.com\/www.satokangas.fi\/blogi\/wp-content\/uploads\/2013\/05\/616205_10150999014696943_935002150_o-600x400.jpg?resize=350%2C200&ssl=1","width":350,"height":200,"srcset":"https:\/\/i0.wp.com\/www.satokangas.fi\/blogi\/wp-content\/uploads\/2013\/05\/616205_10150999014696943_935002150_o-600x400.jpg?resize=350%2C200&ssl=1 1x, https:\/\/i0.wp.com\/www.satokangas.fi\/blogi\/wp-content\/uploads\/2013\/05\/616205_10150999014696943_935002150_o-600x400.jpg?resize=525%2C300&ssl=1 1.5x"},"classes":[]},{"id":17543,"url":"https:\/\/www.satokangas.fi\/blogi\/2013\/05\/terveisia-meksikosta-vol-iv\/","url_meta":{"origin":17734,"position":3},"title":"Terveisi\u00e4 Meksikosta vol. IV","author":"Reija","date":"30.5.2013","format":false,"excerpt":"Nyt on en\u00e4\u00e4 viikko (vajaa!!) siihen, ett\u00e4 me olemme Meksikossa ja siihen ett\u00e4 tytt\u00e4ren tapaamme. Kauppatieteen opiskelijan tammikuussa alkanut harjoittelu markkinointitoimistossa oli joku aika sitten t\u00e4ss\u00e4 vaiheessa: Voi herranjestas ett\u00e4 ei nyt tuu kyll\u00e4 kes\u00e4\u00e4 t\u00e4m\u00e4n Meksikon harjoittelun loppuraportin kirjoittamisen kans ku on koko vuoden lukenu ja kirjoittanu kaiken englanniksi.\u2026","rel":"","context":"Kategoriassa &quot;Niit\u00e4 n\u00e4it\u00e4&quot;","block_context":{"text":"Niit\u00e4 n\u00e4it\u00e4","link":"https:\/\/www.satokangas.fi\/blogi\/category\/aiheeton\/"},"img":{"alt_text":"920150_4996633906681_992500040_o","src":"https:\/\/i0.wp.com\/www.satokangas.fi\/blogi\/wp-content\/uploads\/2013\/05\/920150_4996633906681_992500040_o-533x400.jpg?resize=350%2C200&ssl=1","width":350,"height":200,"srcset":"https:\/\/i0.wp.com\/www.satokangas.fi\/blogi\/wp-content\/uploads\/2013\/05\/920150_4996633906681_992500040_o-533x400.jpg?resize=350%2C200&ssl=1 1x, https:\/\/i0.wp.com\/www.satokangas.fi\/blogi\/wp-content\/uploads\/2013\/05\/920150_4996633906681_992500040_o-533x400.jpg?resize=525%2C300&ssl=1 1.5x"},"classes":[]},{"id":22557,"url":"https:\/\/www.satokangas.fi\/blogi\/2014\/10\/meksikon-terveisia-vol-xi\/","url_meta":{"origin":17734,"position":4},"title":"Meksikon terveisi\u00e4 vol. XI","author":"Reija","date":"1.10.2014","format":false,"excerpt":"Meksikolaisia irtokarkkeja. Kaikki enempi v\u00e4hempi chilill\u00e4 maustettuja. (kaikki kuvat suurenevat klikkaamalla) \u00a1Viva el presidente Dany Boy! Meksikon itsen\u00e4isyysp\u00e4iv\u00e4\u00e4 juhlivat t\u00e4llaisilla, eiv\u00e4tk\u00e4 olleet siell\u00e4 ymm\u00e4rt\u00e4neet suomalaisten tapaa \"kaksi-ihmist\u00e4-k\u00e4ttelee-kaksituhatta-ja-kaksi-miljoonaa-katsoo-sit\u00e4-telkkarista\". Mutta jotain suomalaistakin meksikolaiset - nuoret ainakin - ymm\u00e4rt\u00e4v\u00e4t.\u00a0L\u00e4hetin elokuun puoliv\u00e4liss\u00e4 Meksikoon paketin, jonka toivoin olevan perill\u00e4 viime perjantaina (= tytt\u00e4ren syntt\u00e4rit). Paketin\u2026","rel":"","context":"Kategoriassa &quot;Meksiko&quot;","block_context":{"text":"Meksiko","link":"https:\/\/www.satokangas.fi\/blogi\/category\/reissut\/meksiko\/"},"img":{"alt_text":"altAh4JYKb4UaZHl4QVBZw0MOsPoFqQnWhCsZcwo2Zl5UvJ","src":"https:\/\/i0.wp.com\/www.satokangas.fi\/blogi\/wp-content\/uploads\/2014\/10\/altAh4JYKb4UaZHl4QVBZw0MOsPoFqQnWhCsZcwo2Zl5UvJ-600x337.jpg?resize=350%2C200&ssl=1","width":350,"height":200,"srcset":"https:\/\/i0.wp.com\/www.satokangas.fi\/blogi\/wp-content\/uploads\/2014\/10\/altAh4JYKb4UaZHl4QVBZw0MOsPoFqQnWhCsZcwo2Zl5UvJ-600x337.jpg?resize=350%2C200&ssl=1 1x, https:\/\/i0.wp.com\/www.satokangas.fi\/blogi\/wp-content\/uploads\/2014\/10\/altAh4JYKb4UaZHl4QVBZw0MOsPoFqQnWhCsZcwo2Zl5UvJ-600x337.jpg?resize=525%2C300&ssl=1 1.5x"},"classes":[]},{"id":16553,"url":"https:\/\/www.satokangas.fi\/blogi\/2013\/02\/lomasuunnitelmien-sumplimista\/","url_meta":{"origin":17734,"position":5},"title":"Lomasuunnitelmien sumplimista","author":"Reija","date":"18.2.2013","format":false,"excerpt":"\u00a0 Tuo kilometripylv\u00e4s on meid\u00e4n pihalla. Minun pappani teki tuollaisia, Lounais-Suomessa saattaa viel\u00e4kin olla tienvarrella papan tekemi\u00e4 kilometripylv\u00e4it\u00e4. Joskus nuorena kun siell\u00e4 p\u00e4in miehen kans ajeltiin, oli puhetta, ett\u00e4 olisi mukava saada sellainen pihalle - ei meill\u00e4 silloin kyll\u00e4 ollut viel\u00e4 pihaakaan. Eik\u00e4 sitten\u00a0koskaan tolppaa kuitenkaan auton per\u00e4\u00e4n p\u00f6llitty ja\u2026","rel":"","context":"Kategoriassa &quot;Niit\u00e4 n\u00e4it\u00e4&quot;","block_context":{"text":"Niit\u00e4 n\u00e4it\u00e4","link":"https:\/\/www.satokangas.fi\/blogi\/category\/aiheeton\/"},"img":{"alt_text":"tolppa","src":"https:\/\/i0.wp.com\/www.satokangas.fi\/blogi\/wp-content\/uploads\/2013\/02\/tolppa-279x400.jpg?resize=350%2C200&ssl=1","width":350,"height":200},"classes":[]}],"_links":{"self":[{"href":"https:\/\/www.satokangas.fi\/blogi\/wp-json\/wp\/v2\/posts\/17734","targetHints":{"allow":["GET"]}}],"collection":[{"href":"https:\/\/www.satokangas.fi\/blogi\/wp-json\/wp\/v2\/posts"}],"about":[{"href":"https:\/\/www.satokangas.fi\/blogi\/wp-json\/wp\/v2\/types\/post"}],"author":[{"embeddable":true,"href":"https:\/\/www.satokangas.fi\/blogi\/wp-json\/wp\/v2\/users\/1"}],"replies":[{"embeddable":true,"href":"https:\/\/www.satokangas.fi\/blogi\/wp-json\/wp\/v2\/comments?post=17734"}],"version-history":[{"count":0,"href":"https:\/\/www.satokangas.fi\/blogi\/wp-json\/wp\/v2\/posts\/17734\/revisions"}],"wp:attachment":[{"href":"https:\/\/www.satokangas.fi\/blogi\/wp-json\/wp\/v2\/media?parent=17734"}],"wp:term":[{"taxonomy":"category","embeddable":true,"href":"https:\/\/www.satokangas.fi\/blogi\/wp-json\/wp\/v2\/categories?post=17734"},{"taxonomy":"post_tag","embeddable":true,"href":"https:\/\/www.satokangas.fi\/blogi\/wp-json\/wp\/v2\/tags?post=17734"}],"curies":[{"name":"wp","href":"https:\/\/api.w.org\/{rel}","templated":true}]}}