{"id":17640,"date":"2013-06-10T19:14:32","date_gmt":"2013-06-11T00:14:32","guid":{"rendered":"https:\/\/www.satokangas.fi\/blogi\/?p=17640"},"modified":"2013-06-11T06:55:33","modified_gmt":"2013-06-11T11:55:33","slug":"karibianmeren-rannalla","status":"publish","type":"post","link":"https:\/\/www.satokangas.fi\/blogi\/2013\/06\/karibianmeren-rannalla\/","title":{"rendered":"Karibianmeren rannalla"},"content":{"rendered":"<p>Onhan siit\u00e4 ollut puhetta: min\u00e4 pid\u00e4n merenrannassa lenkkeilyst\u00e4. Sit\u00e4h\u00e4n teen joka viikonloppu. Niin t\u00e4n\u00e4\u00e4nkin. Aamulla Meksikonlahden rantaviivaa oikealle ja takaisin ja iltap\u00e4iv\u00e4ll\u00e4 Meksikonlahden rantaviivaa vasemmalle ja takaisin. Vesirajassa on hyv\u00e4 k\u00e4vell\u00e4. Nauttia merituulesta (onneksi t\u00e4n\u00e4\u00e4n on \u00a0tuullut aika kovastikin, muutoin olisi ollut varmaan turhan kuuma. + 30 C yhdistettyn\u00e4 reippaseen merituuleen on ollut hyv\u00e4).<\/p>\n<p>Viime viikolla t\u00e4\u00e4ll\u00e4 riehuneen hurrikaani Davidin j\u00e4ljet n\u00e4kyiv\u00e4t eilen tullessamme \u00a0viel\u00e4 monessa paikkaa, vett\u00e4 oli pelloilla ja teiss\u00e4 vesivirtojen j\u00e4ljilt\u00e4 melkoisia rooppeja. Mexico Cityss\u00e4 katseltiin loppuviikosta uutisia, joissa n\u00e4ytettiin, kuinka t\u00e4\u00e4ll\u00e4 v\u00e4ki kahlasi polvia my\u00f6ten tulvissa, mutta nyt ainakin on ollut erinomainen s\u00e4\u00e4.<\/p>\n<p style=\"text-align: center;\"><a href=\"https:\/\/www.satokangas.fi\/blogi\/wp-content\/uploads\/2013\/06\/PDC-133-Custom.jpg\"><img loading=\"lazy\" decoding=\"async\" data-attachment-id=\"17645\" data-permalink=\"https:\/\/www.satokangas.fi\/blogi\/2013\/06\/karibianmeren-rannalla\/pdc-133-custom\/\" data-orig-file=\"https:\/\/www.satokangas.fi\/blogi\/wp-content\/uploads\/2013\/06\/PDC-133-Custom.jpg\" data-orig-size=\"1081,720\" data-comments-opened=\"1\" data-image-meta=\"{&quot;aperture&quot;:&quot;5.6&quot;,&quot;credit&quot;:&quot;Picasa&quot;,&quot;camera&quot;:&quot;Canon EOS 5D Mark II&quot;,&quot;caption&quot;:&quot;&quot;,&quot;created_timestamp&quot;:&quot;1370899695&quot;,&quot;copyright&quot;:&quot;&quot;,&quot;focal_length&quot;:&quot;45&quot;,&quot;iso&quot;:&quot;400&quot;,&quot;shutter_speed&quot;:&quot;0.0002&quot;,&quot;title&quot;:&quot;&quot;}\" data-image-title=\"PDC 133 (Custom)\" data-image-description=\"\" data-image-caption=\"\" data-large-file=\"https:\/\/www.satokangas.fi\/blogi\/wp-content\/uploads\/2013\/06\/PDC-133-Custom.jpg\" class=\"aligncenter  wp-image-17645\" alt=\"PDC 133 (Custom)\" src=\"https:\/\/www.satokangas.fi\/blogi\/wp-content\/uploads\/2013\/06\/PDC-133-Custom.jpg\" width=\"649\" height=\"432\" srcset=\"https:\/\/www.satokangas.fi\/blogi\/wp-content\/uploads\/2013\/06\/PDC-133-Custom.jpg 1081w, https:\/\/www.satokangas.fi\/blogi\/wp-content\/uploads\/2013\/06\/PDC-133-Custom-300x199.jpg 300w, https:\/\/www.satokangas.fi\/blogi\/wp-content\/uploads\/2013\/06\/PDC-133-Custom-600x400.jpg 600w\" sizes=\"auto, (max-width: 649px) 100vw, 649px\" \/><\/a><\/p>\n<p style=\"text-align: center;\">\u00a0On se turkoosi, Karibianmeri siis. Ja hiekka valkoista. Voiko oikeastaan kliseisemp\u00e4\u00e4 kuvaa olla?<\/p>\n<p style=\"text-align: center;\"><a href=\"https:\/\/www.satokangas.fi\/blogi\/wp-content\/uploads\/2013\/06\/PDC-145-Custom.jpg\"><img loading=\"lazy\" decoding=\"async\" data-attachment-id=\"17646\" data-permalink=\"https:\/\/www.satokangas.fi\/blogi\/2013\/06\/karibianmeren-rannalla\/pdc-145-custom\/\" data-orig-file=\"https:\/\/www.satokangas.fi\/blogi\/wp-content\/uploads\/2013\/06\/PDC-145-Custom.jpg\" data-orig-size=\"1081,720\" data-comments-opened=\"1\" data-image-meta=\"{&quot;aperture&quot;:&quot;4&quot;,&quot;credit&quot;:&quot;Picasa&quot;,&quot;camera&quot;:&quot;Canon EOS 5D Mark II&quot;,&quot;caption&quot;:&quot;&quot;,&quot;created_timestamp&quot;:&quot;1370900502&quot;,&quot;copyright&quot;:&quot;&quot;,&quot;focal_length&quot;:&quot;24&quot;,&quot;iso&quot;:&quot;100&quot;,&quot;shutter_speed&quot;:&quot;0.00015625&quot;,&quot;title&quot;:&quot;&quot;}\" data-image-title=\"PDC 145 (Custom)\" data-image-description=\"\" data-image-caption=\"\" data-large-file=\"https:\/\/www.satokangas.fi\/blogi\/wp-content\/uploads\/2013\/06\/PDC-145-Custom.jpg\" class=\" wp-image-17646 aligncenter\" alt=\"PDC 145 (Custom)\" src=\"https:\/\/www.satokangas.fi\/blogi\/wp-content\/uploads\/2013\/06\/PDC-145-Custom.jpg\" width=\"649\" height=\"432\" srcset=\"https:\/\/www.satokangas.fi\/blogi\/wp-content\/uploads\/2013\/06\/PDC-145-Custom.jpg 1081w, https:\/\/www.satokangas.fi\/blogi\/wp-content\/uploads\/2013\/06\/PDC-145-Custom-300x199.jpg 300w, https:\/\/www.satokangas.fi\/blogi\/wp-content\/uploads\/2013\/06\/PDC-145-Custom-600x400.jpg 600w\" sizes=\"auto, (max-width: 649px) 100vw, 649px\" \/><\/a><\/p>\n<p>&nbsp;<\/p>\n<p style=\"text-align: center;\"><a style=\"font-size: 13px; line-height: 19px;\" href=\"https:\/\/www.satokangas.fi\/blogi\/wp-content\/uploads\/2013\/06\/PDC-148-Custom.jpg\"><img loading=\"lazy\" decoding=\"async\" data-attachment-id=\"17648\" data-permalink=\"https:\/\/www.satokangas.fi\/blogi\/2013\/06\/karibianmeren-rannalla\/pdc-148-custom\/\" data-orig-file=\"https:\/\/www.satokangas.fi\/blogi\/wp-content\/uploads\/2013\/06\/PDC-148-Custom.jpg\" data-orig-size=\"1081,720\" data-comments-opened=\"1\" data-image-meta=\"{&quot;aperture&quot;:&quot;4&quot;,&quot;credit&quot;:&quot;Picasa&quot;,&quot;camera&quot;:&quot;Canon EOS 5D Mark II&quot;,&quot;caption&quot;:&quot;&quot;,&quot;created_timestamp&quot;:&quot;1370900769&quot;,&quot;copyright&quot;:&quot;&quot;,&quot;focal_length&quot;:&quot;50&quot;,&quot;iso&quot;:&quot;100&quot;,&quot;shutter_speed&quot;:&quot;0.000125&quot;,&quot;title&quot;:&quot;&quot;}\" data-image-title=\"PDC 148 (Custom)\" data-image-description=\"\" data-image-caption=\"\" data-large-file=\"https:\/\/www.satokangas.fi\/blogi\/wp-content\/uploads\/2013\/06\/PDC-148-Custom.jpg\" class=\" wp-image-17648 aligncenter\" alt=\"PDC 148 (Custom)\" src=\"https:\/\/www.satokangas.fi\/blogi\/wp-content\/uploads\/2013\/06\/PDC-148-Custom.jpg\" width=\"649\" height=\"432\" srcset=\"https:\/\/www.satokangas.fi\/blogi\/wp-content\/uploads\/2013\/06\/PDC-148-Custom.jpg 1081w, https:\/\/www.satokangas.fi\/blogi\/wp-content\/uploads\/2013\/06\/PDC-148-Custom-300x199.jpg 300w, https:\/\/www.satokangas.fi\/blogi\/wp-content\/uploads\/2013\/06\/PDC-148-Custom-600x400.jpg 600w\" sizes=\"auto, (max-width: 649px) 100vw, 649px\" \/><\/a><\/p>\n<p style=\"text-align: center;\"><a href=\"https:\/\/www.satokangas.fi\/blogi\/wp-content\/uploads\/2013\/06\/PDC-146-Custom.jpg\"><img loading=\"lazy\" decoding=\"async\" data-attachment-id=\"17647\" data-permalink=\"https:\/\/www.satokangas.fi\/blogi\/2013\/06\/karibianmeren-rannalla\/pdc-146-custom\/\" data-orig-file=\"https:\/\/www.satokangas.fi\/blogi\/wp-content\/uploads\/2013\/06\/PDC-146-Custom.jpg\" data-orig-size=\"1081,720\" data-comments-opened=\"1\" data-image-meta=\"{&quot;aperture&quot;:&quot;4&quot;,&quot;credit&quot;:&quot;Picasa&quot;,&quot;camera&quot;:&quot;Canon EOS 5D Mark II&quot;,&quot;caption&quot;:&quot;&quot;,&quot;created_timestamp&quot;:&quot;1370900746&quot;,&quot;copyright&quot;:&quot;&quot;,&quot;focal_length&quot;:&quot;93&quot;,&quot;iso&quot;:&quot;100&quot;,&quot;shutter_speed&quot;:&quot;0.00025&quot;,&quot;title&quot;:&quot;&quot;}\" data-image-title=\"PDC 146 (Custom)\" data-image-description=\"\" data-image-caption=\"\" data-large-file=\"https:\/\/www.satokangas.fi\/blogi\/wp-content\/uploads\/2013\/06\/PDC-146-Custom.jpg\" class=\"aligncenter  wp-image-17647\" alt=\"PDC 146 (Custom)\" src=\"https:\/\/www.satokangas.fi\/blogi\/wp-content\/uploads\/2013\/06\/PDC-146-Custom.jpg\" width=\"649\" height=\"432\" srcset=\"https:\/\/www.satokangas.fi\/blogi\/wp-content\/uploads\/2013\/06\/PDC-146-Custom.jpg 1081w, https:\/\/www.satokangas.fi\/blogi\/wp-content\/uploads\/2013\/06\/PDC-146-Custom-300x199.jpg 300w, https:\/\/www.satokangas.fi\/blogi\/wp-content\/uploads\/2013\/06\/PDC-146-Custom-600x400.jpg 600w\" sizes=\"auto, (max-width: 649px) 100vw, 649px\" \/><\/a><\/p>\n<p>&nbsp;<\/p>\n<p style=\"text-align: center;\"><a href=\"https:\/\/www.satokangas.fi\/blogi\/wp-content\/uploads\/2013\/06\/2013_PDC-I-096-Custom.jpg\"><img loading=\"lazy\" decoding=\"async\" class=\"aligncenter\" alt=\"2013_PDC I 096 (Custom)\" src=\"https:\/\/www.satokangas.fi\/blogi\/wp-content\/uploads\/2013\/06\/2013_PDC-I-096-Custom.jpg\" width=\"649\" height=\"432\" \/><\/a><\/p>\n<p style=\"text-align: center;\"><em id=\"__mceDel\"><a href=\"https:\/\/www.satokangas.fi\/blogi\/wp-content\/uploads\/2013\/06\/PDC-114-Custom.jpg\"><img loading=\"lazy\" decoding=\"async\" data-attachment-id=\"17643\" data-permalink=\"https:\/\/www.satokangas.fi\/blogi\/2013\/06\/karibianmeren-rannalla\/pdc-114-custom\/\" data-orig-file=\"https:\/\/www.satokangas.fi\/blogi\/wp-content\/uploads\/2013\/06\/PDC-114-Custom.jpg\" data-orig-size=\"1081,720\" data-comments-opened=\"1\" data-image-meta=\"{&quot;aperture&quot;:&quot;4&quot;,&quot;credit&quot;:&quot;Picasa&quot;,&quot;camera&quot;:&quot;Canon EOS 5D Mark II&quot;,&quot;caption&quot;:&quot;&quot;,&quot;created_timestamp&quot;:&quot;1370895263&quot;,&quot;copyright&quot;:&quot;&quot;,&quot;focal_length&quot;:&quot;121&quot;,&quot;iso&quot;:&quot;100&quot;,&quot;shutter_speed&quot;:&quot;0.0003125&quot;,&quot;title&quot;:&quot;&quot;}\" data-image-title=\"PDC 114 (Custom)\" data-image-description=\"\" data-image-caption=\"\" data-large-file=\"https:\/\/www.satokangas.fi\/blogi\/wp-content\/uploads\/2013\/06\/PDC-114-Custom.jpg\" class=\" wp-image-17643 aligncenter\" alt=\"PDC 114 (Custom)\" src=\"https:\/\/www.satokangas.fi\/blogi\/wp-content\/uploads\/2013\/06\/PDC-114-Custom.jpg\" width=\"649\" height=\"432\" srcset=\"https:\/\/www.satokangas.fi\/blogi\/wp-content\/uploads\/2013\/06\/PDC-114-Custom.jpg 1081w, https:\/\/www.satokangas.fi\/blogi\/wp-content\/uploads\/2013\/06\/PDC-114-Custom-300x199.jpg 300w, https:\/\/www.satokangas.fi\/blogi\/wp-content\/uploads\/2013\/06\/PDC-114-Custom-600x400.jpg 600w\" sizes=\"auto, (max-width: 649px) 100vw, 649px\" \/><\/a><\/em><\/p>\n<p style=\"text-align: center;\"><em id=\"__mceDel\"> <a href=\"https:\/\/www.satokangas.fi\/blogi\/wp-content\/uploads\/2013\/06\/PDC-141-Custom.jpg\"><img loading=\"lazy\" decoding=\"async\" data-attachment-id=\"17653\" data-permalink=\"https:\/\/www.satokangas.fi\/blogi\/2013\/06\/karibianmeren-rannalla\/pdc-141-custom\/\" data-orig-file=\"https:\/\/www.satokangas.fi\/blogi\/wp-content\/uploads\/2013\/06\/PDC-141-Custom.jpg\" data-orig-size=\"1241,720\" data-comments-opened=\"1\" data-image-meta=\"{&quot;aperture&quot;:&quot;4&quot;,&quot;credit&quot;:&quot;Picasa&quot;,&quot;camera&quot;:&quot;Canon EOS 5D Mark II&quot;,&quot;caption&quot;:&quot;&quot;,&quot;created_timestamp&quot;:&quot;1370900250&quot;,&quot;copyright&quot;:&quot;&quot;,&quot;focal_length&quot;:&quot;24&quot;,&quot;iso&quot;:&quot;100&quot;,&quot;shutter_speed&quot;:&quot;0.0005&quot;,&quot;title&quot;:&quot;&quot;}\" data-image-title=\"PDC 141 (Custom)\" data-image-description=\"\" data-image-caption=\"\" data-large-file=\"https:\/\/www.satokangas.fi\/blogi\/wp-content\/uploads\/2013\/06\/PDC-141-Custom.jpg\" class=\"aligncenter  wp-image-17653\" alt=\"PDC 141 (Custom)\" src=\"https:\/\/www.satokangas.fi\/blogi\/wp-content\/uploads\/2013\/06\/PDC-141-Custom-600x348.jpg\" width=\"600\" height=\"348\" srcset=\"https:\/\/www.satokangas.fi\/blogi\/wp-content\/uploads\/2013\/06\/PDC-141-Custom-600x348.jpg 600w, https:\/\/www.satokangas.fi\/blogi\/wp-content\/uploads\/2013\/06\/PDC-141-Custom-300x174.jpg 300w, https:\/\/www.satokangas.fi\/blogi\/wp-content\/uploads\/2013\/06\/PDC-141-Custom.jpg 1241w\" sizes=\"auto, (max-width: 600px) 100vw, 600px\" \/><\/a><\/em><\/p>\n<p style=\"text-align: center;\"><em id=\"__mceDel\"><a href=\"https:\/\/www.satokangas.fi\/blogi\/wp-content\/uploads\/2013\/06\/2013_PDC-I-096-Custom.jpg\"><br \/>\n<\/a> <a href=\"https:\/\/www.satokangas.fi\/blogi\/wp-content\/uploads\/2013\/06\/8-Custom.jpg\"><img loading=\"lazy\" decoding=\"async\" data-attachment-id=\"17650\" data-permalink=\"https:\/\/www.satokangas.fi\/blogi\/2013\/06\/karibianmeren-rannalla\/8-custom\/\" data-orig-file=\"https:\/\/www.satokangas.fi\/blogi\/wp-content\/uploads\/2013\/06\/8-Custom.jpg\" data-orig-size=\"1081,720\" data-comments-opened=\"1\" data-image-meta=\"{&quot;aperture&quot;:&quot;5&quot;,&quot;credit&quot;:&quot;Picasa&quot;,&quot;camera&quot;:&quot;Canon EOS 5D Mark II&quot;,&quot;caption&quot;:&quot;&quot;,&quot;created_timestamp&quot;:&quot;1370878966&quot;,&quot;copyright&quot;:&quot;&quot;,&quot;focal_length&quot;:&quot;24&quot;,&quot;iso&quot;:&quot;50&quot;,&quot;shutter_speed&quot;:&quot;0.001&quot;,&quot;title&quot;:&quot;&quot;}\" data-image-title=\"8 (Custom)\" data-image-description=\"\" data-image-caption=\"\" data-large-file=\"https:\/\/www.satokangas.fi\/blogi\/wp-content\/uploads\/2013\/06\/8-Custom.jpg\" class=\"aligncenter size-medium wp-image-17650\" alt=\"8 (Custom)\" src=\"https:\/\/www.satokangas.fi\/blogi\/wp-content\/uploads\/2013\/06\/8-Custom-600x400.jpg\" width=\"600\" height=\"400\" srcset=\"https:\/\/www.satokangas.fi\/blogi\/wp-content\/uploads\/2013\/06\/8-Custom-600x400.jpg 600w, https:\/\/www.satokangas.fi\/blogi\/wp-content\/uploads\/2013\/06\/8-Custom-300x199.jpg 300w, https:\/\/www.satokangas.fi\/blogi\/wp-content\/uploads\/2013\/06\/8-Custom.jpg 1081w\" sizes=\"auto, (max-width: 600px) 100vw, 600px\" \/><\/a><\/em><\/p>\n<p style=\"text-align: center;\"><a href=\"https:\/\/www.satokangas.fi\/blogi\/wp-content\/uploads\/2013\/06\/PDC-132.CR2-Custom1.jpg\"><img loading=\"lazy\" decoding=\"async\" data-attachment-id=\"17651\" data-permalink=\"https:\/\/www.satokangas.fi\/blogi\/2013\/06\/karibianmeren-rannalla\/pdc-132-cr2-custom-2\/\" data-orig-file=\"https:\/\/www.satokangas.fi\/blogi\/wp-content\/uploads\/2013\/06\/PDC-132.CR2-Custom1.jpg\" data-orig-size=\"720,1081\" data-comments-opened=\"1\" data-image-meta=\"{&quot;aperture&quot;:&quot;5.6&quot;,&quot;credit&quot;:&quot;Picasa&quot;,&quot;camera&quot;:&quot;Canon EOS 5D Mark II&quot;,&quot;caption&quot;:&quot;&quot;,&quot;created_timestamp&quot;:&quot;1370899687&quot;,&quot;copyright&quot;:&quot;&quot;,&quot;focal_length&quot;:&quot;80&quot;,&quot;iso&quot;:&quot;400&quot;,&quot;shutter_speed&quot;:&quot;0.0002&quot;,&quot;title&quot;:&quot;&quot;}\" data-image-title=\"PDC 132.CR2 (Custom)\" data-image-description=\"\" data-image-caption=\"\" data-large-file=\"https:\/\/www.satokangas.fi\/blogi\/wp-content\/uploads\/2013\/06\/PDC-132.CR2-Custom1-682x1024.jpg\" class=\"aligncenter  wp-image-17651\" alt=\"PDC 132.CR2 (Custom)\" src=\"https:\/\/www.satokangas.fi\/blogi\/wp-content\/uploads\/2013\/06\/PDC-132.CR2-Custom1.jpg\" width=\"504\" height=\"757\" srcset=\"https:\/\/www.satokangas.fi\/blogi\/wp-content\/uploads\/2013\/06\/PDC-132.CR2-Custom1.jpg 720w, https:\/\/www.satokangas.fi\/blogi\/wp-content\/uploads\/2013\/06\/PDC-132.CR2-Custom1-199x300.jpg 199w, https:\/\/www.satokangas.fi\/blogi\/wp-content\/uploads\/2013\/06\/PDC-132.CR2-Custom1-266x400.jpg 266w, https:\/\/www.satokangas.fi\/blogi\/wp-content\/uploads\/2013\/06\/PDC-132.CR2-Custom1-682x1024.jpg 682w\" sizes=\"auto, (max-width: 504px) 100vw, 504px\" \/><\/a><\/p>\n<p>Mutta ei t\u00e4m\u00e4 p\u00e4iv\u00e4 ole ihan mennyt niinkuin Str\u00f6ms\u00f6ss\u00e4&#8230; Ei t\u00e4m\u00e4 ihan paratiisip\u00e4iv\u00e4 ole ollut. Pehtoori oli y\u00f6n ollut enempi v\u00e4hempi horkassa, ja viiden j\u00e4lkeen kun her\u00e4ilin (en osaa n\u00e4k\u00f6j\u00e4\u00e4n nukkua mill\u00e4\u00e4n puolen maapalloa, en lomalla, en t\u00f6iss\u00e4 ollessa, en miss\u00e4\u00e4n olosuhteissa tai aikvy\u00f6hykkeell\u00e4 yli viiteen), oli miehell\u00e4 kuumetta yli +38 C. L\u00e4\u00e4k\u00e4ri k\u00e4vi huoneessa ja totesi keuhkoputkentulehduksen tai ainakin jonkin &#8221;infection&#8221;. Kev\u00e4\u00e4n flunssan j\u00e4lkeen kytem\u00e4\u00e4n j\u00e4\u00e4nyt kurkkukipu oli ilmeisesti nyt (ilmastointilaitteiden ja \u00e4killisten l\u00e4mp\u00f6tilavaihtelujen takia) puhjennut taudiksi. L\u00e4\u00e4k\u00e4ri k\u00e4vi hakemassa ja sitten tuomassa l\u00e4\u00e4kkeet (antibioottikuuri ja muutama muu l\u00e4\u00e4ke) ja pehtoori on p\u00e4iv\u00e4n ollut sis\u00e4ll\u00e4 ja nukkunut.<\/p>\n<p>Tytt\u00e4ren kanssa olemme olleet biitsill\u00e4. Ja puhelinhan se \u00a0lapselta sitten p\u00f6llittiin. Heaven knows, miten ja miss\u00e4 v\u00e4liss\u00e4, mutta viety on! Puhelin oli varavarapuhelin, ja tarkoitus oli Suomeen palattua uusi hankkia, mutta salasanojen vaihtoa ja muuta h\u00e4slinki\u00e4 t\u00e4ss\u00e4 \u00a0lapsella nyt ollut. Ja jonkunlainen luuriahan se on nyt l\u00e4hdett\u00e4v\u00e4 hankkimaan&#8230; Tyt\u00e4r ei ehk\u00e4 sit\u00e4 niink\u00e4\u00e4n tarvitsisi, mutta minun mielenrauhani kannalta on parasta, ett\u00e4 lapsella on puhelin.<\/p>\n","protected":false},"excerpt":{"rendered":"<p>Onhan siit\u00e4 ollut puhetta: min\u00e4 pid\u00e4n merenrannassa lenkkeilyst\u00e4. Sit\u00e4h\u00e4n teen joka viikonloppu. Niin t\u00e4n\u00e4\u00e4nkin. Aamulla Meksikonlahden rantaviivaa oikealle ja takaisin ja iltap\u00e4iv\u00e4ll\u00e4 Meksikonlahden rantaviivaa vasemmalle ja takaisin. Vesirajassa on hyv\u00e4 k\u00e4vell\u00e4. Nauttia merituulesta (onneksi t\u00e4n\u00e4\u00e4n on \u00a0tuullut aika kovastikin, muutoin olisi ollut varmaan turhan kuuma. + 30 C yhdistettyn\u00e4 reippaseen merituuleen on ollut hyv\u00e4). Viime viikolla t\u00e4\u00e4ll\u00e4 riehuneen hurrikaani Davidin &hellip; <\/p>\n","protected":false},"author":1,"featured_media":0,"comment_status":"open","ping_status":"open","sticky":false,"template":"","format":"standard","meta":{"jetpack_post_was_ever_published":false,"_jetpack_newsletter_access":"","_jetpack_dont_email_post_to_subs":false,"_jetpack_newsletter_tier_id":0,"_jetpack_memberships_contains_paywalled_content":false,"_jetpack_memberships_contains_paid_content":false,"footnotes":"","jetpack_publicize_message":"","jetpack_publicize_feature_enabled":true,"jetpack_social_post_already_shared":true,"jetpack_social_options":{"image_generator_settings":{"template":"highway","default_image_id":0,"font":"","enabled":false},"version":2}},"categories":[62,1],"tags":[],"class_list":["post-17640","post","type-post","status-publish","format-standard","hentry","category-meksiko","category-aiheeton","latest_post"],"jetpack_publicize_connections":[],"jetpack_featured_media_url":"","jetpack_shortlink":"https:\/\/wp.me\/pr4p4-4Aw","jetpack_sharing_enabled":true,"jetpack_likes_enabled":false,"jetpack-related-posts":[{"id":51875,"url":"https:\/\/www.satokangas.fi\/blogi\/2025\/01\/rantaviivan-tuntumassa\/","url_meta":{"origin":17640,"position":0},"title":"Rantaviivan tuntumassa","author":"Reija","date":"24.1.2025","format":false,"excerpt":"Hotellimme Jardines de Nivaria on iso. Ja t\u00e4llaisessa hotellissa my\u00f6s aamiaiset\/brunssit ovat valtavia. Tai siis buffetit ovat. T\u00e4ss\u00e4kin monit\u00e4htisess\u00e4 hotellissa buffet on monessa huoneessa\/salissa! Ja valtavan ravintolan parvekkeelle mahtui hyvin viel\u00e4, olimme taas varhaisimpia aamiaisella. Me ja muut el\u00e4kel\u00e4iset: keski-ik\u00e4 on aika lailla 65 v., enimm\u00e4t hotelliasukkaat, joista osa n\u00e4ytt\u00e4\u00e4\u2026","rel":"","context":"Kategoriassa &quot;Niit\u00e4 n\u00e4it\u00e4&quot;","block_context":{"text":"Niit\u00e4 n\u00e4it\u00e4","link":"https:\/\/www.satokangas.fi\/blogi\/category\/aiheeton\/"},"img":{"alt_text":"","src":"https:\/\/i0.wp.com\/www.satokangas.fi\/blogi\/wp-content\/uploads\/2025\/01\/CA_kaupunkipatikka-11.jpg?resize=350%2C200&ssl=1","width":350,"height":200,"srcset":"https:\/\/i0.wp.com\/www.satokangas.fi\/blogi\/wp-content\/uploads\/2025\/01\/CA_kaupunkipatikka-11.jpg?resize=350%2C200&ssl=1 1x, https:\/\/i0.wp.com\/www.satokangas.fi\/blogi\/wp-content\/uploads\/2025\/01\/CA_kaupunkipatikka-11.jpg?resize=525%2C300&ssl=1 1.5x, https:\/\/i0.wp.com\/www.satokangas.fi\/blogi\/wp-content\/uploads\/2025\/01\/CA_kaupunkipatikka-11.jpg?resize=700%2C400&ssl=1 2x"},"classes":[]},{"id":53205,"url":"https:\/\/www.satokangas.fi\/blogi\/2025\/10\/53205\/","url_meta":{"origin":17640,"position":1},"title":"Korsika! Saarelta saarelle!","author":"Reija","date":"7.10.2025","format":false,"excerpt":"Toinen matkap\u00e4iv\u00e4, ensimm\u00e4inen patikkap\u00e4iv\u00e4, joka oli samalla merimatka Ranskaan. Tai siis Korsikalle. Noin korsikalaiset haluavat\u00a0 kotisaarensa m\u00e4\u00e4ritelt\u00e4v\u00e4n. Laivamatkalle ehtimisen\u00a0 vuoksi olimme aamiaisella jo seitsem\u00e4n j\u00e4lkeen, ja satamaan l\u00e4hdimme porukalla k\u00e4vellen kahdeksan j\u00e4lkeen. Matkaa satamaan halki hiljaisen Santa Teresan pikkukaupungin oli alle kaksi kilometri\u00e4. P\u00e4\u00e4sin merelle! Aurinkoiselle V\u00e4limerelle laivalla kohti Ranskalle\u2026","rel":"","context":"Kategoriassa &quot;Niit\u00e4 n\u00e4it\u00e4&quot;","block_context":{"text":"Niit\u00e4 n\u00e4it\u00e4","link":"https:\/\/www.satokangas.fi\/blogi\/category\/aiheeton\/"},"img":{"alt_text":"","src":"https:\/\/i0.wp.com\/www.satokangas.fi\/blogi\/wp-content\/uploads\/2025\/10\/Korsika-3.jpg?resize=350%2C200&ssl=1","width":350,"height":200,"srcset":"https:\/\/i0.wp.com\/www.satokangas.fi\/blogi\/wp-content\/uploads\/2025\/10\/Korsika-3.jpg?resize=350%2C200&ssl=1 1x, https:\/\/i0.wp.com\/www.satokangas.fi\/blogi\/wp-content\/uploads\/2025\/10\/Korsika-3.jpg?resize=525%2C300&ssl=1 1.5x, https:\/\/i0.wp.com\/www.satokangas.fi\/blogi\/wp-content\/uploads\/2025\/10\/Korsika-3.jpg?resize=700%2C400&ssl=1 2x"},"classes":[]},{"id":40981,"url":"https:\/\/www.satokangas.fi\/blogi\/2021\/06\/biitsipaiva-pienten-kanssa\/","url_meta":{"origin":17640,"position":2},"title":"Biitsip\u00e4iv\u00e4 pienten kanssa","author":"Reija","date":"11.6.2021","format":false,"excerpt":"Jos Eevis l\u00e4hti mummilasta kotiin aika uuvahtaneena, niin kyll\u00e4 on mummikin v\u00e4hint\u00e4\u00e4n yht\u00e4 simahtanut - ihan kuin kunnon tunturipatikan j\u00e4ljilt\u00e4. Periaatteessa ei juurikaan liikuntaa, vaikka askelmittarissa n\u00e4ytt\u00e4\u00e4 kymmenentuhatta askelta t\u00e4yttyneen ihan ohimennen. Vedess\u00e4 lilluminen ja pienen pieni touhuaminen (ihan omaehtoisesti osan j\u00e4rjest\u00e4neen\u00e4) sek\u00e4 auvoinen, aurinkoinen l\u00e4mp\u00f6! Ei muuta tarvita -\u2026","rel":"","context":"Kategoriassa &quot;Isovanhemmuus&quot;","block_context":{"text":"Isovanhemmuus","link":"https:\/\/www.satokangas.fi\/blogi\/category\/isovanhemmuus\/"},"img":{"alt_text":"","src":"https:\/\/i0.wp.com\/www.satokangas.fi\/blogi\/wp-content\/uploads\/2021\/06\/Eevis.jpg?resize=350%2C200&ssl=1","width":350,"height":200,"srcset":"https:\/\/i0.wp.com\/www.satokangas.fi\/blogi\/wp-content\/uploads\/2021\/06\/Eevis.jpg?resize=350%2C200&ssl=1 1x, https:\/\/i0.wp.com\/www.satokangas.fi\/blogi\/wp-content\/uploads\/2021\/06\/Eevis.jpg?resize=525%2C300&ssl=1 1.5x, https:\/\/i0.wp.com\/www.satokangas.fi\/blogi\/wp-content\/uploads\/2021\/06\/Eevis.jpg?resize=700%2C400&ssl=1 2x, https:\/\/i0.wp.com\/www.satokangas.fi\/blogi\/wp-content\/uploads\/2021\/06\/Eevis.jpg?resize=1050%2C600&ssl=1 3x, https:\/\/i0.wp.com\/www.satokangas.fi\/blogi\/wp-content\/uploads\/2021\/06\/Eevis.jpg?resize=1400%2C800&ssl=1 4x"},"classes":[]},{"id":20120,"url":"https:\/\/www.satokangas.fi\/blogi\/2014\/01\/hiekkarannalla-huono-omatunto\/","url_meta":{"origin":17640,"position":3},"title":"Hiekkarannalla huono omatunto","author":"Reija","date":"31.1.2014","format":false,"excerpt":"Huono omatunto. Aihe, josta olen ollut aikeissa kirjoittaa monta kertaa viime viikkoina... Mist\u00e4 ja miksi on huono omatunto??! Palannen viel\u00e4 asiaan, mutta t\u00e4n\u00e4\u00e4nkin se oli. T\u00e4n\u00e4\u00e4n huonon omantunnon taustalla aika pikkujuttu: olin p\u00e4\u00e4ttnyt jo monta p\u00e4iv\u00e4\u00e4 sitten, ett\u00e4 t\u00e4n\u00e4\u00e4n l\u00e4hden t\u00f6ist\u00e4 ajoissa. HUOM. etuajassa [seli, seli, ett\u00e4 olen ollut t\u00f6iss\u00e4\u2026","rel":"","context":"Kategoriassa &quot;Niit\u00e4 n\u00e4it\u00e4&quot;","block_context":{"text":"Niit\u00e4 n\u00e4it\u00e4","link":"https:\/\/www.satokangas.fi\/blogi\/category\/aiheeton\/"},"img":{"alt_text":"Julma valo_","src":"https:\/\/i0.wp.com\/www.satokangas.fi\/blogi\/wp-content\/uploads\/2014\/01\/Julma-valo_-600x400.jpg?resize=350%2C200&ssl=1","width":350,"height":200,"srcset":"https:\/\/i0.wp.com\/www.satokangas.fi\/blogi\/wp-content\/uploads\/2014\/01\/Julma-valo_-600x400.jpg?resize=350%2C200&ssl=1 1x, https:\/\/i0.wp.com\/www.satokangas.fi\/blogi\/wp-content\/uploads\/2014\/01\/Julma-valo_-600x400.jpg?resize=525%2C300&ssl=1 1.5x"},"classes":[]},{"id":502,"url":"https:\/\/www.satokangas.fi\/blogi\/2008\/08\/kesaa-on-viela-jaljella-onko\/","url_meta":{"origin":17640,"position":4},"title":"Kes\u00e4\u00e4 on viel\u00e4 j\u00e4ljell\u00e4&#8230; Onko?","author":"Reija","date":"4.8.2008","format":false,"excerpt":"Klo 5.50 matkalla kuntosalille auton mittari n\u00e4ytti +2,2 C. Jolleiv\u00e4t t\u00f6ihin menness\u00e4 Yliopistokadun komeat koivurivist\u00f6t olisi olleet syv\u00e4nvihreit\u00e4, olisin ollut varma, ett\u00e4 on syyskuu! Huh!Ty\u00f6p\u00e4iv\u00e4 alkoi hyvin kun esimies toivotti k\u00e4dest\u00e4 pit\u00e4en tervetulleeksi takaisin ja saman tien kertoi, miss\u00e4 asioissa voisin olla avuksi heti ja mit\u00e4 pit\u00e4isi tehd\u00e4 my\u00f6hemmin. Melkein\u2026","rel":"","context":"Kategoriassa &quot;Niit\u00e4 n\u00e4it\u00e4&quot;","block_context":{"text":"Niit\u00e4 n\u00e4it\u00e4","link":"https:\/\/www.satokangas.fi\/blogi\/category\/aiheeton\/"},"img":{"alt_text":"","src":"","width":0,"height":0},"classes":[]},{"id":45787,"url":"https:\/\/www.satokangas.fi\/blogi\/2023\/05\/merellinen-paiva-hvarin-saarella\/","url_meta":{"origin":17640,"position":5},"title":"Merellinen p\u00e4iv\u00e4 &#8211; Hvarin saarella","author":"Reija","date":"26.5.2023","format":false,"excerpt":"T\u00e4n\u00e4\u00e4n Pehtoorilla olisi ollut Tekun luokkakokous ja minulla L\u00e4hiTapiola -historiaprojektin isot juhlat - Oulussa molemmat. Ja meh\u00e4n l\u00e4hdimmekin Hvarin saarelle. Eilen iltap\u00e4iv\u00e4ll\u00e4 tilasin Jadrolinijan katamariinille liput: klo 9.30 l\u00e4ht\u00f6 ja paluu l\u00e4hti saarelta klo 14 (65 min. suuntaansa).\u00a0 Edestakaisin kahden hengen liput maksoivat 80 \u20ac. Olimme kolme ja puolituntia kauniin\u2026","rel":"","context":"Kategoriassa &quot;Kroatia 2023&quot;","block_context":{"text":"Kroatia 2023","link":"https:\/\/www.satokangas.fi\/blogi\/category\/reissut\/kroatia-2023\/"},"img":{"alt_text":"","src":"https:\/\/i0.wp.com\/www.satokangas.fi\/blogi\/wp-content\/uploads\/2023\/05\/Hvar-6.jpg?resize=350%2C200&ssl=1","width":350,"height":200,"srcset":"https:\/\/i0.wp.com\/www.satokangas.fi\/blogi\/wp-content\/uploads\/2023\/05\/Hvar-6.jpg?resize=350%2C200&ssl=1 1x, https:\/\/i0.wp.com\/www.satokangas.fi\/blogi\/wp-content\/uploads\/2023\/05\/Hvar-6.jpg?resize=525%2C300&ssl=1 1.5x, https:\/\/i0.wp.com\/www.satokangas.fi\/blogi\/wp-content\/uploads\/2023\/05\/Hvar-6.jpg?resize=700%2C400&ssl=1 2x"},"classes":[]}],"_links":{"self":[{"href":"https:\/\/www.satokangas.fi\/blogi\/wp-json\/wp\/v2\/posts\/17640","targetHints":{"allow":["GET"]}}],"collection":[{"href":"https:\/\/www.satokangas.fi\/blogi\/wp-json\/wp\/v2\/posts"}],"about":[{"href":"https:\/\/www.satokangas.fi\/blogi\/wp-json\/wp\/v2\/types\/post"}],"author":[{"embeddable":true,"href":"https:\/\/www.satokangas.fi\/blogi\/wp-json\/wp\/v2\/users\/1"}],"replies":[{"embeddable":true,"href":"https:\/\/www.satokangas.fi\/blogi\/wp-json\/wp\/v2\/comments?post=17640"}],"version-history":[{"count":0,"href":"https:\/\/www.satokangas.fi\/blogi\/wp-json\/wp\/v2\/posts\/17640\/revisions"}],"wp:attachment":[{"href":"https:\/\/www.satokangas.fi\/blogi\/wp-json\/wp\/v2\/media?parent=17640"}],"wp:term":[{"taxonomy":"category","embeddable":true,"href":"https:\/\/www.satokangas.fi\/blogi\/wp-json\/wp\/v2\/categories?post=17640"},{"taxonomy":"post_tag","embeddable":true,"href":"https:\/\/www.satokangas.fi\/blogi\/wp-json\/wp\/v2\/tags?post=17640"}],"curies":[{"name":"wp","href":"https:\/\/api.w.org\/{rel}","templated":true}]}}