{"id":17619,"date":"2013-06-08T22:08:43","date_gmt":"2013-06-09T03:08:43","guid":{"rendered":"https:\/\/www.satokangas.fi\/blogi\/?p=17619"},"modified":"2013-06-19T10:12:45","modified_gmt":"2013-06-19T07:12:45","slug":"teotihuacan-huiputettu","status":"publish","type":"post","link":"https:\/\/www.satokangas.fi\/blogi\/2013\/06\/teotihuacan-huiputettu\/","title":{"rendered":"Teotihuac\u00e1n huiputettu"},"content":{"rendered":"<p>Kun Rooman valtakunta Euroopassa hajosi, Meksikossa Teotihuac\u00e1nissa kukoisti 200 000 asukkaan kaupunki, josta on j\u00e4ljell\u00e4 huikeat rauniot. Teotihuac\u00e1nissa on Aurinkopyramidi, jonka t\u00e4n\u00e4\u00e4n huiputimme ja jonka huipulta alla oleva kuva on otettu. Kuvassa on siis Piramide de Luna, kuupyramidi. Ja kuinka paljon muuta olemmekaan t\u00e4n\u00e4\u00e4n n\u00e4hneet!! Ilman meksikolaisia oppaitamme olisimme j\u00e4\u00e4neet niin paljosta paitsi.<\/p>\n<p><a href=\"https:\/\/www.satokangas.fi\/blogi\/wp-content\/uploads\/2013\/06\/luna.jpg\"><img loading=\"lazy\" decoding=\"async\" data-attachment-id=\"17620\" data-permalink=\"https:\/\/www.satokangas.fi\/blogi\/2013\/06\/teotihuacan-huiputettu\/luna\/\" data-orig-file=\"https:\/\/www.satokangas.fi\/blogi\/wp-content\/uploads\/2013\/06\/luna.jpg\" data-orig-size=\"5169,3013\" data-comments-opened=\"1\" data-image-meta=\"{&quot;aperture&quot;:&quot;4&quot;,&quot;credit&quot;:&quot;Picasa&quot;,&quot;camera&quot;:&quot;Canon EOS 5D Mark II&quot;,&quot;caption&quot;:&quot;&quot;,&quot;created_timestamp&quot;:&quot;1370715776&quot;,&quot;copyright&quot;:&quot;&quot;,&quot;focal_length&quot;:&quot;135&quot;,&quot;iso&quot;:&quot;250&quot;,&quot;shutter_speed&quot;:&quot;0.0004&quot;,&quot;title&quot;:&quot;&quot;}\" data-image-title=\"luna\" data-image-description=\"\" data-image-caption=\"\" data-large-file=\"https:\/\/www.satokangas.fi\/blogi\/wp-content\/uploads\/2013\/06\/luna-1600x932.jpg\" class=\"aligncenter size-medium wp-image-17620\" alt=\"luna\" src=\"https:\/\/www.satokangas.fi\/blogi\/wp-content\/uploads\/2013\/06\/luna-600x349.jpg\" width=\"600\" height=\"349\" srcset=\"https:\/\/www.satokangas.fi\/blogi\/wp-content\/uploads\/2013\/06\/luna-600x349.jpg 600w, https:\/\/www.satokangas.fi\/blogi\/wp-content\/uploads\/2013\/06\/luna-300x174.jpg 300w, https:\/\/www.satokangas.fi\/blogi\/wp-content\/uploads\/2013\/06\/luna-1600x932.jpg 1600w\" sizes=\"auto, (max-width: 600px) 100vw, 600px\" \/><\/a><\/p>\n<p><a href=\"https:\/\/www.satokangas.fi\/blogi\/wp-content\/uploads\/2013\/06\/MC-III-086.jpg\"><img loading=\"lazy\" decoding=\"async\" data-attachment-id=\"17622\" data-permalink=\"https:\/\/www.satokangas.fi\/blogi\/2013\/06\/teotihuacan-huiputettu\/mc-iii-086\/\" data-orig-file=\"https:\/\/www.satokangas.fi\/blogi\/wp-content\/uploads\/2013\/06\/MC-III-086.jpg\" data-orig-size=\"3576,3654\" data-comments-opened=\"1\" data-image-meta=\"{&quot;aperture&quot;:&quot;4&quot;,&quot;credit&quot;:&quot;Picasa&quot;,&quot;camera&quot;:&quot;Canon EOS 5D Mark II&quot;,&quot;caption&quot;:&quot;&quot;,&quot;created_timestamp&quot;:&quot;1370716216&quot;,&quot;copyright&quot;:&quot;&quot;,&quot;focal_length&quot;:&quot;24&quot;,&quot;iso&quot;:&quot;100&quot;,&quot;shutter_speed&quot;:&quot;0.001&quot;,&quot;title&quot;:&quot;&quot;}\" data-image-title=\"MC III 086\" data-image-description=\"\" data-image-caption=\"\" data-large-file=\"https:\/\/www.satokangas.fi\/blogi\/wp-content\/uploads\/2013\/06\/MC-III-086-1002x1024.jpg\" class=\"aligncenter size-medium wp-image-17622\" alt=\"MC III 086\" src=\"https:\/\/www.satokangas.fi\/blogi\/wp-content\/uploads\/2013\/06\/MC-III-086-391x400.jpg\" width=\"391\" height=\"400\" srcset=\"https:\/\/www.satokangas.fi\/blogi\/wp-content\/uploads\/2013\/06\/MC-III-086-391x400.jpg 391w, https:\/\/www.satokangas.fi\/blogi\/wp-content\/uploads\/2013\/06\/MC-III-086-293x300.jpg 293w, https:\/\/www.satokangas.fi\/blogi\/wp-content\/uploads\/2013\/06\/MC-III-086-1002x1024.jpg 1002w\" sizes=\"auto, (max-width: 391px) 100vw, 391px\" \/><\/a><\/p>\n<p>Olemme p\u00e4iv\u00e4ss\u00e4 n\u00e4hdeet sen mit\u00e4 &#8221;tavisturisti&#8221; ehtii viikossa.. Meill\u00e4 on ollut erinomaista seuraa, ruokaa, aurinkoa, historiaa&#8230; Muta nyt tilanne on se, ett\u00e4 olemme jotakuinkin vasta palanneet hotellille ja aamulla on l\u00e4hdett\u00e4v\u00e4 varhain lentokent\u00e4lle, joten kerron t\u00e4st\u00e4 p\u00e4iv\u00e4st\u00e4 huomenna (= Suomen aikaa illalla) lis\u00e4\u00e4.<\/p>\n","protected":false},"excerpt":{"rendered":"<p>Kun Rooman valtakunta Euroopassa hajosi, Meksikossa Teotihuac\u00e1nissa kukoisti 200 000 asukkaan kaupunki, josta on j\u00e4ljell\u00e4 huikeat rauniot. Teotihuac\u00e1nissa on Aurinkopyramidi, jonka t\u00e4n\u00e4\u00e4n huiputimme ja jonka huipulta alla oleva kuva on otettu. Kuvassa on siis Piramide de Luna, kuupyramidi. Ja kuinka paljon muuta olemmekaan t\u00e4n\u00e4\u00e4n n\u00e4hneet!! Ilman meksikolaisia oppaitamme olisimme j\u00e4\u00e4neet niin paljosta paitsi. Olemme p\u00e4iv\u00e4ss\u00e4 n\u00e4hdeet sen mit\u00e4 &#8221;tavisturisti&#8221; ehtii &hellip; <\/p>\n","protected":false},"author":1,"featured_media":0,"comment_status":"open","ping_status":"open","sticky":false,"template":"","format":"standard","meta":{"jetpack_post_was_ever_published":false,"_jetpack_newsletter_access":"","_jetpack_dont_email_post_to_subs":false,"_jetpack_newsletter_tier_id":0,"_jetpack_memberships_contains_paywalled_content":false,"_jetpack_memberships_contains_paid_content":false,"footnotes":"","jetpack_publicize_message":"","jetpack_publicize_feature_enabled":true,"jetpack_social_post_already_shared":true,"jetpack_social_options":{"image_generator_settings":{"template":"highway","default_image_id":0,"font":"","enabled":false},"version":2}},"categories":[62],"tags":[],"class_list":["post-17619","post","type-post","status-publish","format-standard","hentry","category-meksiko","latest_post"],"jetpack_publicize_connections":[],"jetpack_featured_media_url":"","jetpack_shortlink":"https:\/\/wp.me\/pr4p4-4Ab","jetpack_sharing_enabled":true,"jetpack_likes_enabled":false,"jetpack-related-posts":[{"id":30535,"url":"https:\/\/www.satokangas.fi\/blogi\/2017\/03\/lauantai-2\/","url_meta":{"origin":17619,"position":0},"title":"Lauantai","author":"Reija","date":"25.3.2017","format":false,"excerpt":"\u00a0 Lauantai. Mietin monta kertaa sanaa \u00b4lauantai\u00b4. Mit\u00e4 se lopultakaan, nyt, minulle, t\u00e4ss\u00e4 el\u00e4m\u00e4ni vaiheessa tarkoittaa... Min\u00e4 mietin sit\u00e4 hyvin paljon t\u00e4n\u00e4\u00e4n. T\u00e4n\u00e4\u00e4n se on tarkoittanut k\u00e4vely\u00e4 kaupunkiin, Taidemuseoon katsomaan Esko M\u00e4nnik\u00f6n valokuvan\u00e4yttely\u00e4. N\u00e4yttelyn j\u00e4lkeen, - mit\u00e4 mietin?: Kyll\u00e4 t\u00e4ss\u00e4 valokuvauksen opiskelijalla ja \"henkil\u00f6 milj\u00f6\u00f6ss\u00e4\" -n\u00e4ytt\u00f6sarjan kanssa kipuilevalla on miettimist\u00e4\u2026","rel":"","context":"Kategoriassa &quot;Niit\u00e4 n\u00e4it\u00e4&quot;","block_context":{"text":"Niit\u00e4 n\u00e4it\u00e4","link":"https:\/\/www.satokangas.fi\/blogi\/category\/aiheeton\/"},"img":{"alt_text":"","src":"https:\/\/i0.wp.com\/www.satokangas.fi\/blogi\/wp-content\/uploads\/2017\/03\/IMG_20170325_123051-400x400.jpg?resize=350%2C200&ssl=1","width":350,"height":200},"classes":[]},{"id":33055,"url":"https:\/\/www.satokangas.fi\/blogi\/2018\/01\/paljon-hyvaa-tanaan-2\/","url_meta":{"origin":17619,"position":1},"title":"Paljon hyv\u00e4\u00e4 t\u00e4n\u00e4\u00e4n","author":"Reija","date":"13.1.2018","format":false,"excerpt":"Hyv\u00e4\u00e4 on ollut paljon. Ja kaikki alkoi siit\u00e4, ett\u00e4 her\u00e4sin ajoissa. Ehdin ajoissa lenkille; Canon ja jalusta mukana. Ja sitten iltap\u00e4iv\u00e4 studio- ja milj\u00f6\u00f6kuvia \"tilauksesta\". Tilauksessa on mm. blinikuvat, joten koska viime viikonlopun kuvat eiv\u00e4t minua oikein ilahduttaneet, tein t\u00e4n\u00e4\u00e4n pika-blinitaikinan ja otin uudet kuvat. Koko sessio vei aika rutkasti\u2026","rel":"","context":"Kategoriassa &quot;Niit\u00e4 n\u00e4it\u00e4&quot;","block_context":{"text":"Niit\u00e4 n\u00e4it\u00e4","link":"https:\/\/www.satokangas.fi\/blogi\/category\/aiheeton\/"},"img":{"alt_text":"","src":"https:\/\/i0.wp.com\/www.satokangas.fi\/blogi\/wp-content\/uploads\/2018\/01\/Tammilauantai-4.jpg?resize=350%2C200&ssl=1","width":350,"height":200,"srcset":"https:\/\/i0.wp.com\/www.satokangas.fi\/blogi\/wp-content\/uploads\/2018\/01\/Tammilauantai-4.jpg?resize=350%2C200&ssl=1 1x, https:\/\/i0.wp.com\/www.satokangas.fi\/blogi\/wp-content\/uploads\/2018\/01\/Tammilauantai-4.jpg?resize=525%2C300&ssl=1 1.5x, https:\/\/i0.wp.com\/www.satokangas.fi\/blogi\/wp-content\/uploads\/2018\/01\/Tammilauantai-4.jpg?resize=700%2C400&ssl=1 2x"},"classes":[]},{"id":30522,"url":"https:\/\/www.satokangas.fi\/blogi\/2017\/03\/paljon-hyvaa-tanaan\/","url_meta":{"origin":17619,"position":2},"title":"Paljon hyv\u00e4\u00e4 t\u00e4n\u00e4\u00e4n","author":"Reija","date":"23.3.2017","format":false,"excerpt":"Olemme Pehtoorin kanssa jo etuajassa siirtyneet kes\u00e4aikaan, kuudelta on her\u00e4ilty monena aamuna, niin t\u00e4n\u00e4\u00e4nkin. Hyv\u00e4 niin ett\u00e4 oltiin valmiina kun meid\u00e4n p\u00e4iv\u00e4hoitolainen tuli ennen kahdeksaa. Apsulla olikin t\u00e4n\u00e4\u00e4n ihan t\u00e4ysi \"ty\u00f6p\u00e4iv\u00e4\", eilen vain puolikas. Kyll\u00e4p\u00e4s me piirrettiin ja duploiltiin. Pojan menty\u00e4 p\u00e4ikk\u00e4reille, oli mummin l\u00e4hdett\u00e4v\u00e4 kaupungille: kuvauskeikka Kukkakauppa Kanervassa oli\u2026","rel":"","context":"Kategoriassa &quot;Isovanhemmuus&quot;","block_context":{"text":"Isovanhemmuus","link":"https:\/\/www.satokangas.fi\/blogi\/category\/isovanhemmuus\/"},"img":{"alt_text":"","src":"https:\/\/i0.wp.com\/www.satokangas.fi\/blogi\/wp-content\/uploads\/2017\/03\/1-30-267x400.jpg?resize=350%2C200&ssl=1","width":350,"height":200},"classes":[]},{"id":47093,"url":"https:\/\/www.satokangas.fi\/blogi\/2023\/09\/parempiakin-paivia-on-ollut\/","url_meta":{"origin":17619,"position":3},"title":"Parempiakin p\u00e4ivi\u00e4 on ollut&#8230;","author":"Reija","date":"20.9.2023","format":false,"excerpt":"T\u00e4n\u00e4\u00e4n ei juurikaan onnistumisen kokemuksia. Paljon tekemist\u00e4, yrityst\u00e4, ja viel\u00e4 sellaisten asioiden parissa, joissa ei pit\u00e4isi olla mit\u00e4\u00e4n erityist\u00e4. Olen t\u00e4ss\u00e4 p\u00e4iv\u00e4n\u00e4 muutamana v\u00e4rk\u00e4nnyt ja t\u00e4n\u00e4\u00e4n viimeistellyt asiakkaalle ison kuvataulun Saarisel\u00e4n ruskamaisemista ja eilen jo \"koevedostin\" sen kuvatoimiston sivulle. Eilen kaikki vaikutti lupaavalle. T\u00e4n\u00e4\u00e4n kuva oli signeerausta my\u00f6ten valmis ladattavaksi\u2026","rel":"","context":"Kategoriassa &quot;Niit\u00e4 n\u00e4it\u00e4&quot;","block_context":{"text":"Niit\u00e4 n\u00e4it\u00e4","link":"https:\/\/www.satokangas.fi\/blogi\/category\/aiheeton\/"},"img":{"alt_text":"","src":"","width":0,"height":0},"classes":[]},{"id":43593,"url":"https:\/\/www.satokangas.fi\/blogi\/2022\/08\/varia-ja-kuvia\/","url_meta":{"origin":17619,"position":4},"title":"V\u00e4ri\u00e4 ja kuvia","author":"Reija","date":"28.8.2022","format":false,"excerpt":"Niin\u00e4 sunnuntaina kun ollaan oltu Oulussa, olen l\u00e4hes joka kerta ajellut t\u00e4m\u00e4n Knuutilanrannan \"l\u00e4hteen\" ohi. Niin t\u00e4n\u00e4\u00e4nkin. Etualan horsmat jo kertovat, ett\u00e4 kaupunkiruskaa on jo. Vaikka maisemat ja taivas n\u00e4ytt\u00e4v\u00e4t muutoin elokuiselta, kes\u00e4iselt\u00e4, eik\u00e4 ole viel\u00e4 kylm\u00e4k\u00e4\u00e4n (+ 19 C aamup\u00e4iv\u00e4ll\u00e4) niin tuulessa on syksyinen vire. Hiukkavaarassakin jo punerrusta penkoilla...\u2026","rel":"","context":"Kategoriassa &quot;Muistikuvia&quot;","block_context":{"text":"Muistikuvia","link":"https:\/\/www.satokangas.fi\/blogi\/category\/muistikuvia\/"},"img":{"alt_text":"","src":"https:\/\/i0.wp.com\/www.satokangas.fi\/blogi\/wp-content\/uploads\/2022\/08\/kaupunkiruska-4.jpg?resize=350%2C200&ssl=1","width":350,"height":200,"srcset":"https:\/\/i0.wp.com\/www.satokangas.fi\/blogi\/wp-content\/uploads\/2022\/08\/kaupunkiruska-4.jpg?resize=350%2C200&ssl=1 1x, https:\/\/i0.wp.com\/www.satokangas.fi\/blogi\/wp-content\/uploads\/2022\/08\/kaupunkiruska-4.jpg?resize=525%2C300&ssl=1 1.5x, https:\/\/i0.wp.com\/www.satokangas.fi\/blogi\/wp-content\/uploads\/2022\/08\/kaupunkiruska-4.jpg?resize=700%2C400&ssl=1 2x"},"classes":[]},{"id":45297,"url":"https:\/\/www.satokangas.fi\/blogi\/2023\/04\/laduilta-pyorateille-ilolla\/","url_meta":{"origin":17619,"position":5},"title":"Laduilta py\u00f6r\u00e4teille &#8211; ilolla","author":"Reija","date":"12.4.2023","format":false,"excerpt":"[Tuiranrannassa lumi jo v\u00e4hiss\u00e4, mutta kotipihalla on viel\u00e4 isot kinokset. ] Kev\u00e4ttalvesta kev\u00e4\u00e4seen Vartin yli kahdeksan l\u00e4hdimme kev\u00e4ttalvisesta, lumisesta Lapista aurinkoiseen, kev\u00e4iseen Ouluun. Vaikkei viel\u00e4 ollut kes\u00e4rajoituksia ja vaikkei ajettu ylinopeutta, oltiin kotona jo ennen kahta. Matkalla v\u00e4h\u00e4n liikennett\u00e4, sulat tiet, paljon (monta = 4) teeri\u00e4 tienpenkoilla ennen Sodankyl\u00e4\u00e4. Kotikeitti\u00f6n\u2026","rel":"","context":"Kategoriassa &quot;Liikkuminen&quot;","block_context":{"text":"Liikkuminen","link":"https:\/\/www.satokangas.fi\/blogi\/category\/liikkuminen\/"},"img":{"alt_text":"","src":"https:\/\/i0.wp.com\/www.satokangas.fi\/blogi\/wp-content\/uploads\/2023\/04\/Oulussa-4.jpg?resize=350%2C200&ssl=1","width":350,"height":200,"srcset":"https:\/\/i0.wp.com\/www.satokangas.fi\/blogi\/wp-content\/uploads\/2023\/04\/Oulussa-4.jpg?resize=350%2C200&ssl=1 1x, https:\/\/i0.wp.com\/www.satokangas.fi\/blogi\/wp-content\/uploads\/2023\/04\/Oulussa-4.jpg?resize=525%2C300&ssl=1 1.5x, https:\/\/i0.wp.com\/www.satokangas.fi\/blogi\/wp-content\/uploads\/2023\/04\/Oulussa-4.jpg?resize=700%2C400&ssl=1 2x"},"classes":[]}],"_links":{"self":[{"href":"https:\/\/www.satokangas.fi\/blogi\/wp-json\/wp\/v2\/posts\/17619","targetHints":{"allow":["GET"]}}],"collection":[{"href":"https:\/\/www.satokangas.fi\/blogi\/wp-json\/wp\/v2\/posts"}],"about":[{"href":"https:\/\/www.satokangas.fi\/blogi\/wp-json\/wp\/v2\/types\/post"}],"author":[{"embeddable":true,"href":"https:\/\/www.satokangas.fi\/blogi\/wp-json\/wp\/v2\/users\/1"}],"replies":[{"embeddable":true,"href":"https:\/\/www.satokangas.fi\/blogi\/wp-json\/wp\/v2\/comments?post=17619"}],"version-history":[{"count":0,"href":"https:\/\/www.satokangas.fi\/blogi\/wp-json\/wp\/v2\/posts\/17619\/revisions"}],"wp:attachment":[{"href":"https:\/\/www.satokangas.fi\/blogi\/wp-json\/wp\/v2\/media?parent=17619"}],"wp:term":[{"taxonomy":"category","embeddable":true,"href":"https:\/\/www.satokangas.fi\/blogi\/wp-json\/wp\/v2\/categories?post=17619"},{"taxonomy":"post_tag","embeddable":true,"href":"https:\/\/www.satokangas.fi\/blogi\/wp-json\/wp\/v2\/tags?post=17619"}],"curies":[{"name":"wp","href":"https:\/\/api.w.org\/{rel}","templated":true}]}}