{"id":17610,"date":"2013-06-08T23:05:13","date_gmt":"2013-06-09T04:05:13","guid":{"rendered":"https:\/\/www.satokangas.fi\/blogi\/?p=17610"},"modified":"2019-01-07T12:22:53","modified_gmt":"2019-01-07T10:22:53","slug":"meksikon-historiaa-ja-helletta","status":"publish","type":"post","link":"https:\/\/www.satokangas.fi\/blogi\/2013\/06\/meksikon-historiaa-ja-helletta\/","title":{"rendered":"Meksikon historiaa.. ja hellett\u00e4"},"content":{"rendered":"<p style=\"text-align: justify;\">(Ihan heti alkuun teht\u00e4v\u00e4 korjaus eilisen postauksen lapsukseen; eilen kirjoitin vahingossa ett\u00e4 MC on 500 metri\u00e4 merenpinnan yl\u00e4puolella. Tosiasiassa on KAKSI ja puoli kilometri\u00e4 mpy. Siis vuoristossa ollaan.)<\/p>\n<p style=\"text-align: justify;\">T\u00e4n\u00e4\u00e4n aamulla k\u00e4velimme kohti Zol\u00e1coa (vanhaan keskustaan), &#8211; samaan aikaan kun meksikolaiset meniv\u00e4t t\u00f6ihin me tepastelimme aamiaiselle. Voi kun te tiet\u00e4isitte, kuinka minihameinen tytt\u00e4remme ker\u00e4\u00e4 katseita. T\u00e4\u00e4ll\u00e4 nuoret tyt\u00f6t ja naiset pukeutuvat farkkuihin, mit\u00e4\u00e4n farkkurepalesortseja tai minareita ei katukuvassa n\u00e4e, joten vaaleaihoinen, vaikkakin p\u00e4ivettynyt, tyt\u00e4r kyll\u00e4 saa huomiota.<\/p>\n<p style=\"text-align: justify;\">\n<p style=\"text-align: justify;\">Aamiaiselta suoraan Katedraalin vier\u00e4ss\u00e4 olevan \u201dTuribussin\u201d -pys\u00e4kille. T\u00e4m\u00e4 turistip\u00e4iv\u00e4 aloitettiin kaksikerrosbussin katolla. Suuntana Bosque de Chapultepec. Valtava puistoalue jossa linna, soutualueita, monia museoita, mm. Museo Nacional de Antropologia. Ei turhaan maailman parhaimpien antropologisten museoiden joukkoon laitettu. Olisi vaatinut pari p\u00e4iv\u00e4\u00e4, me olimme reilut pari tuntia\u2026 Mutta pre-espanjalaisen (eurooppalaisissa teksteiss\u00e4 puhutaan esikolumbiaanisesta ajasta.. aika tyypillist\u00e4) ajan mennytt\u00e4 ja maya-kulttuurin j\u00e4\u00e4nteit\u00e4 sent\u00e4\u00e4n katselimme, kummastelimme, kuvasimme. T\u00e4n\u00e4\u00e4n seuraamme liittyiv\u00e4t tytt\u00e4ren kaverit Pau(line) ja Kaan. Ja Pau (joka siis on meksikolainen, Kaan on saksalais-turkkilainen) \u00a0oli hyv\u00e4n\u00e4 oppaana meille. Sek\u00e4 museossa ett\u00e4 linnavuorella.<\/p>\n<p style=\"text-align: justify;\">Heid\u00e4n kanssaan oltiin siis my\u00f6s Castellolla, sotilasakatemiana 1800-luvulla toiminut hulppea linna. Siin\u00e4kin museo ja hieno n\u00e4k\u00f6ala ja puistot. Yht\u00e4 mielt\u00e4 olimme ett\u00e4 linnan kattoterassilla olisi ihana viett\u00e4\u00e4 tanssiaisia tai kauniita kes\u00e4juhlia.<\/p>\n<p style=\"text-align: justify;\"><a href=\"https:\/\/www.satokangas.fi\/blogi\/wp-content\/uploads\/2013\/06\/MG_7795-Medium.jpg\"><img loading=\"lazy\" decoding=\"async\" data-attachment-id=\"17616\" data-permalink=\"https:\/\/www.satokangas.fi\/blogi\/2013\/06\/meksikon-historiaa-ja-helletta\/_mg_7795-medium\/\" data-orig-file=\"https:\/\/www.satokangas.fi\/blogi\/wp-content\/uploads\/2013\/06\/MG_7795-Medium.jpg\" data-orig-size=\"1153,768\" data-comments-opened=\"1\" data-image-meta=\"{&quot;aperture&quot;:&quot;8&quot;,&quot;credit&quot;:&quot;Picasa&quot;,&quot;camera&quot;:&quot;Canon EOS 5D Mark II&quot;,&quot;caption&quot;:&quot;&quot;,&quot;created_timestamp&quot;:&quot;1370637023&quot;,&quot;copyright&quot;:&quot;&quot;,&quot;focal_length&quot;:&quot;50&quot;,&quot;iso&quot;:&quot;100&quot;,&quot;shutter_speed&quot;:&quot;0.008&quot;,&quot;title&quot;:&quot;&quot;}\" data-image-title=\"_MG_7795 (Medium)\" data-image-description=\"\" data-image-caption=\"\" data-large-file=\"https:\/\/www.satokangas.fi\/blogi\/wp-content\/uploads\/2013\/06\/MG_7795-Medium.jpg\" class=\"aligncenter size-medium wp-image-17616\" src=\"https:\/\/www.satokangas.fi\/blogi\/wp-content\/uploads\/2013\/06\/MG_7795-Medium-600x400.jpg\" alt=\"_MG_7795 (Medium)\" width=\"600\" height=\"400\" srcset=\"https:\/\/www.satokangas.fi\/blogi\/wp-content\/uploads\/2013\/06\/MG_7795-Medium-600x400.jpg 600w, https:\/\/www.satokangas.fi\/blogi\/wp-content\/uploads\/2013\/06\/MG_7795-Medium-300x199.jpg 300w, https:\/\/www.satokangas.fi\/blogi\/wp-content\/uploads\/2013\/06\/MG_7795-Medium.jpg 1153w\" sizes=\"auto, (max-width: 600px) 100vw, 600px\" \/><\/a><\/p>\n<p style=\"text-align: justify;\">Museon Maaya-osastolla pienoisveistoksista n\u00e4kyi hyvin aikansa kauneusihanne: korkeaotsaisuus ja kierosilm\u00e4isyys olivat muotia. Niinp\u00e4 lasten ollessa pieni\u00e4 p\u00e4it\u00e4 muokattiin pit\u00e4m\u00e4ll\u00e4 kahden laudan v\u00e4liss\u00e4 siten ett\u00e4 kallo muokkautui \u2026<\/p>\n<p style=\"text-align: justify;\"><a href=\"https:\/\/www.satokangas.fi\/blogi\/wp-content\/uploads\/2013\/06\/MG_7828-Medium.jpg\"><img loading=\"lazy\" decoding=\"async\" data-attachment-id=\"17617\" data-permalink=\"https:\/\/www.satokangas.fi\/blogi\/2013\/06\/meksikon-historiaa-ja-helletta\/_mg_7828-medium\/\" data-orig-file=\"https:\/\/www.satokangas.fi\/blogi\/wp-content\/uploads\/2013\/06\/MG_7828-Medium.jpg\" data-orig-size=\"768,1243\" data-comments-opened=\"1\" data-image-meta=\"{&quot;aperture&quot;:&quot;1.8&quot;,&quot;credit&quot;:&quot;Picasa&quot;,&quot;camera&quot;:&quot;Canon EOS 5D Mark II&quot;,&quot;caption&quot;:&quot;&quot;,&quot;created_timestamp&quot;:&quot;1370644455&quot;,&quot;copyright&quot;:&quot;&quot;,&quot;focal_length&quot;:&quot;50&quot;,&quot;iso&quot;:&quot;200&quot;,&quot;shutter_speed&quot;:&quot;0.05&quot;,&quot;title&quot;:&quot;&quot;}\" data-image-title=\"_MG_7828 (Medium)\" data-image-description=\"\" data-image-caption=\"\" data-large-file=\"https:\/\/www.satokangas.fi\/blogi\/wp-content\/uploads\/2013\/06\/MG_7828-Medium-632x1024.jpg\" class=\"aligncenter size-medium wp-image-17617\" src=\"https:\/\/www.satokangas.fi\/blogi\/wp-content\/uploads\/2013\/06\/MG_7828-Medium-247x400.jpg\" alt=\"_MG_7828 (Medium)\" width=\"247\" height=\"400\" srcset=\"https:\/\/www.satokangas.fi\/blogi\/wp-content\/uploads\/2013\/06\/MG_7828-Medium-247x400.jpg 247w, https:\/\/www.satokangas.fi\/blogi\/wp-content\/uploads\/2013\/06\/MG_7828-Medium-185x300.jpg 185w, https:\/\/www.satokangas.fi\/blogi\/wp-content\/uploads\/2013\/06\/MG_7828-Medium-632x1024.jpg 632w, https:\/\/www.satokangas.fi\/blogi\/wp-content\/uploads\/2013\/06\/MG_7828-Medium.jpg 768w\" sizes=\"auto, (max-width: 247px) 100vw, 247px\" \/><\/a><\/p>\n<p style=\"text-align: justify;\">Vastaavasta on kyll\u00e4 Suomestakin esimerkkej\u00e4 vain reilun vuosisadan takaa; Suomessa py\u00f6re\u00e4 p\u00e4\u00e4nmalli oli ideaali, joten lapsenp\u00e4\u00e4st\u00e4j\u00e4n teht\u00e4v\u00e4n\u00e4 oli muokata mahdollisimman py\u00f6reit\u00e4 kalloja. Mutta paljon olisi p\u00e4iv\u00e4n museoista kerrottavaa\u2026 Ja kuvia jopa satoja, mutta nyt on vain niin, ett\u00e4 olen hukannut hiiren (lue: unohtanut sen hotellin aulaan,jossa illansuussa olin s\u00e4hk\u00f6posteja selvittelem\u00e4ss\u00e4), enk\u00e4 nyt en\u00e4\u00e4 l\u00e4hde sit\u00e4 etsim\u00e4\u00e4n &#8212; siis kuvia tulossa my\u00f6hemmin.<\/p>\n<p style=\"text-align: justify;\"><a href=\"https:\/\/www.satokangas.fi\/blogi\/wp-content\/uploads\/2013\/06\/MG_7599-Medium.jpg\"><img loading=\"lazy\" decoding=\"async\" data-attachment-id=\"17613\" data-permalink=\"https:\/\/www.satokangas.fi\/blogi\/2013\/06\/meksikon-historiaa-ja-helletta\/_mg_7599-medium\/\" data-orig-file=\"https:\/\/www.satokangas.fi\/blogi\/wp-content\/uploads\/2013\/06\/MG_7599-Medium.jpg\" data-orig-size=\"1153,768\" data-comments-opened=\"1\" data-image-meta=\"{&quot;aperture&quot;:&quot;6.3&quot;,&quot;credit&quot;:&quot;Picasa&quot;,&quot;camera&quot;:&quot;Canon EOS 5D Mark II&quot;,&quot;caption&quot;:&quot;&quot;,&quot;created_timestamp&quot;:&quot;1370624797&quot;,&quot;copyright&quot;:&quot;&quot;,&quot;focal_length&quot;:&quot;50&quot;,&quot;iso&quot;:&quot;125&quot;,&quot;shutter_speed&quot;:&quot;0.0008&quot;,&quot;title&quot;:&quot;&quot;}\" data-image-title=\"_MG_7599 (Medium)\" data-image-description=\"\" data-image-caption=\"\" data-large-file=\"https:\/\/www.satokangas.fi\/blogi\/wp-content\/uploads\/2013\/06\/MG_7599-Medium.jpg\" class=\"aligncenter size-medium wp-image-17613\" src=\"https:\/\/www.satokangas.fi\/blogi\/wp-content\/uploads\/2013\/06\/MG_7599-Medium-600x400.jpg\" alt=\"_MG_7599 (Medium)\" width=\"600\" height=\"400\" srcset=\"https:\/\/www.satokangas.fi\/blogi\/wp-content\/uploads\/2013\/06\/MG_7599-Medium-600x400.jpg 600w, https:\/\/www.satokangas.fi\/blogi\/wp-content\/uploads\/2013\/06\/MG_7599-Medium-300x199.jpg 300w, https:\/\/www.satokangas.fi\/blogi\/wp-content\/uploads\/2013\/06\/MG_7599-Medium.jpg 1153w\" sizes=\"auto, (max-width: 600px) 100vw, 600px\" \/><\/a><\/p>\n<p style=\"text-align: justify;\"><a href=\"https:\/\/www.satokangas.fi\/blogi\/wp-content\/uploads\/2013\/06\/MG_7602-Medium1.jpg\"><img loading=\"lazy\" decoding=\"async\" data-attachment-id=\"17614\" data-permalink=\"https:\/\/www.satokangas.fi\/blogi\/2013\/06\/meksikon-historiaa-ja-helletta\/_mg_7602-medium-2\/\" data-orig-file=\"https:\/\/www.satokangas.fi\/blogi\/wp-content\/uploads\/2013\/06\/MG_7602-Medium1.jpg\" data-orig-size=\"1061,768\" data-comments-opened=\"1\" data-image-meta=\"{&quot;aperture&quot;:&quot;6.3&quot;,&quot;credit&quot;:&quot;Picasa&quot;,&quot;camera&quot;:&quot;Canon EOS 5D Mark II&quot;,&quot;caption&quot;:&quot;&quot;,&quot;created_timestamp&quot;:&quot;1370625006&quot;,&quot;copyright&quot;:&quot;&quot;,&quot;focal_length&quot;:&quot;50&quot;,&quot;iso&quot;:&quot;125&quot;,&quot;shutter_speed&quot;:&quot;0.008&quot;,&quot;title&quot;:&quot;&quot;}\" data-image-title=\"_MG_7602 (Medium)\" data-image-description=\"\" data-image-caption=\"\" data-large-file=\"https:\/\/www.satokangas.fi\/blogi\/wp-content\/uploads\/2013\/06\/MG_7602-Medium1.jpg\" class=\"aligncenter size-medium wp-image-17614\" src=\"https:\/\/www.satokangas.fi\/blogi\/wp-content\/uploads\/2013\/06\/MG_7602-Medium1-552x400.jpg\" alt=\"_MG_7602 (Medium)\" width=\"552\" height=\"400\" srcset=\"https:\/\/www.satokangas.fi\/blogi\/wp-content\/uploads\/2013\/06\/MG_7602-Medium1-552x400.jpg 552w, https:\/\/www.satokangas.fi\/blogi\/wp-content\/uploads\/2013\/06\/MG_7602-Medium1-300x217.jpg 300w, https:\/\/www.satokangas.fi\/blogi\/wp-content\/uploads\/2013\/06\/MG_7602-Medium1.jpg 1061w\" sizes=\"auto, (max-width: 552px) 100vw, 552px\" \/><\/a><\/p>\n<p style=\"text-align: justify;\">Viiden j\u00e4lkeen olimme hotellilla, kuvien purkua, suihkua, huilausta, ja illallispaikan varaus: vanhassa nunnaluostarissa Meksikon vanhin ravintola, Hosteria de Santos. Ui- jui. Pianomusiikkia, kulahtanutta tunnelmaa, liki kaurism\u00e4kel\u00e4ist\u00e4 henke\u00e4, mutta ruoka!!! T\u00e4ytetty paprika (valtava) ja tytt\u00e4rell\u00e4 broileria mojossa joka n\u00e4ytti m\u00e4mmilt\u00e4, maistui suklaalta ja mausteilta. Hmmm&#8230; Tunnelma ja milj\u00f6\u00f6 sanoinkuvaamaton.<\/p>\n<p style=\"text-align: justify;\"><a href=\"https:\/\/www.satokangas.fi\/blogi\/wp-content\/uploads\/2013\/06\/MG_7684-Medium.jpg\"><img loading=\"lazy\" decoding=\"async\" data-attachment-id=\"17615\" data-permalink=\"https:\/\/www.satokangas.fi\/blogi\/2013\/06\/meksikon-historiaa-ja-helletta\/_mg_7684-medium\/\" data-orig-file=\"https:\/\/www.satokangas.fi\/blogi\/wp-content\/uploads\/2013\/06\/MG_7684-Medium.jpg\" data-orig-size=\"1366,766\" data-comments-opened=\"1\" data-image-meta=\"{&quot;aperture&quot;:&quot;4&quot;,&quot;credit&quot;:&quot;Picasa&quot;,&quot;camera&quot;:&quot;Canon EOS 5D Mark II&quot;,&quot;caption&quot;:&quot;&quot;,&quot;created_timestamp&quot;:&quot;1370630106&quot;,&quot;copyright&quot;:&quot;&quot;,&quot;focal_length&quot;:&quot;111&quot;,&quot;iso&quot;:&quot;100&quot;,&quot;shutter_speed&quot;:&quot;0.004&quot;,&quot;title&quot;:&quot;&quot;}\" data-image-title=\"_MG_7684 (Medium)\" data-image-description=\"\" data-image-caption=\"\" data-large-file=\"https:\/\/www.satokangas.fi\/blogi\/wp-content\/uploads\/2013\/06\/MG_7684-Medium.jpg\" class=\"aligncenter size-medium wp-image-17615\" src=\"https:\/\/www.satokangas.fi\/blogi\/wp-content\/uploads\/2013\/06\/MG_7684-Medium-600x336.jpg\" alt=\"_MG_7684 (Medium)\" width=\"600\" height=\"336\" srcset=\"https:\/\/www.satokangas.fi\/blogi\/wp-content\/uploads\/2013\/06\/MG_7684-Medium-600x336.jpg 600w, https:\/\/www.satokangas.fi\/blogi\/wp-content\/uploads\/2013\/06\/MG_7684-Medium-300x168.jpg 300w, https:\/\/www.satokangas.fi\/blogi\/wp-content\/uploads\/2013\/06\/MG_7684-Medium.jpg 1366w\" sizes=\"auto, (max-width: 600px) 100vw, 600px\" \/><\/a><\/p>\n<p style=\"text-align: justify;\">\n","protected":false},"excerpt":{"rendered":"<p>(Ihan heti alkuun teht\u00e4v\u00e4 korjaus eilisen postauksen lapsukseen; eilen kirjoitin vahingossa ett\u00e4 MC on 500 metri\u00e4 merenpinnan yl\u00e4puolella. Tosiasiassa on KAKSI ja puoli kilometri\u00e4 mpy. Siis vuoristossa ollaan.) T\u00e4n\u00e4\u00e4n aamulla k\u00e4velimme kohti Zol\u00e1coa (vanhaan keskustaan), &#8211; samaan aikaan kun meksikolaiset meniv\u00e4t t\u00f6ihin me tepastelimme aamiaiselle. Voi kun te tiet\u00e4isitte, kuinka minihameinen tytt\u00e4remme ker\u00e4\u00e4 katseita. T\u00e4\u00e4ll\u00e4 nuoret tyt\u00f6t ja naiset pukeutuvat &hellip; <\/p>\n","protected":false},"author":1,"featured_media":0,"comment_status":"open","ping_status":"open","sticky":false,"template":"","format":"standard","meta":{"jetpack_post_was_ever_published":false,"_jetpack_newsletter_access":"","_jetpack_dont_email_post_to_subs":false,"_jetpack_newsletter_tier_id":0,"_jetpack_memberships_contains_paywalled_content":false,"_jetpack_memberships_contains_paid_content":false,"footnotes":"","jetpack_publicize_message":"","jetpack_publicize_feature_enabled":true,"jetpack_social_post_already_shared":true,"jetpack_social_options":{"image_generator_settings":{"template":"highway","default_image_id":0,"font":"","enabled":false},"version":2}},"categories":[62],"tags":[],"class_list":["post-17610","post","type-post","status-publish","format-standard","hentry","category-meksiko","latest_post"],"jetpack_publicize_connections":[],"jetpack_featured_media_url":"","jetpack_shortlink":"https:\/\/wp.me\/pr4p4-4A2","jetpack_sharing_enabled":true,"jetpack_likes_enabled":false,"jetpack-related-posts":[{"id":44155,"url":"https:\/\/www.satokangas.fi\/blogi\/2022\/11\/kulttuuria-kauppoja-ja-jarvenpaahan\/","url_meta":{"origin":17610,"position":0},"title":"Kulttuuria, kauppoja, ja J\u00e4rvenp\u00e4\u00e4h\u00e4n","author":"Reija","date":"19.11.2022","format":false,"excerpt":"Helsingiss\u00e4 on t\u00e4n\u00e4\u00e4n ollut monta tunnelmaa, paikkaa, makua, kohtaamista. Grand Central on aamiaisineenkin hyv\u00e4 hotelli. Mutta sen me j\u00e4timme (tosin viel\u00e4 iltasella haettiin laukut sielt\u00e4 :) ) aamup\u00e4iv\u00e4ll\u00e4 ja l\u00e4hdimme k\u00e4ym\u00e4\u00e4n Kampissa, - paperikauppa, Petri Fun -paitakauppa, Heurekan kauppa (Apsun eka joululahja!) ja matka jatkui kohti Oodia. Vihdoinkin. Olen n\u00e4hnyt\u2026","rel":"","context":"Kategoriassa &quot;Niit\u00e4 n\u00e4it\u00e4&quot;","block_context":{"text":"Niit\u00e4 n\u00e4it\u00e4","link":"https:\/\/www.satokangas.fi\/blogi\/category\/aiheeton\/"},"img":{"alt_text":"","src":"https:\/\/i0.wp.com\/www.satokangas.fi\/blogi\/wp-content\/uploads\/2022\/11\/Helsinki_11_2022-17.jpg?resize=350%2C200&ssl=1","width":350,"height":200,"srcset":"https:\/\/i0.wp.com\/www.satokangas.fi\/blogi\/wp-content\/uploads\/2022\/11\/Helsinki_11_2022-17.jpg?resize=350%2C200&ssl=1 1x, https:\/\/i0.wp.com\/www.satokangas.fi\/blogi\/wp-content\/uploads\/2022\/11\/Helsinki_11_2022-17.jpg?resize=525%2C300&ssl=1 1.5x, https:\/\/i0.wp.com\/www.satokangas.fi\/blogi\/wp-content\/uploads\/2022\/11\/Helsinki_11_2022-17.jpg?resize=700%2C400&ssl=1 2x"},"classes":[]},{"id":3668,"url":"https:\/\/www.satokangas.fi\/blogi\/2009\/06\/nimipaivana-dalin-museossa\/","url_meta":{"origin":17610,"position":1},"title":"Nimip\u00e4iv\u00e4n\u00e4 Dalin museossa","author":"Reija","date":"29.6.2009","format":false,"excerpt":"On nelj\u00e4toista\u00a0 vuotta siit\u00e4 kun oltiin edellisen kerran Dalin museossa, Figueresissa, Kataloniassa. Niinh\u00e4n sit\u00e4 sitten oltiin t\u00e4n\u00e4\u00e4nkin. Yhdell\u00e4 seurueemme j\u00e4senist\u00e4 on nimip\u00e4iv\u00e4, ja - taas - nimpparip\u00e4iv\u00e4n kohteena oli Dalin museo. Juhlap\u00e4iv\u00e4 aloitettiin poikkeuksellisen hyv\u00e4ll\u00e4 (?) aamiaisella, pekonia ja munia, ja \u00a0hain konditoriasta kakunkin. Ja hain my\u00f6s l\u00e4himercadosta, jossa vanha\u2026","rel":"","context":"Kategoriassa &quot;Niit\u00e4 n\u00e4it\u00e4&quot;","block_context":{"text":"Niit\u00e4 n\u00e4it\u00e4","link":"https:\/\/www.satokangas.fi\/blogi\/category\/aiheeton\/"},"img":{"alt_text":"","src":"https:\/\/i0.wp.com\/www.satokangas.fi\/blogi\/wp-content\/uploads\/2009\/06\/katolonia3-0672.jpg?resize=350%2C200&ssl=1","width":350,"height":200,"srcset":"https:\/\/i0.wp.com\/www.satokangas.fi\/blogi\/wp-content\/uploads\/2009\/06\/katolonia3-0672.jpg?resize=350%2C200&ssl=1 1x, https:\/\/i0.wp.com\/www.satokangas.fi\/blogi\/wp-content\/uploads\/2009\/06\/katolonia3-0672.jpg?resize=525%2C300&ssl=1 1.5x, https:\/\/i0.wp.com\/www.satokangas.fi\/blogi\/wp-content\/uploads\/2009\/06\/katolonia3-0672.jpg?resize=700%2C400&ssl=1 2x"},"classes":[]},{"id":41487,"url":"https:\/\/www.satokangas.fi\/blogi\/2021\/08\/tea-time\/","url_meta":{"origin":17610,"position":2},"title":"Tea time","author":"Reija","date":"31.8.2021","format":false,"excerpt":"Kes\u00e4 jaksoi elokuun loppuun asti. T\u00e4n\u00e4\u00e4n pitk\u00e4st\u00e4 aikaa pitk\u00e4\u00e4, yht\u00e4jaksoista py\u00f6r\u00e4ily\u00e4, Kempeleeseen, ja ohikin, ja ihan reippaasti. Paluumatkalla taas katselemassa joko vanhan kirkon remppa olisi valmis, mutta ei viel\u00e4k\u00e4\u00e4n. Kolmas kes\u00e4 jo menossa. Ja sitten Zeppelinin EspressoHouseen j\u00e4\u00e4teelle! Minusta on tullut ihan vain teest\u00e4 nauttija. Viime viikolla k\u00e4vin Torin laidalta\u2026","rel":"","context":"Kategoriassa &quot;Niit\u00e4 n\u00e4it\u00e4&quot;","block_context":{"text":"Niit\u00e4 n\u00e4it\u00e4","link":"https:\/\/www.satokangas.fi\/blogi\/category\/aiheeton\/"},"img":{"alt_text":"","src":"https:\/\/i0.wp.com\/www.satokangas.fi\/blogi\/wp-content\/uploads\/2021\/08\/IMG_20210831_120054.jpg?resize=350%2C200&ssl=1","width":350,"height":200,"srcset":"https:\/\/i0.wp.com\/www.satokangas.fi\/blogi\/wp-content\/uploads\/2021\/08\/IMG_20210831_120054.jpg?resize=350%2C200&ssl=1 1x, https:\/\/i0.wp.com\/www.satokangas.fi\/blogi\/wp-content\/uploads\/2021\/08\/IMG_20210831_120054.jpg?resize=525%2C300&ssl=1 1.5x"},"classes":[]},{"id":17597,"url":"https:\/\/www.satokangas.fi\/blogi\/2013\/06\/mexico-city-huiputettu\/","url_meta":{"origin":17610,"position":3},"title":"Mexico City &#8211; huiputettu!","author":"Reija","date":"6.6.2013","format":false,"excerpt":"Muutaman nukutun tunnin j\u00e4lkeen her\u00e4\u00e4n kello kahdelta y\u00f6ll\u00e4. siis kello on Suomen aikaa kymmenen! Olen umpiv\u00e4synyt, mutta ei auta. Unta ei tule, torkuskelen aamuy\u00f6n ja kuudelta l\u00e4hden suihkuun. Kunhan naapurihuoneesta lapsikin k\u00f6mpi aamiaiselle, aloimme mietti\u00e4, mille ryhdyt\u00e4\u00e4n. Jo eilen, kunhan paikallista aikaa puoli kymmenelt\u00e4 (meille aamuy\u00f6) hotellin p\u00e4\u00e4simme, p\u00e4\u00e4timme ett\u00e4\u2026","rel":"","context":"Kategoriassa &quot;Meksiko&quot;","block_context":{"text":"Meksiko","link":"https:\/\/www.satokangas.fi\/blogi\/category\/reissut\/meksiko\/"},"img":{"alt_text":"marinchi","src":"https:\/\/i0.wp.com\/www.satokangas.fi\/blogi\/wp-content\/uploads\/2013\/06\/marinchi-559x400.jpg?resize=350%2C200&ssl=1","width":350,"height":200,"srcset":"https:\/\/i0.wp.com\/www.satokangas.fi\/blogi\/wp-content\/uploads\/2013\/06\/marinchi-559x400.jpg?resize=350%2C200&ssl=1 1x, https:\/\/i0.wp.com\/www.satokangas.fi\/blogi\/wp-content\/uploads\/2013\/06\/marinchi-559x400.jpg?resize=525%2C300&ssl=1 1.5x"},"classes":[]},{"id":42967,"url":"https:\/\/www.satokangas.fi\/blogi\/2022\/05\/juhlapaiva-5\/","url_meta":{"origin":17610,"position":4},"title":"Juhlap\u00e4iv\u00e4","author":"Reija","date":"28.5.2022","format":false,"excerpt":"T\u00e4n\u00e4\u00e4n on ollut perhep\u00e4iv\u00e4, juhlap\u00e4iv\u00e4. Aika kylm\u00e4kin p\u00e4iv\u00e4. Niinp\u00e4 Apsun ja Eeviksen kanssa p\u00e4\u00e4timme j\u00e4tt\u00e4\u00e4 leikkipuistot v\u00e4liin (suurin syy taitanee olla ett\u00e4 Apsu alkaa olla v\u00e4h\u00e4n \"liian vanha\" pikkusiskon kanssa leikkipuistojuttuihin). Niinp\u00e4 p\u00e4\u00e4timme\u00a0 vain piipahtaa kirjastossa, ja sitten pitk\u00e4st\u00e4 aikaa museoon: \"Joo, joo, hyv\u00e4, menn\u00e4\u00e4n museoon!\" T\u00e4ss\u00e4 vaiheessa mummilla ilon\u2026","rel":"","context":"Kategoriassa &quot;Isovanhemmuus&quot;","block_context":{"text":"Isovanhemmuus","link":"https:\/\/www.satokangas.fi\/blogi\/category\/isovanhemmuus\/"},"img":{"alt_text":"","src":"https:\/\/i0.wp.com\/www.satokangas.fi\/blogi\/wp-content\/uploads\/2022\/05\/7.jpg?resize=350%2C200&ssl=1","width":350,"height":200,"srcset":"https:\/\/i0.wp.com\/www.satokangas.fi\/blogi\/wp-content\/uploads\/2022\/05\/7.jpg?resize=350%2C200&ssl=1 1x, https:\/\/i0.wp.com\/www.satokangas.fi\/blogi\/wp-content\/uploads\/2022\/05\/7.jpg?resize=525%2C300&ssl=1 1.5x, https:\/\/i0.wp.com\/www.satokangas.fi\/blogi\/wp-content\/uploads\/2022\/05\/7.jpg?resize=700%2C400&ssl=1 2x"},"classes":[]},{"id":37397,"url":"https:\/\/www.satokangas.fi\/blogi\/2019\/10\/castanheiro-ja-funchal-jaivat\/","url_meta":{"origin":17610,"position":5},"title":"Castanheiro ja Funchal j\u00e4iv\u00e4t&#8230;","author":"Reija","date":"14.10.2019","format":false,"excerpt":"Hotelli Castanheiron (suom. ~ kastanja) aamiainen viimeist\u00e4 kertaa \u2013 ainakin t\u00e4ll\u00e4 lomalla. Sek\u00e4 hotelli ett\u00e4 sen aamiaiset ovat suositeltavia. Jos lomalla ykk\u00f6sjuttu ei ole auringonotto ja meress\u00e4 uinti, ei parveke merin\u00e4k\u00f6alalla eik\u00e4 rantakatu, jonka varrella on rantahotelleja ja niiden oheispalveluja vieri vieress\u00e4, niin Castanheiro on kyll\u00e4 hyv\u00e4 valinta. \u00a0 Jokaisella\u2026","rel":"","context":"Kategoriassa &quot;Hautausmailla&quot;","block_context":{"text":"Hautausmailla","link":"https:\/\/www.satokangas.fi\/blogi\/category\/hautausmailla\/"},"img":{"alt_text":"","src":"https:\/\/i0.wp.com\/www.satokangas.fi\/blogi\/wp-content\/uploads\/2019\/10\/F-7.jpg?resize=350%2C200&ssl=1","width":350,"height":200,"srcset":"https:\/\/i0.wp.com\/www.satokangas.fi\/blogi\/wp-content\/uploads\/2019\/10\/F-7.jpg?resize=350%2C200&ssl=1 1x, https:\/\/i0.wp.com\/www.satokangas.fi\/blogi\/wp-content\/uploads\/2019\/10\/F-7.jpg?resize=525%2C300&ssl=1 1.5x, https:\/\/i0.wp.com\/www.satokangas.fi\/blogi\/wp-content\/uploads\/2019\/10\/F-7.jpg?resize=700%2C400&ssl=1 2x"},"classes":[]}],"_links":{"self":[{"href":"https:\/\/www.satokangas.fi\/blogi\/wp-json\/wp\/v2\/posts\/17610","targetHints":{"allow":["GET"]}}],"collection":[{"href":"https:\/\/www.satokangas.fi\/blogi\/wp-json\/wp\/v2\/posts"}],"about":[{"href":"https:\/\/www.satokangas.fi\/blogi\/wp-json\/wp\/v2\/types\/post"}],"author":[{"embeddable":true,"href":"https:\/\/www.satokangas.fi\/blogi\/wp-json\/wp\/v2\/users\/1"}],"replies":[{"embeddable":true,"href":"https:\/\/www.satokangas.fi\/blogi\/wp-json\/wp\/v2\/comments?post=17610"}],"version-history":[{"count":0,"href":"https:\/\/www.satokangas.fi\/blogi\/wp-json\/wp\/v2\/posts\/17610\/revisions"}],"wp:attachment":[{"href":"https:\/\/www.satokangas.fi\/blogi\/wp-json\/wp\/v2\/media?parent=17610"}],"wp:term":[{"taxonomy":"category","embeddable":true,"href":"https:\/\/www.satokangas.fi\/blogi\/wp-json\/wp\/v2\/categories?post=17610"},{"taxonomy":"post_tag","embeddable":true,"href":"https:\/\/www.satokangas.fi\/blogi\/wp-json\/wp\/v2\/tags?post=17610"}],"curies":[{"name":"wp","href":"https:\/\/api.w.org\/{rel}","templated":true}]}}