{"id":17583,"date":"2013-06-04T20:49:55","date_gmt":"2013-06-04T17:49:55","guid":{"rendered":"https:\/\/www.satokangas.fi\/blogi\/?p=17583"},"modified":"2013-06-20T11:21:07","modified_gmt":"2013-06-20T08:21:07","slug":"lomalle","status":"publish","type":"post","link":"https:\/\/www.satokangas.fi\/blogi\/2013\/06\/lomalle\/","title":{"rendered":"Lomalle!"},"content":{"rendered":"<p>Paperit\u00f6it\u00e4, oppiainekokous, joka meni poikkeuksellisen helposti, ei kyll\u00e4k\u00e4\u00e4n lyhyesti. Ja heti per\u00e4\u00e4n pari tuntia puhelinvastaanottoa: p\u00e4\u00e4sykokeessa olleet saivat soitella ja kysell\u00e4 p\u00e4rj\u00e4\u00e4mist\u00e4\u00e4n. Parikymment\u00e4 soittoa tuli, ja kolmelle sain sanoa, ett\u00e4 tervetuloa syksyll\u00e4 opiskelemaan historiaa! Ne oli juhlahetki\u00e4. V\u00e4hemm\u00e4n juhlavaa oli ilmoittaa niille, jotka olivat aika l\u00e4hell\u00e4 p\u00e4\u00e4sy\u00e4, mutta eiv\u00e4t ihan pisteiss\u00e4 ylt\u00e4neet. Yhdelle tyt\u00f6lle teki tosi tiukkaa kuulla tieto, ett\u00e4 oli pisteiss\u00e4 keskivaiheilla, noin sadasviideskymmenes. Oli ollut aika varma p\u00e4\u00e4semisest\u00e4\u00e4n. Surku juttu.<\/p>\n<p>Tiedekunnan professoreiden el\u00e4k\u00f6itymisprosessin yksi osa taas t\u00e4n\u00e4\u00e4n, kun dekaani vietti l\u00e4ksi\u00e4iskahveita iltap\u00e4iv\u00e4ll\u00e4. Pienill\u00e4 puheilla ja mansikkakakulla dekaani saateltiin el\u00e4kkeelle.<\/p>\n<p>Siivoilin p\u00f6yt\u00e4ni ja puoli nelj\u00e4lt\u00e4 minun urakkani oli valmis: olen lomalla! \u00a0Onkin ollut ihan tuhti ty\u00f6vuosi, v\u00e4lill\u00e4 tuntunut aika pitk\u00e4lt\u00e4kin. Ehk\u00e4p\u00e4 siksikin pitk\u00e4lt\u00e4, ett\u00e4 aloitin jo hein\u00e4kuun puolella, ja syysloma ja hiihtoloma j\u00e4iv\u00e4t v\u00e4h\u00e4n torsoiksi, eik\u00e4 joulun tienoillakaan kovin montaa duunitonta p\u00e4iv\u00e4\u00e4 ollut. Lukuvuoteen\u00a0sattui monta ei-jokavuotista-projektia (uusi luentosarja, kandisemman uudistus, <a href=\"http:\/\/www.oulu.fi\/sites\/default\/files\/content\/Manuale2011.pdf\">Manuaalin<\/a> (historian opiskelijan k\u00e4sikirja) p\u00e4ivitys, rae-arviointi ja tutkimusryhm\u00e4t, arkistoeksku, uusi omaope-ryhm\u00e4, drupal, pari artikkelia, studia generalia, p\u00e4\u00e4sykokeet, &#8211; kaikenmoista), joten ihan tuntuu loma ansaitulta.<\/p>\n<p>Hurjan helppo oli pakata. Muutama tunti ja matkalaukku on liki t\u00e4ynn\u00e4 mustia ja valkoisia vaatteita. Ja tietysti kamera ja muutama putki sek\u00e4 minil\u00e4pp\u00e4ri. Pesuvehkeet ja eiku reissuun! Eik\u00e4 kest\u00e4 kuin vuorokausi ja ollaan Mexico Cityss\u00e4.<\/p>\n<p><a href=\"https:\/\/www.satokangas.fi\/blogi\/wp-content\/uploads\/2013\/06\/lennot.jpg\"><img loading=\"lazy\" decoding=\"async\" data-attachment-id=\"17584\" data-permalink=\"https:\/\/www.satokangas.fi\/blogi\/2013\/06\/lomalle\/lennot\/\" data-orig-file=\"https:\/\/www.satokangas.fi\/blogi\/wp-content\/uploads\/2013\/06\/lennot.jpg\" data-orig-size=\"694,222\" data-comments-opened=\"1\" data-image-meta=\"{&quot;aperture&quot;:&quot;0&quot;,&quot;credit&quot;:&quot;Reija&quot;,&quot;camera&quot;:&quot;&quot;,&quot;caption&quot;:&quot;&quot;,&quot;created_timestamp&quot;:&quot;1370372668&quot;,&quot;copyright&quot;:&quot;&quot;,&quot;focal_length&quot;:&quot;0&quot;,&quot;iso&quot;:&quot;0&quot;,&quot;shutter_speed&quot;:&quot;0&quot;,&quot;title&quot;:&quot;&quot;}\" data-image-title=\"lennot\" data-image-description=\"\" data-image-caption=\"\" data-large-file=\"https:\/\/www.satokangas.fi\/blogi\/wp-content\/uploads\/2013\/06\/lennot.jpg\" class=\"aligncenter size-full wp-image-17584\" alt=\"lennot\" src=\"https:\/\/www.satokangas.fi\/blogi\/wp-content\/uploads\/2013\/06\/lennot.jpg\" width=\"694\" height=\"222\" srcset=\"https:\/\/www.satokangas.fi\/blogi\/wp-content\/uploads\/2013\/06\/lennot.jpg 694w, https:\/\/www.satokangas.fi\/blogi\/wp-content\/uploads\/2013\/06\/lennot-300x95.jpg 300w, https:\/\/www.satokangas.fi\/blogi\/wp-content\/uploads\/2013\/06\/lennot-600x191.jpg 600w\" sizes=\"auto, (max-width: 694px) 100vw, 694px\" \/><\/a><\/p>\n<p>&nbsp;<\/p>\n<p>Sinne lent\u00e4\u00e4 tyt\u00e4rkin Monterreyst\u00e4. Olemme nelj\u00e4 y\u00f6t\u00e4 siell\u00e4 ja sunnuntaina lenn\u00e4mme yhdess\u00e4 Cancuniin ja viet\u00e4mme kuusi p\u00e4iv\u00e4\u00e4 Karibian rannalla Playa del Carmenissa, paluumatkalle l\u00e4hdet\u00e4\u00e4n 15.6. Tyt\u00e4r palaa vasta juhannuksena.<\/p>\n<p><a href=\"https:\/\/www.satokangas.fi\/blogi\/wp-content\/uploads\/2013\/06\/meksiko.gif\"><img loading=\"lazy\" decoding=\"async\" data-attachment-id=\"17585\" data-permalink=\"https:\/\/www.satokangas.fi\/blogi\/2013\/06\/lomalle\/meksiko\/\" data-orig-file=\"https:\/\/www.satokangas.fi\/blogi\/wp-content\/uploads\/2013\/06\/meksiko.gif\" data-orig-size=\"388,290\" data-comments-opened=\"1\" data-image-meta=\"{&quot;aperture&quot;:&quot;0&quot;,&quot;credit&quot;:&quot;&quot;,&quot;camera&quot;:&quot;&quot;,&quot;caption&quot;:&quot;&quot;,&quot;created_timestamp&quot;:&quot;0&quot;,&quot;copyright&quot;:&quot;&quot;,&quot;focal_length&quot;:&quot;0&quot;,&quot;iso&quot;:&quot;0&quot;,&quot;shutter_speed&quot;:&quot;0&quot;,&quot;title&quot;:&quot;&quot;}\" data-image-title=\"meksiko\" data-image-description=\"\" data-image-caption=\"\" data-large-file=\"https:\/\/www.satokangas.fi\/blogi\/wp-content\/uploads\/2013\/06\/meksiko.gif\" class=\"aligncenter size-full wp-image-17585\" alt=\"meksiko\" src=\"https:\/\/www.satokangas.fi\/blogi\/wp-content\/uploads\/2013\/06\/meksiko.gif\" width=\"388\" height=\"290\" \/><\/a><\/p>\n<p>&nbsp;<\/p>\n<p style=\"text-align: center;\"><span style=\"color: #003366;\">Hasta pronto! Adios, amigos!\u00a0<\/span><\/p>\n","protected":false},"excerpt":{"rendered":"<p>Paperit\u00f6it\u00e4, oppiainekokous, joka meni poikkeuksellisen helposti, ei kyll\u00e4k\u00e4\u00e4n lyhyesti. Ja heti per\u00e4\u00e4n pari tuntia puhelinvastaanottoa: p\u00e4\u00e4sykokeessa olleet saivat soitella ja kysell\u00e4 p\u00e4rj\u00e4\u00e4mist\u00e4\u00e4n. Parikymment\u00e4 soittoa tuli, ja kolmelle sain sanoa, ett\u00e4 tervetuloa syksyll\u00e4 opiskelemaan historiaa! Ne oli juhlahetki\u00e4. V\u00e4hemm\u00e4n juhlavaa oli ilmoittaa niille, jotka olivat aika l\u00e4hell\u00e4 p\u00e4\u00e4sy\u00e4, mutta eiv\u00e4t ihan pisteiss\u00e4 ylt\u00e4neet. Yhdelle tyt\u00f6lle teki tosi tiukkaa kuulla tieto, ett\u00e4 &hellip; <\/p>\n","protected":false},"author":1,"featured_media":0,"comment_status":"open","ping_status":"open","sticky":false,"template":"","format":"standard","meta":{"jetpack_post_was_ever_published":false,"_jetpack_newsletter_access":"","_jetpack_dont_email_post_to_subs":false,"_jetpack_newsletter_tier_id":0,"_jetpack_memberships_contains_paywalled_content":false,"_jetpack_memberships_contains_paid_content":false,"footnotes":"","jetpack_publicize_message":"","jetpack_publicize_feature_enabled":true,"jetpack_social_post_already_shared":true,"jetpack_social_options":{"image_generator_settings":{"template":"highway","default_image_id":0,"font":"","enabled":false},"version":2}},"categories":[62],"tags":[],"class_list":["post-17583","post","type-post","status-publish","format-standard","hentry","category-meksiko","latest_post"],"jetpack_publicize_connections":[],"jetpack_featured_media_url":"","jetpack_shortlink":"https:\/\/wp.me\/sr4p4-lomalle","jetpack_sharing_enabled":true,"jetpack_likes_enabled":false,"jetpack-related-posts":[{"id":18578,"url":"https:\/\/www.satokangas.fi\/blogi\/2013\/09\/professoriksi-professorin-paikalle\/","url_meta":{"origin":17583,"position":0},"title":"Professoriksi professorin paikalle","author":"Reija","date":"3.9.2013","format":false,"excerpt":"Onhan t\u00e4st\u00e4 ollut puhetta; esimies, oppiaineen toinen (Suomen ja Skandinavian historian) professori el\u00e4k\u00f6ityy kuukauden p\u00e4\u00e4st\u00e4. Juurikin se proffa, jolle olin tekem\u00e4ss\u00e4 juhlakirjaa vuorotteluvuoteni aikana ja sit\u00e4 ennen. Historian selkosilla -kirja ja sen julkistamistilaisuus oli huikea yll\u00e4tys jubilaarille. Ja my\u00f6s oppiaineen toinen (yleisen historian) \u00a0professori j\u00e4tt\u00e4\u00e4 virkansa, tosin vasta kev\u00e4tlukukauden loppupuolella.\u2026","rel":"","context":"Kategoriassa &quot;Niit\u00e4 n\u00e4it\u00e4&quot;","block_context":{"text":"Niit\u00e4 n\u00e4it\u00e4","link":"https:\/\/www.satokangas.fi\/blogi\/category\/aiheeton\/"},"img":{"alt_text":"Paperit-2-2","src":"https:\/\/i0.wp.com\/www.satokangas.fi\/blogi\/wp-content\/uploads\/2013\/09\/Paperit-2-2-600x400.jpg?resize=350%2C200&ssl=1","width":350,"height":200,"srcset":"https:\/\/i0.wp.com\/www.satokangas.fi\/blogi\/wp-content\/uploads\/2013\/09\/Paperit-2-2-600x400.jpg?resize=350%2C200&ssl=1 1x, https:\/\/i0.wp.com\/www.satokangas.fi\/blogi\/wp-content\/uploads\/2013\/09\/Paperit-2-2-600x400.jpg?resize=525%2C300&ssl=1 1.5x"},"classes":[]},{"id":1893,"url":"https:\/\/www.satokangas.fi\/blogi\/2008\/12\/mista-hyvasta\/","url_meta":{"origin":17583,"position":1},"title":"Mist\u00e4 hyv\u00e4st\u00e4?","author":"Reija","date":"18.12.2008","format":false,"excerpt":"Sain t\u00e4n\u00e4\u00e4n kyn\u00e4n. Kullatun, korean kyn\u00e4n. Kyn\u00e4n, joka on kovin maskuliinisen n\u00e4k\u00f6inen ja jolla on huono kirjoittaa. Kyn\u00e4 on ison rillikotelon kokoisessa rasiassa, johon on kaiverrettu nimeni. Koko humanistisen tiedekunnan henkil\u00f6kunta oli l\u00e4sn\u00e4 kun dekaani antoi sen minulle ja kaikki taputtivat. Kolme muutakin ty\u00f6yhteis\u00f6mme j\u00e4sent\u00e4 sai sellaisen. Ja heillekin taputettiin.\u2026","rel":"","context":"Kategoriassa &quot;Yliopistoel\u00e4m\u00e4\u00e4&quot;","block_context":{"text":"Yliopistoel\u00e4m\u00e4\u00e4","link":"https:\/\/www.satokangas.fi\/blogi\/category\/yliopistoelamaa\/"},"img":{"alt_text":"","src":"","width":0,"height":0},"classes":[]},{"id":18965,"url":"https:\/\/www.satokangas.fi\/blogi\/2013\/10\/naytosvaitoksessa\/","url_meta":{"origin":17583,"position":2},"title":"N\u00e4yt\u00f6sv\u00e4it\u00f6ksess\u00e4","author":"Reija","date":"10.10.2013","format":false,"excerpt":"K\u00e4vinp\u00e4h\u00e4n \u00e4sken \"teatterissa\" tai ainakin yliopiston Saalastinsalissa katsomassa n\u00e4yt\u00f6sv\u00e4it\u00f6ksen. Se esitettiin ensimm\u00e4isen kerran kev\u00e4\u00e4ll\u00e4 2008 yliopiston 50-vuotisjuhlavuonna, mutta ajankohta sattui olemaan minunkin juhlavuoteni, olimme juuri tuolloin tytt\u00e4ren kanssa Hainanin saarella ja Kantonissa (Guanzhou) Kiinassa, joten n\u00e4kem\u00e4tt\u00e4 j\u00e4i. Ja muut, my\u00f6hemm\u00e4t \u00a0n\u00e4yt\u00f6kset ovat olleet suljettuja tilaisuuksia ja\/tai Oulun ulkopuolella, joten en\u2026","rel":"","context":"Kategoriassa &quot;Yliopistoel\u00e4m\u00e4\u00e4&quot;","block_context":{"text":"Yliopistoel\u00e4m\u00e4\u00e4","link":"https:\/\/www.satokangas.fi\/blogi\/category\/yliopistoelamaa\/"},"img":{"alt_text":"Scan0094","src":"https:\/\/i0.wp.com\/www.satokangas.fi\/blogi\/wp-content\/uploads\/2013\/10\/Scan0094-310x400.jpg?resize=350%2C200&ssl=1","width":350,"height":200},"classes":[]},{"id":21302,"url":"https:\/\/www.satokangas.fi\/blogi\/2014\/06\/valintaprosessista-kiinnostuneille\/","url_meta":{"origin":17583,"position":3},"title":"Valintaprosessista kiinnostuneille","author":"Reija","date":"2.6.2014","format":false,"excerpt":"Professorin valinta etenee. T\u00e4n\u00e4\u00e4n oli vuorossa opetusn\u00e4ytteet. Syksyll\u00e4 auki pistettyyn virkaan tuli 16 hakijaa, joista yksi vet\u00e4ytyi aika pian. Sen j\u00e4lkeen tiedekunnan oma valintatoimikunta (dekaani, koulutusdekaani, kaksi professoria ja opiskelijaj\u00e4sen) valitsi kolmij\u00e4senisen (professoreista koostuvan) asiantuntijaporukan, joista kell\u00e4\u00e4n ei saanut olla kytk\u00f6ksi\u00e4 kenenk\u00e4\u00e4n hakijan kanssa, mik\u00e4 on Suomen kokoisessa historian tiedeyhteis\u00f6ss\u00e4\u2026","rel":"","context":"Kategoriassa &quot;Yliopistoel\u00e4m\u00e4\u00e4&quot;","block_context":{"text":"Yliopistoel\u00e4m\u00e4\u00e4","link":"https:\/\/www.satokangas.fi\/blogi\/category\/yliopistoelamaa\/"},"img":{"alt_text":"WP_20140602_11_31_07_Pro","src":"https:\/\/i0.wp.com\/www.satokangas.fi\/blogi\/wp-content\/uploads\/2014\/06\/WP_20140602_11_31_07_Pro-600x337.jpg?resize=350%2C200&ssl=1","width":350,"height":200,"srcset":"https:\/\/i0.wp.com\/www.satokangas.fi\/blogi\/wp-content\/uploads\/2014\/06\/WP_20140602_11_31_07_Pro-600x337.jpg?resize=350%2C200&ssl=1 1x, https:\/\/i0.wp.com\/www.satokangas.fi\/blogi\/wp-content\/uploads\/2014\/06\/WP_20140602_11_31_07_Pro-600x337.jpg?resize=525%2C300&ssl=1 1.5x"},"classes":[]},{"id":21709,"url":"https:\/\/www.satokangas.fi\/blogi\/2014\/07\/kesakuvakisan-2014-tulostenjulkistus\/","url_meta":{"origin":17583,"position":4},"title":"Kes\u00e4kuvakisan 2014 tulostenjulkistus","author":"Reija","date":"14.7.2014","format":false,"excerpt":"T\u00e4m\u00e4n vuotisen kes\u00e4kuvakisan [katso kysymykset t\u00e4\u00e4lt\u00e4] tulostenjulkistus tapahtuukin t\u00e4\u00e4lt\u00e4 It\u00e4vallasta k\u00e4sin. [Kunhan k\u00e4ymme t\u00e4ss\u00e4 kohta sy\u00f6m\u00e4ss\u00e4 teen toisen postauksen t\u00e4lle p\u00e4iv\u00e4lle; se on sitten t\u00e4m\u00e4n p\u00e4iv\u00e4n vaelluksesta]. Kisaan osallistui poikkeuksellisen v\u00e4h\u00e4n rohkeita = kuusi, [ja juuri kun t\u00e4t\u00e4 kirjoitan, tulee Katilta, kahden edellisen vuoden menestyj\u00e4lt\u00e4 vastaukset, my\u00f6h\u00e4ss\u00e4... :( . Kiitokset\u2026","rel":"","context":"Kategoriassa &quot;Kes\u00e4kuvakisa&quot;","block_context":{"text":"Kes\u00e4kuvakisa","link":"https:\/\/www.satokangas.fi\/blogi\/category\/valokuvaus\/kesakuvakisa\/"},"img":{"alt_text":"","src":"https:\/\/i0.wp.com\/www.satokangas.fi\/blogi\/wp-content\/uploads\/2014\/07\/Kesakuvakisa-tulokset-2-7-600x400.jpg?resize=350%2C200&ssl=1","width":350,"height":200,"srcset":"https:\/\/i0.wp.com\/www.satokangas.fi\/blogi\/wp-content\/uploads\/2014\/07\/Kesakuvakisa-tulokset-2-7-600x400.jpg?resize=350%2C200&ssl=1 1x, https:\/\/i0.wp.com\/www.satokangas.fi\/blogi\/wp-content\/uploads\/2014\/07\/Kesakuvakisa-tulokset-2-7-600x400.jpg?resize=525%2C300&ssl=1 1.5x"},"classes":[]},{"id":2039,"url":"https:\/\/www.satokangas.fi\/blogi\/2009\/01\/arkeen-palaamisen-autuus\/","url_meta":{"origin":17583,"position":5},"title":"Arkeen palaamisen autuus","author":"Reija","date":"5.1.2009","format":false,"excerpt":"Olihan mukava olla t\u00f6iss\u00e4 t\u00e4n\u00e4\u00e4n. Olisiko ty\u00f6viikon pituus (so. lyhyys) syy mukavuuteen. Maanantai ja perjantai samana p\u00e4iv\u00e4n\u00e4. K\u00e4tev\u00e4\u00e4. Ehk\u00e4 parempikin selitys on: minulla onnistui se, mit\u00e4 olen vasta ihan viime vuosina oppinut tekem\u00e4\u00e4n. Suosittelen muillekin. Siis: aiemmin minulla oli tapana putsata p\u00f6yt\u00e4 ennen lomalle l\u00e4ht\u00f6\u00e4. Tied\u00e4tteh\u00e4n, tehd\u00e4 hommat valmiiksi. Suorittaa\u2026","rel":"","context":"Kategoriassa &quot;Yliopistoel\u00e4m\u00e4\u00e4&quot;","block_context":{"text":"Yliopistoel\u00e4m\u00e4\u00e4","link":"https:\/\/www.satokangas.fi\/blogi\/category\/yliopistoelamaa\/"},"img":{"alt_text":"","src":"","width":0,"height":0},"classes":[]}],"_links":{"self":[{"href":"https:\/\/www.satokangas.fi\/blogi\/wp-json\/wp\/v2\/posts\/17583","targetHints":{"allow":["GET"]}}],"collection":[{"href":"https:\/\/www.satokangas.fi\/blogi\/wp-json\/wp\/v2\/posts"}],"about":[{"href":"https:\/\/www.satokangas.fi\/blogi\/wp-json\/wp\/v2\/types\/post"}],"author":[{"embeddable":true,"href":"https:\/\/www.satokangas.fi\/blogi\/wp-json\/wp\/v2\/users\/1"}],"replies":[{"embeddable":true,"href":"https:\/\/www.satokangas.fi\/blogi\/wp-json\/wp\/v2\/comments?post=17583"}],"version-history":[{"count":0,"href":"https:\/\/www.satokangas.fi\/blogi\/wp-json\/wp\/v2\/posts\/17583\/revisions"}],"wp:attachment":[{"href":"https:\/\/www.satokangas.fi\/blogi\/wp-json\/wp\/v2\/media?parent=17583"}],"wp:term":[{"taxonomy":"category","embeddable":true,"href":"https:\/\/www.satokangas.fi\/blogi\/wp-json\/wp\/v2\/categories?post=17583"},{"taxonomy":"post_tag","embeddable":true,"href":"https:\/\/www.satokangas.fi\/blogi\/wp-json\/wp\/v2\/tags?post=17583"}],"curies":[{"name":"wp","href":"https:\/\/api.w.org\/{rel}","templated":true}]}}