{"id":17435,"date":"2013-05-17T20:10:04","date_gmt":"2013-05-17T17:10:04","guid":{"rendered":"https:\/\/www.satokangas.fi\/blogi\/?p=17435"},"modified":"2013-05-17T21:32:12","modified_gmt":"2013-05-17T18:32:12","slug":"aamusta-iltaan","status":"publish","type":"post","link":"https:\/\/www.satokangas.fi\/blogi\/2013\/05\/aamusta-iltaan\/","title":{"rendered":"Aamusta iltaan &#8230;"},"content":{"rendered":"<p>&#8230; on paistanut aurinko.<\/p>\n<p style=\"text-align: center;\"><a href=\"https:\/\/www.satokangas.fi\/blogi\/wp-content\/uploads\/2013\/05\/aamusta-iltaan_.jpg\"><img loading=\"lazy\" decoding=\"async\" data-attachment-id=\"17437\" data-permalink=\"https:\/\/www.satokangas.fi\/blogi\/2013\/05\/aamusta-iltaan\/aamusta-iltaan_\/\" data-orig-file=\"https:\/\/www.satokangas.fi\/blogi\/wp-content\/uploads\/2013\/05\/aamusta-iltaan_.jpg\" data-orig-size=\"1600,1129\" data-comments-opened=\"1\" data-image-meta=\"{&quot;aperture&quot;:&quot;1.4&quot;,&quot;credit&quot;:&quot;&quot;,&quot;camera&quot;:&quot;Canon EOS 5D Mark II&quot;,&quot;caption&quot;:&quot;&quot;,&quot;created_timestamp&quot;:&quot;1368770216&quot;,&quot;copyright&quot;:&quot;&quot;,&quot;focal_length&quot;:&quot;35&quot;,&quot;iso&quot;:&quot;100&quot;,&quot;shutter_speed&quot;:&quot;0.0003125&quot;,&quot;title&quot;:&quot;&quot;}\" data-image-title=\"aamusta iltaan_\" data-image-description=\"\" data-image-caption=\"\" data-large-file=\"https:\/\/www.satokangas.fi\/blogi\/wp-content\/uploads\/2013\/05\/aamusta-iltaan_-1451x1024.jpg\" class=\"aligncenter size-medium wp-image-17437\" style=\"border: 10px solid grey;\" alt=\"aamusta iltaan_\" src=\"https:\/\/www.satokangas.fi\/blogi\/wp-content\/uploads\/2013\/05\/aamusta-iltaan_-566x400.jpg\" width=\"566\" height=\"400\" srcset=\"https:\/\/www.satokangas.fi\/blogi\/wp-content\/uploads\/2013\/05\/aamusta-iltaan_-566x400.jpg 566w, https:\/\/www.satokangas.fi\/blogi\/wp-content\/uploads\/2013\/05\/aamusta-iltaan_-300x211.jpg 300w, https:\/\/www.satokangas.fi\/blogi\/wp-content\/uploads\/2013\/05\/aamusta-iltaan_-1451x1024.jpg 1451w, https:\/\/www.satokangas.fi\/blogi\/wp-content\/uploads\/2013\/05\/aamusta-iltaan_.jpg 1600w\" sizes=\"auto, (max-width: 566px) 100vw, 566px\" \/><\/a><\/p>\n<p>Onneksi en ottanut iTunesia mukaan kun l\u00e4hdin suhteellisen varhain (ei, ei se ollut seitsem\u00e4\u00e4k\u00e4\u00e4n, mutta huomenna nukun. Ihan varmasti.) polkemaan Linnanmaalle. Musiikkia ei tarvittu, oli hiljaista, &#8211; paitsi linnut!! Paljon ei puuttunut, ett\u00e4 olisin ajanut ohi kampuksen, jatkanut aamuista py\u00f6r\u00e4ily\u00e4 Pyyk\u00f6sj\u00e4rven rantaan, sielt\u00e4 Kuivasj\u00e4rvelle, Tuiranrannan kautta torille aamukahville. Sitten olisin voinut k\u00e4yd\u00e4 kaupunginkirjastossa katsomassa, olisiko se kaipaamani vanha kartta kotiseutukokoelmassa. Kuvannut sen, lueskellut ja kirjoitellut v\u00e4h\u00e4n aikaa. K\u00e4ynyt hakemassa hallista kalaa, polkenut kotiin, pessyt ne Huvilan loputkin ikkunat.<\/p>\n<p>Olisin sitten ehk\u00e4 ajellut (nyt jo omalla harmaalla moottoroidulla kaunokaisellani) Maakariin, Kodin Ykk\u00f6seen tai jonnekin, miss\u00e4 myyd\u00e4\u00e4n kauniita py\u00f6reit\u00e4 pitsiliinoja &#8211; sellaisen nyt haluaisin Huvilaan. Olisin k\u00e4ynyt Vihiluodon Kalakaupassa, jossa kuulemma myyd\u00e4\u00e4n erikoisen hyv\u00e4\u00e4 lisuketta kalaruoalle, ehk\u00e4 olisin lohileiv\u00e4t siell\u00e4 nauttinut&#8230; Sitten olisin viel\u00e4 hurauttanut ottamaan kuukausikuvan M\u00f6lj\u00e4lt\u00e4 &#8211; siiloista. Tullut kotiin ja ryhtynyt silitt\u00e4m\u00e4\u00e4n kes\u00e4liinoja Festaan ja sis\u00e4lle, istahtanut \u00a0aurinkoon jatkamaan kirjoittamista&#8230; ja nauttinut auringosta. Mutta ei!\u00a0Eih\u00e4n se ihan niin mennyt.<\/p>\n<p>Miksei? Sit\u00e4 min\u00e4 olen t\u00e4ss\u00e4 miettinyt? Ehk\u00e4 siksi, ett\u00e4 oli hyv\u00e4 olla duunissa omassa ty\u00f6huoneessa, ett\u00e4 ne kandit\u00f6idens\u00e4 kanssa kipuilevat opiskelijat saattoivat k\u00e4yd\u00e4 kysym\u00e4ss\u00e4 viime hetken neuvoja, ja ehk\u00e4 siksi, ett\u00e4 tied\u00e4n, ett\u00e4 osaan auringossa lukea, mutten kirjoittaa&#8230; En ainakaan mit\u00e4\u00e4n tolkkua, viimeistelty\u00e4 tieteellist\u00e4 teksti\u00e4. Jotkut osaa, min\u00e4 en. Parasta oli istua ty\u00f6huoneessa s\u00e4lekaihtimet kiinni ja keskitty\u00e4. Nyt onkin sitten hyv\u00e4 mieli kun on perjantai-ilta. On lupa. Lupa istua ja selailla sisustuslehti\u00e4, siemailla ruoalta j\u00e4\u00e4nyt punaviini, &#8230; mietti\u00e4 el\u00e4m\u00e4nmenoa&#8230;<\/p>\n<p>&nbsp;<\/p>\n<p style=\"text-align: center;\"><a href=\"https:\/\/www.satokangas.fi\/blogi\/wp-content\/uploads\/2013\/05\/aamusta-iltaan_-3.jpg\"><img loading=\"lazy\" decoding=\"async\" data-attachment-id=\"17436\" data-permalink=\"https:\/\/www.satokangas.fi\/blogi\/2013\/05\/aamusta-iltaan\/aamusta-iltaan_-3\/\" data-orig-file=\"https:\/\/www.satokangas.fi\/blogi\/wp-content\/uploads\/2013\/05\/aamusta-iltaan_-3.jpg\" data-orig-size=\"1600,1165\" data-comments-opened=\"1\" data-image-meta=\"{&quot;aperture&quot;:&quot;1.4&quot;,&quot;credit&quot;:&quot;&quot;,&quot;camera&quot;:&quot;Canon EOS 5D Mark II&quot;,&quot;caption&quot;:&quot;&quot;,&quot;created_timestamp&quot;:&quot;1368806388&quot;,&quot;copyright&quot;:&quot;&quot;,&quot;focal_length&quot;:&quot;35&quot;,&quot;iso&quot;:&quot;100&quot;,&quot;shutter_speed&quot;:&quot;0.000125&quot;,&quot;title&quot;:&quot;&quot;}\" data-image-title=\"aamusta iltaan_-3\" data-image-description=\"\" data-image-caption=\"\" data-large-file=\"https:\/\/www.satokangas.fi\/blogi\/wp-content\/uploads\/2013\/05\/aamusta-iltaan_-3-1406x1024.jpg\" class=\"aligncenter size-medium wp-image-17436\" style=\"border: 5px solid black;\" alt=\"aamusta iltaan_-3\" src=\"https:\/\/www.satokangas.fi\/blogi\/wp-content\/uploads\/2013\/05\/aamusta-iltaan_-3-549x400.jpg\" width=\"549\" height=\"400\" srcset=\"https:\/\/www.satokangas.fi\/blogi\/wp-content\/uploads\/2013\/05\/aamusta-iltaan_-3-549x400.jpg 549w, https:\/\/www.satokangas.fi\/blogi\/wp-content\/uploads\/2013\/05\/aamusta-iltaan_-3-300x218.jpg 300w, https:\/\/www.satokangas.fi\/blogi\/wp-content\/uploads\/2013\/05\/aamusta-iltaan_-3-1406x1024.jpg 1406w, https:\/\/www.satokangas.fi\/blogi\/wp-content\/uploads\/2013\/05\/aamusta-iltaan_-3.jpg 1600w\" sizes=\"auto, (max-width: 549px) 100vw, 549px\" \/><\/a><\/p>\n<p>\u00a0PS: T\u00e4n\u00e4\u00e4n t\u00f6ist\u00e4 l\u00e4htiess\u00e4 oli yht\u00e4 paljon l\u00e4mmint\u00e4 Oulussa ja Monterreyss\u00e4. Talvella meill\u00e4 oli tytt\u00e4ren kanssa muutaman kerran 60 asteen l\u00e4mp\u00f6ero s\u00e4\u00e4tilassa: Meksikossa oli \u00a0+ 30 C ja t\u00e4\u00e4ll\u00e4 sama miinuksina, mutta t\u00e4n\u00e4\u00e4n nelj\u00e4lt\u00e4 (tosin silloin siell\u00e4 oli klo aamukahdeksan :)) oli samat lukemat!<\/p>\n<p><a href=\"https:\/\/www.satokangas.fi\/blogi\/wp-content\/uploads\/2013\/05\/Capture.jpg\"><img loading=\"lazy\" decoding=\"async\" data-attachment-id=\"17439\" data-permalink=\"https:\/\/www.satokangas.fi\/blogi\/2013\/05\/aamusta-iltaan\/capture\/\" data-orig-file=\"https:\/\/www.satokangas.fi\/blogi\/wp-content\/uploads\/2013\/05\/Capture.jpg\" data-orig-size=\"370,91\" data-comments-opened=\"1\" data-image-meta=\"{&quot;aperture&quot;:&quot;0&quot;,&quot;credit&quot;:&quot;Reija Satokangas&quot;,&quot;camera&quot;:&quot;&quot;,&quot;caption&quot;:&quot;&quot;,&quot;created_timestamp&quot;:&quot;1368802862&quot;,&quot;copyright&quot;:&quot;&quot;,&quot;focal_length&quot;:&quot;0&quot;,&quot;iso&quot;:&quot;0&quot;,&quot;shutter_speed&quot;:&quot;0&quot;,&quot;title&quot;:&quot;&quot;}\" data-image-title=\"Capture\" data-image-description=\"\" data-image-caption=\"\" data-large-file=\"https:\/\/www.satokangas.fi\/blogi\/wp-content\/uploads\/2013\/05\/Capture.jpg\" class=\"aligncenter size-full wp-image-17439\" alt=\"Capture\" src=\"https:\/\/www.satokangas.fi\/blogi\/wp-content\/uploads\/2013\/05\/Capture.jpg\" width=\"370\" height=\"91\" srcset=\"https:\/\/www.satokangas.fi\/blogi\/wp-content\/uploads\/2013\/05\/Capture.jpg 370w, https:\/\/www.satokangas.fi\/blogi\/wp-content\/uploads\/2013\/05\/Capture-300x73.jpg 300w\" sizes=\"auto, (max-width: 370px) 100vw, 370px\" \/><\/a><\/p>\n","protected":false},"excerpt":{"rendered":"<p>&#8230; on paistanut aurinko. Onneksi en ottanut iTunesia mukaan kun l\u00e4hdin suhteellisen varhain (ei, ei se ollut seitsem\u00e4\u00e4k\u00e4\u00e4n, mutta huomenna nukun. Ihan varmasti.) polkemaan Linnanmaalle. Musiikkia ei tarvittu, oli hiljaista, &#8211; paitsi linnut!! Paljon ei puuttunut, ett\u00e4 olisin ajanut ohi kampuksen, jatkanut aamuista py\u00f6r\u00e4ily\u00e4 Pyyk\u00f6sj\u00e4rven rantaan, sielt\u00e4 Kuivasj\u00e4rvelle, Tuiranrannan kautta torille aamukahville. Sitten olisin voinut k\u00e4yd\u00e4 kaupunginkirjastossa katsomassa, olisiko se &hellip; <\/p>\n","protected":false},"author":1,"featured_media":0,"comment_status":"open","ping_status":"open","sticky":false,"template":"","format":"standard","meta":{"jetpack_post_was_ever_published":false,"_jetpack_newsletter_access":"","_jetpack_dont_email_post_to_subs":false,"_jetpack_newsletter_tier_id":0,"_jetpack_memberships_contains_paywalled_content":false,"_jetpack_memberships_contains_paid_content":false,"footnotes":"","jetpack_publicize_message":"","jetpack_publicize_feature_enabled":true,"jetpack_social_post_already_shared":true,"jetpack_social_options":{"image_generator_settings":{"template":"highway","default_image_id":0,"font":"","enabled":false},"version":2}},"categories":[1],"tags":[],"class_list":["post-17435","post","type-post","status-publish","format-standard","hentry","category-aiheeton","latest_post"],"jetpack_publicize_connections":[],"jetpack_featured_media_url":"","jetpack_shortlink":"https:\/\/wp.me\/pr4p4-4xd","jetpack_sharing_enabled":true,"jetpack_likes_enabled":false,"jetpack-related-posts":[{"id":15131,"url":"https:\/\/www.satokangas.fi\/blogi\/2012\/08\/merenrannassa-aamuin-illoin\/","url_meta":{"origin":17435,"position":0},"title":"Merenrannassa aamuin illoin","author":"Reija","date":"25.8.2012","format":false,"excerpt":"Tervehdys t\u00e4\u00e4lt\u00e4 vehreyden takaa... Ty\u00f6huone on ihan muurautunut umpeen. L\u00e4hdin aamulla kovin aikaisin lenkille, iPod ja sauvat j\u00e4iv\u00e4t kotiin, kamera mukaan. Niinh\u00e4n siin\u00e4 sitten k\u00e4vi ett\u00e4 normaalista kolmen vartin napakasta lenkist\u00e4 tuli kahden tunnin kuvausretki. Eilisten kuvausharjoitusten j\u00e4ljilt\u00e4 kameraan oli unohtunut polarisaatiosuodin paikoilleen, ja tulikin sitten mahtavan sinisi\u00e4 kuvia. (klikkaamalla\u2026","rel":"","context":"Kategoriassa &quot;Niit\u00e4 n\u00e4it\u00e4&quot;","block_context":{"text":"Niit\u00e4 n\u00e4it\u00e4","link":"https:\/\/www.satokangas.fi\/blogi\/category\/aiheeton\/"},"img":{"alt_text":"","src":"https:\/\/i0.wp.com\/www.satokangas.fi\/blogi\/wp-content\/uploads\/Lenkill%C3%A4-ja-sielt%C3%A4-palattua-600x400.jpg?resize=350%2C200&ssl=1","width":350,"height":200,"srcset":"https:\/\/i0.wp.com\/www.satokangas.fi\/blogi\/wp-content\/uploads\/Lenkill%C3%A4-ja-sielt%C3%A4-palattua-600x400.jpg?resize=350%2C200&ssl=1 1x, https:\/\/i0.wp.com\/www.satokangas.fi\/blogi\/wp-content\/uploads\/Lenkill%C3%A4-ja-sielt%C3%A4-palattua-600x400.jpg?resize=525%2C300&ssl=1 1.5x"},"classes":[]},{"id":28310,"url":"https:\/\/www.satokangas.fi\/blogi\/2016\/05\/uuteen-aamuun\/","url_meta":{"origin":17435,"position":1},"title":"Uuteen aamuun","author":"Reija","date":"23.5.2016","format":false,"excerpt":"P\u00e4iv\u00e4 alkoi varhain, ja oli vahva tunne, ett\u00e4 on jonkin uuden alku, tai paremminkin niin, ett\u00e4 vanha on j\u00e4\u00e4m\u00e4ss\u00e4 taakse. Vaikka eih\u00e4n nyt mit\u00e4\u00e4n kovin mullistavaa eroa p\u00e4ivien kulkuun liene tulossa. K\u00e4velin Linnanmaalle palauttelemassa avaimia, muutaman paperiasian hoitamassa. Kummasti noilla reiteill\u00e4 tuli mieleen \"sun kaduillas koulutie\" ... L\u00e4mmint\u00e4, leppoisaa. Iltap\u00e4iv\u00e4ll\u00e4\u2026","rel":"","context":"Kategoriassa &quot;Isovanhemmuus&quot;","block_context":{"text":"Isovanhemmuus","link":"https:\/\/www.satokangas.fi\/blogi\/category\/isovanhemmuus\/"},"img":{"alt_text":"Uuteen aamuun-2","src":"https:\/\/i0.wp.com\/www.satokangas.fi\/blogi\/wp-content\/uploads\/2016\/05\/Uuteen-aamuun-2-600x400.jpg?resize=350%2C200&ssl=1","width":350,"height":200,"srcset":"https:\/\/i0.wp.com\/www.satokangas.fi\/blogi\/wp-content\/uploads\/2016\/05\/Uuteen-aamuun-2-600x400.jpg?resize=350%2C200&ssl=1 1x, https:\/\/i0.wp.com\/www.satokangas.fi\/blogi\/wp-content\/uploads\/2016\/05\/Uuteen-aamuun-2-600x400.jpg?resize=525%2C300&ssl=1 1.5x"},"classes":[]},{"id":26966,"url":"https:\/\/www.satokangas.fi\/blogi\/2015\/12\/oulun-aamu\/","url_meta":{"origin":17435,"position":2},"title":"Oulun aamu","author":"Reija","date":"2.12.2015","format":false,"excerpt":"Klikkaa isommaksi. Kyll\u00e4 min\u00e4 joskus ty\u00f6aamuisin ajattelin, ett\u00e4 ulkona saattaisi olla kauniita sinisi\u00e4 hetki\u00e4. Ett\u00e4 pikkupakkasessa, hiljaisessa kaupungissa voisi olla mukava k\u00e4vell\u00e4. Vaikka harvoinhan niit\u00e4 sellaisia ajatuksia sittenk\u00e4\u00e4n tuli, sill\u00e4 eip\u00e4 yliopiston kampuksen kolossissa paljon ulkoilmasta tiennyt. Toki ikkunoita ty\u00f6huoneissa ja neukkareissa, luentosaleissa ja k\u00e4yt\u00e4vien varsillakin oli, mutta ei ikkunoista\u00a0juuri\u2026","rel":"","context":"Kategoriassa &quot;Niit\u00e4 n\u00e4it\u00e4&quot;","block_context":{"text":"Niit\u00e4 n\u00e4it\u00e4","link":"https:\/\/www.satokangas.fi\/blogi\/category\/aiheeton\/"},"img":{"alt_text":"Linnanmaalla-aamu-5_3_2013_p","src":"https:\/\/i0.wp.com\/www.satokangas.fi\/blogi\/wp-content\/uploads\/2015\/12\/Linnanmaalla-aamu-5_3_2013_p-600x157.jpg?resize=350%2C200&ssl=1","width":350,"height":200,"srcset":"https:\/\/i0.wp.com\/www.satokangas.fi\/blogi\/wp-content\/uploads\/2015\/12\/Linnanmaalla-aamu-5_3_2013_p-600x157.jpg?resize=350%2C200&ssl=1 1x, https:\/\/i0.wp.com\/www.satokangas.fi\/blogi\/wp-content\/uploads\/2015\/12\/Linnanmaalla-aamu-5_3_2013_p-600x157.jpg?resize=525%2C300&ssl=1 1.5x"},"classes":[]},{"id":18924,"url":"https:\/\/www.satokangas.fi\/blogi\/2013\/10\/tyohuoneessa-viihtyen\/","url_meta":{"origin":17435,"position":3},"title":"Ty\u00f6huoneessa viihtyen","author":"Reija","date":"3.10.2013","format":false,"excerpt":"Aamu-usvaa, - jotenkin vanha tunnelma kampuksen parkkipaikalla, Norssin urheilukentt\u00e4 suorastaan h\u00f6yrysi.\u00a0Oli l\u00e4mmin. Tai no ei ainakaan ollut kylm\u00e4. S\u00e4\u00e4 siis mit\u00e4 oivallisin vet\u00e4yty\u00e4 ty\u00f6huoneen l\u00e4mp\u00f6\u00f6n. Kunhan taas omaan huoneeseeni l\u00f6ysin. Joka toinen aamu olen muistanut kerralla menn\u00e4 omaan uuteen huoneeseeni, joka toinen aamu olen tormannut sijaiseni - siis entiseen omaan\u2026","rel":"","context":"Kategoriassa &quot;Ruoka ja viini&quot;","block_context":{"text":"Ruoka ja viini","link":"https:\/\/www.satokangas.fi\/blogi\/category\/ruoka_ja_viini\/"},"img":{"alt_text":"Usvainen aamu-7","src":"https:\/\/i0.wp.com\/www.satokangas.fi\/blogi\/wp-content\/uploads\/2013\/10\/Usvainen-aamu-7-322x400.jpg?resize=350%2C200&ssl=1","width":350,"height":200},"classes":[]},{"id":33013,"url":"https:\/\/www.satokangas.fi\/blogi\/2018\/01\/33013\/","url_meta":{"origin":17435,"position":4},"title":"Valakia talavikaupunki ja -kapitulin j\u00e4rjestelyt","author":"Reija","date":"8.1.2018","format":false,"excerpt":"P\u00e4iv\u00e4 on ollut hyvinkin erilainen kuin lukukauden aloitusmaanantait joskus ennen. Kyll\u00e4 t\u00e4n\u00e4kin aamuna ajelin kahdeksan pintaan kohti yliopistoa, ja parkkeerasin auton kampuksen parkkiin. Mutta sitten ulos. Pakkasta - 12 C, ihan tyven, maisema mit\u00e4 kaunein. Kasvitieteellisen pyramidit Romeo ja Julia kauniita aamun sinisess\u00e4 hetkess\u00e4. Kiertelin koko kampuksen. Ja kuinka nautinkaan!\u2026","rel":"","context":"Kategoriassa &quot;Niit\u00e4 n\u00e4it\u00e4&quot;","block_context":{"text":"Niit\u00e4 n\u00e4it\u00e4","link":"https:\/\/www.satokangas.fi\/blogi\/category\/aiheeton\/"},"img":{"alt_text":"","src":"https:\/\/i0.wp.com\/www.satokangas.fi\/blogi\/wp-content\/uploads\/2018\/01\/Valakia-talavikaupunki-7.jpg?resize=350%2C200&ssl=1","width":350,"height":200,"srcset":"https:\/\/i0.wp.com\/www.satokangas.fi\/blogi\/wp-content\/uploads\/2018\/01\/Valakia-talavikaupunki-7.jpg?resize=350%2C200&ssl=1 1x, https:\/\/i0.wp.com\/www.satokangas.fi\/blogi\/wp-content\/uploads\/2018\/01\/Valakia-talavikaupunki-7.jpg?resize=525%2C300&ssl=1 1.5x, https:\/\/i0.wp.com\/www.satokangas.fi\/blogi\/wp-content\/uploads\/2018\/01\/Valakia-talavikaupunki-7.jpg?resize=700%2C400&ssl=1 2x"},"classes":[]},{"id":39449,"url":"https:\/\/www.satokangas.fi\/blogi\/2020\/10\/aamusta-asti-mummina\/","url_meta":{"origin":17435,"position":5},"title":"Aamusta asti mummina","author":"Reija","date":"3.10.2020","format":false,"excerpt":"T\u00e4ydenkuun levoton y\u00f6uni p\u00e4\u00e4ttyi jo ennen kuutta - t\u00e4n\u00e4\u00e4n oli aamuvuoro. T\u00e4llaisina(kin) p\u00e4ivin\u00e4 (ja aamuina) on ihan mahdottoman hienoa, ett\u00e4 Juniori, eron j\u00e4lkeen, el\u00e4m\u00e4ntilanteen muuttuessa, hommasi uuden kodin likiet\u00e4isyydelt\u00e4 meihin n\u00e4hden. Siirtyess\u00e4 omakotitalosta rivitaloasumiseen oli meillekin Pehtoorin kanssa asuntoesittelyiss\u00e4 k\u00e4ymist\u00e4, apupohtimista, laskemista, suunnittelua, mutta lopultakin aika helposti kaikki k\u00e4vi: suunnilleen\u2026","rel":"","context":"Kategoriassa &quot;Isovanhemmuus&quot;","block_context":{"text":"Isovanhemmuus","link":"https:\/\/www.satokangas.fi\/blogi\/category\/isovanhemmuus\/"},"img":{"alt_text":"","src":"https:\/\/i0.wp.com\/www.satokangas.fi\/blogi\/wp-content\/uploads\/2020\/10\/Aatun_filmi-12.jpg?resize=350%2C200&ssl=1","width":350,"height":200,"srcset":"https:\/\/i0.wp.com\/www.satokangas.fi\/blogi\/wp-content\/uploads\/2020\/10\/Aatun_filmi-12.jpg?resize=350%2C200&ssl=1 1x, https:\/\/i0.wp.com\/www.satokangas.fi\/blogi\/wp-content\/uploads\/2020\/10\/Aatun_filmi-12.jpg?resize=525%2C300&ssl=1 1.5x, https:\/\/i0.wp.com\/www.satokangas.fi\/blogi\/wp-content\/uploads\/2020\/10\/Aatun_filmi-12.jpg?resize=700%2C400&ssl=1 2x"},"classes":[]}],"_links":{"self":[{"href":"https:\/\/www.satokangas.fi\/blogi\/wp-json\/wp\/v2\/posts\/17435","targetHints":{"allow":["GET"]}}],"collection":[{"href":"https:\/\/www.satokangas.fi\/blogi\/wp-json\/wp\/v2\/posts"}],"about":[{"href":"https:\/\/www.satokangas.fi\/blogi\/wp-json\/wp\/v2\/types\/post"}],"author":[{"embeddable":true,"href":"https:\/\/www.satokangas.fi\/blogi\/wp-json\/wp\/v2\/users\/1"}],"replies":[{"embeddable":true,"href":"https:\/\/www.satokangas.fi\/blogi\/wp-json\/wp\/v2\/comments?post=17435"}],"version-history":[{"count":0,"href":"https:\/\/www.satokangas.fi\/blogi\/wp-json\/wp\/v2\/posts\/17435\/revisions"}],"wp:attachment":[{"href":"https:\/\/www.satokangas.fi\/blogi\/wp-json\/wp\/v2\/media?parent=17435"}],"wp:term":[{"taxonomy":"category","embeddable":true,"href":"https:\/\/www.satokangas.fi\/blogi\/wp-json\/wp\/v2\/categories?post=17435"},{"taxonomy":"post_tag","embeddable":true,"href":"https:\/\/www.satokangas.fi\/blogi\/wp-json\/wp\/v2\/tags?post=17435"}],"curies":[{"name":"wp","href":"https:\/\/api.w.org\/{rel}","templated":true}]}}