{"id":17429,"date":"2013-05-16T19:24:49","date_gmt":"2013-05-16T16:24:49","guid":{"rendered":"https:\/\/www.satokangas.fi\/blogi\/?p=17429"},"modified":"2013-05-17T07:26:24","modified_gmt":"2013-05-17T04:26:24","slug":"historiahopotyksia","status":"publish","type":"post","link":"https:\/\/www.satokangas.fi\/blogi\/2013\/05\/historiahopotyksia\/","title":{"rendered":"Historiah\u00f6p\u00f6tyksi\u00e4"},"content":{"rendered":"<p><a href=\"https:\/\/www.satokangas.fi\/blogi\/wp-content\/uploads\/2013\/05\/Kev\u00e4\u00e4ntuntua-3-2.jpg\"><img loading=\"lazy\" decoding=\"async\" class=\"alignleft\" alt=\"Kev\u00e4\u00e4ntuntua-3-2\" src=\"https:\/\/www.satokangas.fi\/blogi\/wp-content\/uploads\/2013\/05\/Kev\u00e4\u00e4ntuntua-3-2-377x400.jpg\" width=\"264\" height=\"280\" \/><\/a>Olen ollut v\u00e4h\u00e4n paitsiossa kahvip\u00f6yt\u00e4keskusteluista; l\u00e4tk\u00e4 ja euroviisut kun eiv\u00e4t nyt ole oikein p\u00e4iviss\u00e4ni ykk\u00f6sjuttuja. Ei niin, ettenk\u00f6 joskus niit\u00e4kin seuraa ja niist\u00e4 molemmista olen joskus paljonkin v\u00e4litt\u00e4nyt, mutta nyt eiv\u00e4t ole oikein sopineet el\u00e4m\u00e4nmenooni.<\/p>\n<p>Enemm\u00e4n kruununmets\u00e4torppa-asutus ja Inarin kultakuumeen aiheuttama muuttoliike ja &#8221;minun&#8221; Matildani ovat tarkasteluni ja ajatusteni keski\u00f6ss\u00e4. Sit\u00e4kin min\u00e4 mietin, ett\u00e4 ik\u00e4, laiskuus vai tyhmentyminen? &#8211; mik\u00e4 ihme tekee t\u00e4m\u00e4n, ett\u00e4 yhden parikymmensivuisen artikkelin kanssa tuhraantuu viikkokaupalla aikaa. Eik\u00e4 se selit\u00e4, ett\u00e4 on muitakin t\u00f6it\u00e4 yht\u00e4 aikaa. Onhan niit\u00e4 ennenkin tehty; opetusta ja ohjausta, seminaaria ja selontekoja yht\u00e4 aikaa kirjoitusprojektien kanssa, mutta mik\u00e4 hitto se t\u00e4m\u00e4n pohjoisen muuttoliike -artikkelin kanssa oikein kitkuttaa? Naapurihuoneessa (vain muutamaa vuotta nuorempi) kollega suoltaa tieteellist\u00e4 teksti\u00e4 kahden liuskan keskim\u00e4\u00e4r\u00e4isell\u00e4 p\u00e4iv\u00e4vauhdilla. Ei pysty meitsi moiseen. Artikkelin valmistumattomuus alkaa pian ahistaa&#8230;<\/p>\n<p>No niin &#8211; mutta t\u00e4n\u00e4\u00e4n kun ev\u00e4steltiin (tai siis min\u00e4h\u00e4n taas unohdin aamulla tekem\u00e4ni tonnikalasalaatin kotij\u00e4\u00e4kaappiin, joten hainkin Bioskan ruokalasta salaatin&#8230; sinne on avattu uusi salaattibaari! Jee! Olihan hyv\u00e4. Aika tyyris kyll\u00e4 oli (7,20), joten edelleen taidan p\u00e4\u00e4s\u00e4\u00e4nt\u00f6isesti pysy\u00e4 omissa ev\u00e4iss\u00e4 &#8211; hahaa, jos vain muistaisin ne&#8230; \ud83d\ude00 ) mutta siis, kun puolelta p\u00e4ivin poikien kanssa (saako (aika) nuoria miehi\u00e4 pojitella?) lounastimme ja samalla lueskelimme p\u00e4iv\u00e4n lehti\u00e4, totesimme, ett\u00e4 taas kerran Suomi on euroviisuennusteissa vahvoilla voittajaksi tai ainakin &#8211; vahvasti menosssa &#8211; kolmen parhaan joukkoon.<\/p>\n<p style=\"text-align: center;\"><a href=\"https:\/\/www.satokangas.fi\/blogi\/wp-content\/uploads\/2013\/05\/Kev\u00e4\u00e4ntuntua-2-2.jpg\"><img loading=\"lazy\" decoding=\"async\" class=\"aligncenter\" alt=\"Kev\u00e4\u00e4ntuntua-2-2\" src=\"https:\/\/www.satokangas.fi\/blogi\/wp-content\/uploads\/2013\/05\/Kev\u00e4\u00e4ntuntua-2-2-600x358.jpg\" width=\"600\" height=\"358\" \/><\/a><\/p>\n<p>Vaikea menn\u00e4 sanomaan oikein mit\u00e4\u00e4n, en ole ehk\u00e4 kuullut koko biisi\u00e4, \u00a0mutta sit\u00e4 ryhdyimme pohtimaan, ett\u00e4 kannattaisi jo tehd\u00e4 jonkinlainen tutkimus t\u00e4st\u00e4 aiheesta: Miten lehdist\u00f6n hypetys, &#8221;euroviisuhuuman&#8221; ja voitonjuhlatunnelman nostattaminen ennen semifinaalia ja \u00a0&#8221;kuinkas-sitten-k\u00e4vik\u00e4\u00e4n&#8221; \u00a0&#8211; kirjoittelu eri lehdiss\u00e4 ja muissa medioissa on vuosikymmenien kuluessa muuttunut. Tai miten yhteiskunnallinen kehitys vaikuttaa euroviisufanitukseen, sukupuoli ja -polvi erot voittoennusteissa, Suomen geopoliittinen asema ja euroviisu-uutisointi \u00a0ja niin edelleen. Lopulta p\u00e4\u00e4dyimme siihen, ett\u00e4 teet\u00e4tet\u00e4\u00e4n ensi lukuvuonna aiheesta kandity\u00f6 ja otsikkokin jo keksittiin:<\/p>\n<p>&#8221;Leuka rintaan ja kohti uusia pettymyksi\u00e4&#8221; &#8211; suomalaiskansallinen identiteetti ja Euroviisut kautta vuosikymmenten&#8221;<\/p>\n<p>Oukei, ehk\u00e4 ei muita huvita, mutta meill\u00e4 ruokkis sujui hauskasti. Ja ihan vilpitt\u00f6m\u00e4sti kyll\u00e4 toivon Suomelle menestyst\u00e4 molemmissa mittel\u00f6iss\u00e4. Min\u00e4 palaan muuttotilastojen \u00e4\u00e4relle.<\/p>\n<p style=\"text-align: center;\"><a href=\"https:\/\/www.satokangas.fi\/blogi\/wp-content\/uploads\/2013\/05\/Kev\u00e4\u00e4ntuntua-7.jpg\"><img loading=\"lazy\" decoding=\"async\" class=\"aligncenter size-medium wp-image-17432\" alt=\"Kev\u00e4\u00e4ntuntua-7\" src=\"https:\/\/www.satokangas.fi\/blogi\/wp-content\/uploads\/2013\/05\/Kev\u00e4\u00e4ntuntua-7-600x400.jpg\" width=\"600\" height=\"400\" \/><\/a><\/p>\n<p style=\"text-align: center;\">Ai niin. Aurinko. L\u00e4mmin. Kev\u00e4t, &#8211; eikun jo kes\u00e4! Mielett\u00f6m\u00e4n ihanaa!<\/p>\n<p style=\"text-align: center;\">Nautitaanpa siit\u00e4!<\/p>\n<p>&nbsp;<\/p>\n<p>&nbsp;<\/p>\n","protected":false},"excerpt":{"rendered":"<p>Olen ollut v\u00e4h\u00e4n paitsiossa kahvip\u00f6yt\u00e4keskusteluista; l\u00e4tk\u00e4 ja euroviisut kun eiv\u00e4t nyt ole oikein p\u00e4iviss\u00e4ni ykk\u00f6sjuttuja. Ei niin, ettenk\u00f6 joskus niit\u00e4kin seuraa ja niist\u00e4 molemmista olen joskus paljonkin v\u00e4litt\u00e4nyt, mutta nyt eiv\u00e4t ole oikein sopineet el\u00e4m\u00e4nmenooni. Enemm\u00e4n kruununmets\u00e4torppa-asutus ja Inarin kultakuumeen aiheuttama muuttoliike ja &#8221;minun&#8221; Matildani ovat tarkasteluni ja ajatusteni keski\u00f6ss\u00e4. Sit\u00e4kin min\u00e4 mietin, ett\u00e4 ik\u00e4, laiskuus vai tyhmentyminen? &#8211; mik\u00e4 &hellip; <\/p>\n","protected":false},"author":1,"featured_media":0,"comment_status":"open","ping_status":"open","sticky":false,"template":"","format":"standard","meta":{"jetpack_post_was_ever_published":false,"_jetpack_newsletter_access":"","_jetpack_dont_email_post_to_subs":false,"_jetpack_newsletter_tier_id":0,"_jetpack_memberships_contains_paywalled_content":false,"_jetpack_memberships_contains_paid_content":false,"footnotes":"","jetpack_publicize_message":"","jetpack_publicize_feature_enabled":true,"jetpack_social_post_already_shared":true,"jetpack_social_options":{"image_generator_settings":{"template":"highway","default_image_id":0,"font":"","enabled":false},"version":2}},"categories":[1,32],"tags":[],"class_list":["post-17429","post","type-post","status-publish","format-standard","hentry","category-aiheeton","category-yliopistoelamaa","latest_post"],"jetpack_publicize_connections":[],"jetpack_featured_media_url":"","jetpack_shortlink":"https:\/\/wp.me\/pr4p4-4x7","jetpack_sharing_enabled":true,"jetpack_likes_enabled":false,"jetpack-related-posts":[{"id":15697,"url":"https:\/\/www.satokangas.fi\/blogi\/2012\/11\/tutkimusperjantai\/","url_meta":{"origin":17429,"position":0},"title":"Tutkimusperjantai","author":"Reija","date":"2.11.2012","format":false,"excerpt":"Her\u00e4\u00e4n v\u00e4syneen\u00e4, tuntuu melkein fyysinen kipu, kun niin nukuttaa, - eih\u00e4n kello ole kuuttakaan, eik\u00e4 se edes viel\u00e4 soinut, kunhan vain nousen. Suihkussa jo unohdan, virkistyn. Aamiaisella hemmotellen itse\u00e4ni sy\u00f6n vaaleaa leip\u00e4\u00e4, paksut viipaleet juustoa, jukurttia kulhollisen ja sill\u00e4 varjolla, ettei ole marjoja sulamassa, huljuttelen sekaan m\u00fcsli\u00e4 - reilusti. Ison\u2026","rel":"","context":"Kategoriassa &quot;Historiaa&quot;","block_context":{"text":"Historiaa","link":"https:\/\/www.satokangas.fi\/blogi\/category\/historiaa\/"},"img":{"alt_text":"","src":"https:\/\/i0.wp.com\/www.satokangas.fi\/blogi\/wp-content\/uploads\/historiaa-521x400.jpg?resize=350%2C200&ssl=1","width":350,"height":200},"classes":[]},{"id":6224,"url":"https:\/\/www.satokangas.fi\/blogi\/2010\/03\/paivan-puheenaiheet\/","url_meta":{"origin":17429,"position":1},"title":"P\u00e4iv\u00e4n puheenaiheet","author":"Reija","date":"2.3.2010","format":false,"excerpt":"Vesir\u00e4nt\u00e4\u00e4 niin ettei pahemmasta v\u00e4li\u00e4. Linja-autolakko ja AKT:n \u00a0lakko kaikkine vaikutuksineen. Mikrohistoria. Suomen muuttoliikkeen historia. Abiturientin el\u00e4m\u00e4nmeno. K\u00e4sikipu. Dubain hintataso. Juha Vakkurin kirja Afrikan halki. Pehtoorin p\u00e4iv\u00e4kahviseuran kuulumiset. No johan on ollut melko mit\u00e4\u00e4nsanomaton p\u00e4iv\u00e4 taas.","rel":"","context":"Kategoriassa &quot;Niit\u00e4 n\u00e4it\u00e4&quot;","block_context":{"text":"Niit\u00e4 n\u00e4it\u00e4","link":"https:\/\/www.satokangas.fi\/blogi\/category\/aiheeton\/"},"img":{"alt_text":"","src":"","width":0,"height":0},"classes":[]},{"id":39526,"url":"https:\/\/www.satokangas.fi\/blogi\/2020\/10\/oikea-kielisyys-virheita-ja-inhokkisanoja\/","url_meta":{"origin":17429,"position":2},"title":"Oikea kielisyys virheit\u00e4 :) ja inhokkisanoja","author":"Reija","date":"21.10.2020","format":false,"excerpt":"\"Renkaan vaihdot!\"\u00a0 lukee tienposkessa olevassa kyltiss\u00e4 ja viereisen rakennuksen sein\u00e4ss\u00e4 olevassa mainoksessa matkalla meilt\u00e4 kaupunkiin. T\u00e4n\u00e4\u00e4n ajelin niist\u00e4 ohi. En py\u00f6r\u00e4ll\u00e4, sill\u00e4 t\u00e4n\u00e4\u00e4n sen verran j\u00e4\u00e4t\u00e4, etten en\u00e4\u00e4 uskaltanut py\u00f6r\u00e4n selk\u00e4\u00e4n, vaan oli pitk\u00e4st\u00e4 aikaa k\u00e4yt\u00e4v\u00e4 k\u00e4vellen lenkilll\u00e4 ja huristeltava autolla (spesiaali)ruokaostoksille kaupunkiin. Minulla toki jo on talvirenkaat (Pehtoori vaihtoi\u2026","rel":"","context":"Kategoriassa &quot;Bloggailu&quot;","block_context":{"text":"Bloggailu","link":"https:\/\/www.satokangas.fi\/blogi\/category\/bloggailu\/"},"img":{"alt_text":"","src":"https:\/\/i0.wp.com\/www.satokangas.fi\/blogi\/wp-content\/uploads\/2020\/10\/Koulutarvikkeita.jpg?resize=350%2C200&ssl=1","width":350,"height":200,"srcset":"https:\/\/i0.wp.com\/www.satokangas.fi\/blogi\/wp-content\/uploads\/2020\/10\/Koulutarvikkeita.jpg?resize=350%2C200&ssl=1 1x, https:\/\/i0.wp.com\/www.satokangas.fi\/blogi\/wp-content\/uploads\/2020\/10\/Koulutarvikkeita.jpg?resize=525%2C300&ssl=1 1.5x, https:\/\/i0.wp.com\/www.satokangas.fi\/blogi\/wp-content\/uploads\/2020\/10\/Koulutarvikkeita.jpg?resize=700%2C400&ssl=1 2x"},"classes":[]},{"id":318,"url":"https:\/\/www.satokangas.fi\/blogi\/2007\/09\/blogit-eivat-ole-mun-juttu\/","url_meta":{"origin":17429,"position":3},"title":"Blogit eiv\u00e4t ole mun juttu!","author":"Reija","date":"28.9.2007","format":false,"excerpt":"Blogit eiv\u00e4t ole mun juttu! Niinh\u00e4n min\u00e4 olen v\u00e4itt\u00e4nyt. Olen v\u00e4itt\u00e4nyt, etteiv\u00e4t blogit ole mun juttu, WWW-julkaisu ja p\u00e4iv\u00e4kirjat ovat, mutta eiv\u00e4t blogit. Nyt olen kuitenkin antamassa periksi, koska 1) kirjoitan ja puhun ty\u00f6ss\u00e4ni ja el\u00e4m\u00e4ss\u00e4ni turhan monisanaisesti. Nyt opettelen sanomaan asiani lyhyesti. 2) P\u00e4iv\u00e4kirjoihini kuluu monia kymmeni\u00e4 minuutteja p\u00e4ivitt\u00e4in,\u2026","rel":"","context":"Kategoriassa &quot;Bloggailu&quot;","block_context":{"text":"Bloggailu","link":"https:\/\/www.satokangas.fi\/blogi\/category\/bloggailu\/"},"img":{"alt_text":"","src":"","width":0,"height":0},"classes":[]},{"id":16748,"url":"https:\/\/www.satokangas.fi\/blogi\/2013\/03\/etsiva-loytaa\/","url_meta":{"origin":17429,"position":4},"title":"Etsiv\u00e4 l\u00f6yt\u00e4\u00e4","author":"Reija","date":"14.3.2013","format":false,"excerpt":"T\u00f6iss\u00e4: Miss\u00e4 on se eilen aloittamani tiedosto, mill\u00e4 nimell\u00e4 se on tallennettu? Miss\u00e4 on se muuttoliikett\u00e4 k\u00e4sittelev\u00e4 kirja ja j\u00e4tink\u00f6 min\u00e4 oikeasti taas ev\u00e4\u00e4t kotiin? Kotona: Miss\u00e4 on ne valkoiset creme br\u00fblee vuoat? Miss\u00e4 on se toinen vispil\u00e4? Min\u00e4 voisin vannoa ostaneeni tulppaanilautasliinoja! Juuri \u00e4sken n\u00e4in sen limen v\u00e4risen mariskoolin\u2026","rel":"","context":"Kategoriassa &quot;Niit\u00e4 n\u00e4it\u00e4&quot;","block_context":{"text":"Niit\u00e4 n\u00e4it\u00e4","link":"https:\/\/www.satokangas.fi\/blogi\/category\/aiheeton\/"},"img":{"alt_text":"Oulu by night","src":"https:\/\/i0.wp.com\/www.satokangas.fi\/blogi\/wp-content\/uploads\/2013\/03\/Oulu-by-night-600x387.jpg?resize=350%2C200&ssl=1","width":350,"height":200,"srcset":"https:\/\/i0.wp.com\/www.satokangas.fi\/blogi\/wp-content\/uploads\/2013\/03\/Oulu-by-night-600x387.jpg?resize=350%2C200&ssl=1 1x, https:\/\/i0.wp.com\/www.satokangas.fi\/blogi\/wp-content\/uploads\/2013\/03\/Oulu-by-night-600x387.jpg?resize=525%2C300&ssl=1 1.5x"},"classes":[]},{"id":21182,"url":"https:\/\/www.satokangas.fi\/blogi\/2014\/05\/siirtymavaiheessa\/","url_meta":{"origin":17429,"position":5},"title":"Siirtym\u00e4vaiheessa","author":"Reija","date":"19.5.2014","format":false,"excerpt":"Jollei torstain tohtoriseminaaria lasketa, niin t\u00e4m\u00e4n lukuvuoden opetus on pulkassa. Viimeinen (maraton)kandisemmaistunto oli t\u00e4n\u00e4\u00e4n. Tietty on viel\u00e4 tenttej\u00e4, esseit\u00e4, ohjausta, ja tietysti kokouksia\u00a0ja kaavakkeita, lausuntoja ja laatimista aamup\u00e4iv\u00e4- ja iltap\u00e4iv\u00e4puhteiksi, mutta ei en\u00e4\u00e4 varsinaista opetusta. Onko helpotus? - no joo, vaikka eip\u00e4 tuo opettaminen minua oikeastaan stressaa. Sit\u00e4 paitsi t\u00e4m\u00e4nkev\u00e4inen\u2026","rel":"","context":"Kategoriassa &quot;Niit\u00e4 n\u00e4it\u00e4&quot;","block_context":{"text":"Niit\u00e4 n\u00e4it\u00e4","link":"https:\/\/www.satokangas.fi\/blogi\/category\/aiheeton\/"},"img":{"alt_text":"1-8","src":"https:\/\/i0.wp.com\/www.satokangas.fi\/blogi\/wp-content\/uploads\/2014\/05\/1-8-600x352.jpg?resize=350%2C200&ssl=1","width":350,"height":200,"srcset":"https:\/\/i0.wp.com\/www.satokangas.fi\/blogi\/wp-content\/uploads\/2014\/05\/1-8-600x352.jpg?resize=350%2C200&ssl=1 1x, https:\/\/i0.wp.com\/www.satokangas.fi\/blogi\/wp-content\/uploads\/2014\/05\/1-8-600x352.jpg?resize=525%2C300&ssl=1 1.5x"},"classes":[]}],"_links":{"self":[{"href":"https:\/\/www.satokangas.fi\/blogi\/wp-json\/wp\/v2\/posts\/17429","targetHints":{"allow":["GET"]}}],"collection":[{"href":"https:\/\/www.satokangas.fi\/blogi\/wp-json\/wp\/v2\/posts"}],"about":[{"href":"https:\/\/www.satokangas.fi\/blogi\/wp-json\/wp\/v2\/types\/post"}],"author":[{"embeddable":true,"href":"https:\/\/www.satokangas.fi\/blogi\/wp-json\/wp\/v2\/users\/1"}],"replies":[{"embeddable":true,"href":"https:\/\/www.satokangas.fi\/blogi\/wp-json\/wp\/v2\/comments?post=17429"}],"version-history":[{"count":0,"href":"https:\/\/www.satokangas.fi\/blogi\/wp-json\/wp\/v2\/posts\/17429\/revisions"}],"wp:attachment":[{"href":"https:\/\/www.satokangas.fi\/blogi\/wp-json\/wp\/v2\/media?parent=17429"}],"wp:term":[{"taxonomy":"category","embeddable":true,"href":"https:\/\/www.satokangas.fi\/blogi\/wp-json\/wp\/v2\/categories?post=17429"},{"taxonomy":"post_tag","embeddable":true,"href":"https:\/\/www.satokangas.fi\/blogi\/wp-json\/wp\/v2\/tags?post=17429"}],"curies":[{"name":"wp","href":"https:\/\/api.w.org\/{rel}","templated":true}]}}