{"id":17423,"date":"2013-05-15T20:46:41","date_gmt":"2013-05-15T17:46:41","guid":{"rendered":"https:\/\/www.satokangas.fi\/blogi\/?p=17423"},"modified":"2013-05-15T20:46:41","modified_gmt":"2013-05-15T17:46:41","slug":"siivouksesta-iloa","status":"publish","type":"post","link":"https:\/\/www.satokangas.fi\/blogi\/2013\/05\/siivouksesta-iloa\/","title":{"rendered":"Siivouksesta iloa"},"content":{"rendered":"<p>T\u00e4n\u00e4\u00e4n on meill\u00e4 k\u00e4ynyt siivooja, joten oli ihana tulla puhtaaseen kotiin. Kunhan sain meille kukkakaalitortillat tehdyksi ja sy\u00f6ty\u00e4mme, pehtoori l\u00e4hti minun autoani pesem\u00e4\u00e4n ja putsaamaan. Minua ei todellakaan innostanut istahtaa koneen \u00e4\u00e4reen, taivas kun oli sininen ja aurinko paistoi, ja sit\u00e4 paitsi eilen kirjoitin itseni niin umpikujaan, ett\u00e4 on vaikea jatkaa &#8230;<\/p>\n<p>Lis\u00e4ksi t\u00e4n\u00e4\u00e4n saatiin kollegan kanssa ensi viikon p\u00e4\u00e4sykoetta varten kysymykset formuloitua jotensakin valmiiksi ja melkein tein &#8221;tarkastussabluunankin&#8221; valmiiksi, joten oli sellainen jotain jo aikaiseksi saanut olo. Kun viel\u00e4 &#8221;romahtanut olkap\u00e4\u00e4ni&#8221; juili oikein reippaanlaisesti, annoin itselleni luvan ja kehotuksen l\u00e4hte\u00e4 siivoamaan Huvila. Muutkin siivoaa, niin sitten min\u00e4kin.<\/p>\n<p><a href=\"https:\/\/www.satokangas.fi\/blogi\/wp-content\/uploads\/2013\/05\/Kev\u00e4\u00e4ntuntua-3.jpg\"><img loading=\"lazy\" decoding=\"async\" class=\"aligncenter size-medium wp-image-17424\" alt=\"Kev\u00e4\u00e4ntuntua-3\" src=\"https:\/\/www.satokangas.fi\/blogi\/wp-content\/uploads\/2013\/05\/Kev\u00e4\u00e4ntuntua-3-600x400.jpg\" width=\"600\" height=\"400\" \/><\/a><\/p>\n<p>Yleens\u00e4 sen luutuamiseen talven j\u00e4ljilt\u00e4 menee hyvinkin lauantaiaamup\u00e4iv\u00e4, mutta nyt pistin v\u00e4h\u00e4n t\u00f6pin\u00e4ksi ja putsattu on. Jep, jep, pikkuisen fuskasin: j\u00e4tin ikkunat ulkoap\u00e4in pesem\u00e4tt\u00e4. Niihin kun helposti humahtaa tunteroinen, ikkunaristikot saa kyll\u00e4 irti, mutta silti v\u00e4h\u00e4n ty\u00f6l\u00e4st\u00e4 on noiden pesu: syreenien ja Huvilan v\u00e4liss\u00e4 kun saa h\u00e4\u00e4r\u00e4t\u00e4. Pesen sitten lauantaina.<\/p>\n<p>Aamulla k\u00e4velin Terveystalolle rokotukselle ja tietysti kamera mukana&#8230; ei viel\u00e4 Linnanmaalla kovin kes\u00e4lt\u00e4 n\u00e4yt\u00e4. Mutta paistaa kuitenkin. Ja ensi viikolla tuonne tulee monta sataa nuorta ja muutama v\u00e4h\u00e4n vanhempikin p\u00e4\u00e4sykokeeeen.<\/p>\n<p><a href=\"https:\/\/www.satokangas.fi\/blogi\/wp-content\/uploads\/2013\/05\/Kev\u00e4\u00e4ntuntua.jpg\"><img loading=\"lazy\" decoding=\"async\" class=\"alignnone\" alt=\"Kev\u00e4\u00e4ntuntua\" src=\"https:\/\/www.satokangas.fi\/blogi\/wp-content\/uploads\/2013\/05\/Kev\u00e4\u00e4ntuntua-226x400.jpg\" width=\"226\" height=\"400\" \/><\/a>\u00a0 \u00a0 \u00a0<a href=\"https:\/\/www.satokangas.fi\/blogi\/wp-content\/uploads\/2013\/05\/Kev\u00e4\u00e4ntuntua-2.jpg\"><img loading=\"lazy\" decoding=\"async\" class=\"alignnone\" alt=\"Kev\u00e4\u00e4ntuntua-2\" src=\"https:\/\/www.satokangas.fi\/blogi\/wp-content\/uploads\/2013\/05\/Kev\u00e4\u00e4ntuntua-2-262x400.jpg\" width=\"262\" height=\"400\" \/><\/a><\/p>\n<p>P\u00e4\u00e4sykokeeseen ilmoittautuneita on yhteens\u00e4 430!! Ja vain 28 p\u00e4\u00e4see sis\u00e4\u00e4n. On siin\u00e4 taas karsiminen. Kun muutama sata konseptia saan luetuksi ja kollega toisen samanmoisen nipun, niin ollaan jo kes\u00e4kuun puolella hyvinkin. \u00a0Nyt kyll\u00e4 kulutimme aikaa ja vaivaa, jotta p\u00e4\u00e4sykokeella voisimme erotella jyv\u00e4t akanoista; tai siis juurikin ne, jotka intohimoisimmin historiaan suhtautuvat. Katsotaan nyt sitten miten k\u00e4y.<\/p>\n","protected":false},"excerpt":{"rendered":"<p>T\u00e4n\u00e4\u00e4n on meill\u00e4 k\u00e4ynyt siivooja, joten oli ihana tulla puhtaaseen kotiin. Kunhan sain meille kukkakaalitortillat tehdyksi ja sy\u00f6ty\u00e4mme, pehtoori l\u00e4hti minun autoani pesem\u00e4\u00e4n ja putsaamaan. Minua ei todellakaan innostanut istahtaa koneen \u00e4\u00e4reen, taivas kun oli sininen ja aurinko paistoi, ja sit\u00e4 paitsi eilen kirjoitin itseni niin umpikujaan, ett\u00e4 on vaikea jatkaa &#8230; Lis\u00e4ksi t\u00e4n\u00e4\u00e4n saatiin kollegan kanssa ensi viikon p\u00e4\u00e4sykoetta &hellip; <\/p>\n","protected":false},"author":1,"featured_media":0,"comment_status":"open","ping_status":"open","sticky":false,"template":"","format":"standard","meta":{"jetpack_post_was_ever_published":false,"_jetpack_newsletter_access":"","_jetpack_dont_email_post_to_subs":false,"_jetpack_newsletter_tier_id":0,"_jetpack_memberships_contains_paywalled_content":false,"_jetpack_memberships_contains_paid_content":false,"footnotes":"","jetpack_publicize_message":"","jetpack_publicize_feature_enabled":true,"jetpack_social_post_already_shared":true,"jetpack_social_options":{"image_generator_settings":{"template":"highway","default_image_id":0,"font":"","enabled":false},"version":2}},"categories":[1,32],"tags":[],"class_list":["post-17423","post","type-post","status-publish","format-standard","hentry","category-aiheeton","category-yliopistoelamaa","latest_post"],"jetpack_publicize_connections":[],"jetpack_featured_media_url":"","jetpack_shortlink":"https:\/\/wp.me\/pr4p4-4x1","jetpack_sharing_enabled":true,"jetpack_likes_enabled":false,"jetpack-related-posts":[{"id":44576,"url":"https:\/\/www.satokangas.fi\/blogi\/2023\/01\/photoshoppia-ja-viinia\/","url_meta":{"origin":17423,"position":0},"title":"Photoshoppia ja viini\u00e4","author":"Reija","date":"14.1.2023","format":false,"excerpt":"Sit\u00e4 min\u00e4 vaan t\u00e4n\u00e4\u00e4nkin taas mietin, ett\u00e4 miksi sit\u00e4 pit\u00e4\u00e4 vehtata ja vatvoa, l\u00e4hte\u00e4k\u00f6 lenkille vai eik\u00f6 l\u00e4hte\u00e4? Vakavissaan tulee pohdittua, ett\u00e4 kannattaakohan tuo? - Useinhan en edes kyseenalaista asiaa, vaan vain\u00a0 l\u00e4hden. Noin viiten\u00e4 p\u00e4iv\u00e4n\u00e4 viikosta l\u00e4hden tepastelemaan, hiiht\u00e4m\u00e4\u00e4n tai py\u00f6r\u00e4ilem\u00e4\u00e4n - jos siihen on mahdollisuus. Ja nyky\u00e4\u00e4nh\u00e4n l\u00e4hes\u2026","rel":"","context":"Kategoriassa &quot;Ruoka ja viini&quot;","block_context":{"text":"Ruoka ja viini","link":"https:\/\/www.satokangas.fi\/blogi\/category\/ruoka_ja_viini\/"},"img":{"alt_text":"","src":"https:\/\/i0.wp.com\/www.satokangas.fi\/blogi\/wp-content\/uploads\/2023\/01\/Viininmaistiaiset-copy.jpg?resize=350%2C200&ssl=1","width":350,"height":200,"srcset":"https:\/\/i0.wp.com\/www.satokangas.fi\/blogi\/wp-content\/uploads\/2023\/01\/Viininmaistiaiset-copy.jpg?resize=350%2C200&ssl=1 1x, https:\/\/i0.wp.com\/www.satokangas.fi\/blogi\/wp-content\/uploads\/2023\/01\/Viininmaistiaiset-copy.jpg?resize=525%2C300&ssl=1 1.5x, https:\/\/i0.wp.com\/www.satokangas.fi\/blogi\/wp-content\/uploads\/2023\/01\/Viininmaistiaiset-copy.jpg?resize=700%2C400&ssl=1 2x"},"classes":[]},{"id":36042,"url":"https:\/\/www.satokangas.fi\/blogi\/2019\/03\/oulua-taloja\/","url_meta":{"origin":17423,"position":1},"title":"Oulun taloja","author":"Reija","date":"4.3.2019","format":false,"excerpt":"Nyt on pitk\u00e4n aikaa, ainakin koko talven, ollut sellaista ett\u00e4 maanantai on kodinhoitop\u00e4iv\u00e4: siivousta, pyykki\u00e4, erin\u00e4isi\u00e4 j\u00e4rjestelyj\u00e4 ja niin se on ollut t\u00e4n\u00e4\u00e4nkin. Pitk\u00e4lle iltap\u00e4iv\u00e4\u00e4n oli oikein tyls\u00e4 ilmakin, pakkasta ja pilvist\u00e4, joten annoin itselleni luvan pysytell\u00e4 sis\u00e4ll\u00e4, mutta aurinko mokama jo nelj\u00e4n tienoilla paistoi oikeinkin komeasti. Onneksi p\u00e4\u00e4tin l\u00e4hte\u00e4\u2026","rel":"","context":"Kategoriassa &quot;Oulu&quot;","block_context":{"text":"Oulu","link":"https:\/\/www.satokangas.fi\/blogi\/category\/oulu\/"},"img":{"alt_text":"","src":"https:\/\/i0.wp.com\/www.satokangas.fi\/blogi\/wp-content\/uploads\/2019\/03\/talvi-ilta-3.jpg?resize=350%2C200&ssl=1","width":350,"height":200,"srcset":"https:\/\/i0.wp.com\/www.satokangas.fi\/blogi\/wp-content\/uploads\/2019\/03\/talvi-ilta-3.jpg?resize=350%2C200&ssl=1 1x, https:\/\/i0.wp.com\/www.satokangas.fi\/blogi\/wp-content\/uploads\/2019\/03\/talvi-ilta-3.jpg?resize=525%2C300&ssl=1 1.5x, https:\/\/i0.wp.com\/www.satokangas.fi\/blogi\/wp-content\/uploads\/2019\/03\/talvi-ilta-3.jpg?resize=700%2C400&ssl=1 2x"},"classes":[]},{"id":16280,"url":"https:\/\/www.satokangas.fi\/blogi\/2013\/01\/sakari-palsi-ja-mina\/","url_meta":{"origin":17423,"position":2},"title":"Sakari P\u00e4lsi ja min\u00e4","author":"Reija","date":"17.1.2013","format":false,"excerpt":"Tutkijaseminaarissa ilmeni, ett\u00e4 ihan hyvin voisin kirjoittaa novellin, tieteellisen artikkelin tai kolumnin, ehk\u00e4 jopa pakinan, aiheesta Sakari P\u00e4lsi* ja min\u00e4. Enp\u00e4s ennen ollut tiennytk\u00e4\u00e4n, ett\u00e4 olen \"suoran valokuvauksen\" * harrastaja. Ihan kuten P\u00e4lsikin. Tai siis P\u00e4lsih\u00e4n oli jotensakin ammattilainen my\u00f6s valokuvaajana. Noh, opin paljon muutakin seminaarissa. Opin taas historiasta, kollegoista,\u2026","rel":"","context":"Kategoriassa &quot;Valokuvaus&quot;","block_context":{"text":"Valokuvaus","link":"https:\/\/www.satokangas.fi\/blogi\/category\/valokuvaus\/"},"img":{"alt_text":"aamusella","src":"https:\/\/i0.wp.com\/www.satokangas.fi\/blogi\/wp-content\/uploads\/2013\/01\/aamusella-325x400.jpg?resize=350%2C200&ssl=1","width":350,"height":200},"classes":[]},{"id":15382,"url":"https:\/\/www.satokangas.fi\/blogi\/2012\/09\/helsinkiin-lahdon-tunnelmissa\/","url_meta":{"origin":17423,"position":3},"title":"Helsinkiin l\u00e4hd\u00f6n tunnelmissa","author":"Reija","date":"30.9.2012","format":false,"excerpt":"Eilisen laidunkauden lopettajaisp\u00e4iv\u00e4llisten ja harvinaisten vieraiden k\u00e4ynnin j\u00e4lkeen nuoriso ei t\u00e4n\u00e4\u00e4n tullut sy\u00f6m\u00e4\u00e4n. Siisp\u00e4 ihan kummallinen sunnuntai. Laitoinkin sitten r\u00e4\u00e4ppi\u00e4isist\u00e4 salaattia, jolle sopii kyll\u00e4 nimeksi \"Insalata misto\", sekasalaattia. Ja uudenlaista\u00a0\u00a0lohi-riisi-laatikkoa, jota j\u00e4i pakastettavaksi ja pehtoorille alkuviikoksi. Kummasti tuli mieleen vuosikymmenen ja parin takaiset ajat, jolloin ennen Helsingin arkistomatkoja (paikallishistorioita tai\u2026","rel":"","context":"Kategoriassa &quot;Niit\u00e4 n\u00e4it\u00e4&quot;","block_context":{"text":"Niit\u00e4 n\u00e4it\u00e4","link":"https:\/\/www.satokangas.fi\/blogi\/category\/aiheeton\/"},"img":{"alt_text":"","src":"https:\/\/i0.wp.com\/www.satokangas.fi\/blogi\/wp-content\/uploads\/maljakko-267x400.jpg?resize=350%2C200&ssl=1","width":350,"height":200},"classes":[]},{"id":14195,"url":"https:\/\/www.satokangas.fi\/blogi\/2012\/05\/jotenkin-valipaiva\/","url_meta":{"origin":17423,"position":4},"title":"Jotenkin v\u00e4lip\u00e4iv\u00e4 :)","author":"Reija","date":"8.5.2012","format":false,"excerpt":"Nukuin my\u00f6h\u00e4iseen, t\u00e4n\u00e4\u00e4n ei ollut minulla aamiaishukia: systeri ja tyt\u00e4r olivat luvanneet laitella kaiken valmiiksi, ja me pehtoorin kanssa her\u00e4ilimme puoli kahdeksan tienoissa ja saimme menn\u00e4 valmiille aamiaiselle. Lenkille? Kuka l\u00e4htee? K\u00e4velimme viile\u00e4ss\u00e4, syksyisen tuntuisessa aamussa Piedicolleen, tervehdimme kirkon portaiden vieress\u00e4 istuvia harmaita miehi\u00e4, jotka kuorossa vastasivat Buongiorno. Piipahdimme kyl\u00e4n\u2026","rel":"","context":"Kategoriassa &quot;Italia&quot;","block_context":{"text":"Italia","link":"https:\/\/www.satokangas.fi\/blogi\/category\/italia\/"},"img":{"alt_text":"","src":"https:\/\/i0.wp.com\/www.satokangas.fi\/blogi\/wp-content\/uploads\/Piedicollessa-Custom1-600x400.jpg?resize=350%2C200&ssl=1","width":350,"height":200,"srcset":"https:\/\/i0.wp.com\/www.satokangas.fi\/blogi\/wp-content\/uploads\/Piedicollessa-Custom1-600x400.jpg?resize=350%2C200&ssl=1 1x, https:\/\/i0.wp.com\/www.satokangas.fi\/blogi\/wp-content\/uploads\/Piedicollessa-Custom1-600x400.jpg?resize=525%2C300&ssl=1 1.5x"},"classes":[]},{"id":1324,"url":"https:\/\/www.satokangas.fi\/blogi\/2008\/10\/oodi-siisteydelle\/","url_meta":{"origin":17423,"position":5},"title":"Oodi siisteydelle","author":"Reija","date":"29.10.2008","format":false,"excerpt":"Viimeisess\u00e4 Hiidenkivi-lehdess\u00e4 (5\/2008) Potter-kirjojen verraton k\u00e4\u00e4nt\u00e4j\u00e4 Jaana Kapari-Jatta kertoo suomentajan ty\u00f6st\u00e4\u00e4n, ja ty\u00f6tavastaan: Ulkoilu - k\u00e4vely, sienestys, puutarhanhoito, py\u00f6r\u00e4ily, uiminen, mik\u00e4 tahansa - on olennainen osa k\u00e4\u00e4nt\u00e4mist\u00e4. Samoin papereiden ja kirjojen j\u00e4rjest\u00e4minen ty\u00f6huoneessa uusiin asemiin. My\u00f6s imurointi tai ikkunanpesu auttaa ja silitt\u00e4minen tietenkin. Laskut pit\u00e4\u00e4 maksaa ja kirjeisiin ja meileihin\u2026","rel":"","context":"Kategoriassa &quot;Niit\u00e4 n\u00e4it\u00e4&quot;","block_context":{"text":"Niit\u00e4 n\u00e4it\u00e4","link":"https:\/\/www.satokangas.fi\/blogi\/category\/aiheeton\/"},"img":{"alt_text":"","src":"","width":0,"height":0},"classes":[]}],"_links":{"self":[{"href":"https:\/\/www.satokangas.fi\/blogi\/wp-json\/wp\/v2\/posts\/17423","targetHints":{"allow":["GET"]}}],"collection":[{"href":"https:\/\/www.satokangas.fi\/blogi\/wp-json\/wp\/v2\/posts"}],"about":[{"href":"https:\/\/www.satokangas.fi\/blogi\/wp-json\/wp\/v2\/types\/post"}],"author":[{"embeddable":true,"href":"https:\/\/www.satokangas.fi\/blogi\/wp-json\/wp\/v2\/users\/1"}],"replies":[{"embeddable":true,"href":"https:\/\/www.satokangas.fi\/blogi\/wp-json\/wp\/v2\/comments?post=17423"}],"version-history":[{"count":0,"href":"https:\/\/www.satokangas.fi\/blogi\/wp-json\/wp\/v2\/posts\/17423\/revisions"}],"wp:attachment":[{"href":"https:\/\/www.satokangas.fi\/blogi\/wp-json\/wp\/v2\/media?parent=17423"}],"wp:term":[{"taxonomy":"category","embeddable":true,"href":"https:\/\/www.satokangas.fi\/blogi\/wp-json\/wp\/v2\/categories?post=17423"},{"taxonomy":"post_tag","embeddable":true,"href":"https:\/\/www.satokangas.fi\/blogi\/wp-json\/wp\/v2\/tags?post=17423"}],"curies":[{"name":"wp","href":"https:\/\/api.w.org\/{rel}","templated":true}]}}