{"id":17419,"date":"2013-05-14T21:09:56","date_gmt":"2013-05-14T18:09:56","guid":{"rendered":"https:\/\/www.satokangas.fi\/blogi\/?p=17419"},"modified":"2013-05-15T07:14:24","modified_gmt":"2013-05-15T04:14:24","slug":"digikuvia-kaikenmoisia","status":"publish","type":"post","link":"https:\/\/www.satokangas.fi\/blogi\/2013\/05\/digikuvia-kaikenmoisia\/","title":{"rendered":"Digikuvia &#8211; kaikenmoisia"},"content":{"rendered":"<p>Nyt olen kyll\u00e4 syv\u00e4sti pahoillani ja v\u00e4h\u00e4n h\u00e4mill\u00e4nikin siit\u00e4, ett\u00e4 \u00a0kerta kaikkiaan nyt ei repe\u00e4 postausta t\u00e4lle illalle. Mutta olen ty\u00f6st\u00e4nyt l\u00e4ksyt digikurssille. Kuvia ja niiden muokkailua, muutamia kelpo otoksiakin&#8230; Ja n\u00e4et, millaisia l\u00e4ksyj\u00e4 t\u00e4ss\u00e4 kuussa oli teht\u00e4v\u00e4n\u00e4&#8230;<\/p>\n<p>Digikurssin kuvateht\u00e4v\u00e4t (niit\u00e4 on monta sivua, kest\u00e4\u00e4 tovin aueta ja sitten rullaile alasp\u00e4in&#8230;. )<\/p>\n<p><a href=\"https:\/\/www.satokangas.fi\/blogi\/2.pdf\">KLIKS<\/a><\/p>\n<p>Huomenna taas h\u00f6p\u00f6tyksi\u00e4&#8230; nyt jatkan kaikenmoisen kiireellisen parissa.<\/p>\n<p><a href=\"https:\/\/www.satokangas.fi\/blogi\/wp-content\/uploads\/2013\/05\/sininen-mopo-2-Custom.jpg\"><img loading=\"lazy\" decoding=\"async\" data-attachment-id=\"17420\" data-permalink=\"https:\/\/www.satokangas.fi\/blogi\/2013\/05\/digikuvia-kaikenmoisia\/sininen-mopo-2-custom\/\" data-orig-file=\"https:\/\/www.satokangas.fi\/blogi\/wp-content\/uploads\/2013\/05\/sininen-mopo-2-Custom.jpg\" data-orig-size=\"1325,900\" data-comments-opened=\"1\" data-image-meta=\"{&quot;aperture&quot;:&quot;6.3&quot;,&quot;credit&quot;:&quot;&quot;,&quot;camera&quot;:&quot;Canon EOS 5D Mark II&quot;,&quot;caption&quot;:&quot;&quot;,&quot;created_timestamp&quot;:&quot;1367402609&quot;,&quot;copyright&quot;:&quot;&quot;,&quot;focal_length&quot;:&quot;40&quot;,&quot;iso&quot;:&quot;800&quot;,&quot;shutter_speed&quot;:&quot;0.000625&quot;,&quot;title&quot;:&quot;&quot;}\" data-image-title=\"sininen mopo\" data-image-description=\"\" data-image-caption=\"\" data-large-file=\"https:\/\/www.satokangas.fi\/blogi\/wp-content\/uploads\/2013\/05\/sininen-mopo-2-Custom.jpg\" class=\"aligncenter size-medium wp-image-17420\" alt=\"sininen mopo\" src=\"https:\/\/www.satokangas.fi\/blogi\/wp-content\/uploads\/2013\/05\/sininen-mopo-2-Custom-588x400.jpg\" width=\"588\" height=\"400\" srcset=\"https:\/\/www.satokangas.fi\/blogi\/wp-content\/uploads\/2013\/05\/sininen-mopo-2-Custom-588x400.jpg 588w, https:\/\/www.satokangas.fi\/blogi\/wp-content\/uploads\/2013\/05\/sininen-mopo-2-Custom-300x203.jpg 300w, https:\/\/www.satokangas.fi\/blogi\/wp-content\/uploads\/2013\/05\/sininen-mopo-2-Custom.jpg 1325w\" sizes=\"auto, (max-width: 588px) 100vw, 588px\" \/><\/a><\/p>\n","protected":false},"excerpt":{"rendered":"<p>Nyt olen kyll\u00e4 syv\u00e4sti pahoillani ja v\u00e4h\u00e4n h\u00e4mill\u00e4nikin siit\u00e4, ett\u00e4 \u00a0kerta kaikkiaan nyt ei repe\u00e4 postausta t\u00e4lle illalle. Mutta olen ty\u00f6st\u00e4nyt l\u00e4ksyt digikurssille. Kuvia ja niiden muokkailua, muutamia kelpo otoksiakin&#8230; Ja n\u00e4et, millaisia l\u00e4ksyj\u00e4 t\u00e4ss\u00e4 kuussa oli teht\u00e4v\u00e4n\u00e4&#8230; Digikurssin kuvateht\u00e4v\u00e4t (niit\u00e4 on monta sivua, kest\u00e4\u00e4 tovin aueta ja sitten rullaile alasp\u00e4in&#8230;. ) KLIKS Huomenna taas h\u00f6p\u00f6tyksi\u00e4&#8230; nyt jatkan kaikenmoisen kiireellisen &hellip; <\/p>\n","protected":false},"author":1,"featured_media":0,"comment_status":"open","ping_status":"open","sticky":false,"template":"","format":"standard","meta":{"jetpack_post_was_ever_published":false,"_jetpack_newsletter_access":"","_jetpack_dont_email_post_to_subs":false,"_jetpack_newsletter_tier_id":0,"_jetpack_memberships_contains_paywalled_content":false,"_jetpack_memberships_contains_paid_content":false,"footnotes":"","jetpack_publicize_message":"","jetpack_publicize_feature_enabled":true,"jetpack_social_post_already_shared":true,"jetpack_social_options":{"image_generator_settings":{"template":"highway","default_image_id":0,"font":"","enabled":false},"version":2}},"categories":[37],"tags":[],"class_list":["post-17419","post","type-post","status-publish","format-standard","hentry","category-valokuvaus","latest_post"],"jetpack_publicize_connections":[],"jetpack_featured_media_url":"","jetpack_shortlink":"https:\/\/wp.me\/pr4p4-4wX","jetpack_sharing_enabled":true,"jetpack_likes_enabled":false,"jetpack-related-posts":[{"id":16323,"url":"https:\/\/www.satokangas.fi\/blogi\/2013\/01\/kuvien-maailmaan\/","url_meta":{"origin":17419,"position":0},"title":"Kuvien maailmaan","author":"Reija","date":"22.1.2013","format":false,"excerpt":"Pist\u00e4np\u00e4 viel\u00e4 t\u00e4lle p\u00e4iv\u00e4lle toisenkin postauksen tuon aamulla t\u00f6iss\u00e4 kirjoitetun lis\u00e4ksi. Enp\u00e4 ennen ole kyll\u00e4 t\u00f6iss\u00e4 bloggaillut, mutta kun olin aamulla niin helpottunut ett\u00e4 oli vaan kirjoitettava... :) Mutta nyt iltasella jo n\u00e4it\u00e4 tavallisempia tarinoita. Elikk\u00e4s haluan n\u00e4ytt\u00e4\u00e4, ett\u00e4 olen min\u00e4 v\u00e4h\u00e4n oppinut sit\u00e4 valomaalausta, joka on t\u00e4m\u00e4n p\u00e4iv\u00e4n digikurssin\u2026","rel":"","context":"Kategoriassa &quot;Valokuvaus&quot;","block_context":{"text":"Valokuvaus","link":"https:\/\/www.satokangas.fi\/blogi\/category\/valokuvaus\/"},"img":{"alt_text":"Valomaalaus3 (Custom)","src":"https:\/\/i0.wp.com\/www.satokangas.fi\/blogi\/wp-content\/uploads\/2013\/01\/Valomaalaus3-Custom-400x400.jpg?resize=350%2C200&ssl=1","width":350,"height":200},"classes":[]},{"id":18345,"url":"https:\/\/www.satokangas.fi\/blogi\/2013\/08\/digikurssin-laksyjen-parissa\/","url_meta":{"origin":17419,"position":1},"title":"Digikurssin l\u00e4ksyjen parissa","author":"Reija","date":"7.8.2013","format":false,"excerpt":"Nyt on mennyt pari iltaa digikurssin viimeisten teht\u00e4vien parissa. Huomenna on viimeinen nettiluento. Lopputy\u00f6n\u00e4 on tarkoitus tehd\u00e4 kuvakirja. Ja min\u00e4h\u00e4n - jostain merkillisest\u00e4 hetken mielijohteesta - valitsin kuvakirjani teemaksi sinisen. Periksih\u00e4n en sitten voi antaa, ja vaihtaa aihetta, vaan olen kehitellyt teemaa eteenp\u00e4in. Kirjasta tullenee kolmiosainen: Lapin siniset hetket ja\u2026","rel":"","context":"Kategoriassa &quot;Valokuvaus&quot;","block_context":{"text":"Valokuvaus","link":"https:\/\/www.satokangas.fi\/blogi\/category\/valokuvaus\/"},"img":{"alt_text":"Taikatalvi-2","src":"https:\/\/i0.wp.com\/www.satokangas.fi\/blogi\/wp-content\/uploads\/2013\/08\/Taikatalvi-2-600x394.jpg?resize=350%2C200&ssl=1","width":350,"height":200,"srcset":"https:\/\/i0.wp.com\/www.satokangas.fi\/blogi\/wp-content\/uploads\/2013\/08\/Taikatalvi-2-600x394.jpg?resize=350%2C200&ssl=1 1x, https:\/\/i0.wp.com\/www.satokangas.fi\/blogi\/wp-content\/uploads\/2013\/08\/Taikatalvi-2-600x394.jpg?resize=525%2C300&ssl=1 1.5x"},"classes":[]},{"id":31177,"url":"https:\/\/www.satokangas.fi\/blogi\/2017\/07\/kaikenlaista-koko-paivan-kaikenmoisia-kuvia\/","url_meta":{"origin":17419,"position":2},"title":"Kaikenlaista koko p\u00e4iv\u00e4n &#8211; kaikenmoisia kuvia!","author":"Reija","date":"3.7.2017","format":false,"excerpt":"Helle on hellinyt. Aamup\u00e4iv\u00e4ll\u00e4 oli hammasl\u00e4\u00e4k\u00e4ri ja paistink\u00e4\u00e4nt\u00e4j\u00e4asioita, joiden v\u00e4liss\u00e4, ohessa, k\u00e4vin \"lenkill\u00e4\", kiertelin kaupungissa ja Ainolassa. (Oulun sillat -kuvasarjani t\u00e4ydentyy - \u00a0pit\u00e4isi vihdoinkin ruveta kokoamaan kuvista (edes) nettin\u00e4yttely.) Ajatuksena oli menn\u00e4 k\u00e4ym\u00e4\u00e4n Taidemuseossa, mutta enh\u00e4n sitten raskinut sis\u00e4lle l\u00e4hte\u00e4. Ehk\u00e4 huomenna... Iltap\u00e4iv\u00e4ll\u00e4 jatkui \"r\u00e4stihommien\" hoitelu, mm. kalaasikutsut sain vihdoin\u2026","rel":"","context":"Kategoriassa &quot;Valokuvaus&quot;","block_context":{"text":"Valokuvaus","link":"https:\/\/www.satokangas.fi\/blogi\/category\/valokuvaus\/"},"img":{"alt_text":"","src":"https:\/\/i0.wp.com\/www.satokangas.fi\/blogi\/wp-content\/uploads\/2017\/07\/Helmet-tuotekuvaus_-4.jpg?resize=350%2C200&ssl=1","width":350,"height":200,"srcset":"https:\/\/i0.wp.com\/www.satokangas.fi\/blogi\/wp-content\/uploads\/2017\/07\/Helmet-tuotekuvaus_-4.jpg?resize=350%2C200&ssl=1 1x, https:\/\/i0.wp.com\/www.satokangas.fi\/blogi\/wp-content\/uploads\/2017\/07\/Helmet-tuotekuvaus_-4.jpg?resize=525%2C300&ssl=1 1.5x, https:\/\/i0.wp.com\/www.satokangas.fi\/blogi\/wp-content\/uploads\/2017\/07\/Helmet-tuotekuvaus_-4.jpg?resize=700%2C400&ssl=1 2x"},"classes":[]},{"id":15730,"url":"https:\/\/www.satokangas.fi\/blogi\/2012\/11\/aikaansaapa\/","url_meta":{"origin":17419,"position":3},"title":"Aikaansaapa","author":"Reija","date":"6.11.2012","format":false,"excerpt":"En pid\u00e4 siit\u00e4 kun joku sanoo \"asioilla on tapana j\u00e4rjesty\u00e4\". Se tarkoittaa useimmiten sit\u00e4, ett\u00e4 sanoja ei tee asiaa, joka h\u00e4nelle kuuluisi tai h\u00e4n tekee sen my\u00f6h\u00e4ss\u00e4 tai h\u00e4n s\u00e4lytt\u00e4\u00e4 homman jonkun muun teht\u00e4v\u00e4ksi, mutta kuittaa pisteet itselleen. T\u00e4n\u00e4\u00e4n aamulla toivoin, ett\u00e4 niin olisi, ett\u00e4 asioilla olisi tapana j\u00e4rjesty\u00e4. Ja\u2026","rel":"","context":"Kategoriassa &quot;Niit\u00e4 n\u00e4it\u00e4&quot;","block_context":{"text":"Niit\u00e4 n\u00e4it\u00e4","link":"https:\/\/www.satokangas.fi\/blogi\/category\/aiheeton\/"},"img":{"alt_text":"","src":"https:\/\/i0.wp.com\/www.satokangas.fi\/blogi\/wp-content\/uploads\/MG_8090.jpg?resize=350%2C200&ssl=1","width":350,"height":200,"srcset":"https:\/\/i0.wp.com\/www.satokangas.fi\/blogi\/wp-content\/uploads\/MG_8090.jpg?resize=350%2C200&ssl=1 1x, https:\/\/i0.wp.com\/www.satokangas.fi\/blogi\/wp-content\/uploads\/MG_8090.jpg?resize=525%2C300&ssl=1 1.5x"},"classes":[]},{"id":15849,"url":"https:\/\/www.satokangas.fi\/blogi\/2012\/11\/taiteellinen-olo\/","url_meta":{"origin":17419,"position":4},"title":"Taiteellinen olo?","author":"Reija","date":"26.11.2012","format":false,"excerpt":"No ei todellakaan! Huomenna on kansalaisopiston digikurssin syyslukukauden viimeinen kerta. Ja maailman vaikein valokuvausteht\u00e4v\u00e4 Joko \"Helvetti, synti ja pelko\" (kaikki samassa kuvassa) tai \"S\u00e4 raotit hiukan sun sielusi saloja. Triviaa turhaa, jaoit vain makupaloja\" Ei saisi olla kuin yksi kuva. Eilen koetin tuota j\u00e4lkimm\u00e4ist\u00e4 avata ja ilmaista. \u00a0Vain vanhan myllyn\u2026","rel":"","context":"Kategoriassa &quot;Niit\u00e4 n\u00e4it\u00e4&quot;","block_context":{"text":"Niit\u00e4 n\u00e4it\u00e4","link":"https:\/\/www.satokangas.fi\/blogi\/category\/aiheeton\/"},"img":{"alt_text":"","src":"https:\/\/i0.wp.com\/www.satokangas.fi\/blogi\/wp-content\/uploads\/helvetti-471x400.jpg?resize=350%2C200&ssl=1","width":350,"height":200},"classes":[]},{"id":44336,"url":"https:\/\/www.satokangas.fi\/blogi\/2022\/12\/valmiina-jouluun\/","url_meta":{"origin":17419,"position":5},"title":"Valmiina jouluun","author":"Reija","date":"22.12.2022","format":false,"excerpt":"\u00a0 Joulu on pian. Tulkoon vain. Tulkoon joulu. Minulle sopii kyll\u00e4. T\u00e4n\u00e4\u00e4n monta hyv\u00e4\u00e4 asiaa. Ja kaikenmoisen saattamista valmiiksi, tehdyksi. Tulkoon joulu.","rel":"","context":"Kategoriassa &quot;Joulu&quot;","block_context":{"text":"Joulu","link":"https:\/\/www.satokangas.fi\/blogi\/category\/joulu\/"},"img":{"alt_text":"","src":"https:\/\/i0.wp.com\/www.satokangas.fi\/blogi\/wp-content\/uploads\/2022\/12\/22-2.jpg?resize=350%2C200&ssl=1","width":350,"height":200,"srcset":"https:\/\/i0.wp.com\/www.satokangas.fi\/blogi\/wp-content\/uploads\/2022\/12\/22-2.jpg?resize=350%2C200&ssl=1 1x, https:\/\/i0.wp.com\/www.satokangas.fi\/blogi\/wp-content\/uploads\/2022\/12\/22-2.jpg?resize=525%2C300&ssl=1 1.5x, https:\/\/i0.wp.com\/www.satokangas.fi\/blogi\/wp-content\/uploads\/2022\/12\/22-2.jpg?resize=700%2C400&ssl=1 2x"},"classes":[]}],"_links":{"self":[{"href":"https:\/\/www.satokangas.fi\/blogi\/wp-json\/wp\/v2\/posts\/17419","targetHints":{"allow":["GET"]}}],"collection":[{"href":"https:\/\/www.satokangas.fi\/blogi\/wp-json\/wp\/v2\/posts"}],"about":[{"href":"https:\/\/www.satokangas.fi\/blogi\/wp-json\/wp\/v2\/types\/post"}],"author":[{"embeddable":true,"href":"https:\/\/www.satokangas.fi\/blogi\/wp-json\/wp\/v2\/users\/1"}],"replies":[{"embeddable":true,"href":"https:\/\/www.satokangas.fi\/blogi\/wp-json\/wp\/v2\/comments?post=17419"}],"version-history":[{"count":0,"href":"https:\/\/www.satokangas.fi\/blogi\/wp-json\/wp\/v2\/posts\/17419\/revisions"}],"wp:attachment":[{"href":"https:\/\/www.satokangas.fi\/blogi\/wp-json\/wp\/v2\/media?parent=17419"}],"wp:term":[{"taxonomy":"category","embeddable":true,"href":"https:\/\/www.satokangas.fi\/blogi\/wp-json\/wp\/v2\/categories?post=17419"},{"taxonomy":"post_tag","embeddable":true,"href":"https:\/\/www.satokangas.fi\/blogi\/wp-json\/wp\/v2\/tags?post=17419"}],"curies":[{"name":"wp","href":"https:\/\/api.w.org\/{rel}","templated":true}]}}