{"id":17401,"date":"2013-05-12T17:18:39","date_gmt":"2013-05-12T14:18:39","guid":{"rendered":"https:\/\/www.satokangas.fi\/blogi\/?p=17401"},"modified":"2013-05-13T18:12:42","modified_gmt":"2013-05-13T15:12:42","slug":"niin-se-aika-rientaa","status":"publish","type":"post","link":"https:\/\/www.satokangas.fi\/blogi\/2013\/05\/niin-se-aika-rientaa\/","title":{"rendered":"Niin se aika rient\u00e4\u00e4!"},"content":{"rendered":"<p style=\"text-align: center;\">Aurinkoista \u00e4itienp\u00e4iv\u00e4\u00e4 kaikille!<\/p>\n<p style=\"text-align: center;\"><a href=\"https:\/\/www.satokangas.fi\/blogi\/wp-content\/uploads\/2013\/05\/vuosikymmenten-kuluessa-2.jpg\"><br \/>\n<\/a><a href=\"https:\/\/www.satokangas.fi\/blogi\/wp-content\/uploads\/2013\/05\/vuosikymmenten-kuluessa.jpg\"><img loading=\"lazy\" decoding=\"async\" class=\"aligncenter\" alt=\"vuosikymmenten kuluessa\" src=\"https:\/\/www.satokangas.fi\/blogi\/wp-content\/uploads\/2013\/05\/vuosikymmenten-kuluessa-351x400.jpg\" width=\"351\" height=\"400\" \/><\/a><\/p>\n<p style=\"text-align: center;\">\n<a href=\"https:\/\/www.satokangas.fi\/blogi\/wp-content\/uploads\/2013\/05\/vuosikymmenten-kuluessa-2.jpg\"><img loading=\"lazy\" decoding=\"async\" data-attachment-id=\"17402\" data-permalink=\"https:\/\/www.satokangas.fi\/blogi\/2013\/05\/niin-se-aika-rientaa\/vuosikymmenten-kuluessa-2\/\" data-orig-file=\"https:\/\/www.satokangas.fi\/blogi\/wp-content\/uploads\/2013\/05\/vuosikymmenten-kuluessa-2.jpg\" data-orig-size=\"1391,1600\" data-comments-opened=\"1\" data-image-meta=\"{&quot;aperture&quot;:&quot;2.8&quot;,&quot;credit&quot;:&quot;&quot;,&quot;camera&quot;:&quot;Canon EOS 5D Mark II&quot;,&quot;caption&quot;:&quot;&quot;,&quot;created_timestamp&quot;:&quot;1368374021&quot;,&quot;copyright&quot;:&quot;&quot;,&quot;focal_length&quot;:&quot;35&quot;,&quot;iso&quot;:&quot;1600&quot;,&quot;shutter_speed&quot;:&quot;0.005&quot;,&quot;title&quot;:&quot;&quot;}\" data-image-title=\"vuosikymmenten kuluessa-2\" data-image-description=\"\" data-image-caption=\"\" data-large-file=\"https:\/\/www.satokangas.fi\/blogi\/wp-content\/uploads\/2013\/05\/vuosikymmenten-kuluessa-2-890x1024.jpg\" class=\"aligncenter size-medium wp-image-17402\" alt=\"vuosikymmenten kuluessa-2\" src=\"https:\/\/www.satokangas.fi\/blogi\/wp-content\/uploads\/2013\/05\/vuosikymmenten-kuluessa-2-347x400.jpg\" width=\"347\" height=\"400\" srcset=\"https:\/\/www.satokangas.fi\/blogi\/wp-content\/uploads\/2013\/05\/vuosikymmenten-kuluessa-2-347x400.jpg 347w, https:\/\/www.satokangas.fi\/blogi\/wp-content\/uploads\/2013\/05\/vuosikymmenten-kuluessa-2-260x300.jpg 260w, https:\/\/www.satokangas.fi\/blogi\/wp-content\/uploads\/2013\/05\/vuosikymmenten-kuluessa-2-890x1024.jpg 890w, https:\/\/www.satokangas.fi\/blogi\/wp-content\/uploads\/2013\/05\/vuosikymmenten-kuluessa-2.jpg 1391w\" sizes=\"auto, (max-width: 347px) 100vw, 347px\" \/><\/a><\/p>\n<p><a href=\"https:\/\/www.satokangas.fi\/blogi\/wp-content\/uploads\/2013\/05\/vuosikymmenten-kuluessa.jpg\">\u00a0<\/a><\/p>\n","protected":false},"excerpt":{"rendered":"<p>Aurinkoista \u00e4itienp\u00e4iv\u00e4\u00e4 kaikille! \u00a0<\/p>\n","protected":false},"author":1,"featured_media":0,"comment_status":"open","ping_status":"open","sticky":false,"template":"","format":"standard","meta":{"jetpack_post_was_ever_published":false,"_jetpack_newsletter_access":"","_jetpack_dont_email_post_to_subs":false,"_jetpack_newsletter_tier_id":0,"_jetpack_memberships_contains_paywalled_content":false,"_jetpack_memberships_contains_paid_content":false,"footnotes":"","jetpack_publicize_message":"","jetpack_publicize_feature_enabled":true,"jetpack_social_post_already_shared":true,"jetpack_social_options":{"image_generator_settings":{"template":"highway","default_image_id":0,"font":"","enabled":false},"version":2}},"categories":[1],"tags":[],"class_list":["post-17401","post","type-post","status-publish","format-standard","hentry","category-aiheeton","latest_post"],"jetpack_publicize_connections":[],"jetpack_featured_media_url":"","jetpack_shortlink":"https:\/\/wp.me\/pr4p4-4wF","jetpack_sharing_enabled":true,"jetpack_likes_enabled":false,"jetpack-related-posts":[{"id":40895,"url":"https:\/\/www.satokangas.fi\/blogi\/2021\/05\/aika-rientaa\/","url_meta":{"origin":17401,"position":0},"title":"Aika rient\u00e4\u00e4!","author":"Reija","date":"29.5.2021","format":false,"excerpt":"On ollut varsin kiireinen p\u00e4iv\u00e4. Tai noh, tavallista enemm\u00e4n tekemist\u00e4 ja kohtaamisia. En ole ehtinyt ajatella kummoisia, en menneit\u00e4, en tulevia, ja se on hyv\u00e4 juttu se. T\u00e4ss\u00e4 ja nyt on se, mill\u00e4 on jotain merkityst\u00e4. Ja paljon merkityst\u00e4 on sill\u00e4, ett\u00e4 Apsu kuus vee oli tyytyv\u00e4inen pienimuotoisiin syntt\u00e4reihins\u00e4. Aurinkoista\u2026","rel":"","context":"Kategoriassa &quot;Isovanhemmuus&quot;","block_context":{"text":"Isovanhemmuus","link":"https:\/\/www.satokangas.fi\/blogi\/category\/isovanhemmuus\/"},"img":{"alt_text":"","src":"https:\/\/i0.wp.com\/www.satokangas.fi\/blogi\/wp-content\/uploads\/2021\/05\/Oulu.jpg?resize=350%2C200&ssl=1","width":350,"height":200,"srcset":"https:\/\/i0.wp.com\/www.satokangas.fi\/blogi\/wp-content\/uploads\/2021\/05\/Oulu.jpg?resize=350%2C200&ssl=1 1x, https:\/\/i0.wp.com\/www.satokangas.fi\/blogi\/wp-content\/uploads\/2021\/05\/Oulu.jpg?resize=525%2C300&ssl=1 1.5x, https:\/\/i0.wp.com\/www.satokangas.fi\/blogi\/wp-content\/uploads\/2021\/05\/Oulu.jpg?resize=700%2C400&ssl=1 2x"},"classes":[]},{"id":18564,"url":"https:\/\/www.satokangas.fi\/blogi\/2013\/08\/niin-se-aika-rientaa-2\/","url_meta":{"origin":17401,"position":1},"title":"Niin se aika rient\u00e4\u00e4 &#8230;","author":"Reija","date":"27.8.2013","format":false,"excerpt":"Ajatella ett\u00e4 siit\u00e4 on jo 30 vuotta. Kolmekymment\u00e4! http:\/\/youtu.be\/3IA8MBbSgc4 T\u00e4\u00e4ll\u00e4kin yksi muisto ja kuva tuosta p\u00e4iv\u00e4st\u00e4. Kenties kerran vihille k\u00e4yd\u00e4 saamme, kenties kerran olet rinnallain.\u00a0 Ett\u00e4 onko juhlittu? No tietysti. Senh\u00e4n me osaamme. Heti t\u00f6ist\u00e4 tullessa nautimme lasilliset samppanjaa ja sitten pehtoori hiillosti siikaa, ja nyt on minun vuoroni l\u00e4hte\u00e4\u2026","rel":"","context":"Kategoriassa &quot;Niit\u00e4 n\u00e4it\u00e4&quot;","block_context":{"text":"Niit\u00e4 n\u00e4it\u00e4","link":"https:\/\/www.satokangas.fi\/blogi\/category\/aiheeton\/"},"img":{"alt_text":"27_8_1983 c","src":"https:\/\/i0.wp.com\/www.satokangas.fi\/blogi\/wp-content\/uploads\/2013\/08\/27_8_1983-c-250x400.jpg?resize=350%2C200&ssl=1","width":350,"height":200},"classes":[]},{"id":45537,"url":"https:\/\/www.satokangas.fi\/blogi\/2023\/05\/aitienpaivan-rauha\/","url_meta":{"origin":17401,"position":2},"title":"\u00c4itienp\u00e4iv\u00e4n rauha","author":"Reija","date":"14.5.2023","format":false,"excerpt":"Aurinkoinen, leppoisa, mukava, kiireet\u00f6n \u00e4itienp\u00e4iv\u00e4. Koskapa jaksoimme eilen puolille \u00f6in katsella Euroviisuja, nukuimmekin my\u00f6h\u00e4\u00e4n, mik\u00e4 meill\u00e4 tarkoittaa kahdeksaa. Tavallista parempi aamiainen (muutakin kuin puuroa ja kahvia), lehdet, perhechatti, Juniori ja Eepi piipahtivat ovella, etc. ja sitten l\u00e4hdimme kaksin py\u00f6r\u00e4illen J\u00e4\u00e4liin - M.-mummua tervehtim\u00e4\u00e4n ja kahvittelemaan. Paljon muistoja menneist\u00e4, meid\u00e4n muksujen\u2026","rel":"","context":"Kategoriassa &quot;Niit\u00e4 n\u00e4it\u00e4&quot;","block_context":{"text":"Niit\u00e4 n\u00e4it\u00e4","link":"https:\/\/www.satokangas.fi\/blogi\/category\/aiheeton\/"},"img":{"alt_text":"","src":"https:\/\/i0.wp.com\/www.satokangas.fi\/blogi\/wp-content\/uploads\/2023\/05\/aitienpaiva-4.jpg?resize=350%2C200&ssl=1","width":350,"height":200,"srcset":"https:\/\/i0.wp.com\/www.satokangas.fi\/blogi\/wp-content\/uploads\/2023\/05\/aitienpaiva-4.jpg?resize=350%2C200&ssl=1 1x, https:\/\/i0.wp.com\/www.satokangas.fi\/blogi\/wp-content\/uploads\/2023\/05\/aitienpaiva-4.jpg?resize=525%2C300&ssl=1 1.5x, https:\/\/i0.wp.com\/www.satokangas.fi\/blogi\/wp-content\/uploads\/2023\/05\/aitienpaiva-4.jpg?resize=700%2C400&ssl=1 2x, https:\/\/i0.wp.com\/www.satokangas.fi\/blogi\/wp-content\/uploads\/2023\/05\/aitienpaiva-4.jpg?resize=1050%2C600&ssl=1 3x"},"classes":[]},{"id":11583,"url":"https:\/\/www.satokangas.fi\/blogi\/2011\/05\/ensimmainen-aitienpaiva-nain\/","url_meta":{"origin":17401,"position":3},"title":"Ensimm\u00e4inen \u00e4itienp\u00e4iv\u00e4 n\u00e4in","author":"Reija","date":"8.5.2011","format":false,"excerpt":"\u00c4itienp\u00e4iv\u00e4n aamuna her\u00e4\u00e4n aikaisin niin kuin aina \u00e4itienp\u00e4ivin\u00e4, niin kuin yleens\u00e4 aina. Mutta t\u00e4n\u00e4\u00e4n ei ole yht\u00e4\u00e4n lasta kotona. Nyt on eka kertaa el\u00e4m\u00e4ss\u00e4 t\u00e4m\u00e4 p\u00e4iv\u00e4 loppuel\u00e4m\u00e4st\u00e4; ei tahmaisia suukkoja, ei tarhassa tehtyj\u00e4 kortteja, ei hellytt\u00e4vi\u00e4 haleja, ei koulussa kirjailtuja vohvelikangaspyyhkeit\u00e4, ei ikimuistoisia aamulauluja (joita ennen olin jo ehtinyt k\u00e4yd\u00e4\u2026","rel":"","context":"Kategoriassa &quot;Niit\u00e4 n\u00e4it\u00e4&quot;","block_context":{"text":"Niit\u00e4 n\u00e4it\u00e4","link":"https:\/\/www.satokangas.fi\/blogi\/category\/aiheeton\/"},"img":{"alt_text":"","src":"","width":0,"height":0},"classes":[]},{"id":24559,"url":"https:\/\/www.satokangas.fi\/blogi\/2015\/05\/aitienpaiva-on-pian-100-vuotias\/","url_meta":{"origin":17401,"position":4},"title":"\u00c4itienp\u00e4iv\u00e4 on pian 100-vuotias","author":"Reija","date":"10.5.2015","format":false,"excerpt":"\u00c4itienp\u00e4iv\u00e4\u00e4 vietettiin Suomessa ensimm\u00e4isen kerran vuonna 1918. \u00c4itienp\u00e4iv\u00e4 l\u00e4hti liikkeelle USA:sta, kun L\u00e4nsi-Virginiasta kotoisin ollut Anna Jarvis j\u00e4rjesti kirkossa \u00e4itins\u00e4 muistoksi juhlan vuonna 1907 . Vain seitsem\u00e4n vuotta my\u00f6hemmin presidentti Woodrow Wilson allekirjoitti kongressin tekem\u00e4n p\u00e4\u00e4t\u00f6ksen, jolla \u00e4itienp\u00e4iv\u00e4 virallistettiin. Yhdysvalloista \u00e4itienp\u00e4iv\u00e4perinne levisi my\u00f6s Suomeen, jonne sen Amerikan matkaltaan toi\u00a0 kansakoulunopettaja\u2026","rel":"","context":"Kategoriassa &quot;Historiaa&quot;","block_context":{"text":"Historiaa","link":"https:\/\/www.satokangas.fi\/blogi\/category\/historiaa\/"},"img":{"alt_text":"Kotikasvatus","src":"https:\/\/i0.wp.com\/www.satokangas.fi\/blogi\/wp-content\/uploads\/2015\/05\/Kotikasvatus-468x400.jpg?resize=350%2C200&ssl=1","width":350,"height":200},"classes":[]},{"id":30752,"url":"https:\/\/www.satokangas.fi\/blogi\/2017\/05\/aitienpaivan-suomalainen-melankolia\/","url_meta":{"origin":17401,"position":5},"title":"\u00c4itienp\u00e4iv\u00e4n suomalainen melankolia","author":"Reija","date":"14.5.2017","format":false,"excerpt":"Pikku prinssin laukku on pakattu, ja nuhanen\u00e4inen poika on palannut kotiin. Apsu oli kanssani \u00e4iti\u00e4\u00e4n t\u00f6ist\u00e4 vastassa. Kaksivuotiaan, el\u00e4m\u00e4ns\u00e4 ensimm\u00e4inen oikea (ei hampaiden tulosta johtuva) flunssa ei ollut se syy, miksi pojan silm\u00e4t kostuivat, kun h\u00e4n n\u00e4ki \u00e4itins\u00e4 tulevan ty\u00f6paikan ovesta ulos ja tulevan kohti parkkipaikkaa, jossa odottelimme. Emme suinkaan\u00a0olleet\u2026","rel":"","context":"Kategoriassa &quot;Niit\u00e4 n\u00e4it\u00e4&quot;","block_context":{"text":"Niit\u00e4 n\u00e4it\u00e4","link":"https:\/\/www.satokangas.fi\/blogi\/category\/aiheeton\/"},"img":{"alt_text":"","src":"","width":0,"height":0},"classes":[]}],"_links":{"self":[{"href":"https:\/\/www.satokangas.fi\/blogi\/wp-json\/wp\/v2\/posts\/17401","targetHints":{"allow":["GET"]}}],"collection":[{"href":"https:\/\/www.satokangas.fi\/blogi\/wp-json\/wp\/v2\/posts"}],"about":[{"href":"https:\/\/www.satokangas.fi\/blogi\/wp-json\/wp\/v2\/types\/post"}],"author":[{"embeddable":true,"href":"https:\/\/www.satokangas.fi\/blogi\/wp-json\/wp\/v2\/users\/1"}],"replies":[{"embeddable":true,"href":"https:\/\/www.satokangas.fi\/blogi\/wp-json\/wp\/v2\/comments?post=17401"}],"version-history":[{"count":0,"href":"https:\/\/www.satokangas.fi\/blogi\/wp-json\/wp\/v2\/posts\/17401\/revisions"}],"wp:attachment":[{"href":"https:\/\/www.satokangas.fi\/blogi\/wp-json\/wp\/v2\/media?parent=17401"}],"wp:term":[{"taxonomy":"category","embeddable":true,"href":"https:\/\/www.satokangas.fi\/blogi\/wp-json\/wp\/v2\/categories?post=17401"},{"taxonomy":"post_tag","embeddable":true,"href":"https:\/\/www.satokangas.fi\/blogi\/wp-json\/wp\/v2\/tags?post=17401"}],"curies":[{"name":"wp","href":"https:\/\/api.w.org\/{rel}","templated":true}]}}