{"id":17389,"date":"2013-05-11T20:49:43","date_gmt":"2013-05-11T17:49:43","guid":{"rendered":"https:\/\/www.satokangas.fi\/blogi\/?p=17389"},"modified":"2013-05-11T22:31:10","modified_gmt":"2013-05-11T19:31:10","slug":"harmaa-aatto","status":"publish","type":"post","link":"https:\/\/www.satokangas.fi\/blogi\/2013\/05\/harmaa-aatto\/","title":{"rendered":"Harmaa aatto"},"content":{"rendered":"<p>On \u00e4itienp\u00e4iv\u00e4n aatto. Perinteisesti on \u00e4itini, sisarusteni ja perheidemme kanssa k\u00e4yty \u00e4itienp\u00e4iv\u00e4lounaalla: huomenna ei ole perinteisesti. Murmeli ei en\u00e4\u00e4 l\u00e4hde lounaille [lupasin ett\u00e4 viemme huomenna lounaan sinne :)] , esikoinen on siell\u00e4 maailman \u00e4\u00e4riss\u00e4, Oulussa on kylm\u00e4, \u00a0[kuva otettu \u00e4sken torinrannassa, yht\u00e4 harmaata on ollut koko p\u00e4iv\u00e4n] \u00a0&#8230; joten miten nyt?<\/p>\n<p style=\"text-align: center;\"><a href=\"https:\/\/www.satokangas.fi\/blogi\/wp-content\/uploads\/2013\/05\/aatto.jpg\"><img loading=\"lazy\" decoding=\"async\" data-attachment-id=\"17390\" data-permalink=\"https:\/\/www.satokangas.fi\/blogi\/2013\/05\/harmaa-aatto\/aatto\/\" data-orig-file=\"https:\/\/www.satokangas.fi\/blogi\/wp-content\/uploads\/2013\/05\/aatto.jpg\" data-orig-size=\"1600,949\" data-comments-opened=\"1\" data-image-meta=\"{&quot;aperture&quot;:&quot;6.3&quot;,&quot;credit&quot;:&quot;&quot;,&quot;camera&quot;:&quot;Canon EOS 5D Mark II&quot;,&quot;caption&quot;:&quot;&quot;,&quot;created_timestamp&quot;:&quot;1368297349&quot;,&quot;copyright&quot;:&quot;&quot;,&quot;focal_length&quot;:&quot;100&quot;,&quot;iso&quot;:&quot;640&quot;,&quot;shutter_speed&quot;:&quot;0.0015625&quot;,&quot;title&quot;:&quot;&quot;}\" data-image-title=\"aatto\" data-image-description=\"\" data-image-caption=\"\" data-large-file=\"https:\/\/www.satokangas.fi\/blogi\/wp-content\/uploads\/2013\/05\/aatto.jpg\" class=\"aligncenter  wp-image-17390\" alt=\"aatto\" src=\"https:\/\/www.satokangas.fi\/blogi\/wp-content\/uploads\/2013\/05\/aatto.jpg\" width=\"576\" height=\"341\" srcset=\"https:\/\/www.satokangas.fi\/blogi\/wp-content\/uploads\/2013\/05\/aatto.jpg 1600w, https:\/\/www.satokangas.fi\/blogi\/wp-content\/uploads\/2013\/05\/aatto-300x177.jpg 300w, https:\/\/www.satokangas.fi\/blogi\/wp-content\/uploads\/2013\/05\/aatto-600x355.jpg 600w\" sizes=\"auto, (max-width: 576px) 100vw, 576px\" \/><\/a><\/p>\n<p style=\"text-align: center;\">Pojat (pehtoori ja juniori) veiv\u00e4t minut jo t\u00e4n\u00e4\u00e4n sy\u00f6m\u00e4\u00e4n.<br \/>\nMiten hieno juttu!!\u00a0Ule\u00e5borgissa oli taas niin mukava k\u00e4yd\u00e4.<br \/>\nJa siell\u00e4 on paitsi ylivertaisen hyv\u00e4 ruoka, rauhallinen, kaunis vanha milj\u00f6\u00f6,<br \/>\nmy\u00f6s tavattoman mukavat T &amp; P, jotka tekev\u00e4t ravintolakokemuksesta aina vain paremman.<\/p>\n<p style=\"text-align: center;\"><a href=\"https:\/\/www.satokangas.fi\/blogi\/wp-content\/uploads\/2013\/05\/aatto-4.jpg\"><img loading=\"lazy\" decoding=\"async\" class=\"aligncenter\" alt=\"aatto-4\" src=\"https:\/\/www.satokangas.fi\/blogi\/wp-content\/uploads\/2013\/05\/aatto-4.jpg\" width=\"672\" height=\"448\" \/><\/a><\/p>\n<p style=\"text-align: center;\"><a href=\"https:\/\/www.satokangas.fi\/blogi\/wp-content\/uploads\/2013\/05\/aatto-5.jpg\"><img loading=\"lazy\" decoding=\"async\" data-attachment-id=\"17391\" data-permalink=\"https:\/\/www.satokangas.fi\/blogi\/2013\/05\/harmaa-aatto\/aatto-5\/\" data-orig-file=\"https:\/\/www.satokangas.fi\/blogi\/wp-content\/uploads\/2013\/05\/aatto-5.jpg\" data-orig-size=\"1600,1148\" data-comments-opened=\"1\" data-image-meta=\"{&quot;aperture&quot;:&quot;4&quot;,&quot;credit&quot;:&quot;&quot;,&quot;camera&quot;:&quot;Canon EOS 5D Mark II&quot;,&quot;caption&quot;:&quot;&quot;,&quot;created_timestamp&quot;:&quot;1368292156&quot;,&quot;copyright&quot;:&quot;&quot;,&quot;focal_length&quot;:&quot;24&quot;,&quot;iso&quot;:&quot;2000&quot;,&quot;shutter_speed&quot;:&quot;0.1&quot;,&quot;title&quot;:&quot;&quot;}\" data-image-title=\"aatto-5\" data-image-description=\"\" data-image-caption=\"\" data-large-file=\"https:\/\/www.satokangas.fi\/blogi\/wp-content\/uploads\/2013\/05\/aatto-5-1427x1024.jpg\" class=\"wp-image-17391 aligncenter\" alt=\"aatto-5\" src=\"https:\/\/www.satokangas.fi\/blogi\/wp-content\/uploads\/2013\/05\/aatto-5.jpg\" width=\"672\" height=\"482\" srcset=\"https:\/\/www.satokangas.fi\/blogi\/wp-content\/uploads\/2013\/05\/aatto-5.jpg 1600w, https:\/\/www.satokangas.fi\/blogi\/wp-content\/uploads\/2013\/05\/aatto-5-300x215.jpg 300w, https:\/\/www.satokangas.fi\/blogi\/wp-content\/uploads\/2013\/05\/aatto-5-557x400.jpg 557w, https:\/\/www.satokangas.fi\/blogi\/wp-content\/uploads\/2013\/05\/aatto-5-1427x1024.jpg 1427w\" sizes=\"auto, (max-width: 672px) 100vw, 672px\" \/><\/a><\/p>\n<p style=\"text-align: center;\">Juniori toi minulle kukankin. Oiskohan ollu ensimm\u00e4ist\u00e4 kertaa ever?<br \/>\nYleens\u00e4 is\u00e4ns\u00e4 tai sisarensa ollut avittamassa&#8230;<br \/>\nJa n\u00e4in vieh\u00e4tt\u00e4v\u00e4 viel\u00e4. Min\u00e4 tied\u00e4n ett\u00e4 tuo kukkii koko kes\u00e4n!<\/p>\n<p style=\"text-align: center;\"><a href=\"https:\/\/www.satokangas.fi\/blogi\/wp-content\/uploads\/2013\/05\/aatto-3.jpg\"><img loading=\"lazy\" decoding=\"async\" data-attachment-id=\"17393\" data-permalink=\"https:\/\/www.satokangas.fi\/blogi\/2013\/05\/harmaa-aatto\/aatto-3\/\" data-orig-file=\"https:\/\/www.satokangas.fi\/blogi\/wp-content\/uploads\/2013\/05\/aatto-3.jpg\" data-orig-size=\"1600,1127\" data-comments-opened=\"1\" data-image-meta=\"{&quot;aperture&quot;:&quot;1.4&quot;,&quot;credit&quot;:&quot;&quot;,&quot;camera&quot;:&quot;Canon EOS 5D Mark II&quot;,&quot;caption&quot;:&quot;&quot;,&quot;created_timestamp&quot;:&quot;1368278881&quot;,&quot;copyright&quot;:&quot;&quot;,&quot;focal_length&quot;:&quot;35&quot;,&quot;iso&quot;:&quot;800&quot;,&quot;shutter_speed&quot;:&quot;0.008&quot;,&quot;title&quot;:&quot;&quot;}\" data-image-title=\"aatto-3\" data-image-description=\"\" data-image-caption=\"\" data-large-file=\"https:\/\/www.satokangas.fi\/blogi\/wp-content\/uploads\/2013\/05\/aatto-3-1453x1024.jpg\" class=\"wp-image-17393 aligncenter\" alt=\"aatto-3\" src=\"https:\/\/www.satokangas.fi\/blogi\/wp-content\/uploads\/2013\/05\/aatto-3.jpg\" width=\"672\" height=\"473\" srcset=\"https:\/\/www.satokangas.fi\/blogi\/wp-content\/uploads\/2013\/05\/aatto-3.jpg 1600w, https:\/\/www.satokangas.fi\/blogi\/wp-content\/uploads\/2013\/05\/aatto-3-300x211.jpg 300w, https:\/\/www.satokangas.fi\/blogi\/wp-content\/uploads\/2013\/05\/aatto-3-567x400.jpg 567w, https:\/\/www.satokangas.fi\/blogi\/wp-content\/uploads\/2013\/05\/aatto-3-1453x1024.jpg 1453w\" sizes=\"auto, (max-width: 672px) 100vw, 672px\" \/><\/a><\/p>\n<p style=\"text-align: center;\">Itsekin olin kukkaostoksilla t\u00e4n\u00e4\u00e4n, aamuvarhain puutarhalla&#8230;<\/p>\n<p style=\"text-align: center;\"><a href=\"https:\/\/www.satokangas.fi\/blogi\/wp-content\/uploads\/2013\/05\/aatto-2.jpg\"><img loading=\"lazy\" decoding=\"async\" data-attachment-id=\"17394\" data-permalink=\"https:\/\/www.satokangas.fi\/blogi\/2013\/05\/harmaa-aatto\/aatto-2\/\" data-orig-file=\"https:\/\/www.satokangas.fi\/blogi\/wp-content\/uploads\/2013\/05\/aatto-2.jpg\" data-orig-size=\"1027,1600\" data-comments-opened=\"1\" data-image-meta=\"{&quot;aperture&quot;:&quot;2.2&quot;,&quot;credit&quot;:&quot;&quot;,&quot;camera&quot;:&quot;Canon EOS 5D Mark II&quot;,&quot;caption&quot;:&quot;&quot;,&quot;created_timestamp&quot;:&quot;1368263686&quot;,&quot;copyright&quot;:&quot;&quot;,&quot;focal_length&quot;:&quot;35&quot;,&quot;iso&quot;:&quot;100&quot;,&quot;shutter_speed&quot;:&quot;0.01&quot;,&quot;title&quot;:&quot;&quot;}\" data-image-title=\"aatto-2\" data-image-description=\"\" data-image-caption=\"\" data-large-file=\"https:\/\/www.satokangas.fi\/blogi\/wp-content\/uploads\/2013\/05\/aatto-2-657x1024.jpg\" class=\"wp-image-17394 aligncenter\" alt=\"aatto-2\" src=\"https:\/\/www.satokangas.fi\/blogi\/wp-content\/uploads\/2013\/05\/aatto-2.jpg\" width=\"431\" height=\"672\" srcset=\"https:\/\/www.satokangas.fi\/blogi\/wp-content\/uploads\/2013\/05\/aatto-2.jpg 1027w, https:\/\/www.satokangas.fi\/blogi\/wp-content\/uploads\/2013\/05\/aatto-2-192x300.jpg 192w, https:\/\/www.satokangas.fi\/blogi\/wp-content\/uploads\/2013\/05\/aatto-2-256x400.jpg 256w, https:\/\/www.satokangas.fi\/blogi\/wp-content\/uploads\/2013\/05\/aatto-2-657x1024.jpg 657w\" sizes=\"auto, (max-width: 431px) 100vw, 431px\" \/><\/a><\/p>\n<p style=\"text-align: justify;\">Ja olen sitten ottanut er\u00e4\u00e4nkin ruusukuvan. Kerrassaan &#8221;tutkielmia ruususta&#8221; on tulossa. Nyt en vain niit\u00e4 ryhdy ty\u00f6st\u00e4m\u00e4\u00e4n. Menen viimeistelem\u00e4\u00e4n cupcaket, &#8211; huomenna anoppilaan niit\u00e4 aattelin vied\u00e4&#8230; ja toivon mukaan saan huomenna, jollen jo t\u00e4n\u00e4\u00e4n, aikaiseksi sen ohjeen t\u00e4nne, kuten olen luvannut&#8230; \u00a0Valmisteilla on my\u00f6s postaus otsikolla &#8221;Suosituksia kev\u00e4\u00e4n kuohuviineiksi&#8221; &#8212; \u00a0huomaatteko ett\u00e4 paljon saa aikaiseksi kun v\u00e4lttelee t\u00f6iden tekemist\u00e4 lauantaisin. \ud83d\ude00<\/p>\n<p style=\"text-align: center;\">\u00a0^^^^^^^^^^^^<\/p>\n<p style=\"text-align: center;\">\n<p style=\"text-align: center;\"><a href=\"https:\/\/www.satokangas.fi\/blogi\/wp-content\/uploads\/2013\/05\/aatto-7.jpg\"><img loading=\"lazy\" decoding=\"async\" data-attachment-id=\"17397\" data-permalink=\"https:\/\/www.satokangas.fi\/blogi\/2013\/05\/harmaa-aatto\/aatto-7\/\" data-orig-file=\"https:\/\/www.satokangas.fi\/blogi\/wp-content\/uploads\/2013\/05\/aatto-7.jpg\" data-orig-size=\"1600,1067\" data-comments-opened=\"1\" data-image-meta=\"{&quot;aperture&quot;:&quot;3.2&quot;,&quot;credit&quot;:&quot;&quot;,&quot;camera&quot;:&quot;Canon EOS 5D Mark II&quot;,&quot;caption&quot;:&quot;&quot;,&quot;created_timestamp&quot;:&quot;1368303843&quot;,&quot;copyright&quot;:&quot;&quot;,&quot;focal_length&quot;:&quot;100&quot;,&quot;iso&quot;:&quot;250&quot;,&quot;shutter_speed&quot;:&quot;0.01&quot;,&quot;title&quot;:&quot;&quot;}\" data-image-title=\"aatto-7\" data-image-description=\"\" data-image-caption=\"\" data-large-file=\"https:\/\/www.satokangas.fi\/blogi\/wp-content\/uploads\/2013\/05\/aatto-7-1535x1024.jpg\" class=\"size-medium wp-image-17397 aligncenter\" style=\"border: 5px solid grey;\" alt=\"aatto-7\" src=\"https:\/\/www.satokangas.fi\/blogi\/wp-content\/uploads\/2013\/05\/aatto-7-600x400.jpg\" width=\"600\" height=\"400\" srcset=\"https:\/\/www.satokangas.fi\/blogi\/wp-content\/uploads\/2013\/05\/aatto-7-600x400.jpg 600w, https:\/\/www.satokangas.fi\/blogi\/wp-content\/uploads\/2013\/05\/aatto-7-300x200.jpg 300w, https:\/\/www.satokangas.fi\/blogi\/wp-content\/uploads\/2013\/05\/aatto-7-1535x1024.jpg 1535w, https:\/\/www.satokangas.fi\/blogi\/wp-content\/uploads\/2013\/05\/aatto-7.jpg 1600w\" sizes=\"auto, (max-width: 600px) 100vw, 600px\" \/><\/a><\/p>\n","protected":false},"excerpt":{"rendered":"<p>On \u00e4itienp\u00e4iv\u00e4n aatto. Perinteisesti on \u00e4itini, sisarusteni ja perheidemme kanssa k\u00e4yty \u00e4itienp\u00e4iv\u00e4lounaalla: huomenna ei ole perinteisesti. Murmeli ei en\u00e4\u00e4 l\u00e4hde lounaille [lupasin ett\u00e4 viemme huomenna lounaan sinne :)] , esikoinen on siell\u00e4 maailman \u00e4\u00e4riss\u00e4, Oulussa on kylm\u00e4, \u00a0[kuva otettu \u00e4sken torinrannassa, yht\u00e4 harmaata on ollut koko p\u00e4iv\u00e4n] \u00a0&#8230; joten miten nyt? Pojat (pehtoori ja juniori) veiv\u00e4t minut jo t\u00e4n\u00e4\u00e4n sy\u00f6m\u00e4\u00e4n. &hellip; <\/p>\n","protected":false},"author":1,"featured_media":0,"comment_status":"open","ping_status":"open","sticky":false,"template":"","format":"standard","meta":{"jetpack_post_was_ever_published":false,"_jetpack_newsletter_access":"","_jetpack_dont_email_post_to_subs":false,"_jetpack_newsletter_tier_id":0,"_jetpack_memberships_contains_paywalled_content":false,"_jetpack_memberships_contains_paid_content":false,"footnotes":"","jetpack_publicize_message":"","jetpack_publicize_feature_enabled":true,"jetpack_social_post_already_shared":true,"jetpack_social_options":{"image_generator_settings":{"template":"highway","default_image_id":0,"font":"","enabled":false},"version":2}},"categories":[1],"tags":[],"class_list":["post-17389","post","type-post","status-publish","format-standard","hentry","category-aiheeton","latest_post"],"jetpack_publicize_connections":[],"jetpack_featured_media_url":"","jetpack_shortlink":"https:\/\/wp.me\/pr4p4-4wt","jetpack_sharing_enabled":true,"jetpack_likes_enabled":false,"jetpack-related-posts":[{"id":38702,"url":"https:\/\/www.satokangas.fi\/blogi\/2020\/05\/helatorstaina-aattona\/","url_meta":{"origin":17389,"position":0},"title":"Helatorstain aattona","author":"Reija","date":"20.5.2020","format":false,"excerpt":"Huomenna on helatorstai; se on 40 p\u00e4iv\u00e4\u00e4 p\u00e4\u00e4si\u00e4isen j\u00e4lkeen ja Jeesuksen taivaanastumisen p\u00e4iv\u00e4. Niit\u00e4 harvoja arkipyhi\u00e4, joita Suomessa en\u00e4\u00e4 on. Keskiajalla n\u00e4it\u00e4 pikkupyhi\u00e4 oli kymmeni\u00e4. Meid\u00e4n vuosikalenterissa helatorstai ei ole ollut erityisen kirkollinen, kristillinen tai muutoinkaan kovin erikoinen juhla. Enemm\u00e4nkin sellainen ikkunoiden pesu-, kes\u00e4kukkien istutus-, kasvimaan k\u00e4\u00e4nt\u00f6p\u00e4iv\u00e4, pihakalusteiden \u00f6ljy\u00e4mist\u00e4 ja\u2026","rel":"","context":"Kategoriassa &quot;Niit\u00e4 n\u00e4it\u00e4&quot;","block_context":{"text":"Niit\u00e4 n\u00e4it\u00e4","link":"https:\/\/www.satokangas.fi\/blogi\/category\/aiheeton\/"},"img":{"alt_text":"","src":"https:\/\/i0.wp.com\/www.satokangas.fi\/blogi\/wp-content\/uploads\/2020\/05\/orvokit-2.jpg?resize=350%2C200&ssl=1","width":350,"height":200,"srcset":"https:\/\/i0.wp.com\/www.satokangas.fi\/blogi\/wp-content\/uploads\/2020\/05\/orvokit-2.jpg?resize=350%2C200&ssl=1 1x, https:\/\/i0.wp.com\/www.satokangas.fi\/blogi\/wp-content\/uploads\/2020\/05\/orvokit-2.jpg?resize=525%2C300&ssl=1 1.5x, https:\/\/i0.wp.com\/www.satokangas.fi\/blogi\/wp-content\/uploads\/2020\/05\/orvokit-2.jpg?resize=700%2C400&ssl=1 2x"},"classes":[]},{"id":36761,"url":"https:\/\/www.satokangas.fi\/blogi\/2019\/07\/lahimatkailua-pyoraillen-taas-liminkaan\/","url_meta":{"origin":17389,"position":1},"title":"L\u00e4himatkailua py\u00f6r\u00e4illen &#8211; taas Liminkaan","author":"Reija","date":"5.7.2019","format":false,"excerpt":"T\u00e4n\u00e4\u00e4n kotona. Ei kyll\u00e4k\u00e4\u00e4n Kyllikki Virolaisen eik\u00e4 edes Pirkko Koskenkyl\u00e4n (= J\u00e4ppinen) tyyliin, vaan enimm\u00e4kseen olin ulkona, ihan ilman kotitaloushommia. Vein tytt\u00e4ren ja py\u00f6r\u00e4ns\u00e4 aamujunalle (klo 8.30 Oulu - Helsinki) ja sitten oli minunkin aika viikon tauon j\u00e4lkeen l\u00e4hte\u00e4 v\u00e4h\u00e4n pidemm\u00e4lle lenkille, semminkin kun oli mit\u00e4 kaunein, joskin viile\u00e4hk\u00f6 (+\u2026","rel":"","context":"Kategoriassa &quot;Liikkuminen&quot;","block_context":{"text":"Liikkuminen","link":"https:\/\/www.satokangas.fi\/blogi\/category\/liikkuminen\/"},"img":{"alt_text":"","src":"https:\/\/i0.wp.com\/www.satokangas.fi\/blogi\/wp-content\/uploads\/2019\/07\/1-2.jpg?resize=350%2C200&ssl=1","width":350,"height":200,"srcset":"https:\/\/i0.wp.com\/www.satokangas.fi\/blogi\/wp-content\/uploads\/2019\/07\/1-2.jpg?resize=350%2C200&ssl=1 1x, https:\/\/i0.wp.com\/www.satokangas.fi\/blogi\/wp-content\/uploads\/2019\/07\/1-2.jpg?resize=525%2C300&ssl=1 1.5x, https:\/\/i0.wp.com\/www.satokangas.fi\/blogi\/wp-content\/uploads\/2019\/07\/1-2.jpg?resize=700%2C400&ssl=1 2x"},"classes":[]},{"id":44268,"url":"https:\/\/www.satokangas.fi\/blogi\/2022\/12\/sinisia-hetkia-ja-ajatuksia\/","url_meta":{"origin":17389,"position":2},"title":"Sinisi\u00e4 hetki\u00e4 ja ajatuksia","author":"Reija","date":"11.12.2022","format":false,"excerpt":"Lastenlasten kanssa vietetyn pikkujoulun j\u00e4lkeen seuraava aamu ei ole ollenkaan sellainen kuin vuosikymmeni\u00e4 sitten joskus (opiskelija)pikkujoulujen j\u00e4lkeen... T\u00e4n\u00e4\u00e4n on ollut varsin toimelias olo, oikein hyv\u00e4 mieli, hymyilytti pitkin p\u00e4iv\u00e4\u00e4. Semminkin kun k\u00e4vin aamulenkill\u00e4 viem\u00e4ss\u00e4 lapsille eilen unohtamansa kalenteriyll\u00e4tykset, - siell\u00e4kin hyv\u00e4 hyrin\u00e4 tuntui vallitsevan. Joulun taikaa. Jatkoin matkaa kohti Rajahaudan\u2026","rel":"","context":"Kategoriassa &quot;Joulu&quot;","block_context":{"text":"Joulu","link":"https:\/\/www.satokangas.fi\/blogi\/category\/joulu\/"},"img":{"alt_text":"","src":"https:\/\/i0.wp.com\/www.satokangas.fi\/blogi\/wp-content\/uploads\/2022\/12\/joulubingo-1.jpg?resize=350%2C200&ssl=1","width":350,"height":200},"classes":[]},{"id":19230,"url":"https:\/\/www.satokangas.fi\/blogi\/2013\/11\/kaloreita-ja-niiden-kulutusta\/","url_meta":{"origin":17389,"position":3},"title":"Kaloreita ja niiden kulutusta","author":"Reija","date":"9.11.2013","format":false,"excerpt":"Hyv\u00e4 y\u00f6uni, levollinen aamiainen, rakkaitten kanssa ulkoilemaan, laaja Lapinmaa jalkojen alla \u00a0ja tilaa hengitt\u00e4\u00e4, yst\u00e4v\u00e4t notskilounaalla joka kuitenkin vaihtui takkatulen \u00e4\u00e4ress\u00e4 nautiskeluksi (lapaksissani uusi juttu: poronvasan maksaa... hmmm) , rantasauna, ja illaksi kylille sy\u00f6m\u00e4\u00e4n. Siin\u00e4 t\u00e4m\u00e4n lauantain rakennuspalikat. Aika hyv\u00e4 lopputulos. ;) On nuorenparin yksivuotiskihlajaisp\u00e4iv\u00e4 (me olimme vastaavana Auschwitzissa\u00a0- v\u00e4h\u00e4n\u2026","rel":"","context":"Kategoriassa &quot;Lappi&quot;","block_context":{"text":"Lappi","link":"https:\/\/www.satokangas.fi\/blogi\/category\/lappi\/"},"img":{"alt_text":"","src":"","width":0,"height":0},"classes":[]},{"id":42185,"url":"https:\/\/www.satokangas.fi\/blogi\/2021\/12\/hiljalleen-hamarassa\/","url_meta":{"origin":17389,"position":4},"title":"Hiljalleen h\u00e4m\u00e4r\u00e4ss\u00e4","author":"Reija","date":"22.12.2021","format":false,"excerpt":"Ylihuomenna on jouluaatto. Siihen hieman yll\u00e4tt\u00e4en mieleeni humplahtaneeseen tietoon havahduin t\u00e4n\u00e4\u00e4n aamuviidelt\u00e4. Mutta ei, ei minulla mit\u00e4\u00e4n isompaa kiirett\u00e4 tai tekemist\u00e4, ehk\u00e4 se vaan t\u00e4m\u00e4 lapsen mieli, joka joulun alla her\u00e4ttelee varhain. Aamun puuhailtuani kaikkea pient\u00e4 rohkenin ulos, huolimatta ett\u00e4 edelleen oli pakkasta reilustikin. (- 17 C). L\u00e4ntisell\u00e4 taivaalla jo\u2026","rel":"","context":"Kategoriassa &quot;Joulu&quot;","block_context":{"text":"Joulu","link":"https:\/\/www.satokangas.fi\/blogi\/category\/joulu\/"},"img":{"alt_text":"","src":"https:\/\/i0.wp.com\/www.satokangas.fi\/blogi\/wp-content\/uploads\/2021\/12\/auringonpilari_Oulu_pakkanen-5.jpg?resize=350%2C200&ssl=1","width":350,"height":200,"srcset":"https:\/\/i0.wp.com\/www.satokangas.fi\/blogi\/wp-content\/uploads\/2021\/12\/auringonpilari_Oulu_pakkanen-5.jpg?resize=350%2C200&ssl=1 1x, https:\/\/i0.wp.com\/www.satokangas.fi\/blogi\/wp-content\/uploads\/2021\/12\/auringonpilari_Oulu_pakkanen-5.jpg?resize=525%2C300&ssl=1 1.5x, https:\/\/i0.wp.com\/www.satokangas.fi\/blogi\/wp-content\/uploads\/2021\/12\/auringonpilari_Oulu_pakkanen-5.jpg?resize=700%2C400&ssl=1 2x"},"classes":[]},{"id":42194,"url":"https:\/\/www.satokangas.fi\/blogi\/2021\/12\/joulunaikaan\/","url_meta":{"origin":17389,"position":5},"title":"Joulunaikaan","author":"Reija","date":"25.12.2021","format":false,"excerpt":"On jo joulup\u00e4iv\u00e4n ilta. On jo hiljaista. T\u00e4ytel\u00e4isi\u00e4 p\u00e4ivi\u00e4 ollut. Parin erilaisen joulun j\u00e4lkeen nyt rauha. Olkoonkin, ett\u00e4 olenhan touhunnut, t\u00e4n\u00e4\u00e4n ehdin ihan hyvin uloskin, mutta silti rauhassa, mielen levossa olen ollut. Ei mit\u00e4\u00e4n kalvavaa huolta ylisukupolvisesti suuntaan tai toiseen. Nyt -\u00a0 juuri nyt, ainakin hetken - joulun rauha, yhdess\u00e4olo,\u2026","rel":"","context":"Kategoriassa &quot;Joulu&quot;","block_context":{"text":"Joulu","link":"https:\/\/www.satokangas.fi\/blogi\/category\/joulu\/"},"img":{"alt_text":"","src":"https:\/\/i0.wp.com\/www.satokangas.fi\/blogi\/wp-content\/uploads\/2021\/12\/joulu.jpg?resize=350%2C200&ssl=1","width":350,"height":200,"srcset":"https:\/\/i0.wp.com\/www.satokangas.fi\/blogi\/wp-content\/uploads\/2021\/12\/joulu.jpg?resize=350%2C200&ssl=1 1x, https:\/\/i0.wp.com\/www.satokangas.fi\/blogi\/wp-content\/uploads\/2021\/12\/joulu.jpg?resize=525%2C300&ssl=1 1.5x, https:\/\/i0.wp.com\/www.satokangas.fi\/blogi\/wp-content\/uploads\/2021\/12\/joulu.jpg?resize=700%2C400&ssl=1 2x"},"classes":[]}],"_links":{"self":[{"href":"https:\/\/www.satokangas.fi\/blogi\/wp-json\/wp\/v2\/posts\/17389","targetHints":{"allow":["GET"]}}],"collection":[{"href":"https:\/\/www.satokangas.fi\/blogi\/wp-json\/wp\/v2\/posts"}],"about":[{"href":"https:\/\/www.satokangas.fi\/blogi\/wp-json\/wp\/v2\/types\/post"}],"author":[{"embeddable":true,"href":"https:\/\/www.satokangas.fi\/blogi\/wp-json\/wp\/v2\/users\/1"}],"replies":[{"embeddable":true,"href":"https:\/\/www.satokangas.fi\/blogi\/wp-json\/wp\/v2\/comments?post=17389"}],"version-history":[{"count":0,"href":"https:\/\/www.satokangas.fi\/blogi\/wp-json\/wp\/v2\/posts\/17389\/revisions"}],"wp:attachment":[{"href":"https:\/\/www.satokangas.fi\/blogi\/wp-json\/wp\/v2\/media?parent=17389"}],"wp:term":[{"taxonomy":"category","embeddable":true,"href":"https:\/\/www.satokangas.fi\/blogi\/wp-json\/wp\/v2\/categories?post=17389"},{"taxonomy":"post_tag","embeddable":true,"href":"https:\/\/www.satokangas.fi\/blogi\/wp-json\/wp\/v2\/tags?post=17389"}],"curies":[{"name":"wp","href":"https:\/\/api.w.org\/{rel}","templated":true}]}}