{"id":17366,"date":"2013-05-08T20:29:29","date_gmt":"2013-05-08T17:29:29","guid":{"rendered":"https:\/\/www.satokangas.fi\/blogi\/?p=17366"},"modified":"2013-05-08T21:00:05","modified_gmt":"2013-05-08T18:00:05","slug":"aika-kulkee-monessa-tasossa","status":"publish","type":"post","link":"https:\/\/www.satokangas.fi\/blogi\/2013\/05\/aika-kulkee-monessa-tasossa\/","title":{"rendered":"Aika kulkee monessa tasossa"},"content":{"rendered":"<p style=\"text-align: center;\"><a href=\"https:\/\/www.satokangas.fi\/blogi\/wp-content\/uploads\/2013\/05\/aika-loppuu.jpg\"><img loading=\"lazy\" decoding=\"async\" data-attachment-id=\"17367\" data-permalink=\"https:\/\/www.satokangas.fi\/blogi\/2013\/05\/aika-kulkee-monessa-tasossa\/aika-loppuu\/\" data-orig-file=\"https:\/\/www.satokangas.fi\/blogi\/wp-content\/uploads\/2013\/05\/aika-loppuu.jpg\" data-orig-size=\"997,1465\" data-comments-opened=\"1\" data-image-meta=\"{&quot;aperture&quot;:&quot;4&quot;,&quot;credit&quot;:&quot;&quot;,&quot;camera&quot;:&quot;Canon EOS 5D Mark II&quot;,&quot;caption&quot;:&quot;&quot;,&quot;created_timestamp&quot;:&quot;1336568909&quot;,&quot;copyright&quot;:&quot;&quot;,&quot;focal_length&quot;:&quot;105&quot;,&quot;iso&quot;:&quot;125&quot;,&quot;shutter_speed&quot;:&quot;0.000125&quot;,&quot;title&quot;:&quot;&quot;}\" data-image-title=\"aika loppuu\" data-image-description=\"\" data-image-caption=\"\" data-large-file=\"https:\/\/www.satokangas.fi\/blogi\/wp-content\/uploads\/2013\/05\/aika-loppuu-696x1024.jpg\" class=\"aligncenter  wp-image-17367\" alt=\"aika loppuu\" src=\"https:\/\/www.satokangas.fi\/blogi\/wp-content\/uploads\/2013\/05\/aika-loppuu-696x1024.jpg\" width=\"418\" height=\"614\" srcset=\"https:\/\/www.satokangas.fi\/blogi\/wp-content\/uploads\/2013\/05\/aika-loppuu-696x1024.jpg 696w, https:\/\/www.satokangas.fi\/blogi\/wp-content\/uploads\/2013\/05\/aika-loppuu-204x300.jpg 204w, https:\/\/www.satokangas.fi\/blogi\/wp-content\/uploads\/2013\/05\/aika-loppuu-272x400.jpg 272w, https:\/\/www.satokangas.fi\/blogi\/wp-content\/uploads\/2013\/05\/aika-loppuu.jpg 997w\" sizes=\"auto, (max-width: 418px) 100vw, 418px\" \/><\/a><\/p>\n<p style=\"text-align: justify;\">Nyth\u00e4n on taas niin, ett\u00e4 olisi niin paljon kaikkea, olisi niin paljon v\u00e4ltt\u00e4m\u00e4t\u00f6nt\u00e4, pakollista, velvoitettua, odotettua, minulle kuuluvaa ja niin paljon kaikkea kaunista, k\u00e4velt\u00e4v\u00e4\u00e4, kokattavaa, kutsuttavaa, kulutettavaa, kohottavaa, kulttuurista, kaikkea kivaa&#8230; ja min\u00e4 en ehdi. Olen maailman huonoin delegoimaan, ja kenelle min\u00e4 delegoisinkaan!? T\u00e4h\u00e4n aikaa vuodesta kotonakin olisi monta mukavaa puuhastelua, j\u00e4rjestely\u00e4 ja kaikkea. Ja kaikki ne satamiljoonaa [okei pieni lapinlis\u00e4] ihmist\u00e4, \u00a0jotka t\u00e4n\u00e4\u00e4n t\u00f6iss\u00e4 k\u00e4viv\u00e4t, ottivat yhteytt\u00e4, s\u00e4hk\u00f6posteilivat, soittivat, pys\u00e4yttiv\u00e4t k\u00e4yt\u00e4v\u00e4ll\u00e4 olivat kuitenkin oikeasti ihan tervetulleita p\u00e4iv\u00e4\u00e4ni. Onko t\u00e4ss\u00e4 nyt pieni dilemma? Maybe! Mutta ent\u00e4s sitten? So what?<\/p>\n<p style=\"text-align: justify;\">Yht\u00e4 aikaa kun pit\u00e4isi saada opiskelijoita ulos (= valmistumaan, vaikka vain kandiksi) ja sis\u00e4\u00e4n (= tehd\u00e4 p\u00e4\u00e4sykoekysymyksi\u00e4) niin v\u00e4kisinkin artikkelin kirjoittaminen j\u00e4\u00e4. Ja hassua, ett\u00e4 se olisi juuri se, ja noista vain se, joka minun henkkoht \u00a0&#8221;tuloksellisuuspistesteiss\u00e4&#8221; n\u00e4kyisi. Ei, en ala t\u00e4st\u00e4 valittamaan &#8230; sit\u00e4 vain hieman tupisen, ett\u00e4 en ehdi kaikkea, mit\u00e4 haluaisin.<\/p>\n<p style=\"text-align: center;\"><a href=\"https:\/\/www.satokangas.fi\/blogi\/wp-content\/uploads\/2013\/05\/Aika-ei-riit\u00e4.jpg\"><img loading=\"lazy\" decoding=\"async\" class=\"aligncenter  wp-image-17368\" alt=\"Aika ei riit\u00e4\" src=\"https:\/\/www.satokangas.fi\/blogi\/wp-content\/uploads\/2013\/05\/Aika-ei-riit\u00e4-527x1024.jpg\" width=\"316\" height=\"614\" \/><\/a><\/p>\n<p style=\"text-align: justify;\">Aika my\u00f6h\u00e4\u00e4n t\u00f6ist\u00e4 tultua salaattia ja pastaa, pehtoori paistoi grilliss\u00e4 siikaa (lue: arkena juhlaruokaa!) ja sitten l\u00e4hdin k\u00e4ym\u00e4\u00e4n Ainolassa kuvauslenkill\u00e4. Ja olihan siell\u00e4 kylm\u00e4. Eik\u00e4 yht\u00e4\u00e4n kelvollista kuvaa. Etsin siis bannerikuvaa vanhoista kuva-arkistoista ja yht\u00e4kki\u00e4 minulla on hirmuinen ik\u00e4v\u00e4 Italiaan, ja minulla on ik\u00e4v\u00e4 tyt\u00e4rt\u00e4, \u00a0&#8211; \u00a0 \u00a0ja ihan turhaan taas valitan: minullahan on enimm\u00e4kseen hyvin. Erinomaisesti. Suljen suuni, &#8211; siis koneen, ja l\u00e4hden lukemaan loppuun Riikka Pulkkisen kirjan Vieras. Aika rankka kirja se on. Minusta. Ainakin. Mutta hyv\u00e4. Jostain syyst\u00e4 tekisi mieleni kirjoittaa, ett\u00e4 niin nuoren kirjoittamaksi yll\u00e4tt\u00e4v\u00e4nkin syv\u00e4llinen. Mutta en kirjoita. Luen vain loppuun.<\/p>\n","protected":false},"excerpt":{"rendered":"<p>Nyth\u00e4n on taas niin, ett\u00e4 olisi niin paljon kaikkea, olisi niin paljon v\u00e4ltt\u00e4m\u00e4t\u00f6nt\u00e4, pakollista, velvoitettua, odotettua, minulle kuuluvaa ja niin paljon kaikkea kaunista, k\u00e4velt\u00e4v\u00e4\u00e4, kokattavaa, kutsuttavaa, kulutettavaa, kohottavaa, kulttuurista, kaikkea kivaa&#8230; ja min\u00e4 en ehdi. Olen maailman huonoin delegoimaan, ja kenelle min\u00e4 delegoisinkaan!? T\u00e4h\u00e4n aikaa vuodesta kotonakin olisi monta mukavaa puuhastelua, j\u00e4rjestely\u00e4 ja kaikkea. Ja kaikki ne satamiljoonaa [okei pieni &hellip; <\/p>\n","protected":false},"author":1,"featured_media":0,"comment_status":"open","ping_status":"open","sticky":false,"template":"","format":"standard","meta":{"jetpack_post_was_ever_published":false,"_jetpack_newsletter_access":"","_jetpack_dont_email_post_to_subs":false,"_jetpack_newsletter_tier_id":0,"_jetpack_memberships_contains_paywalled_content":false,"_jetpack_memberships_contains_paid_content":false,"footnotes":"","jetpack_publicize_message":"","jetpack_publicize_feature_enabled":true,"jetpack_social_post_already_shared":true,"jetpack_social_options":{"image_generator_settings":{"template":"highway","default_image_id":0,"font":"","enabled":false},"version":2}},"categories":[1],"tags":[],"class_list":["post-17366","post","type-post","status-publish","format-standard","hentry","category-aiheeton","latest_post"],"jetpack_publicize_connections":[],"jetpack_featured_media_url":"","jetpack_shortlink":"https:\/\/wp.me\/pr4p4-4w6","jetpack_sharing_enabled":true,"jetpack_likes_enabled":false,"jetpack-related-posts":[{"id":37819,"url":"https:\/\/www.satokangas.fi\/blogi\/2019\/12\/joulupaivan-iltana-2\/","url_meta":{"origin":17366,"position":0},"title":"Joulup\u00e4iv\u00e4n iltana","author":"Reija","date":"25.12.2019","format":false,"excerpt":"Joulup\u00e4iv\u00e4n ilta. Kunhan eilinen Eeviksen nimip\u00e4iv\u00e4 - ja ai niin, jouluaattokin!! - saatiin juhlituksi, el\u00e4m\u00e4nmeno k\u00e4vi levollisemmaksi. Joulut ovat niin erilaisia, ja se erilaisuus ei niink\u00e4\u00e4n riipu s\u00e4\u00e4st\u00e4, ei jouluhartauden\/joulukirkon tunnelmasta, ei tarjolla olleista jouluherkuista, ei musiikista, ei saaduista tai annetuista lahjoista., vaan se riippuu siit\u00e4, kenen kanssa joulua viet\u00e4t.\u2026","rel":"","context":"Kategoriassa &quot;Joulu&quot;","block_context":{"text":"Joulu","link":"https:\/\/www.satokangas.fi\/blogi\/category\/joulu\/"},"img":{"alt_text":"","src":"https:\/\/i0.wp.com\/www.satokangas.fi\/blogi\/wp-content\/uploads\/2019\/12\/Leppoista_joulua-2.jpg?resize=350%2C200&ssl=1","width":350,"height":200,"srcset":"https:\/\/i0.wp.com\/www.satokangas.fi\/blogi\/wp-content\/uploads\/2019\/12\/Leppoista_joulua-2.jpg?resize=350%2C200&ssl=1 1x, https:\/\/i0.wp.com\/www.satokangas.fi\/blogi\/wp-content\/uploads\/2019\/12\/Leppoista_joulua-2.jpg?resize=525%2C300&ssl=1 1.5x"},"classes":[]},{"id":41706,"url":"https:\/\/www.satokangas.fi\/blogi\/2021\/10\/mummin-juttuja\/","url_meta":{"origin":17366,"position":1},"title":"Mummin juttuja","author":"Reija","date":"2.10.2021","format":false,"excerpt":"Sukupolvien v\u00e4liss\u00e4 t\u00e4n\u00e4\u00e4n. Paljon vastakohtia, suvun nuorimpien ja vanhimman kanssa vietettyj\u00e4 hetki\u00e4. Hillit\u00f6nt\u00e4 iloa, rauhaisaa yhdess\u00e4 puuhailua, paljon pulputusta, leikkipuistossa liikkumista ja sitten iltap\u00e4iv\u00e4ll\u00e4 suruisaa, vaisua kahvittelua, sanatonta my\u00f6t\u00e4el\u00e4mist\u00e4. Muksut hain aamulla meille. Kun halaan Apsua, toivottelen huomenia ja kerron ik\u00e4v\u00e4st\u00e4ni, h\u00e4n toteaa, onneksi hymyss\u00e4 suin: \"Mummi, s\u00e4\u00e4 haiset ihan\u2026","rel":"","context":"Kategoriassa &quot;Isovanhemmuus&quot;","block_context":{"text":"Isovanhemmuus","link":"https:\/\/www.satokangas.fi\/blogi\/category\/isovanhemmuus\/"},"img":{"alt_text":"","src":"https:\/\/i0.wp.com\/www.satokangas.fi\/blogi\/wp-content\/uploads\/2021\/10\/Nayttokuva-2021-10-02-182606.jpg?resize=350%2C200&ssl=1","width":350,"height":200},"classes":[]},{"id":37947,"url":"https:\/\/www.satokangas.fi\/blogi\/2020\/01\/kauppa-asioita\/","url_meta":{"origin":17366,"position":2},"title":"Kauppa-asioita","author":"Reija","date":"18.1.2020","format":false,"excerpt":"[Tuollaisen uuden kuvank\u00e4sittelytekniikan opettelin.] \"Jotain meni pieleen\" -lukee taas t\u00e4ss\u00e4 blogin editorisivulla. Viime p\u00e4ivin\u00e4 postausten ja niiden julkaisemisen kansa on ollut rutkasti ongelmia. Pitki\u00e4 p\u00e4tki\u00e4 tekstej\u00e4 olen onnistunut saamaan h\u00e4v\u00f6ksiin, kuvat eiv\u00e4t ole latautuneet ja kaikkea muuta on mennyt pieleen. Sellainen hieman sy\u00f6 naista tai ainakin postausintoa. Mutta min\u00e4 yrit\u00e4n\u2026","rel":"","context":"Kategoriassa &quot;Niit\u00e4 n\u00e4it\u00e4&quot;","block_context":{"text":"Niit\u00e4 n\u00e4it\u00e4","link":"https:\/\/www.satokangas.fi\/blogi\/category\/aiheeton\/"},"img":{"alt_text":"","src":"https:\/\/i0.wp.com\/www.satokangas.fi\/blogi\/wp-content\/uploads\/2020\/01\/suosituksia.jpg?resize=350%2C200&ssl=1","width":350,"height":200,"srcset":"https:\/\/i0.wp.com\/www.satokangas.fi\/blogi\/wp-content\/uploads\/2020\/01\/suosituksia.jpg?resize=350%2C200&ssl=1 1x, https:\/\/i0.wp.com\/www.satokangas.fi\/blogi\/wp-content\/uploads\/2020\/01\/suosituksia.jpg?resize=525%2C300&ssl=1 1.5x"},"classes":[]},{"id":14086,"url":"https:\/\/www.satokangas.fi\/blogi\/2012\/04\/tutustuen-tuunaten\/","url_meta":{"origin":17366,"position":3},"title":"Tutustuen, tuunaten","author":"Reija","date":"29.4.2012","format":false,"excerpt":"Puoli kuudelta Villa Francon makuuhuoneen ikkunan takaa kuuluu ihan mielet\u00f6n linnunlaulu. Kukon laulu vasta pari tuntia my\u00f6hemmin. Liek\u00f6 l\u00e4heisen Pantellan kyl\u00e4n kukolla sunnuntaisin my\u00f6h\u00e4isempi yl\u00f6snousun aika. L\u00e4mp\u00f6 ei ole viel\u00e4 karannut, auringonnousu Umbrian kukkuloiden takaa kaunis. On noustava, l\u00e4hdett\u00e4v\u00e4 k\u00e4velem\u00e4\u00e4n pihalla, miettien onko t\u00e4m\u00e4 viel\u00e4 unta? Olisin nyt halunnut soittaa\u2026","rel":"","context":"Kategoriassa &quot;Niit\u00e4 n\u00e4it\u00e4&quot;","block_context":{"text":"Niit\u00e4 n\u00e4it\u00e4","link":"https:\/\/www.satokangas.fi\/blogi\/category\/aiheeton\/"},"img":{"alt_text":"","src":"https:\/\/i0.wp.com\/www.satokangas.fi\/blogi\/wp-content\/uploads\/unikkopelto-600x382.jpg?resize=350%2C200&ssl=1","width":350,"height":200,"srcset":"https:\/\/i0.wp.com\/www.satokangas.fi\/blogi\/wp-content\/uploads\/unikkopelto-600x382.jpg?resize=350%2C200&ssl=1 1x, https:\/\/i0.wp.com\/www.satokangas.fi\/blogi\/wp-content\/uploads\/unikkopelto-600x382.jpg?resize=525%2C300&ssl=1 1.5x"},"classes":[]},{"id":49251,"url":"https:\/\/www.satokangas.fi\/blogi\/2024\/04\/tyttarentytar\/","url_meta":{"origin":17366,"position":4},"title":"Ik\u00e4v\u00e4 helpottanut &#x1f970; &#8211; ja jatkuu&#8230;","author":"Reija","date":"29.4.2024","format":false,"excerpt":"Paluu kes\u00e4isen l\u00e4mpim\u00e4st\u00e4, aurinkoisesta J\u00e4rvenp\u00e4\u00e4st\u00e4 tuuliseen, harmaaseen, vilpoiseen (+ 6), sateiseenkin Ouluun. Jo iltap\u00e4iv\u00e4ll\u00e4 oltiin kotona. Itkuhan se tuli, kun V\u00e4vy l\u00e4hti meid\u00e4t viem\u00e4\u00e4n lentokent\u00e4lle yhdentoista aikaan ja Emmiliinille l\u00e4ht\u00f6pusun annoin. Ik\u00e4v\u00e4 heti. Sit\u00e4 ennen saatiin viel\u00e4 aamupuuron sy\u00f6nti katsella, leikki\u00e4 ja k\u00e4vimmep\u00e4 pienell\u00e4 lenkill\u00e4kin katselemassa tytt\u00f6sen tuleva tarhapaikka, joka\u2026","rel":"","context":"Kategoriassa &quot;Isovanhemmuus&quot;","block_context":{"text":"Isovanhemmuus","link":"https:\/\/www.satokangas.fi\/blogi\/category\/isovanhemmuus\/"},"img":{"alt_text":"","src":"https:\/\/i0.wp.com\/www.satokangas.fi\/blogi\/wp-content\/uploads\/2024\/04\/Loutti-4.jpg?resize=350%2C200&ssl=1","width":350,"height":200,"srcset":"https:\/\/i0.wp.com\/www.satokangas.fi\/blogi\/wp-content\/uploads\/2024\/04\/Loutti-4.jpg?resize=350%2C200&ssl=1 1x, https:\/\/i0.wp.com\/www.satokangas.fi\/blogi\/wp-content\/uploads\/2024\/04\/Loutti-4.jpg?resize=525%2C300&ssl=1 1.5x, https:\/\/i0.wp.com\/www.satokangas.fi\/blogi\/wp-content\/uploads\/2024\/04\/Loutti-4.jpg?resize=700%2C400&ssl=1 2x, https:\/\/i0.wp.com\/www.satokangas.fi\/blogi\/wp-content\/uploads\/2024\/04\/Loutti-4.jpg?resize=1050%2C600&ssl=1 3x"},"classes":[]},{"id":24758,"url":"https:\/\/www.satokangas.fi\/blogi\/2015\/06\/mansikkaa-ja-raparperia-ja-kaikkea-silta-valilta\/","url_meta":{"origin":17366,"position":5},"title":"Mansikkaa ja raparperia ja kaikkea silt\u00e4 v\u00e4lilt\u00e4","author":"Reija","date":"11.6.2015","format":false,"excerpt":"T\u00e4m\u00e4 p\u00e4iv\u00e4 alkoi raparperipiirakalla (ja mansikoilla), jotka vein koulutustoimikunnan kokoukseen.\u00a0Enh\u00e4n min\u00e4 tiennyt, ett\u00e4 kokoukseen tulivat my\u00f6s koulutusrehtori delegaatioineen, enk\u00e4 sit\u00e4, ett\u00e4 koulutusdekaani halusi pit\u00e4\u00e4 minulle puheen. Mutta sit\u00e4kin suuremmalla syyll\u00e4 oli mukava, ett\u00e4 minulla oli raparperia ja mansikoita tarjottavaksi. Sain allekirjoituksin mukavan valokuvaushistoriaan ja Turun historiaan liittyv\u00e4n kirjankin. Aika hyv\u00e4\u2026","rel":"","context":"Kategoriassa &quot;Niit\u00e4 n\u00e4it\u00e4&quot;","block_context":{"text":"Niit\u00e4 n\u00e4it\u00e4","link":"https:\/\/www.satokangas.fi\/blogi\/category\/aiheeton\/"},"img":{"alt_text":"Ilta-2","src":"https:\/\/i0.wp.com\/www.satokangas.fi\/blogi\/wp-content\/uploads\/2015\/06\/Ilta-2-600x372.jpg?resize=350%2C200&ssl=1","width":350,"height":200,"srcset":"https:\/\/i0.wp.com\/www.satokangas.fi\/blogi\/wp-content\/uploads\/2015\/06\/Ilta-2-600x372.jpg?resize=350%2C200&ssl=1 1x, https:\/\/i0.wp.com\/www.satokangas.fi\/blogi\/wp-content\/uploads\/2015\/06\/Ilta-2-600x372.jpg?resize=525%2C300&ssl=1 1.5x"},"classes":[]}],"_links":{"self":[{"href":"https:\/\/www.satokangas.fi\/blogi\/wp-json\/wp\/v2\/posts\/17366","targetHints":{"allow":["GET"]}}],"collection":[{"href":"https:\/\/www.satokangas.fi\/blogi\/wp-json\/wp\/v2\/posts"}],"about":[{"href":"https:\/\/www.satokangas.fi\/blogi\/wp-json\/wp\/v2\/types\/post"}],"author":[{"embeddable":true,"href":"https:\/\/www.satokangas.fi\/blogi\/wp-json\/wp\/v2\/users\/1"}],"replies":[{"embeddable":true,"href":"https:\/\/www.satokangas.fi\/blogi\/wp-json\/wp\/v2\/comments?post=17366"}],"version-history":[{"count":0,"href":"https:\/\/www.satokangas.fi\/blogi\/wp-json\/wp\/v2\/posts\/17366\/revisions"}],"wp:attachment":[{"href":"https:\/\/www.satokangas.fi\/blogi\/wp-json\/wp\/v2\/media?parent=17366"}],"wp:term":[{"taxonomy":"category","embeddable":true,"href":"https:\/\/www.satokangas.fi\/blogi\/wp-json\/wp\/v2\/categories?post=17366"},{"taxonomy":"post_tag","embeddable":true,"href":"https:\/\/www.satokangas.fi\/blogi\/wp-json\/wp\/v2\/tags?post=17366"}],"curies":[{"name":"wp","href":"https:\/\/api.w.org\/{rel}","templated":true}]}}