{"id":17129,"date":"2013-04-18T20:40:16","date_gmt":"2013-04-18T17:40:16","guid":{"rendered":"https:\/\/www.satokangas.fi\/blogi\/?p=17129"},"modified":"2013-04-18T22:22:00","modified_gmt":"2013-04-18T19:22:00","slug":"puhujamatkalla","status":"publish","type":"post","link":"https:\/\/www.satokangas.fi\/blogi\/2013\/04\/puhujamatkalla\/","title":{"rendered":"Puhujamatkalla"},"content":{"rendered":"<p>Kolpolt\u00f6\u00f6ri on puhujamatkaltaan palaamassa.<\/p>\n<p>Kahden junalla l\u00e4hdin Rovaniemelle, poika vei asemalle ja lupasi sitten vaihtaa kes\u00e4renkaat ja pest\u00e4 autoni, &#8211; autofriikki poika on hyv\u00e4 olla olemassa. \ud83d\ude42 Kun on mit\u00e4 parhain kelirikkoaika, oli juna tietty my\u00f6h\u00e4ss\u00e4. Entinen oppilaani oli onneksi sateisella Rovaniemen rautatieasemalla vastassa, joten ehdimme k\u00e4yd\u00e4 kahvilla keskustassa ennen kuin luentoni alkoi. Minulle iltakuusi ei ole paras mahdollinen esitelm\u00f6intiaika, ei mit\u00e4\u00e4n loisteliasta verbaaliakrobatiaa saatikka ajatuksen lentoa tai kristillinkirkkaita ajatuksia ennakko-oletuksena. Toisaalta jos aihekin on v\u00e4est\u00f6- ja sosiaalihistoriaa, erityisesti Lapin muuttoliikkeit\u00e4, niin ei jutusta j\u00e4rin riemullista tykityst\u00e4 voi saadakaan aikaiseksi.<\/p>\n<p>Yleis\u00f6 vaativuus tietysti asetti haasteen, sit\u00e4h\u00e4n ei m\u00e4\u00e4r\u00e4tt\u00f6m\u00e4n paljon ollut, mutta sen joukossa pari entist\u00e4 opiskelijaa ja kurssikaveri, jotka nyt ovat tuossa Lyseonpuiston lukiossa historianopeina ja sitten pehtoori ja kaverimme, jotka tulivat Hangasojalta parahiksi Rovaniemelle. Hyvi\u00e4 kuuntelijoita olivat, ei havaintoja haukotuksista tai muusta ik\u00e4vystymisest\u00e4.<\/p>\n<p>Ja niinh\u00e4n se vaan on, ett\u00e4 minustahan on mukava luennoida. \u00a0Ja min\u00e4 pysyin aikataulussa! Olin tehnyt uuden strategian: en kirjoittanut luentoa paperille. Pelkill\u00e4 power pointeilla oli selvitt\u00e4v\u00e4. Ja huiskis vain! 200 vuotta Amerikan ja Ruotsin siirtolaisuutta, loikkareita Neuvostoliittoon ja Vienan Karjalan pakolaiset liikuteltiin Lappiin tai sielt\u00e4 pois, syntyvyyden historia ja lappilaisten pitk\u00e4n elini\u00e4n salaisuudet kaikki pikkuisen reilussa tunnissa!<\/p>\n<p>Nyt istun auton takapenkill\u00e4, aletaan olla Kemiss\u00e4. Vett\u00e4 sataa kaatamalla ja n\u00e4ytt\u00e4\u00e4 syksylt\u00e4.<\/p>\n<p><a href=\"https:\/\/www.satokangas.fi\/blogi\/wp-content\/uploads\/2013\/04\/Ruotsinsiirtolaisten-l\u00e4ht\u00f6alueet.jpg\"><img loading=\"lazy\" decoding=\"async\" class=\"aligncenter size-medium wp-image-17131\" alt=\"Ruotsinsiirtolaisten l\u00e4ht\u00f6alueet\" src=\"https:\/\/www.satokangas.fi\/blogi\/wp-content\/uploads\/2013\/04\/Ruotsinsiirtolaisten-l\u00e4ht\u00f6alueet-529x400.jpg\" width=\"529\" height=\"400\" \/><\/a><\/p>\n","protected":false},"excerpt":{"rendered":"<p>Kolpolt\u00f6\u00f6ri on puhujamatkaltaan palaamassa. Kahden junalla l\u00e4hdin Rovaniemelle, poika vei asemalle ja lupasi sitten vaihtaa kes\u00e4renkaat ja pest\u00e4 autoni, &#8211; autofriikki poika on hyv\u00e4 olla olemassa. \ud83d\ude42 Kun on mit\u00e4 parhain kelirikkoaika, oli juna tietty my\u00f6h\u00e4ss\u00e4. Entinen oppilaani oli onneksi sateisella Rovaniemen rautatieasemalla vastassa, joten ehdimme k\u00e4yd\u00e4 kahvilla keskustassa ennen kuin luentoni alkoi. Minulle iltakuusi ei ole paras mahdollinen esitelm\u00f6intiaika, &hellip; <\/p>\n","protected":false},"author":1,"featured_media":0,"comment_status":"open","ping_status":"open","sticky":false,"template":"","format":"standard","meta":{"jetpack_post_was_ever_published":false,"_jetpack_newsletter_access":"","_jetpack_dont_email_post_to_subs":false,"_jetpack_newsletter_tier_id":0,"_jetpack_memberships_contains_paywalled_content":false,"_jetpack_memberships_contains_paid_content":false,"footnotes":"","jetpack_publicize_message":"","jetpack_publicize_feature_enabled":true,"jetpack_social_post_already_shared":true,"jetpack_social_options":{"image_generator_settings":{"template":"highway","default_image_id":0,"font":"","enabled":false},"version":2}},"categories":[32],"tags":[],"class_list":["post-17129","post","type-post","status-publish","format-standard","hentry","category-yliopistoelamaa","latest_post"],"jetpack_publicize_connections":[],"jetpack_featured_media_url":"","jetpack_shortlink":"https:\/\/wp.me\/pr4p4-4sh","jetpack_sharing_enabled":true,"jetpack_likes_enabled":false,"jetpack-related-posts":[{"id":22335,"url":"https:\/\/www.satokangas.fi\/blogi\/2014\/09\/puhujamatkalla-ja-muita-kiireita\/","url_meta":{"origin":17129,"position":0},"title":"Puhujamatkalla ja muita kiireit\u00e4","author":"Reija","date":"4.9.2014","format":false,"excerpt":"Seiso suorana, hengit\u00e4 rauhallisesti, puhu levollisesti, pid\u00e4 taukoja, muista ett\u00e4 sinun ei tarvitse kertoa ihan kaikkea, mit\u00e4 asiasta tied\u00e4t, sivupolut ovat sallittuja mutta vain rajallisesti. V\u00e4h\u00e4n on paljon. Keskity. Pid\u00e4 ryhti. Psyykkasin itse\u00e4ni ennen aamup\u00e4iv\u00e4n fuksi-infoa ja ennen iltap\u00e4iv\u00e4n esityst\u00e4ni Pohtossa, jossa olin\u00a0puhumassa Pohjoiset Arktiset Maut -seminaarissa.\u00a0Saahan sit\u00e4 yritt\u00e4\u00e4. Mik\u00e4\u2026","rel":"","context":"Kategoriassa &quot;Ruoka ja viini&quot;","block_context":{"text":"Ruoka ja viini","link":"https:\/\/www.satokangas.fi\/blogi\/category\/ruoka_ja_viini\/"},"img":{"alt_text":"WP_20140904_13_23_58_Pro","src":"https:\/\/i0.wp.com\/www.satokangas.fi\/blogi\/wp-content\/uploads\/2014\/09\/WP_20140904_13_23_58_Pro-600x337.jpg?resize=350%2C200&ssl=1","width":350,"height":200,"srcset":"https:\/\/i0.wp.com\/www.satokangas.fi\/blogi\/wp-content\/uploads\/2014\/09\/WP_20140904_13_23_58_Pro-600x337.jpg?resize=350%2C200&ssl=1 1x, https:\/\/i0.wp.com\/www.satokangas.fi\/blogi\/wp-content\/uploads\/2014\/09\/WP_20140904_13_23_58_Pro-600x337.jpg?resize=525%2C300&ssl=1 1.5x"},"classes":[]},{"id":11337,"url":"https:\/\/www.satokangas.fi\/blogi\/2011\/03\/jutajaisten-jatkuessa\/","url_meta":{"origin":17129,"position":1},"title":"Jutajaisten jatkuessa","author":"Reija","date":"31.3.2011","format":false,"excerpt":"\u00a0Maaliskuun viimeisen\u00e4 aamuna her\u00e4t\u00e4\u00e4n m\u00f6kill\u00e4. P\u00e4\u00e4si\u00e4inen? Ei, ei ole kiirastorstai vaan on arki, jolloin olen m\u00f6kill\u00e4. Pehtoori tuli t\u00e4nne jo maanantaina, min\u00e4 eilen juna-bussi \u2013kyydill\u00e4. Ennen kahta l\u00e4hdin duunista, poika k\u00e4vi heitt\u00e4m\u00e4ss\u00e4 rautatieasemalle: ja juna on my\u00f6h\u00e4ss\u00e4 50 minuuttia! Ei muuten huolta, mutta miten ehdin Rovaniemell\u00e4 Ivalon bussiin. Eskelinen l\u00e4htee\u2026","rel":"","context":"Kategoriassa &quot;Lappi&quot;","block_context":{"text":"Lappi","link":"https:\/\/www.satokangas.fi\/blogi\/category\/lappi\/"},"img":{"alt_text":"","src":"","width":0,"height":0},"classes":[]},{"id":12855,"url":"https:\/\/www.satokangas.fi\/blogi\/2011\/11\/etelaan-matkalla\/","url_meta":{"origin":17129,"position":2},"title":"Etel\u00e4\u00e4n matkalla","author":"Reija","date":"17.11.2011","format":false,"excerpt":"Ja min\u00e4 tomppeli pakkasin kamerani vetolaukkuun, jonka sitten laitoin Eskelis-bussin tavaratilaan, kun aamusella viitt\u00e4 vaille yhdeks\u00e4n J\u00e4\u00e4merentien varresta kyytiin nousimme. Ei olisi kannattanut sinne alas j\u00e4tt\u00e4\u00e4, kameraa siis. Porttipahdassa ja Yl\u00e4postojoella ja Torvisessa ja Olkkaj\u00e4rvell\u00e4 ja pitkin matkaa olisi ollut paljon kaunista kuvattavaa. Aurinko ja sen s\u00e4teet veden yll\u00e4. Aamup\u00e4iv\u00e4n\u2026","rel":"","context":"Kategoriassa &quot;Lappi&quot;","block_context":{"text":"Lappi","link":"https:\/\/www.satokangas.fi\/blogi\/category\/lappi\/"},"img":{"alt_text":"","src":"","width":0,"height":0},"classes":[]},{"id":27333,"url":"https:\/\/www.satokangas.fi\/blogi\/2016\/01\/metsalaisesta-opiskelijaksi\/","url_meta":{"origin":17129,"position":3},"title":"Mets\u00e4l\u00e4isest\u00e4 opiskelijaksi","author":"Reija","date":"8.1.2016","format":false,"excerpt":"Lueskelin t\u00e4ss\u00e4 viikolla Siiri Mgga-Miettusen kirjan \"Haile Selassie ja Lass\u00b4uulan Niila. Tarinoita Kutturan kairoilta\". \"Siirin kirjan\" ja \"Siirin el\u00e4m\u00e4n\" olen lukenut jo aiemmin, ja syksyll\u00e4 kun tapasimme Siirin Savottakahvilan syysmarkkinoilla, ostimme t\u00e4m\u00e4n h\u00e4nen uusimman kirjansa. T\u00e4ss\u00e4 on pieni\u00e4 tarinoita, el\u00e4m\u00e4nmakuisia kertomuksia Koilliskairan ihmisist\u00e4 sodan aikana ja sen j\u00e4lkeen. Pienet jutut\u2026","rel":"","context":"Kategoriassa &quot;Lappi&quot;","block_context":{"text":"Lappi","link":"https:\/\/www.satokangas.fi\/blogi\/category\/lappi\/"},"img":{"alt_text":"20160108112809","src":"https:\/\/i0.wp.com\/www.satokangas.fi\/blogi\/wp-content\/uploads\/2016\/01\/20160108112809-225x400.jpg?resize=350%2C200&ssl=1","width":350,"height":200},"classes":[]},{"id":5782,"url":"https:\/\/www.satokangas.fi\/blogi\/2010\/01\/tuulensuojaan-myotatuuleen\/","url_meta":{"origin":17129,"position":4},"title":"Tuulensuojaan My\u00f6t\u00e4tuuleen","author":"Reija","date":"21.1.2010","format":false,"excerpt":"Terve vaan ty\u00f6ni tehk\u00f6\u00f6n muut P\u00e4\u00e4tin vihdoin nyt korjaan luut Ja h\u00e4ivyn niin ettei kuiski suut M\u00e4 tuulen suojaan Suljen taaksein nyt arkiston Avain viimeinkin teid\u00e4n on Mut huomatkaa vain mun tiedossain on Tie tuulensuojaan Tuulensuojaan, tuulensuojaan Pois kiireist\u00e4in nyt vihdoin n\u00e4in Tuulensuojaan, tuulensuojaan M\u00e4 paikan sain, kauas huolistain Posti\u2026","rel":"","context":"Kategoriassa &quot;Lappi&quot;","block_context":{"text":"Lappi","link":"https:\/\/www.satokangas.fi\/blogi\/category\/lappi\/"},"img":{"alt_text":"","src":"https:\/\/i0.wp.com\/www.satokangas.fi\/blogi\/wp-content\/uploads\/2010\/01\/Jo-vain-500x333.jpg?resize=350%2C200&ssl=1","width":350,"height":200},"classes":[]},{"id":12275,"url":"https:\/\/www.satokangas.fi\/blogi\/2011\/08\/enemman-asian-vieresta\/","url_meta":{"origin":17129,"position":5},"title":"Enemm\u00e4n asian vierest\u00e4 &#8230;","author":"Reija","date":"25.8.2011","format":false,"excerpt":"Aamun sakea, tiivis, kylm\u00e4, liki m\u00e4rk\u00e4 sumu oli melkein pelottava. Se, sek\u00e4 frisbeegolfin SM-kisojen (lehtikuvassa n\u00e4kyy sumu viel\u00e4 p\u00e4iv\u00e4ll\u00e4kin) takia vakkarilenkkireittini osittainen sulkeminen, olivat loistava syy sallia lenkin v\u00e4liin j\u00e4tt\u00e4minen. Yleens\u00e4 noiden frisbeegolfareiden sekaan mahtuu ihan hyvin, mutta kisojen aikana ei. \u00a0Mist\u00e4 siis olin oikeastaan ihan iloinen t\u00e4n\u00e4\u00e4n. Ensi viikon\u2026","rel":"","context":"Kategoriassa &quot;Niit\u00e4 n\u00e4it\u00e4&quot;","block_context":{"text":"Niit\u00e4 n\u00e4it\u00e4","link":"https:\/\/www.satokangas.fi\/blogi\/category\/aiheeton\/"},"img":{"alt_text":"","src":"https:\/\/i0.wp.com\/www.satokangas.fi\/blogi\/wp-content\/uploads\/sisarukset-600x394.jpg?resize=350%2C200&ssl=1","width":350,"height":200,"srcset":"https:\/\/i0.wp.com\/www.satokangas.fi\/blogi\/wp-content\/uploads\/sisarukset-600x394.jpg?resize=350%2C200&ssl=1 1x, https:\/\/i0.wp.com\/www.satokangas.fi\/blogi\/wp-content\/uploads\/sisarukset-600x394.jpg?resize=525%2C300&ssl=1 1.5x"},"classes":[]}],"_links":{"self":[{"href":"https:\/\/www.satokangas.fi\/blogi\/wp-json\/wp\/v2\/posts\/17129","targetHints":{"allow":["GET"]}}],"collection":[{"href":"https:\/\/www.satokangas.fi\/blogi\/wp-json\/wp\/v2\/posts"}],"about":[{"href":"https:\/\/www.satokangas.fi\/blogi\/wp-json\/wp\/v2\/types\/post"}],"author":[{"embeddable":true,"href":"https:\/\/www.satokangas.fi\/blogi\/wp-json\/wp\/v2\/users\/1"}],"replies":[{"embeddable":true,"href":"https:\/\/www.satokangas.fi\/blogi\/wp-json\/wp\/v2\/comments?post=17129"}],"version-history":[{"count":0,"href":"https:\/\/www.satokangas.fi\/blogi\/wp-json\/wp\/v2\/posts\/17129\/revisions"}],"wp:attachment":[{"href":"https:\/\/www.satokangas.fi\/blogi\/wp-json\/wp\/v2\/media?parent=17129"}],"wp:term":[{"taxonomy":"category","embeddable":true,"href":"https:\/\/www.satokangas.fi\/blogi\/wp-json\/wp\/v2\/categories?post=17129"},{"taxonomy":"post_tag","embeddable":true,"href":"https:\/\/www.satokangas.fi\/blogi\/wp-json\/wp\/v2\/tags?post=17129"}],"curies":[{"name":"wp","href":"https:\/\/api.w.org\/{rel}","templated":true}]}}