{"id":17075,"date":"2013-04-12T19:48:04","date_gmt":"2013-04-12T16:48:04","guid":{"rendered":"https:\/\/www.satokangas.fi\/blogi\/?p=17075"},"modified":"2013-04-12T22:03:41","modified_gmt":"2013-04-12T19:03:41","slug":"huhtikuun-perjantain-rallattelua","status":"publish","type":"post","link":"https:\/\/www.satokangas.fi\/blogi\/2013\/04\/huhtikuun-perjantain-rallattelua\/","title":{"rendered":"Huhtikuun perjantain rallattelua"},"content":{"rendered":"<p>Vaikka p\u00e4iv\u00e4n t\u00f6iss\u00e4 tuijottelin vastap\u00e4isen siiven sein\u00e4\u00e4, s\u00e4lekaihtimia, kirjahylly\u00e4, n\u00e4ytt\u00f6p\u00e4\u00e4tett\u00e4, Excel-taulukoita, Tilastokeskuksen tietokantoja, SVT:n pdf-tiedostoja [kuinka helppoa n\u00e4m\u00e4 nykyisin ovatkaan], tein power pointeja ja suolsin teksti\u00e4, en ollenkaan pahoitellut kohtaloani. P\u00e4invastoin. Unohduin noihin kaikkiin.<\/p>\n<p>Ensi viikon esitelm\u00e4 alkaa olla p\u00e4\u00e4piirteiss\u00e4\u00e4n kasassa. Ainoa vaan, ett\u00e4 minulla on luennossa vain tunti aikaa&#8230; ja tied\u00e4tteh\u00e4n &#8230; puhumista olisi kokonaiseksi luentosarjaksi&#8230; Hieman mieless\u00e4ni kyseenalaistin, mit\u00e4 j\u00e4rke\u00e4 l\u00e4hte\u00e4 Oulusta Rovaniemelle puhumaan tunniksi! Noh, olen luvannut.<\/p>\n<p>Siisp\u00e4 ensi viikon ohjelmassa on karsiminen, supistaminen, kiteytt\u00e4minen&#8230; \u00a0Hymyilip\u00e4 yksi opiskelijoistani sarkastisesti kun kerroin t\u00e4st\u00e4 pienoisesta ongelmastani. &#8212; sanoi, ett\u00e4 \u00a0&#8221;puhut niin paljon kuin ehdit, ja paljonhan sin\u00e4 tunnissakin tunnetusti ehdit&#8221; &#8230; ettei olisi nuori mies kerrassaan soittanut suutaan&#8230; \ud83d\ude42<\/p>\n<p style=\"text-align: center;\"><a href=\"https:\/\/www.satokangas.fi\/blogi\/wp-content\/uploads\/2013\/04\/t\u00f6iss\u00e4.jpg\"><img loading=\"lazy\" decoding=\"async\" class=\"aligncenter size-medium wp-image-17076\" style=\"border: 5px solid grey;\" alt=\"t\u00f6iss\u00e4\" src=\"https:\/\/www.satokangas.fi\/blogi\/wp-content\/uploads\/2013\/04\/t\u00f6iss\u00e4-600x283.jpg\" width=\"600\" height=\"283\" \/><\/a><\/p>\n<p style=\"text-align: justify;\">Ja huom. paino sanoilla &#8221;ensi viikon ohjelmassa karsiminen. Ensi viikon&#8221;! En todellakaan aio viikonloppua noihin k\u00e4ytt\u00e4\u00e4. Tuntuu tosi mukavalle, ett\u00e4 on edess\u00e4 kaksi p\u00e4iv\u00e4\u00e4, jolloin ei ole mit\u00e4\u00e4n pakollista. Ei mit\u00e4\u00e4n vapaaehtoista luvattua. Ei mit\u00e4\u00e4n.<\/p>\n<p style=\"text-align: justify;\">Ja kun s\u00e4\u00e4tiedotuskin n\u00e4ytt\u00e4\u00e4 silt\u00e4, ettei ole &#8221;pakko&#8221; ulkoilla, niin ajattelin harrastella oikein syd\u00e4meni kyllyydest\u00e4: ruokaohjeita, digikuvauskurssien teht\u00e4vi\u00e4, kotit\u00f6it\u00e4, siivoilua, lukemista [sain juuri \u00e4sken loppuun Hannu V\u00e4is\u00e4sen &#8221; Taivaanvartijat&#8221;. Ehk\u00e4 t\u00e4st\u00e4 pidin h\u00e4nen kirjoistaan eniten. Onhan niiss\u00e4 aina se vieh\u00e4tys, ett\u00e4 h\u00e4n kertoo siit\u00e4 Oulusta, siit\u00e4 koulusta, jossa min\u00e4kin olen nuoruuteni viett\u00e4nyt.<\/p>\n<p><a style=\"text-align: justify;\" href=\"https:\/\/www.satokangas.fi\/blogi\/wp-content\/uploads\/2013\/04\/siena.jpg\"><img loading=\"lazy\" decoding=\"async\" data-attachment-id=\"17080\" data-permalink=\"https:\/\/www.satokangas.fi\/blogi\/2013\/04\/huhtikuun-perjantain-rallattelua\/siena-2\/\" data-orig-file=\"https:\/\/www.satokangas.fi\/blogi\/wp-content\/uploads\/2013\/04\/siena.jpg\" data-orig-size=\"600,1060\" data-comments-opened=\"1\" data-image-meta=\"{&quot;aperture&quot;:&quot;8&quot;,&quot;credit&quot;:&quot;&quot;,&quot;camera&quot;:&quot;Canon EOS 5D Mark II&quot;,&quot;caption&quot;:&quot;&quot;,&quot;created_timestamp&quot;:&quot;1278678553&quot;,&quot;copyright&quot;:&quot;&quot;,&quot;focal_length&quot;:&quot;47&quot;,&quot;iso&quot;:&quot;100&quot;,&quot;shutter_speed&quot;:&quot;0.00625&quot;,&quot;title&quot;:&quot;&quot;}\" data-image-title=\"siena\" data-image-description=\"\" data-image-caption=\"\" data-large-file=\"https:\/\/www.satokangas.fi\/blogi\/wp-content\/uploads\/2013\/04\/siena-579x1024.jpg\" class=\"alignleft  wp-image-17080\" alt=\"siena\" src=\"https:\/\/www.satokangas.fi\/blogi\/wp-content\/uploads\/2013\/04\/siena-169x300.jpg\" width=\"101\" height=\"180\" srcset=\"https:\/\/www.satokangas.fi\/blogi\/wp-content\/uploads\/2013\/04\/siena-169x300.jpg 169w, https:\/\/www.satokangas.fi\/blogi\/wp-content\/uploads\/2013\/04\/siena-226x400.jpg 226w, https:\/\/www.satokangas.fi\/blogi\/wp-content\/uploads\/2013\/04\/siena-579x1024.jpg 579w\" sizes=\"auto, (max-width: 101px) 100vw, 101px\" \/><\/a><\/p>\n<p style=\"text-align: justify;\">Meill\u00e4 on ollut samoja opettajia, samoja &#8221;kotiapotteja&#8221; ja &#8221;baareja&#8221;. Olimme jopa yht\u00e4 aikaa samassa koulussa ja h\u00e4nen osin omael\u00e4m\u00e4kerralliset romaaninsa ovat siten hyvinkin &#8221;tuttuja&#8221;. Mutta siis: t\u00e4st\u00e4 pidin ehk\u00e4 eniten. Se on seesteisin, levollisesti kirjoitettu, luulisin. Siin\u00e4 on nuo Siena musta-valkoiset Duomon raidat t\u00e4rkeit\u00e4. Min\u00e4 niit\u00e4 h\u00e4mm\u00e4stelin Sienassa, mutta eih\u00e4n se t\u00e4h\u00e4n kuulu], talvivaatteiden poispakkausta, veroilmoitusta, nuorelle parille kokkailua [uusia ohjeita on jo keitti\u00f6ss\u00e4], kaikenmoista vapaa-aikaa tiedossa. Hyvill\u00e4 mielin, melkein rallatellen aloittelen viikonloppua.. .<\/p>\n<p style=\"text-align: justify;\">Ruoanlaitosta puheenollen: meill\u00e4p\u00e4 alkoi grillikausi t\u00e4n\u00e4\u00e4n. Pehtoori kaivoi pihagrillin esiin, ja paistoi meille pihvit. Min\u00e4 l\u00f6ysin kaapista hienon jasmin-riisipaketin. Kaunista, vihert\u00e4v\u00e4\u00e4, makoisaa riisi\u00e4 oli tuo.<\/p>\n<p style=\"text-align: center;\"><a href=\"https:\/\/www.satokangas.fi\/blogi\/wp-content\/uploads\/2013\/04\/Jasmin.jpg\"><img loading=\"lazy\" decoding=\"async\" data-attachment-id=\"17077\" data-permalink=\"https:\/\/www.satokangas.fi\/blogi\/2013\/04\/huhtikuun-perjantain-rallattelua\/jasmin\/\" data-orig-file=\"https:\/\/www.satokangas.fi\/blogi\/wp-content\/uploads\/2013\/04\/Jasmin.jpg\" data-orig-size=\"950,1500\" data-comments-opened=\"1\" data-image-meta=\"{&quot;aperture&quot;:&quot;4&quot;,&quot;credit&quot;:&quot;&quot;,&quot;camera&quot;:&quot;Canon EOS 5D Mark II&quot;,&quot;caption&quot;:&quot;&quot;,&quot;created_timestamp&quot;:&quot;1365778718&quot;,&quot;copyright&quot;:&quot;&quot;,&quot;focal_length&quot;:&quot;67&quot;,&quot;iso&quot;:&quot;100&quot;,&quot;shutter_speed&quot;:&quot;0.04&quot;,&quot;title&quot;:&quot;&quot;}\" data-image-title=\"Jasmin\" data-image-description=\"\" data-image-caption=\"\" data-large-file=\"https:\/\/www.satokangas.fi\/blogi\/wp-content\/uploads\/2013\/04\/Jasmin-648x1024.jpg\" class=\"size-medium wp-image-17077 aligncenter\" alt=\"Jasmin\" src=\"https:\/\/www.satokangas.fi\/blogi\/wp-content\/uploads\/2013\/04\/Jasmin-253x400.jpg\" width=\"253\" height=\"400\" srcset=\"https:\/\/www.satokangas.fi\/blogi\/wp-content\/uploads\/2013\/04\/Jasmin-253x400.jpg 253w, https:\/\/www.satokangas.fi\/blogi\/wp-content\/uploads\/2013\/04\/Jasmin-190x300.jpg 190w, https:\/\/www.satokangas.fi\/blogi\/wp-content\/uploads\/2013\/04\/Jasmin-648x1024.jpg 648w, https:\/\/www.satokangas.fi\/blogi\/wp-content\/uploads\/2013\/04\/Jasmin.jpg 950w\" sizes=\"auto, (max-width: 253px) 100vw, 253px\" \/><\/a><\/p>\n<p style=\"text-align: center;\"><a href=\"https:\/\/www.satokangas.fi\/blogi\/wp-content\/uploads\/2013\/04\/Jasmin-2.jpg\"><img loading=\"lazy\" decoding=\"async\" data-attachment-id=\"17078\" data-permalink=\"https:\/\/www.satokangas.fi\/blogi\/2013\/04\/huhtikuun-perjantain-rallattelua\/jasmin-2\/\" data-orig-file=\"https:\/\/www.satokangas.fi\/blogi\/wp-content\/uploads\/2013\/04\/Jasmin-2.jpg\" data-orig-size=\"1200,964\" data-comments-opened=\"1\" data-image-meta=\"{&quot;aperture&quot;:&quot;7.1&quot;,&quot;credit&quot;:&quot;&quot;,&quot;camera&quot;:&quot;Canon EOS 5D Mark II&quot;,&quot;caption&quot;:&quot;&quot;,&quot;created_timestamp&quot;:&quot;1365780880&quot;,&quot;copyright&quot;:&quot;&quot;,&quot;focal_length&quot;:&quot;90&quot;,&quot;iso&quot;:&quot;320&quot;,&quot;shutter_speed&quot;:&quot;0.025&quot;,&quot;title&quot;:&quot;&quot;}\" data-image-title=\"Jasmin-2\" data-image-description=\"\" data-image-caption=\"\" data-large-file=\"https:\/\/www.satokangas.fi\/blogi\/wp-content\/uploads\/2013\/04\/Jasmin-2.jpg\" class=\"size-medium wp-image-17078 aligncenter\" alt=\"Jasmin-2\" src=\"https:\/\/www.satokangas.fi\/blogi\/wp-content\/uploads\/2013\/04\/Jasmin-2-497x400.jpg\" width=\"497\" height=\"400\" srcset=\"https:\/\/www.satokangas.fi\/blogi\/wp-content\/uploads\/2013\/04\/Jasmin-2-497x400.jpg 497w, https:\/\/www.satokangas.fi\/blogi\/wp-content\/uploads\/2013\/04\/Jasmin-2-300x241.jpg 300w, https:\/\/www.satokangas.fi\/blogi\/wp-content\/uploads\/2013\/04\/Jasmin-2.jpg 1200w\" sizes=\"auto, (max-width: 497px) 100vw, 497px\" \/><\/a><\/p>\n<p style=\"text-align: center;\">Ja hunajamelonista ja <a href=\"http:\/\/www.kolattu.fi\/kolatun_salaattijuusto_wilhelmina\">Kolatun Wilhelmiina-juustosta<\/a>\u00a0p\u00e4hkin\u00f6iden kera tuli oivallinen lisuke.<br \/>\nT\u00e4ten julistan grillikauden alkaneeksi!<\/p>\n<p style=\"text-align: justify;\">\n","protected":false},"excerpt":{"rendered":"<p>Vaikka p\u00e4iv\u00e4n t\u00f6iss\u00e4 tuijottelin vastap\u00e4isen siiven sein\u00e4\u00e4, s\u00e4lekaihtimia, kirjahylly\u00e4, n\u00e4ytt\u00f6p\u00e4\u00e4tett\u00e4, Excel-taulukoita, Tilastokeskuksen tietokantoja, SVT:n pdf-tiedostoja [kuinka helppoa n\u00e4m\u00e4 nykyisin ovatkaan], tein power pointeja ja suolsin teksti\u00e4, en ollenkaan pahoitellut kohtaloani. P\u00e4invastoin. Unohduin noihin kaikkiin. Ensi viikon esitelm\u00e4 alkaa olla p\u00e4\u00e4piirteiss\u00e4\u00e4n kasassa. Ainoa vaan, ett\u00e4 minulla on luennossa vain tunti aikaa&#8230; ja tied\u00e4tteh\u00e4n &#8230; puhumista olisi kokonaiseksi luentosarjaksi&#8230; Hieman mieless\u00e4ni kyseenalaistin, &hellip; <\/p>\n","protected":false},"author":1,"featured_media":0,"comment_status":"open","ping_status":"open","sticky":false,"template":"","format":"standard","meta":{"jetpack_post_was_ever_published":false,"_jetpack_newsletter_access":"","_jetpack_dont_email_post_to_subs":false,"_jetpack_newsletter_tier_id":0,"_jetpack_memberships_contains_paywalled_content":false,"_jetpack_memberships_contains_paid_content":false,"footnotes":"","jetpack_publicize_message":"","jetpack_publicize_feature_enabled":true,"jetpack_social_post_already_shared":true,"jetpack_social_options":{"image_generator_settings":{"template":"highway","default_image_id":0,"font":"","enabled":false},"version":2}},"categories":[14,1],"tags":[],"class_list":["post-17075","post","type-post","status-publish","format-standard","hentry","category-luettua","category-aiheeton","latest_post"],"jetpack_publicize_connections":[],"jetpack_featured_media_url":"","jetpack_shortlink":"https:\/\/wp.me\/pr4p4-4rp","jetpack_sharing_enabled":true,"jetpack_likes_enabled":false,"jetpack-related-posts":[{"id":24297,"url":"https:\/\/www.satokangas.fi\/blogi\/2015\/04\/puhumaan-menossa\/","url_meta":{"origin":17075,"position":0},"title":"Puhumaan menossa","author":"Reija","date":"7.4.2015","format":false,"excerpt":"N\u00e4in m\u00f6kill\u00e4 parinakin y\u00f6n\u00e4 unta t\u00e4m\u00e4n viikkoisista t\u00f6ist\u00e4, erityisesti huomisesta esitelm\u00e4tilaisuudesta Kemiss\u00e4 ja torstaisesta viimeisest\u00e4 infostani opiskelijoille. Eik\u00e4 unissa ollut mitenk\u00e4\u00e4n\u00a0kyse luennoimisen riemuvoitoista! P\u00e4invastoin. S\u00e4hl\u00e4sin, sotkin, sopertelin, unohtelin, powerpointit eiv\u00e4t auenneet ja\u00a0kaiken muun surkeuden lis\u00e4ksi hoksasin kesken luentoa, etten ollut pessyt ylenpitk\u00e4ksi kasvaneita hiuksiani. T\u00e4n\u00e4\u00e4n olen koettanut toimia niin, ettei\u2026","rel":"","context":"Kategoriassa &quot;Historiaa&quot;","block_context":{"text":"Historiaa","link":"https:\/\/www.satokangas.fi\/blogi\/category\/historiaa\/"},"img":{"alt_text":"","src":"https:\/\/i0.wp.com\/www.satokangas.fi\/blogi\/wp-content\/uploads\/2015\/04\/S_02774_001524.jpg?resize=350%2C200&ssl=1","width":350,"height":200},"classes":[]},{"id":8375,"url":"https:\/\/www.satokangas.fi\/blogi\/2010\/08\/jain-miettimaan\/","url_meta":{"origin":17075,"position":1},"title":"J\u00e4in miettim\u00e4\u00e4n","author":"Reija","date":"30.8.2010","format":false,"excerpt":"Olen joskus aiemminkin (klikkaa ihmeess\u00e4) kirjoittanut \u00a0t\u00e4m\u00e4n jutun: \u00a0 \u201cJos olet juoksija, juokse. Jos olet honka, humise.\u201d Jos olet lehtori, lehtoroi? T\u00e4m\u00e4n ty\u00f6p\u00e4iv\u00e4n j\u00e4lkeen taas kerran mietin, mit\u00e4 se lehtorointi oikein onkaan? Mit\u00e4 min\u00e4 haluan sen olevan? T\u00e4n\u00e4\u00e4n se on ainakin ollut puhumista. Oikeastaan koko p\u00e4iv\u00e4n puhumista. \u00a0Ei, ei opettamista,\u2026","rel":"","context":"Kategoriassa &quot;Yliopistoel\u00e4m\u00e4\u00e4&quot;","block_context":{"text":"Yliopistoel\u00e4m\u00e4\u00e4","link":"https:\/\/www.satokangas.fi\/blogi\/category\/yliopistoelamaa\/"},"img":{"alt_text":"","src":"","width":0,"height":0},"classes":[]},{"id":52299,"url":"https:\/\/www.satokangas.fi\/blogi\/2025\/04\/paiva-kerrallaan-3\/","url_meta":{"origin":17075,"position":2},"title":"P\u00e4iv\u00e4 kerrallaan","author":"Reija","date":"5.4.2025","format":false,"excerpt":"Ei minulla ole viel\u00e4k\u00e4\u00e4n paljon sanoja. Viel\u00e4 on paljon tyhj\u00e4\u00e4, viel\u00e4 on unettomia \u00f6it\u00e4 ja loputtoman pitkilt\u00e4 tuntuvia p\u00e4ivi\u00e4. V\u00e4hitellen raastava tuska hiipuu, ja kauan jatkunut huoli ja ahdistus ovat vaihtumassa hiljaiseen suruun ja pitk\u00e4\u00e4n ik\u00e4v\u00e4\u00e4n.\u00a0 L\u00e4heisen poismeno koskee, sattuu, repii rikki.\u00a0 T\u00e4t\u00e4 min\u00e4 kuuntelen - viel\u00e4kin, nyt yksin. On\u2026","rel":"","context":"Kategoriassa &quot;Niit\u00e4 n\u00e4it\u00e4&quot;","block_context":{"text":"Niit\u00e4 n\u00e4it\u00e4","link":"https:\/\/www.satokangas.fi\/blogi\/category\/aiheeton\/"},"img":{"alt_text":"","src":"https:\/\/i0.wp.com\/www.satokangas.fi\/blogi\/wp-content\/uploads\/2025\/04\/Pysyntassa.jpg?resize=350%2C200&ssl=1","width":350,"height":200,"srcset":"https:\/\/i0.wp.com\/www.satokangas.fi\/blogi\/wp-content\/uploads\/2025\/04\/Pysyntassa.jpg?resize=350%2C200&ssl=1 1x, https:\/\/i0.wp.com\/www.satokangas.fi\/blogi\/wp-content\/uploads\/2025\/04\/Pysyntassa.jpg?resize=525%2C300&ssl=1 1.5x, https:\/\/i0.wp.com\/www.satokangas.fi\/blogi\/wp-content\/uploads\/2025\/04\/Pysyntassa.jpg?resize=700%2C400&ssl=1 2x"},"classes":[]},{"id":11684,"url":"https:\/\/www.satokangas.fi\/blogi\/2011\/05\/piirakoita-ja-poroa\/","url_meta":{"origin":17075,"position":3},"title":"Piirakoita ja poroa","author":"Reija","date":"26.5.2011","format":false,"excerpt":"Sen lis\u00e4ksi, ett\u00e4 viikon p\u00e4\u00e4st\u00e4 on lakkiaiset, on t\u00e4n\u00e4kin viikonloppuna v\u00e4h\u00e4n tavallisesta poikkeavaa ruokaj\u00e4rjestely\u00e4. Meille kun tulee meksikolaisia ruokavieraita lauantaina. Tyt\u00e4r on parhaillaan Hesasta hakemassa vaihtarikavereitaan: kaksi Strasbourgissa ollutta meksikolaisneitokaista on t\u00e4n\u00e4\u00e4n lent\u00e4nyt Pariisin kautta Helsinkiin ja viel\u00e4 t\u00e4n\u00e4\u00e4n p\u00e4\u00e4sev\u00e4t ihmettelem\u00e4\u00e4n Valkean kaupungin valoisaa y\u00f6t\u00e4. Huomenna on 20-hengen pilheet, etkot,\u2026","rel":"","context":"Kategoriassa &quot;Niit\u00e4 n\u00e4it\u00e4&quot;","block_context":{"text":"Niit\u00e4 n\u00e4it\u00e4","link":"https:\/\/www.satokangas.fi\/blogi\/category\/aiheeton\/"},"img":{"alt_text":"","src":"","width":0,"height":0},"classes":[]},{"id":50627,"url":"https:\/\/www.satokangas.fi\/blogi\/2024\/09\/paluu-tyovuosiin-vol-ii\/","url_meta":{"origin":17075,"position":4},"title":"Paluu ty\u00f6vuosiin vol. II","author":"Reija","date":"20.9.2024","format":false,"excerpt":"Ei, en aio vaipua murheen ja h\u00e4pe\u00e4n alhoon. En vaikka t\u00e4m\u00e4np\u00e4iv\u00e4inen esitelm\u00e4 (Suomen ja Skandinavian historia Oulun yliopistossa) ei mennyt l\u00e4hellek\u00e4\u00e4n niin kuin toivoin. Oikeastaan niin en olettanutkaan. Koko viikon olen tiennyt, ett\u00e4 taidot ovat l\u00f6yhtyneet, ammattitaito puhumaan tai luennoimaan yleis\u00f6n edess\u00e4 ei ole en\u00e4\u00e4 itsest\u00e4\u00e4nselvyys, ei mik\u00e4\u00e4n pikku juttu.\u2026","rel":"","context":"Kategoriassa &quot;Historiaa&quot;","block_context":{"text":"Historiaa","link":"https:\/\/www.satokangas.fi\/blogi\/category\/historiaa\/"},"img":{"alt_text":"","src":"https:\/\/i0.wp.com\/www.satokangas.fi\/blogi\/wp-content\/uploads\/2024\/09\/OY.jpg?resize=350%2C200&ssl=1","width":350,"height":200,"srcset":"https:\/\/i0.wp.com\/www.satokangas.fi\/blogi\/wp-content\/uploads\/2024\/09\/OY.jpg?resize=350%2C200&ssl=1 1x, https:\/\/i0.wp.com\/www.satokangas.fi\/blogi\/wp-content\/uploads\/2024\/09\/OY.jpg?resize=525%2C300&ssl=1 1.5x, https:\/\/i0.wp.com\/www.satokangas.fi\/blogi\/wp-content\/uploads\/2024\/09\/OY.jpg?resize=700%2C400&ssl=1 2x"},"classes":[]},{"id":13003,"url":"https:\/\/www.satokangas.fi\/blogi\/2011\/12\/juhlapuhujan-painajainen-ja-parempi-puhe\/","url_meta":{"origin":17075,"position":5},"title":"Juhlapuhujan painajainen ja parempi puhe","author":"Reija","date":"6.12.2011","format":false,"excerpt":"Itsen\u00e4isyysp\u00e4iv\u00e4. Kauan, kauan sitten olin kutsuttuna juhlapuhujana Keminmaan itsen\u00e4isyysjuhlassa. Tiedossa oli ehk\u00e4 suurin yleis\u00f6, mit\u00e4 minulla koskaan oli viel\u00e4 ollut, enk\u00e4 koskaan ennen ollut itsen\u00e4isyyspuhetta pit\u00e4nyt. Niinp\u00e4 valmistelin esitelm\u00e4n huolella, mietin kohdeyleis\u00f6n, halusin kuitenkin sanoa jotain \"uutta\" (sill\u00e4h\u00e4n minua oli pyydettykin \"saataisiin uusia n\u00e4k\u00f6kulma kun on nuori puhuja, ja mukava\u2026","rel":"","context":"Kategoriassa &quot;Historiaa&quot;","block_context":{"text":"Historiaa","link":"https:\/\/www.satokangas.fi\/blogi\/category\/historiaa\/"},"img":{"alt_text":"","src":"https:\/\/i0.wp.com\/www.satokangas.fi\/blogi\/wp-content\/uploads\/2011\/12\/kaksi_kynttilaa.jpg?resize=350%2C200&ssl=1","width":350,"height":200,"srcset":"https:\/\/i0.wp.com\/www.satokangas.fi\/blogi\/wp-content\/uploads\/2011\/12\/kaksi_kynttilaa.jpg?resize=350%2C200&ssl=1 1x, https:\/\/i0.wp.com\/www.satokangas.fi\/blogi\/wp-content\/uploads\/2011\/12\/kaksi_kynttilaa.jpg?resize=525%2C300&ssl=1 1.5x, https:\/\/i0.wp.com\/www.satokangas.fi\/blogi\/wp-content\/uploads\/2011\/12\/kaksi_kynttilaa.jpg?resize=700%2C400&ssl=1 2x"},"classes":[]}],"_links":{"self":[{"href":"https:\/\/www.satokangas.fi\/blogi\/wp-json\/wp\/v2\/posts\/17075","targetHints":{"allow":["GET"]}}],"collection":[{"href":"https:\/\/www.satokangas.fi\/blogi\/wp-json\/wp\/v2\/posts"}],"about":[{"href":"https:\/\/www.satokangas.fi\/blogi\/wp-json\/wp\/v2\/types\/post"}],"author":[{"embeddable":true,"href":"https:\/\/www.satokangas.fi\/blogi\/wp-json\/wp\/v2\/users\/1"}],"replies":[{"embeddable":true,"href":"https:\/\/www.satokangas.fi\/blogi\/wp-json\/wp\/v2\/comments?post=17075"}],"version-history":[{"count":0,"href":"https:\/\/www.satokangas.fi\/blogi\/wp-json\/wp\/v2\/posts\/17075\/revisions"}],"wp:attachment":[{"href":"https:\/\/www.satokangas.fi\/blogi\/wp-json\/wp\/v2\/media?parent=17075"}],"wp:term":[{"taxonomy":"category","embeddable":true,"href":"https:\/\/www.satokangas.fi\/blogi\/wp-json\/wp\/v2\/categories?post=17075"},{"taxonomy":"post_tag","embeddable":true,"href":"https:\/\/www.satokangas.fi\/blogi\/wp-json\/wp\/v2\/tags?post=17075"}],"curies":[{"name":"wp","href":"https:\/\/api.w.org\/{rel}","templated":true}]}}