{"id":16830,"date":"2013-03-22T19:14:40","date_gmt":"2013-03-22T17:14:40","guid":{"rendered":"https:\/\/www.satokangas.fi\/blogi\/?p=16830"},"modified":"2013-03-22T20:01:03","modified_gmt":"2013-03-22T18:01:03","slug":"paiva-vaaralla-vuosisadalla","status":"publish","type":"post","link":"https:\/\/www.satokangas.fi\/blogi\/2013\/03\/paiva-vaaralla-vuosisadalla\/","title":{"rendered":"P\u00e4iv\u00e4 v\u00e4\u00e4r\u00e4ll\u00e4 vuosisadalla"},"content":{"rendered":"<p style=\"text-align: center;\"><a href=\"https:\/\/www.satokangas.fi\/blogi\/wp-content\/uploads\/2013\/03\/p\u00e4iv\u00e4-v\u00e4\u00e4r\u00e4ll\u00e4-vuosisadalla.jpg\"><img loading=\"lazy\" decoding=\"async\" class=\"aligncenter  wp-image-16831\" style=\"border: 10px solid grey;\" alt=\"p\u00e4iv\u00e4 v\u00e4\u00e4r\u00e4ll\u00e4 vuosisadalla\" src=\"https:\/\/www.satokangas.fi\/blogi\/wp-content\/uploads\/2013\/03\/p\u00e4iv\u00e4-v\u00e4\u00e4r\u00e4ll\u00e4-vuosisadalla-266x400.jpg\" width=\"266\" height=\"400\" \/><\/a><\/p>\n<p style=\"text-align: justify;\">Istun katsellen pitk\u00e4\u00e4n ulos ikkunasta, ja mietin olevani v\u00e4\u00e4r\u00e4ll\u00e4 vuosisadalla, itse asiassa v\u00e4\u00e4r\u00e4ll\u00e4 vuosituhannella. N\u00e4in ei k\u00e4y ensimm\u00e4ist\u00e4 kertaa. Olen usein v\u00e4\u00e4r\u00e4ss\u00e4 ajassa. Ajatusteni kanssa. Joskus arvojenikin. Se riippuu ihmisist\u00e4: riippuu ihmisist\u00e4, pysynk\u00f6 oikeassa ajassa, t\u00e4ss\u00e4 hetkess\u00e4. Ihmiset viev\u00e4t minua ajassa menneisiin vuosiin. Menneisyyden ja nykyisyyden ihmiset kuljettavat minua ajassa, useimmiten menneeseen, yh\u00e4 harvemmin tulevaisuuteen.<\/p>\n<p style=\"text-align: justify;\">Ty\u00f6kseen menneisyyden kanssa oleva, oppiva, opettava &#8211; ty\u00f6kseen menneisyydess\u00e4 viihtyv\u00e4, on ehk\u00e4 v\u00e4h\u00e4n outo. Mutta t\u00e4n\u00e4\u00e4n olen ollut kaltaisteni seurassa. Kaltaisiani oli monta. \ud83d\ude42\u00a0Tutkijaseminaarip\u00e4iv\u00e4 Lasaretissa ty\u00f6nt\u00e4yteinen, mutta tuntui melkein juhlalta. Historia on hyv\u00e4ksi, uskokaa pois!<\/p>\n<p style=\"text-align: justify;\">Illansuussa kotiin palatessa viestej\u00e4, jotka saivat minut t\u00e4h\u00e4n p\u00e4iv\u00e4\u00e4n, saivat minut h\u00e4milleni ja hyvin iloiseksi. Palautetta opiskelijalta, palautetta olemisesta, esikoiselta kaikki hyvin -viesti Meksikon Rivieralta, Juniorin ilmoitus, ett\u00e4 p\u00e4\u00e4sev\u00e4t sittenkin p\u00e4\u00e4si\u00e4iseksi pohjoiseen &#8230; niin paljon kaikkea hyv\u00e4\u00e4 yhdelle p\u00e4iv\u00e4lle.<\/p>\n<p style=\"text-align: center;\"><a href=\"https:\/\/www.satokangas.fi\/blogi\/wp-content\/uploads\/2013\/03\/p\u00e4iv\u00e4-v\u00e4\u00e4r\u00e4ll\u00e4-vuosisadalla-2.jpg\"><img loading=\"lazy\" decoding=\"async\" class=\"aligncenter size-medium wp-image-16832\" style=\"border: 3px solid grey;\" alt=\"p\u00e4iv\u00e4 v\u00e4\u00e4r\u00e4ll\u00e4 vuosisadalla-2\" src=\"https:\/\/www.satokangas.fi\/blogi\/wp-content\/uploads\/2013\/03\/p\u00e4iv\u00e4-v\u00e4\u00e4r\u00e4ll\u00e4-vuosisadalla-2-600x400.jpg\" width=\"600\" height=\"400\" \/><\/a><\/p>\n<p style=\"text-align: center;\">K\u00e4yk\u00e4\u00e4p\u00e4s,\u00a0hyv\u00e4t blogi-ihmiset, osallistumassa arvontaan, aikaa on sunnuntai-iltaan asti. Arvonta suoritetaan maanantaina.<\/p>\n<p style=\"text-align: center;\">Tai k\u00e4yk\u00e4\u00e4 ainakin katsomassa kommenteista monia mukavia blogivinkkej\u00e4<\/p>\n<p style=\"text-align: center;\"><a href=\"https:\/\/www.satokangas.fi\/blogi\/2013\/03\/2000\/\">KLIKS<\/a><\/p>\n<p style=\"text-align: center;\"><a href=\"https:\/\/www.satokangas.fi\/blogi\/2013\/03\/2000\/\">https:\/\/www.satokangas.fi\/blogi\/2013\/03\/2000\/<\/a><\/p>\n","protected":false},"excerpt":{"rendered":"<p>Istun katsellen pitk\u00e4\u00e4n ulos ikkunasta, ja mietin olevani v\u00e4\u00e4r\u00e4ll\u00e4 vuosisadalla, itse asiassa v\u00e4\u00e4r\u00e4ll\u00e4 vuosituhannella. N\u00e4in ei k\u00e4y ensimm\u00e4ist\u00e4 kertaa. Olen usein v\u00e4\u00e4r\u00e4ss\u00e4 ajassa. Ajatusteni kanssa. Joskus arvojenikin. Se riippuu ihmisist\u00e4: riippuu ihmisist\u00e4, pysynk\u00f6 oikeassa ajassa, t\u00e4ss\u00e4 hetkess\u00e4. Ihmiset viev\u00e4t minua ajassa menneisiin vuosiin. Menneisyyden ja nykyisyyden ihmiset kuljettavat minua ajassa, useimmiten menneeseen, yh\u00e4 harvemmin tulevaisuuteen. Ty\u00f6kseen menneisyyden kanssa oleva, oppiva, &hellip; <\/p>\n","protected":false},"author":1,"featured_media":0,"comment_status":"open","ping_status":"open","sticky":false,"template":"","format":"standard","meta":{"jetpack_post_was_ever_published":false,"_jetpack_newsletter_access":"","_jetpack_dont_email_post_to_subs":false,"_jetpack_newsletter_tier_id":0,"_jetpack_memberships_contains_paywalled_content":false,"_jetpack_memberships_contains_paid_content":false,"footnotes":"","jetpack_publicize_message":"","jetpack_publicize_feature_enabled":true,"jetpack_social_post_already_shared":true,"jetpack_social_options":{"image_generator_settings":{"template":"highway","default_image_id":0,"font":"","enabled":false},"version":2}},"categories":[13,32],"tags":[],"class_list":["post-16830","post","type-post","status-publish","format-standard","hentry","category-historiaa","category-yliopistoelamaa","latest_post"],"jetpack_publicize_connections":[],"jetpack_featured_media_url":"","jetpack_shortlink":"https:\/\/wp.me\/pr4p4-4ns","jetpack_sharing_enabled":true,"jetpack_likes_enabled":false,"jetpack-related-posts":[{"id":4984,"url":"https:\/\/www.satokangas.fi\/blogi\/2009\/10\/ikava\/","url_meta":{"origin":16830,"position":0},"title":"Ik\u00e4v\u00e4","author":"Reija","date":"30.10.2009","format":false,"excerpt":"On vaan niin ik\u00e4v\u00e4, monia asioita, ihmisi\u00e4, ihmisen ik\u00e4v\u00e4 toisen luo ... kuka niin laulaa? Juice?. Jo tulevakin ik\u00e4v\u00e4. Taas kerran, taas!, olen v\u00e4\u00e4r\u00e4ss\u00e4 ajassa. Tulevassa ja menneess\u00e4. Ihan sama. Viime viikossa ja ensi kuussa. Ik\u00e4v\u00e4 menneit\u00e4 ja ik\u00e4v\u00e4 jo, kun ajattelen huomista. Aina minulla on vaikeuksia ollut olla t\u00e4ss\u00e4\u2026","rel":"","context":"Kategoriassa &quot;Niit\u00e4 n\u00e4it\u00e4&quot;","block_context":{"text":"Niit\u00e4 n\u00e4it\u00e4","link":"https:\/\/www.satokangas.fi\/blogi\/category\/aiheeton\/"},"img":{"alt_text":"","src":"","width":0,"height":0},"classes":[]},{"id":7468,"url":"https:\/\/www.satokangas.fi\/blogi\/2010\/06\/blogin-tilastoa-ja-ajatuksia\/","url_meta":{"origin":16830,"position":1},"title":"Blogin tilastoa ja ajatuksia","author":"Reija","date":"11.6.2010","format":false,"excerpt":"Eilisen p\u00e4iv\u00e4n postaukseeni k\u00e4vi Maija kommentoimassa ja kyseli \"Paljonko sinulla on n\u00e4it\u00e4 \u201cblogiisiaddiktoituneita\u201d?\" Ensinn\u00e4kin Maijalle kiitos kommentoinnista, se ilahduttaa yksin\u00e4ist\u00e4 bloggaajaa aina, ja toiseksi lyhyt vastaus kysymykseen: reilut sata k\u00e4vij\u00e4\u00e4 on p\u00e4ivitt\u00e4in. Tilastojen mukaan 60 % on \"palaajia\". Kovin tarkkoja tietojahan en tilastoista saa irti, mutta tulkitsisin ett\u00e4 noin 50\u2026","rel":"","context":"Kategoriassa &quot;Bloggailu&quot;","block_context":{"text":"Bloggailu","link":"https:\/\/www.satokangas.fi\/blogi\/category\/bloggailu\/"},"img":{"alt_text":"","src":"https:\/\/i0.wp.com\/www.satokangas.fi\/blogi\/wp-content\/uploads\/2010\/06\/tilasto-6_2010-_-31-500x157.jpg?resize=350%2C200&ssl=1","width":350,"height":200},"classes":[]},{"id":27355,"url":"https:\/\/www.satokangas.fi\/blogi\/2016\/01\/valehtelisinko\/","url_meta":{"origin":16830,"position":2},"title":"Valehtelisinko?","author":"Reija","date":"12.1.2016","format":false,"excerpt":"Kahdeksas k\u00e4sky kielt\u00e4\u00e4 puhumasta pahaa toisista ihmisist\u00e4, tai tarkemmin ottaen valehtelemasta, mutta se on rajattu vain koskemaan toisia ihmisi\u00e4: \"\u00c4l\u00e4 lausu v\u00e4\u00e4r\u00e4\u00e4 todistusta l\u00e4himm\u00e4isest\u00e4si.\" BTW, siihen maailmanaikaan kun n\u00e4it\u00e4 k\u00e4skyj\u00e4 kansakoulussa ruutuvihkoon vihre\u00e4ll\u00e4 Castell HB-lyijykyn\u00e4ll\u00e4 kirjoiteltiin, ei kukaan tullut selitt\u00e4neeksi, mit\u00e4 tarkoittaa \"v\u00e4\u00e4r\u00e4 todistus\". Ainoa todistus, mink\u00e4 lettip\u00e4iseen p\u00e4\u00e4h\u00e4ni oli\u2026","rel":"","context":"Kategoriassa &quot;Niit\u00e4 n\u00e4it\u00e4&quot;","block_context":{"text":"Niit\u00e4 n\u00e4it\u00e4","link":"https:\/\/www.satokangas.fi\/blogi\/category\/aiheeton\/"},"img":{"alt_text":"Pulpetti-266x400","src":"https:\/\/i0.wp.com\/www.satokangas.fi\/blogi\/wp-content\/uploads\/2016\/01\/Pulpetti-266x400-266x400.jpg?resize=350%2C200&ssl=1","width":350,"height":200},"classes":[]},{"id":41960,"url":"https:\/\/www.satokangas.fi\/blogi\/2021\/11\/enteita-onko-niita\/","url_meta":{"origin":16830,"position":3},"title":"Enteit\u00e4, onko niit\u00e4?","author":"Reija","date":"18.11.2021","format":false,"excerpt":"Ennusmerkki\u00a0eli\u00a0enne\u00a0tarkoittaa kansanperinteen tai jonkin mystiikan tai\u00a0n\u00e4enn\u00e4istieteen\u00a0oppisuunnan tuntemaa luonnossa\u00a0tai ihmisiss\u00e4 havaittavaa merkki\u00e4 (ilmi\u00f6t\u00e4\u00a0tai asiaa), jonka uskotaan kertovan tulevasta, mutta jossa ei ole n\u00e4ht\u00e4viss\u00e4 luonnollista syy-yhteytt\u00e4 merkin ja ennustetun tapahtuman v\u00e4lill\u00e4. Ennusmerkin ja ennustetun tapahtuman v\u00e4linen yhteys uskotaan siis usein olevan\u00a0yliluonnollinen. Wikipedian m\u00e4\u00e4ritelm\u00e4 enteelle, ennusmerkille, on v\u00e4h\u00e4n kapeampi kuin mit\u00e4 min\u00e4 sill\u00e4\u2026","rel":"","context":"Kategoriassa &quot;Niit\u00e4 n\u00e4it\u00e4&quot;","block_context":{"text":"Niit\u00e4 n\u00e4it\u00e4","link":"https:\/\/www.satokangas.fi\/blogi\/category\/aiheeton\/"},"img":{"alt_text":"","src":"https:\/\/i0.wp.com\/www.satokangas.fi\/blogi\/wp-content\/uploads\/2021\/11\/Nallikari-panoraama-2-1600x558.jpg?resize=350%2C200&ssl=1","width":350,"height":200,"srcset":"https:\/\/i0.wp.com\/www.satokangas.fi\/blogi\/wp-content\/uploads\/2021\/11\/Nallikari-panoraama-2-1600x558.jpg?resize=350%2C200&ssl=1 1x, https:\/\/i0.wp.com\/www.satokangas.fi\/blogi\/wp-content\/uploads\/2021\/11\/Nallikari-panoraama-2-1600x558.jpg?resize=525%2C300&ssl=1 1.5x, https:\/\/i0.wp.com\/www.satokangas.fi\/blogi\/wp-content\/uploads\/2021\/11\/Nallikari-panoraama-2-1600x558.jpg?resize=700%2C400&ssl=1 2x, https:\/\/i0.wp.com\/www.satokangas.fi\/blogi\/wp-content\/uploads\/2021\/11\/Nallikari-panoraama-2-1600x558.jpg?resize=1050%2C600&ssl=1 3x"},"classes":[]},{"id":35097,"url":"https:\/\/www.satokangas.fi\/blogi\/2018\/10\/unensekainen-paiva\/","url_meta":{"origin":16830,"position":4},"title":"Unensekainen p\u00e4iv\u00e4","author":"Reija","date":"26.10.2018","format":false,"excerpt":"Valvotut y\u00f6t, v\u00e4syneet p\u00e4iv\u00e4t. V\u00e4h\u00e4n sellainen olo nyt. Ja lis\u00e4ksi joku hillit\u00f6n nuha. Tai tied\u00e4 h\u00e4nt\u00e4 mik\u00e4. Mutta jotenkin niin syksy. Niin syksy. Kuuden j\u00e4lkeen istuimme aamukahvip\u00f6yd\u00e4ss\u00e4, mutta siit\u00e4 huolimatta olin aamulla liian my\u00f6h\u00e4\u00e4n kuvaamassa liikenteen valoja. Pitkiin valotusaikohin, ja koko ajan jotenkin v\u00e4\u00e4r\u00e4ss\u00e4 paikassa v\u00e4\u00e4r\u00e4\u00e4n aikaan olleena, kyll\u00e4styin yhdeks\u00e4n\u2026","rel":"","context":"Kategoriassa &quot;Niit\u00e4 n\u00e4it\u00e4&quot;","block_context":{"text":"Niit\u00e4 n\u00e4it\u00e4","link":"https:\/\/www.satokangas.fi\/blogi\/category\/aiheeton\/"},"img":{"alt_text":"","src":"https:\/\/i0.wp.com\/www.satokangas.fi\/blogi\/wp-content\/uploads\/2018\/10\/aamuliikenne.jpg?resize=350%2C200&ssl=1","width":350,"height":200,"srcset":"https:\/\/i0.wp.com\/www.satokangas.fi\/blogi\/wp-content\/uploads\/2018\/10\/aamuliikenne.jpg?resize=350%2C200&ssl=1 1x, https:\/\/i0.wp.com\/www.satokangas.fi\/blogi\/wp-content\/uploads\/2018\/10\/aamuliikenne.jpg?resize=525%2C300&ssl=1 1.5x, https:\/\/i0.wp.com\/www.satokangas.fi\/blogi\/wp-content\/uploads\/2018\/10\/aamuliikenne.jpg?resize=700%2C400&ssl=1 2x"},"classes":[]},{"id":17723,"url":"https:\/\/www.satokangas.fi\/blogi\/2013\/06\/ajatukset-tulevat-hitaasti-tahan-maailmaan\/","url_meta":{"origin":16830,"position":5},"title":"Ajatukset tulevat hitaasti t\u00e4h\u00e4n maailmaan","author":"Reija","date":"17.6.2013","format":false,"excerpt":"Nyt puutarhalle on annettu ensiapu [nuoripari oli kyll\u00e4 pit\u00e4nyt hyv\u00e4\u00e4 huolta, olivat sit\u00e4 paitsi hommanneet meille aamiaistarpeet valmiiksi, pannariakin oli j\u00e4\u00e4kaapissa... liki tippa linssiss\u00e4 olin, kun moinen huolehtiminen tuntui niin hyv\u00e4lle], noin viisi koneellista pesty pyykki\u00e4 [enimm\u00e4kseen pehtoori pessyt], v\u00e4h\u00e4n jo siliteltykin paitoja ja pikeit\u00e4, postit avattu, t\u00f6iss\u00e4 p\u00e4iv\u00e4 oltu\u2026","rel":"","context":"Kategoriassa &quot;Meksiko&quot;","block_context":{"text":"Meksiko","link":"https:\/\/www.satokangas.fi\/blogi\/category\/reissut\/meksiko\/"},"img":{"alt_text":"Meksikossa kaikki on toisin-2","src":"https:\/\/i0.wp.com\/www.satokangas.fi\/blogi\/wp-content\/uploads\/2013\/06\/Meksikossa-kaikki-on-toisin-2-288x400.jpg?resize=350%2C200&ssl=1","width":350,"height":200},"classes":[]}],"_links":{"self":[{"href":"https:\/\/www.satokangas.fi\/blogi\/wp-json\/wp\/v2\/posts\/16830","targetHints":{"allow":["GET"]}}],"collection":[{"href":"https:\/\/www.satokangas.fi\/blogi\/wp-json\/wp\/v2\/posts"}],"about":[{"href":"https:\/\/www.satokangas.fi\/blogi\/wp-json\/wp\/v2\/types\/post"}],"author":[{"embeddable":true,"href":"https:\/\/www.satokangas.fi\/blogi\/wp-json\/wp\/v2\/users\/1"}],"replies":[{"embeddable":true,"href":"https:\/\/www.satokangas.fi\/blogi\/wp-json\/wp\/v2\/comments?post=16830"}],"version-history":[{"count":0,"href":"https:\/\/www.satokangas.fi\/blogi\/wp-json\/wp\/v2\/posts\/16830\/revisions"}],"wp:attachment":[{"href":"https:\/\/www.satokangas.fi\/blogi\/wp-json\/wp\/v2\/media?parent=16830"}],"wp:term":[{"taxonomy":"category","embeddable":true,"href":"https:\/\/www.satokangas.fi\/blogi\/wp-json\/wp\/v2\/categories?post=16830"},{"taxonomy":"post_tag","embeddable":true,"href":"https:\/\/www.satokangas.fi\/blogi\/wp-json\/wp\/v2\/tags?post=16830"}],"curies":[{"name":"wp","href":"https:\/\/api.w.org\/{rel}","templated":true}]}}