{"id":16824,"date":"2013-03-21T20:03:32","date_gmt":"2013-03-21T18:03:32","guid":{"rendered":"https:\/\/www.satokangas.fi\/blogi\/?p=16824"},"modified":"2013-03-21T21:37:19","modified_gmt":"2013-03-21T19:37:19","slug":"onko-sulla-joku-ongelma","status":"publish","type":"post","link":"https:\/\/www.satokangas.fi\/blogi\/2013\/03\/onko-sulla-joku-ongelma\/","title":{"rendered":"&#8221;Onko sulla joku ongelma?&#8221;"},"content":{"rendered":"<p>&#8211; Aiot sitten noilla kamppeilla t\u00f6ihin? Minusta tuo pusero kyll\u00e4 nyt ei oikein ole sopiva&#8230;.<\/p>\n<p>Pehtoori yritti aamulla olla hauska, &#8211; tai ainakin aukoa p\u00e4\u00e4t\u00e4\u00e4n. Kommenttinsa kun oli pient\u00e4 herjan heittoa eiliseen aamuun liittyen.<\/p>\n<p>Sattuipa eilen nimitt\u00e4in niin, ett\u00e4 minulla oli ollut vakaa aie menn\u00e4 t\u00f6ihin aikaisin. Minulle aikaisin on seitsem\u00e4ksi &#8211; kahdeksan (tai v\u00e4h\u00e4n ennen) on normi ja yhdeks\u00e4n umpimy\u00f6h\u00e4\u00e4n, ja sen j\u00e4lkeen ei en\u00e4\u00e4 t\u00f6ihin menn\u00e4. Jos yhdeks\u00e4n j\u00e4lkeen menn\u00e4\u00e4n t\u00f6ihin, silloin on jo vapaap\u00e4iv\u00e4, jolloin vain k\u00e4yd\u00e4\u00e4n t\u00f6iss\u00e4.<\/p>\n<p>Mutta siis. Eilen oli tarvetta menn\u00e4 aikaisin. Enk\u00e4 ollut mill\u00e4\u00e4n muotoa miettinyt, mit\u00e4 pist\u00e4n p\u00e4\u00e4lleni. En kyll\u00e4 yleens\u00e4k\u00e4\u00e4n asialla kovin paljon ressaa. Aloitin sill\u00e4, ett\u00e4 laitan mustat, vastik\u00e4\u00e4n pesulassa k\u00e4ytetyt, vanhat mustat suorat housut, mustan paksumman topin, paksun, beessin puuvillatakin ja mustan pitk\u00e4n huivin, jossa on villatakin v\u00e4risi\u00e4 palloja. (Tosi omaper\u00e4ist\u00e4, eik\u00f6?) Okei, puen ne p\u00e4\u00e4lleni, ja sekunnin murto-osassa tajuan, ett\u00e4 housut ovat merkillisen s\u00e4hk\u00f6iset, tai muutoin oudot. Olen t\u00e4ysin vakuuttunut, ett\u00e4 ne eiv\u00e4t ole &#8221;vartalolle yst\u00e4v\u00e4lliset&#8221; &#8211; kuten joissakin vaatemainoksissa yritet\u00e4\u00e4n vaatteita ep\u00e4anorektikoille kaupata. Siis eiku vaihtoon.<\/p>\n<p>Ja siit\u00e4 alkoi koko vaatehuoneen kaaokseen saava puoli tuntinen. Hillit\u00f6n vaatteiden, korujen, kenkien, v\u00f6iden, huivien vaihtorumba, jonka aikana oma kroppa muuttui viholliseksi, joka oli verhottava mahdollisimman simppelisti, mahdollisimman mukavasti, mahdollisimman \u00a0&#8211; jotakin! Samaan aikaa pehtoori luki aamulehte\u00e4, ep\u00e4m\u00e4\u00e4r\u00e4inen hymynkare suupieless\u00e4\u00e4n, ja kysyi v\u00e4lill\u00e4: &#8221;Onko sulla joku ongelma?&#8221; Siin\u00e4 oli kuulkaa miehell\u00e4 hengenl\u00e4ht\u00f6 l\u00e4hell\u00e4!!<\/p>\n<p>Ja min\u00e4 tied\u00e4n, ett\u00e4 teit\u00e4 kiinnostaa, mihin kaikkien bleiseri-farkku, liituraita-neule, toiset mustat housut-toinen villatakki-viides huivi -yhdistelm\u00e4, &#8211; kultakorut rihkamaksi ja takaisin ja pampakset-k\u00e4velykengiksi ja takaisin -vehtaaminen p\u00e4\u00e4ttyi? Voi jessus! Kahdeksan vuotta vanhat (min\u00e4 muistan kun ostin ne arkistoreissulla Helsingiss\u00e4) sile\u00e4samettifarkut (mustat luonnollisesti) ja sini-valkoraitainen-neule, valkoinen paitapusero. Ihan hillitt\u00f6m\u00e4n omaper\u00e4inen valinta minulle!<\/p>\n<p>Ja seurauksena koko siisti, j\u00e4rjestyksess\u00e4 ollut vaatehuone on edelleen kuin pommin j\u00e4ljilt\u00e4. H\u00e4th\u00e4t\u00e4\u00e4 ehdin kahdeksaksi sorvin \u00e4\u00e4reen.<\/p>\n<p>Mutta nyt onkin ment\u00e4v\u00e4 katsomaan huomiset vaatteet valmiiksi, ett\u00e4 ehdin aamulla Lasarettiin: on edess\u00e4 kaksip\u00e4iv\u00e4inen tutkijaseminaari! Niill\u00e4 tohtorikoulutettavien teksteill\u00e4 nyt niin kiire ole, t\u00e4rke\u00e4mp\u00e4\u00e4 on etsi\u00e4 vaatteet, joissa on mukava olla!<\/p>\n<p>~~~~~~~~~~~~~~~~~~~~~~~~<\/p>\n<p style=\"text-align: center;\">Nyt kun t\u00e4m\u00e4 kuvausmaailma on hieman rajautunut, niin voin kertoa, ett\u00e4 minulla on t\u00f6iss\u00e4 vesipullo.\u00a0Ja \u00a0t\u00e4n\u00e4\u00e4n oli kamerakin. T\u00e4n\u00e4\u00e4nkin.<\/p>\n<p style=\"text-align: center;\">Yksinkertaisesta asiasta voi tehd\u00e4 musta-valkoisen.<\/p>\n<p style=\"text-align: center;\"><a style=\"font-size: 13px; line-height: 19px;\" href=\"https:\/\/www.satokangas.fi\/blogi\/wp-content\/uploads\/2013\/03\/vesipullo.jpg\"><img loading=\"lazy\" decoding=\"async\" alt=\"vesipullo\" src=\"https:\/\/www.satokangas.fi\/blogi\/wp-content\/uploads\/2013\/03\/vesipullo-400x400.jpg\" width=\"400\" height=\"400\" \/><\/a><\/p>\n<p style=\"text-align: center;\"><a href=\"https:\/\/www.satokangas.fi\/blogi\/wp-content\/uploads\/2013\/03\/vesipullo-3.jpg\"><img loading=\"lazy\" decoding=\"async\" data-attachment-id=\"16826\" data-permalink=\"https:\/\/www.satokangas.fi\/blogi\/2013\/03\/onko-sulla-joku-ongelma\/vesipullo-3\/\" data-orig-file=\"https:\/\/www.satokangas.fi\/blogi\/wp-content\/uploads\/2013\/03\/vesipullo-3.jpg\" data-orig-size=\"1123,1123\" data-comments-opened=\"1\" data-image-meta=\"{&quot;aperture&quot;:&quot;4&quot;,&quot;credit&quot;:&quot;&quot;,&quot;camera&quot;:&quot;Canon EOS 5D Mark II&quot;,&quot;caption&quot;:&quot;&quot;,&quot;created_timestamp&quot;:&quot;1363687069&quot;,&quot;copyright&quot;:&quot;&quot;,&quot;focal_length&quot;:&quot;200&quot;,&quot;iso&quot;:&quot;800&quot;,&quot;shutter_speed&quot;:&quot;0.001&quot;,&quot;title&quot;:&quot;&quot;}\" data-image-title=\"vesipullo 3\" data-image-description=\"\" data-image-caption=\"\" data-large-file=\"https:\/\/www.satokangas.fi\/blogi\/wp-content\/uploads\/2013\/03\/vesipullo-3-1024x1024.jpg\" class=\"size-medium wp-image-16826 aligncenter\" alt=\"vesipullo 3\" src=\"https:\/\/www.satokangas.fi\/blogi\/wp-content\/uploads\/2013\/03\/vesipullo-3-400x400.jpg\" width=\"400\" height=\"400\" srcset=\"https:\/\/www.satokangas.fi\/blogi\/wp-content\/uploads\/2013\/03\/vesipullo-3-400x400.jpg 400w, https:\/\/www.satokangas.fi\/blogi\/wp-content\/uploads\/2013\/03\/vesipullo-3-300x300.jpg 300w, https:\/\/www.satokangas.fi\/blogi\/wp-content\/uploads\/2013\/03\/vesipullo-3-1024x1024.jpg 1024w, https:\/\/www.satokangas.fi\/blogi\/wp-content\/uploads\/2013\/03\/vesipullo-3.jpg 1123w\" sizes=\"auto, (max-width: 400px) 100vw, 400px\" \/><\/a><\/p>\n<p style=\"text-align: center;\"><a href=\"https:\/\/www.satokangas.fi\/blogi\/wp-content\/uploads\/2013\/03\/vesipullo-2.jpg\"><img loading=\"lazy\" decoding=\"async\" data-attachment-id=\"16825\" data-permalink=\"https:\/\/www.satokangas.fi\/blogi\/2013\/03\/onko-sulla-joku-ongelma\/vesipullo-2\/\" data-orig-file=\"https:\/\/www.satokangas.fi\/blogi\/wp-content\/uploads\/2013\/03\/vesipullo-2.jpg\" data-orig-size=\"400,400\" data-comments-opened=\"1\" data-image-meta=\"{&quot;aperture&quot;:&quot;4&quot;,&quot;credit&quot;:&quot;&quot;,&quot;camera&quot;:&quot;Canon EOS 5D Mark II&quot;,&quot;caption&quot;:&quot;&quot;,&quot;created_timestamp&quot;:&quot;1363687069&quot;,&quot;copyright&quot;:&quot;&quot;,&quot;focal_length&quot;:&quot;200&quot;,&quot;iso&quot;:&quot;800&quot;,&quot;shutter_speed&quot;:&quot;0.001&quot;,&quot;title&quot;:&quot;&quot;}\" data-image-title=\"vesipullo 2\" data-image-description=\"\" data-image-caption=\"\" data-large-file=\"https:\/\/www.satokangas.fi\/blogi\/wp-content\/uploads\/2013\/03\/vesipullo-2.jpg\" class=\"size-full wp-image-16825 aligncenter\" alt=\"vesipullo 2\" src=\"https:\/\/www.satokangas.fi\/blogi\/wp-content\/uploads\/2013\/03\/vesipullo-2.jpg\" width=\"400\" height=\"400\" srcset=\"https:\/\/www.satokangas.fi\/blogi\/wp-content\/uploads\/2013\/03\/vesipullo-2.jpg 400w, https:\/\/www.satokangas.fi\/blogi\/wp-content\/uploads\/2013\/03\/vesipullo-2-300x300.jpg 300w\" sizes=\"auto, (max-width: 400px) 100vw, 400px\" \/><\/a><\/p>\n","protected":false},"excerpt":{"rendered":"<p>&#8211; Aiot sitten noilla kamppeilla t\u00f6ihin? Minusta tuo pusero kyll\u00e4 nyt ei oikein ole sopiva&#8230;. Pehtoori yritti aamulla olla hauska, &#8211; tai ainakin aukoa p\u00e4\u00e4t\u00e4\u00e4n. Kommenttinsa kun oli pient\u00e4 herjan heittoa eiliseen aamuun liittyen. Sattuipa eilen nimitt\u00e4in niin, ett\u00e4 minulla oli ollut vakaa aie menn\u00e4 t\u00f6ihin aikaisin. Minulle aikaisin on seitsem\u00e4ksi &#8211; kahdeksan (tai v\u00e4h\u00e4n ennen) on normi ja yhdeks\u00e4n &hellip; <\/p>\n","protected":false},"author":1,"featured_media":0,"comment_status":"open","ping_status":"open","sticky":false,"template":"","format":"standard","meta":{"jetpack_post_was_ever_published":false,"_jetpack_newsletter_access":"","_jetpack_dont_email_post_to_subs":false,"_jetpack_newsletter_tier_id":0,"_jetpack_memberships_contains_paywalled_content":false,"_jetpack_memberships_contains_paid_content":false,"footnotes":"","jetpack_publicize_message":"","jetpack_publicize_feature_enabled":true,"jetpack_social_post_already_shared":true,"jetpack_social_options":{"image_generator_settings":{"template":"highway","default_image_id":0,"font":"","enabled":false},"version":2}},"categories":[1,37],"tags":[],"class_list":["post-16824","post","type-post","status-publish","format-standard","hentry","category-aiheeton","category-valokuvaus","latest_post"],"jetpack_publicize_connections":[],"jetpack_featured_media_url":"","jetpack_shortlink":"https:\/\/wp.me\/pr4p4-4nm","jetpack_sharing_enabled":true,"jetpack_likes_enabled":false,"jetpack-related-posts":[{"id":14861,"url":"https:\/\/www.satokangas.fi\/blogi\/2012\/07\/uneen-aika-vaipuu\/","url_meta":{"origin":16824,"position":0},"title":"Nukku-Matti ei oo mun kaveri","author":"Reija","date":"30.7.2012","format":false,"excerpt":"Julma valo biisin kuulet\u00a0t\u00e4st\u00e4. Yksi niist\u00e4 syist\u00e4, jotka ovat aiheuttaneet kovasti ristiriitaisia tunteita t\u00f6ihin menossa, on uni. Tai siis sen puute. \"mut laulan menk\u00f6\u00f6n niin... \" kun en oikein muutenkaan osaa. Nukkumisen puute, v\u00e4symys, unettomuus, aamu\u00f6iden suden hetket, ylikierrokset, jonkin mukavan odotus, j\u00e4seni\u00e4 painava v\u00e4symys, joskus pakkokin valvoa ja tehd\u00e4\u2026","rel":"","context":"Kategoriassa &quot;Niit\u00e4 n\u00e4it\u00e4&quot;","block_context":{"text":"Niit\u00e4 n\u00e4it\u00e4","link":"https:\/\/www.satokangas.fi\/blogi\/category\/aiheeton\/"},"img":{"alt_text":"","src":"https:\/\/i0.wp.com\/www.satokangas.fi\/blogi\/wp-content\/uploads\/unipilvi1-398x400.jpg?resize=350%2C200&ssl=1","width":350,"height":200},"classes":[]},{"id":6955,"url":"https:\/\/www.satokangas.fi\/blogi\/2010\/04\/kevatduuniblues\/","url_meta":{"origin":16824,"position":1},"title":"Kev\u00e4tduuniblues","author":"Reija","date":"23.4.2010","format":false,"excerpt":"Aamulla paistoi aurinko kun menin t\u00f6ihin. Aika aikaisin menin. Siivoojat ja virastomestarit olivat sent\u00e4\u00e4n jo kampuksella, -\u00a0 jo aukaisseet ovet.\u00a0 Nukkuminen kun on taas ollut v\u00e4h\u00e4n niin ja n\u00e4in viime aikoina. Turhaa stressi\u00e4 ja oikeaa huolta. No niin, mutta: siis t\u00f6ihin. T\u00f6iss\u00e4 kolme kokousta. Kolme! \u00a0Yhdelle p\u00e4iv\u00e4lle kolme kokousta, joissa\u2026","rel":"","context":"Kategoriassa &quot;Yliopistoel\u00e4m\u00e4\u00e4&quot;","block_context":{"text":"Yliopistoel\u00e4m\u00e4\u00e4","link":"https:\/\/www.satokangas.fi\/blogi\/category\/yliopistoelamaa\/"},"img":{"alt_text":"","src":"","width":0,"height":0},"classes":[]},{"id":363,"url":"https:\/\/www.satokangas.fi\/blogi\/2008\/02\/valoisaa\/","url_meta":{"origin":16824,"position":2},"title":"Valoisaa!","author":"Reija","date":"27.2.2008","format":false,"excerpt":"T\u00f6ihin menness\u00e4 ja sielt\u00e4 tullessa on valoisaa: menin niin my\u00f6h\u00e4\u00e4n ja tulin niin aikaisin ja on kev\u00e4t! Mukava tehd\u00e4 pitk\u00e4st\u00e4 aikaa ihan tavallinen ty\u00f6p\u00e4iv\u00e4! Tosi mukava.","rel":"","context":"Kategoriassa &quot;Niit\u00e4 n\u00e4it\u00e4&quot;","block_context":{"text":"Niit\u00e4 n\u00e4it\u00e4","link":"https:\/\/www.satokangas.fi\/blogi\/category\/aiheeton\/"},"img":{"alt_text":"","src":"","width":0,"height":0},"classes":[]},{"id":15876,"url":"https:\/\/www.satokangas.fi\/blogi\/2012\/11\/marraskuu-on-purkissa-huh\/","url_meta":{"origin":16824,"position":3},"title":"Marraskuu on purkissa, huh!","author":"Reija","date":"30.11.2012","format":false,"excerpt":"Repaleisen y\u00f6n, unettoman aamuy\u00f6n j\u00e4lkeen nousen ja mietin, josko saunaan menisin. En viitsi. Suihkuttelut riitt\u00e4k\u00f6\u00f6t! Keit\u00e4n tummapaahtokahvia ison pannullisen, oikean pannullisen, ei mit\u00e4\u00e4n keitinkahvia. Sy\u00f6n paahtoleip\u00e4\u00e4 [kertoo lerppuilusta, kuituisempaa sen pit\u00e4isi oikeasti olla], luen lehte\u00e4 n\u00e4kem\u00e4tt\u00e4 edes otsikoita. Kun kerran ei oikein suju, ajattelen ett\u00e4 samahan se on t\u00f6ihin l\u00e4hte\u00e4.\u2026","rel":"","context":"Kategoriassa &quot;Historiaa&quot;","block_context":{"text":"Historiaa","link":"https:\/\/www.satokangas.fi\/blogi\/category\/historiaa\/"},"img":{"alt_text":"","src":"https:\/\/i0.wp.com\/www.satokangas.fi\/blogi\/wp-content\/uploads\/2012\/11\/Susiparit_PS004-596x400.jpg?resize=350%2C200&ssl=1","width":350,"height":200,"srcset":"https:\/\/i0.wp.com\/www.satokangas.fi\/blogi\/wp-content\/uploads\/2012\/11\/Susiparit_PS004-596x400.jpg?resize=350%2C200&ssl=1 1x, https:\/\/i0.wp.com\/www.satokangas.fi\/blogi\/wp-content\/uploads\/2012\/11\/Susiparit_PS004-596x400.jpg?resize=525%2C300&ssl=1 1.5x"},"classes":[]},{"id":3481,"url":"https:\/\/www.satokangas.fi\/blogi\/2009\/06\/unettaa\/","url_meta":{"origin":16824,"position":4},"title":"Unettaa","author":"Reija","date":"4.6.2009","format":false,"excerpt":"Harvoin t\u00f6iss\u00e4 nukuttaa, t\u00e4n\u00e4\u00e4n nukutti. Aamulla ei. Ei nukuttanut, joten olin jo kuuden j\u00e4lkeen merenrannassa. Siell\u00e4 oli kylm\u00e4. Ilman k\u00e4sineit\u00e4 ei olisi kannattanut menn\u00e4. Muutoin kannatti. Mets\u00e4taipaleellakaan ei viel\u00e4 itikoita. Kaunis alkukes\u00e4n vehreys. T\u00f6ihin ei olisi kannattanut menn\u00e4 ollenkaan. Aikaansaamattomuus ja v\u00e4sy riepoo. L\u00e4hdinkin hyvin aikaisin pois. J\u00e4rkk\u00e4ilem\u00e4\u00e4n huomisia kestej\u00e4.\u2026","rel":"","context":"Kategoriassa &quot;Niit\u00e4 n\u00e4it\u00e4&quot;","block_context":{"text":"Niit\u00e4 n\u00e4it\u00e4","link":"https:\/\/www.satokangas.fi\/blogi\/category\/aiheeton\/"},"img":{"alt_text":"aamulenkilla","src":"https:\/\/i0.wp.com\/www.satokangas.fi\/blogi\/wp-content\/uploads\/2009\/06\/aamulenkilla-266x400.jpg?resize=350%2C200&ssl=1","width":350,"height":200},"classes":[]},{"id":21214,"url":"https:\/\/www.satokangas.fi\/blogi\/2014\/05\/mansikka-aika-tuo-ikavan\/","url_meta":{"origin":16824,"position":5},"title":"Mansikka-aika tuo ik\u00e4v\u00e4n!","author":"Reija","date":"23.5.2014","format":false,"excerpt":"\u00a0 Vitkuttelin aamulla t\u00f6ihin l\u00e4ht\u00f6\u00e4, lueskelin kotona, join toisen mukillisen kahvia, vastailin s\u00e4hk\u00f6posteihin, ja puoli kahdeksan j\u00e4lkeen ajattelin, ett\u00e4 nyt l\u00e4hden! Ovathan ne jo siell\u00e4 Prisman edess\u00e4 mansikan myynniss\u00e4, olivathan ne eilenkin jo hyviss\u00e4 ajoin ennen kahdeksaa, joten ovathan ne nytkin? ... eilen ohi polkiessani n\u00e4in siell\u00e4 marjap\u00f6yd\u00e4n ensimm\u00e4ist\u00e4 kertaa\u2026","rel":"","context":"Kategoriassa &quot;Niit\u00e4 n\u00e4it\u00e4&quot;","block_context":{"text":"Niit\u00e4 n\u00e4it\u00e4","link":"https:\/\/www.satokangas.fi\/blogi\/category\/aiheeton\/"},"img":{"alt_text":"Lukukauden lopulla-2","src":"https:\/\/i0.wp.com\/www.satokangas.fi\/blogi\/wp-content\/uploads\/2014\/05\/Lukukauden-lopulla-2-1157x1024.jpg?resize=350%2C200&ssl=1","width":350,"height":200,"srcset":"https:\/\/i0.wp.com\/www.satokangas.fi\/blogi\/wp-content\/uploads\/2014\/05\/Lukukauden-lopulla-2-1157x1024.jpg?resize=350%2C200&ssl=1 1x, https:\/\/i0.wp.com\/www.satokangas.fi\/blogi\/wp-content\/uploads\/2014\/05\/Lukukauden-lopulla-2-1157x1024.jpg?resize=525%2C300&ssl=1 1.5x, https:\/\/i0.wp.com\/www.satokangas.fi\/blogi\/wp-content\/uploads\/2014\/05\/Lukukauden-lopulla-2-1157x1024.jpg?resize=700%2C400&ssl=1 2x"},"classes":[]}],"_links":{"self":[{"href":"https:\/\/www.satokangas.fi\/blogi\/wp-json\/wp\/v2\/posts\/16824","targetHints":{"allow":["GET"]}}],"collection":[{"href":"https:\/\/www.satokangas.fi\/blogi\/wp-json\/wp\/v2\/posts"}],"about":[{"href":"https:\/\/www.satokangas.fi\/blogi\/wp-json\/wp\/v2\/types\/post"}],"author":[{"embeddable":true,"href":"https:\/\/www.satokangas.fi\/blogi\/wp-json\/wp\/v2\/users\/1"}],"replies":[{"embeddable":true,"href":"https:\/\/www.satokangas.fi\/blogi\/wp-json\/wp\/v2\/comments?post=16824"}],"version-history":[{"count":0,"href":"https:\/\/www.satokangas.fi\/blogi\/wp-json\/wp\/v2\/posts\/16824\/revisions"}],"wp:attachment":[{"href":"https:\/\/www.satokangas.fi\/blogi\/wp-json\/wp\/v2\/media?parent=16824"}],"wp:term":[{"taxonomy":"category","embeddable":true,"href":"https:\/\/www.satokangas.fi\/blogi\/wp-json\/wp\/v2\/categories?post=16824"},{"taxonomy":"post_tag","embeddable":true,"href":"https:\/\/www.satokangas.fi\/blogi\/wp-json\/wp\/v2\/tags?post=16824"}],"curies":[{"name":"wp","href":"https:\/\/api.w.org\/{rel}","templated":true}]}}