{"id":16269,"date":"2013-01-15T17:36:49","date_gmt":"2013-01-15T15:36:49","guid":{"rendered":"https:\/\/www.satokangas.fi\/blogi\/?p=16269"},"modified":"2013-01-15T22:12:03","modified_gmt":"2013-01-15T20:12:03","slug":"aani","status":"publish","type":"post","link":"https:\/\/www.satokangas.fi\/blogi\/2013\/01\/aani\/","title":{"rendered":"\u00c4\u00e4ni"},"content":{"rendered":"<p>Digikurssin l\u00e4ksyn\u00e4 \u00e4\u00e4ni.<\/p>\n<p>Sen j\u00e4lkeen kun puhelimet, iPodit, her\u00e4tyskellot, paloautot, lapsilauma tarhan pihalla &#8230; ja kaikki muu \u00e4\u00e4nek\u00e4s oli kuvattu, ryhdyin miettim\u00e4\u00e4n ett\u00e4 teht\u00e4v\u00e4 onkin &#8221;\u00e4\u00e4ni&#8221;, ei \u00e4\u00e4nen aikaansaaja, ei \u00e4\u00e4nen tuottaja, vaan \u00e4\u00e4ni. Miten kuvaat \u00e4\u00e4nt\u00e4?<\/p>\n<p>Kuvassa t\u00e4ytyisi jonkun tehd\u00e4 jotain, joka johtuu \u00e4\u00e4nest\u00e4: tanssia, pit\u00e4\u00e4 k\u00e4si\u00e4 korvilla, huutaa, &#8230; Olisi siis oltava malli, ihminen, joka tekisi jotain. Eik\u00e4 minulla ole mallia.<\/p>\n<p>Sitten tulee mieleen \u00e4\u00e4ni, vaaleissa annettava \u00e4\u00e4ni. \u00c4\u00e4nestyslippua ei ollut saatavilla, mutta historioitsijallahan nyt aina on pari \u00e4\u00e4nestyslippua valtiollisten vaalien alkutaipaleelta arkistoissaan ja eikun kuvaamaan. \u00c4\u00e4ni se on t\u00e4m\u00e4kin.<\/p>\n<p><a href=\"https:\/\/www.satokangas.fi\/blogi\/wp-content\/uploads\/2013\/01\/Vaalilippu-\u00e4\u00e4ni.jpg\"><img loading=\"lazy\" decoding=\"async\" class=\"aligncenter size-medium wp-image-16270\" alt=\"Vaalilippu - \u00e4\u00e4ni\" src=\"https:\/\/www.satokangas.fi\/blogi\/wp-content\/uploads\/2013\/01\/Vaalilippu-\u00e4\u00e4ni-600x395.jpg\" width=\"600\" height=\"395\" \/><\/a><\/p>\n<p><a href=\"https:\/\/www.satokangas.fi\/blogi\/wp-content\/uploads\/2013\/01\/Vaalilippu-\u00e4\u00e4ni-3.jpg\"><img loading=\"lazy\" decoding=\"async\" class=\"aligncenter size-medium wp-image-16272\" alt=\"Vaalilippu - \u00e4\u00e4ni-3\" src=\"https:\/\/www.satokangas.fi\/blogi\/wp-content\/uploads\/2013\/01\/Vaalilippu-\u00e4\u00e4ni-3-600x400.jpg\" width=\"600\" height=\"400\" \/><\/a><\/p>\n<p><a href=\"https:\/\/www.satokangas.fi\/blogi\/wp-content\/uploads\/2013\/01\/vaalippu-3.jpg\"><img loading=\"lazy\" decoding=\"async\" data-attachment-id=\"16271\" data-permalink=\"https:\/\/www.satokangas.fi\/blogi\/2013\/01\/aani\/vaalippu-3\/\" data-orig-file=\"https:\/\/www.satokangas.fi\/blogi\/wp-content\/uploads\/2013\/01\/vaalippu-3.jpg\" data-orig-size=\"1600,844\" data-comments-opened=\"1\" data-image-meta=\"{&quot;aperture&quot;:&quot;2.8&quot;,&quot;credit&quot;:&quot;&quot;,&quot;camera&quot;:&quot;Canon EOS 5D Mark II&quot;,&quot;caption&quot;:&quot;&quot;,&quot;created_timestamp&quot;:&quot;1358196130&quot;,&quot;copyright&quot;:&quot;&quot;,&quot;focal_length&quot;:&quot;35&quot;,&quot;iso&quot;:&quot;1600&quot;,&quot;shutter_speed&quot;:&quot;0.005&quot;,&quot;title&quot;:&quot;&quot;}\" data-image-title=\"vaalippu &amp;#8211; 3\" data-image-description=\"\" data-image-caption=\"\" data-large-file=\"https:\/\/www.satokangas.fi\/blogi\/wp-content\/uploads\/2013\/01\/vaalippu-3.jpg\" class=\"aligncenter size-medium wp-image-16271\" alt=\"vaalippu - 3\" src=\"https:\/\/www.satokangas.fi\/blogi\/wp-content\/uploads\/2013\/01\/vaalippu-3-600x316.jpg\" width=\"600\" height=\"316\" srcset=\"https:\/\/www.satokangas.fi\/blogi\/wp-content\/uploads\/2013\/01\/vaalippu-3-600x316.jpg 600w, https:\/\/www.satokangas.fi\/blogi\/wp-content\/uploads\/2013\/01\/vaalippu-3-300x158.jpg 300w, https:\/\/www.satokangas.fi\/blogi\/wp-content\/uploads\/2013\/01\/vaalippu-3.jpg 1600w\" sizes=\"auto, (max-width: 600px) 100vw, 600px\" \/><\/a><\/p>\n<p>Ei minulla tietenk\u00e4\u00e4n kotona mit\u00e4\u00e4n \u00e4\u00e4nestyslippuja ole, vaan otin kuvan\u00a0<a href=\"http:\/\/www.vaalit.fi\/eduskuntavaalit1907\/index.html\">t\u00e4\u00e4lt\u00e4<\/a>,\u00a0ja siirsin photariin, tulostin &#8221;v\u00e4\u00e4renn\u00f6ksen&#8221; ja sitten piirsin \u00e4\u00e4nen itse ja sitten kuvasin.<\/p>\n<p>Klikkaamalla tuon alimmaisen kuvan, jossa on siis kopio vaalilipusta, isommaksi n\u00e4et ehdokasasettulussa mielenkiintoisia juttuja. \u00a0Ensimm\u00e4isiss\u00e4 valtiollisissa vaaleissa Vaasan l\u00e4\u00e4nin vaalipiiriss\u00e4 olleet ehdokkaat ovat nelj\u00e4ss\u00e4 vaaliliitossa. Joukossa on vain yksi nainen. Anni P\u00e4iv\u00e4rinta vaaliliitto C:n kolmessakin listassa. Kauhavalla h\u00e4nen nimens\u00e4 on ensimm\u00e4isen\u00e4 listalla &#8221;Maalaisv\u00e4est\u00f6n etu&#8221;, Isonkyr\u00f6n Maalaisten etu -listassa toisena ja Lapualla listalla Maahenki ja valistus -listalla kolmantena. \u00a0Mit\u00e4 t\u00e4m\u00e4 tarkoittaa?<\/p>\n<p>Jos punainen viiva (= annettu \u00e4\u00e4ni) olisi vedetty kohtaan Isokyr\u00f6, Maalaisten etu, olisi Anni saanut puolikkaan \u00e4\u00e4nen, koska h\u00e4n oli listassa toisena. Ensimm\u00e4isen\u00e4 ollut Malmivaara V\u00e4in\u00f6 olisi saanut kokonaisen \u00e4\u00e4nen ja kolmentena ollut A. Kivel\u00e4 1\/3 \u00e4\u00e4nt\u00e4. Annin listan ykk\u00f6nen V\u00e4ino Malmivaara sek\u00e4 Suomalaisen puolueen Ylistaron listalla &#8221;Edistys kristillisyyden pohjalta&#8221; Wilhelmi Malmivaara olivat her\u00e4nn\u00e4isjohtaja Nils Malmbergin j\u00e4lkel\u00e4isi\u00e4 ja t\u00e4m\u00e4n k\u00f6rttisuvun j\u00e4lkikasvua on my\u00f6s n\u00e4yttelij\u00e4 Laura Malmivaara.<\/p>\n<p>Suomessa eduskuntavaaleja j\u00e4rjestettiin aluksi vuosittain ja n\u00e4it\u00e4 aika valtavia \u00e4\u00e4nestyslippuja viivailtiin siis tiuhaan. Kannattaa katsella noita vaalilistojen nimi\u00e4: kovin ovat toiveet konkreettisia.\u00a0Miksik\u00f6 \u00e4\u00e4ni annettiin punaisella viivalla: helpottamaan \u00e4\u00e4ntenlaskentaa. Ajatelkaa, millaista olisi ollut n\u00e4ist\u00e4 vaalilipuista etsi\u00e4 lyijykyn\u00e4ll\u00e4 tai mustekyn\u00e4ll\u00e4 tehtyj\u00e4 viivoja: punainen n\u00e4kyi! \u00a0Kerrallaan valittiin aina vain kolmannes kansanedustajista. Vaaliruljanssi k\u00e4vi ty\u00f6l\u00e4\u00e4ksi ja kalliiksi ja \u00a0vaalij\u00e4rjestelm\u00e4 muutettiin ja vuosittaisista vaaleista luovuttiin.<\/p>\n<p>Nyt l\u00e4hden kurssille katsomaan, millaisia \u00e4\u00e4ni\u00e4 muut ovat kuvanneet.<\/p>\n","protected":false},"excerpt":{"rendered":"<p>Digikurssin l\u00e4ksyn\u00e4 \u00e4\u00e4ni. Sen j\u00e4lkeen kun puhelimet, iPodit, her\u00e4tyskellot, paloautot, lapsilauma tarhan pihalla &#8230; ja kaikki muu \u00e4\u00e4nek\u00e4s oli kuvattu, ryhdyin miettim\u00e4\u00e4n ett\u00e4 teht\u00e4v\u00e4 onkin &#8221;\u00e4\u00e4ni&#8221;, ei \u00e4\u00e4nen aikaansaaja, ei \u00e4\u00e4nen tuottaja, vaan \u00e4\u00e4ni. Miten kuvaat \u00e4\u00e4nt\u00e4? Kuvassa t\u00e4ytyisi jonkun tehd\u00e4 jotain, joka johtuu \u00e4\u00e4nest\u00e4: tanssia, pit\u00e4\u00e4 k\u00e4si\u00e4 korvilla, huutaa, &#8230; Olisi siis oltava malli, ihminen, joka tekisi jotain. Eik\u00e4 &hellip; <\/p>\n","protected":false},"author":1,"featured_media":0,"comment_status":"open","ping_status":"open","sticky":false,"template":"","format":"standard","meta":{"jetpack_post_was_ever_published":false,"_jetpack_newsletter_access":"","_jetpack_dont_email_post_to_subs":false,"_jetpack_newsletter_tier_id":0,"_jetpack_memberships_contains_paywalled_content":false,"_jetpack_memberships_contains_paid_content":false,"footnotes":"","jetpack_publicize_message":"","jetpack_publicize_feature_enabled":true,"jetpack_social_post_already_shared":true,"jetpack_social_options":{"image_generator_settings":{"template":"highway","default_image_id":0,"font":"","enabled":false},"version":2}},"categories":[13,37],"tags":[],"class_list":["post-16269","post","type-post","status-publish","format-standard","hentry","category-historiaa","category-valokuvaus","latest_post"],"jetpack_publicize_connections":[],"jetpack_featured_media_url":"","jetpack_shortlink":"https:\/\/wp.me\/sr4p4-aani","jetpack_sharing_enabled":true,"jetpack_likes_enabled":false,"jetpack-related-posts":[{"id":13372,"url":"https:\/\/www.satokangas.fi\/blogi\/2012\/01\/oma-aani\/","url_meta":{"origin":16269,"position":0},"title":"Oma \u00e4\u00e4ni?","author":"Reija","date":"26.1.2012","format":false,"excerpt":"Oulu illalla. Pit\u00e4isi olla useammin illalla ulkona. Talvellakin. Ja her\u00e4t\u00e4 useammin niin aikaisin kuin t\u00e4n\u00e4\u00e4n. Aamut on hyvi\u00e4. Luin eilen jostain, ett\u00e4 luovan kirjoittajan t\u00e4ytyisi oppia l\u00f6yt\u00e4m\u00e4\u00e4n oma \u00e4\u00e4nens\u00e4. Olisi l\u00f6ydett\u00e4v\u00e4 oma luontainen tapansa kirjoittaa, ja sen pit\u00e4isi erottua muista. Tuollaisen lukemisen j\u00e4lkeen olen t\u00e4ysin kipsiss\u00e4 kirjoittamaan en\u00e4\u00e4 yht\u00e4\u00e4n mit\u00e4\u00e4n.\u2026","rel":"","context":"Kategoriassa &quot;Niit\u00e4 n\u00e4it\u00e4&quot;","block_context":{"text":"Niit\u00e4 n\u00e4it\u00e4","link":"https:\/\/www.satokangas.fi\/blogi\/category\/aiheeton\/"},"img":{"alt_text":"","src":"https:\/\/i0.wp.com\/www.satokangas.fi\/blogi\/wp-content\/uploads\/ilta-600x400.jpg?resize=350%2C200&ssl=1","width":350,"height":200,"srcset":"https:\/\/i0.wp.com\/www.satokangas.fi\/blogi\/wp-content\/uploads\/ilta-600x400.jpg?resize=350%2C200&ssl=1 1x, https:\/\/i0.wp.com\/www.satokangas.fi\/blogi\/wp-content\/uploads\/ilta-600x400.jpg?resize=525%2C300&ssl=1 1.5x"},"classes":[]},{"id":12849,"url":"https:\/\/www.satokangas.fi\/blogi\/2011\/11\/valokuvatorstai-aani\/","url_meta":{"origin":16269,"position":1},"title":"Valokuvatorstai: \u00c4\u00e4ni","author":"Reija","date":"17.11.2011","format":false,"excerpt":"Valokuvatorstain haasteena \u00e4\u00e4ni. \"\u00e4\u00e4ni, jonka viimeksi kuulit kodin ulkopuolella.\" Ennen kuulematon oli \u00e4\u00e4ni Kaunisp\u00e4\u00e4n rinteell\u00e4 alkuvviikosta patikoidessa; ei t\u00e4\u00e4ll\u00e4 Lapissa juuri muita \u00e4\u00e4ni\u00e4 ole kuulunutkaan ... Tunturikoivut olivat j\u00e4\u00e4tyneet, ja tuulen v\u00e4reilless\u00e4 j\u00e4\u00e4tyneist\u00e4 oksista l\u00e4hti \u00e4\u00e4ni. J\u00e4\u00e4kellojen ja tuulen soitto! (kuvat suurenevat klikkaamalla) \u00a0Eip\u00e4 ennen olekaan \"lennosta\" tullut haasteeseen osallistuttua.\u2026","rel":"","context":"Kategoriassa &quot;Niit\u00e4 n\u00e4it\u00e4&quot;","block_context":{"text":"Niit\u00e4 n\u00e4it\u00e4","link":"https:\/\/www.satokangas.fi\/blogi\/category\/aiheeton\/"},"img":{"alt_text":"","src":"https:\/\/i0.wp.com\/www.satokangas.fi\/blogi\/wp-content\/uploads\/aani-2-600x354.jpg?resize=350%2C200&ssl=1","width":350,"height":200,"srcset":"https:\/\/i0.wp.com\/www.satokangas.fi\/blogi\/wp-content\/uploads\/aani-2-600x354.jpg?resize=350%2C200&ssl=1 1x, https:\/\/i0.wp.com\/www.satokangas.fi\/blogi\/wp-content\/uploads\/aani-2-600x354.jpg?resize=525%2C300&ssl=1 1.5x"},"classes":[]},{"id":16255,"url":"https:\/\/www.satokangas.fi\/blogi\/2013\/01\/laksyja-tehty-ja-tekematta\/","url_meta":{"origin":16269,"position":2},"title":"L\u00e4ksyj\u00e4 tehty ja tekem\u00e4tt\u00e4","author":"Reija","date":"13.1.2013","format":false,"excerpt":"Luulenko vain, mutta ehk\u00e4 en sittenk\u00e4\u00e4n vaan oikeasti on kyll\u00e4 poikkeuksellisen kaunis talvi. Pitk\u00e4n aamup\u00e4iv\u00e4lenkin (paljon uutta musiikkia iPodilla, mm. t\u00e4m\u00e4! Onhan voima ja tunne? ON! I like!) j\u00e4lkeen viel\u00e4 kotipihalla kuvaussessio... Omenasato j\u00e4i poimimatta! T\u00e4ss\u00e4 se kuvallisena, t\u00e4lt\u00e4 se nyt n\u00e4ytt\u00e4\u00e4. Makrokuvat kannattaa klikata isommiksi...Varsinkin t\u00e4m\u00e4 ensimm\u00e4inen kuva! \u00a0\u2026","rel":"","context":"Kategoriassa &quot;Niit\u00e4 n\u00e4it\u00e4&quot;","block_context":{"text":"Niit\u00e4 n\u00e4it\u00e4","link":"https:\/\/www.satokangas.fi\/blogi\/category\/aiheeton\/"},"img":{"alt_text":"Talvipuutarha-3","src":"https:\/\/i0.wp.com\/www.satokangas.fi\/blogi\/wp-content\/uploads\/2013\/01\/Talvipuutarha-3-292x400.jpg?resize=350%2C200&ssl=1","width":350,"height":200},"classes":[]},{"id":8496,"url":"https:\/\/www.satokangas.fi\/blogi\/2010\/09\/valokuvatorstai-kaiku\/","url_meta":{"origin":16269,"position":3},"title":"Valokuvatorstai: Kaiku","author":"Reija","date":"9.9.2010","format":false,"excerpt":"Valokuvatorstain haasteena t\u00e4n\u00e4\u00e4n \u00e4\u00e4ni. Pit\u00e4\u00e4 yritt\u00e4\u00e4 kuvata \u00e4\u00e4nt\u00e4. \"Mets\u00e4 vastaa niin kuin sinne huudetaan\", eik\u00f6? T\u00e4ss\u00e4 kuvassa (klikkaamalla suurenee) siis \u00e4\u00e4ni. Toisaalta hiljaisuus. Kiilop\u00e4\u00e4ll\u00e4 7.8.2010","rel":"","context":"Kategoriassa &quot;Valokuvatorstai&quot;","block_context":{"text":"Valokuvatorstai","link":"https:\/\/www.satokangas.fi\/blogi\/category\/valokuvaus\/valokuvatorstai\/"},"img":{"alt_text":"","src":"https:\/\/i0.wp.com\/www.satokangas.fi\/blogi\/wp-content\/uploads\/Kaiku-500x275.jpg?resize=350%2C200&ssl=1","width":350,"height":200},"classes":[]},{"id":444,"url":"https:\/\/www.satokangas.fi\/blogi\/2008\/06\/miksi-huomenna-ouluun\/","url_meta":{"origin":16269,"position":4},"title":"Miksi huomenna Ouluun?","author":"Reija","date":"7.6.2008","format":false,"excerpt":"Onhan kuukkelilla ruma \u00e4\u00e4ni. Sit\u00e4 kuuntelin ja mietin nuotiopaikalla taukoa pit\u00e4ess\u00e4. Mietin samalla, ett\u00e4 ei siit\u00e4 ole kuin nelj\u00e4 vuotta kun palkintolaatan saatuamme oikein lehtihaastattelussa sanoimme yhteen \u00e4\u00e4neen, ett\u00e4 me mit\u00e4\u00e4n m\u00f6kki\u00e4 tarvita tai laiteta, riitt\u00e4\u00e4 kun pidet\u00e4\u00e4n kodista ja sen pihasta huolta. Nautitaan kun on kerran saatu piha priimakuntoon\u2026","rel":"","context":"Kategoriassa &quot;Lappi&quot;","block_context":{"text":"Lappi","link":"https:\/\/www.satokangas.fi\/blogi\/category\/lappi\/"},"img":{"alt_text":"","src":"","width":0,"height":0},"classes":[]},{"id":12925,"url":"https:\/\/www.satokangas.fi\/blogi\/2011\/11\/marrasmyrsky\/","url_meta":{"origin":16269,"position":5},"title":"Marrasmyrsky","author":"Reija","date":"26.11.2011","format":false,"excerpt":"Varoitukset l\u00e4hivuorokaudelle (24 h) P\u00e4ivitetty 26.11.2011 klo 11:58 Varoitukset merialueilla Myrskyvaroitus: Per\u00e4meri: Lounaismyrsky\u00e4 22 m\/s. \u00a0 K\u00e4vimme aallonmurtajalla. Luonto n\u00e4ytti voimansa. En osannut sit\u00e4 voimaa kuvata, mutta hienoa oli. Hirmuista. Kuvat suurenevat klikkaamalla. \u00a0 Ilokivet tuolla tyrskyjen keskell\u00e4. Ei puhettakaan ett\u00e4 olisi uskaltanut menn\u00e4 aallonmurtajan p\u00e4\u00e4h\u00e4n. Ilokivet on tullut kuvatuksi\u2026","rel":"","context":"Kategoriassa &quot;Niit\u00e4 n\u00e4it\u00e4&quot;","block_context":{"text":"Niit\u00e4 n\u00e4it\u00e4","link":"https:\/\/www.satokangas.fi\/blogi\/category\/aiheeton\/"},"img":{"alt_text":"","src":"https:\/\/i0.wp.com\/www.satokangas.fi\/blogi\/wp-content\/uploads\/myrsky-600x361.jpg?resize=350%2C200&ssl=1","width":350,"height":200,"srcset":"https:\/\/i0.wp.com\/www.satokangas.fi\/blogi\/wp-content\/uploads\/myrsky-600x361.jpg?resize=350%2C200&ssl=1 1x, https:\/\/i0.wp.com\/www.satokangas.fi\/blogi\/wp-content\/uploads\/myrsky-600x361.jpg?resize=525%2C300&ssl=1 1.5x"},"classes":[]}],"_links":{"self":[{"href":"https:\/\/www.satokangas.fi\/blogi\/wp-json\/wp\/v2\/posts\/16269","targetHints":{"allow":["GET"]}}],"collection":[{"href":"https:\/\/www.satokangas.fi\/blogi\/wp-json\/wp\/v2\/posts"}],"about":[{"href":"https:\/\/www.satokangas.fi\/blogi\/wp-json\/wp\/v2\/types\/post"}],"author":[{"embeddable":true,"href":"https:\/\/www.satokangas.fi\/blogi\/wp-json\/wp\/v2\/users\/1"}],"replies":[{"embeddable":true,"href":"https:\/\/www.satokangas.fi\/blogi\/wp-json\/wp\/v2\/comments?post=16269"}],"version-history":[{"count":0,"href":"https:\/\/www.satokangas.fi\/blogi\/wp-json\/wp\/v2\/posts\/16269\/revisions"}],"wp:attachment":[{"href":"https:\/\/www.satokangas.fi\/blogi\/wp-json\/wp\/v2\/media?parent=16269"}],"wp:term":[{"taxonomy":"category","embeddable":true,"href":"https:\/\/www.satokangas.fi\/blogi\/wp-json\/wp\/v2\/categories?post=16269"},{"taxonomy":"post_tag","embeddable":true,"href":"https:\/\/www.satokangas.fi\/blogi\/wp-json\/wp\/v2\/tags?post=16269"}],"curies":[{"name":"wp","href":"https:\/\/api.w.org\/{rel}","templated":true}]}}