{"id":14369,"date":"2012-05-25T21:42:45","date_gmt":"2012-05-25T18:42:45","guid":{"rendered":"https:\/\/www.satokangas.fi\/blogi\/?p=14369"},"modified":"2021-02-26T09:59:06","modified_gmt":"2021-02-26T07:59:06","slug":"cimitario-hautaustapa-italialaisittain","status":"publish","type":"post","link":"https:\/\/www.satokangas.fi\/blogi\/2012\/05\/cimitario-hautaustapa-italialaisittain\/","title":{"rendered":"Cimitario &#8211; hautaustapa italialaisittain"},"content":{"rendered":"<p style=\"text-align: justify;\">Kauheasti kaikkea uutta tapahtunut t\u00e4\u00e4ll\u00e4 kotikaupungissa kuukauden aikana: Rajahaudan lenkin varrella on siistitty rantavitikkoa, viime syysmyrskyjen kaatamat puut on viety pois, Stockan parkkihallissa on remontti ja Herkussa on hyllyjen paikkoja vaihdettu, hautausmaalla tutulla reitill\u00e4 on monta uutta hautakive\u00e4, \u00a0Kauppahallissa uutta Toscanan patonkia (jossa oli onneksi suolaa toisin kuin Toscanan ja Umbrian leiviss\u00e4 paikanp\u00e4\u00e4ll\u00e4), Caritaksen edest\u00e4 ep\u00e4m\u00e4\u00e4r\u00e4inen pensasryteikk\u00f6 poistettu, Citymarketin (ei Prisman kuten eilen annoin ymm\u00e4rt\u00e4\u00e4 ja kuten eilen itsekin viel\u00e4 luulin) edess\u00e4 on paleleva, mutta palveleva mansikan myyj\u00e4 (Espanjan mansikat eiv\u00e4t ihan niin hyvi\u00e4 kuin Italiassa). Mutta yksi on ja pysyy: DNA:n asiakaspalvelun pitk\u00e4t jonot! Kolme varttia ei ole homma eik\u00e4 mik\u00e4\u00e4n! Ihan normijuttu. Mutta ehk\u00e4p\u00e4 homma sent\u00e4\u00e4n korjaantui.<\/p>\n<p style=\"text-align: justify;\">~~~~~~~~~~~~~~~~~~~~~~~~~~~~~~~~~~~~~~~~~~~~~~<\/p>\n<p style=\"text-align: justify;\">Mutta tuosta hautausmaa-jutusta tulikin mieleeni, ett\u00e4 olen luvannut kertoa Umbrian \u00a0&#8211; ja monien muidenkin Italian maakuntien &#8211; hautalehdoista.<\/p>\n<p style=\"text-align: justify;\">Parin kilometrin p\u00e4\u00e4ss\u00e4 taloltamme &#8211; alasp\u00e4in, siis kohti Pantallan kyl\u00e4n keskustaa &#8211; oli pieni aidattu hautausalue, sypressien reunustama hautapaikkojen alue. Kukkulalla. (huom autot parkkipaikalla, niit\u00e4 oli aina)<\/p>\n<p style=\"text-align: center;\"><span style=\"color: #800000;\">(muistuttelen taas ett\u00e4 kuvat suurenevat klikkaamalla)<\/span><\/p>\n<p style=\"text-align: center;\"><a href=\"https:\/\/www.satokangas.fi\/blogi\/wp-content\/uploads\/Pantallan-cimitario-Custom.jpg\"><img loading=\"lazy\" decoding=\"async\" data-attachment-id=\"14371\" data-permalink=\"https:\/\/www.satokangas.fi\/blogi\/2012\/05\/cimitario-hautaustapa-italialaisittain\/pantallan-cimitario-custom\/\" data-orig-file=\"https:\/\/www.satokangas.fi\/blogi\/wp-content\/uploads\/Pantallan-cimitario-Custom.jpg\" data-orig-size=\"1100,733\" data-comments-opened=\"1\" data-image-meta=\"{&quot;aperture&quot;:&quot;4&quot;,&quot;credit&quot;:&quot;&quot;,&quot;camera&quot;:&quot;Canon EOS 5D Mark II&quot;,&quot;caption&quot;:&quot;&quot;,&quot;created_timestamp&quot;:&quot;1336469189&quot;,&quot;copyright&quot;:&quot;&quot;,&quot;focal_length&quot;:&quot;200&quot;,&quot;iso&quot;:&quot;125&quot;,&quot;shutter_speed&quot;:&quot;0.0005&quot;,&quot;title&quot;:&quot;&quot;}\" data-image-title=\"Pantallan cimitario (Custom)\" data-image-description=\"\" data-image-caption=\"\" data-large-file=\"https:\/\/www.satokangas.fi\/blogi\/wp-content\/uploads\/Pantallan-cimitario-Custom.jpg\" class=\"size-medium wp-image-14371 aligncenter\" title=\"Pantallan cimitario (Custom)\" src=\"https:\/\/www.satokangas.fi\/blogi\/wp-content\/uploads\/Pantallan-cimitario-Custom-600x400.jpg\" alt=\"\" width=\"600\" height=\"400\" srcset=\"https:\/\/www.satokangas.fi\/blogi\/wp-content\/uploads\/Pantallan-cimitario-Custom-600x400.jpg 600w, https:\/\/www.satokangas.fi\/blogi\/wp-content\/uploads\/Pantallan-cimitario-Custom-200x133.jpg 200w, https:\/\/www.satokangas.fi\/blogi\/wp-content\/uploads\/Pantallan-cimitario-Custom.jpg 1100w\" sizes=\"auto, (max-width: 600px) 100vw, 600px\" \/><\/a><\/p>\n<p>Pantallan lis\u00e4ksi taloltamme k\u00e4velymatkan p\u00e4\u00e4ss\u00e4 olivat Piedicollen ja Collazzonen hautalehdot. Collepepen kyl\u00e4n hautapaikoilla k\u00e4vimme autolla. N\u00e4m\u00e4 hautauspaikat olivat aina kukkulalla.<\/p>\n<p style=\"text-align: center;\"><a href=\"https:\/\/www.satokangas.fi\/blogi\/wp-content\/uploads\/Piedicollen.jpg\"><img loading=\"lazy\" decoding=\"async\" data-attachment-id=\"14372\" data-permalink=\"https:\/\/www.satokangas.fi\/blogi\/2012\/05\/cimitario-hautaustapa-italialaisittain\/piedicollen\/\" data-orig-file=\"https:\/\/www.satokangas.fi\/blogi\/wp-content\/uploads\/Piedicollen.jpg\" data-orig-size=\"1100,716\" data-comments-opened=\"1\" data-image-meta=\"{&quot;aperture&quot;:&quot;4&quot;,&quot;credit&quot;:&quot;&quot;,&quot;camera&quot;:&quot;Canon EOS 5D Mark II&quot;,&quot;caption&quot;:&quot;&quot;,&quot;created_timestamp&quot;:&quot;1336469141&quot;,&quot;copyright&quot;:&quot;&quot;,&quot;focal_length&quot;:&quot;200&quot;,&quot;iso&quot;:&quot;125&quot;,&quot;shutter_speed&quot;:&quot;0.0003125&quot;,&quot;title&quot;:&quot;&quot;}\" data-image-title=\"Piedicollen\" data-image-description=\"\" data-image-caption=\"\" data-large-file=\"https:\/\/www.satokangas.fi\/blogi\/wp-content\/uploads\/Piedicollen.jpg\" class=\"size-medium wp-image-14372 aligncenter\" title=\"Piedicollen\" src=\"https:\/\/www.satokangas.fi\/blogi\/wp-content\/uploads\/Piedicollen-600x390.jpg\" alt=\"\" width=\"600\" height=\"390\" srcset=\"https:\/\/www.satokangas.fi\/blogi\/wp-content\/uploads\/Piedicollen-600x390.jpg 600w, https:\/\/www.satokangas.fi\/blogi\/wp-content\/uploads\/Piedicollen-200x130.jpg 200w, https:\/\/www.satokangas.fi\/blogi\/wp-content\/uploads\/Piedicollen.jpg 1100w\" sizes=\"auto, (max-width: 600px) 100vw, 600px\" \/><\/a><\/p>\n<p>Collazzonen hautausmaalle vei autotiekin, mutta t\u00e4m\u00e4 polku n\u00e4ytti johtavan suoraan taivaaseen, &#8230; vai hautaanko?<\/p>\n<p style=\"text-align: center;\"><a href=\"https:\/\/www.satokangas.fi\/blogi\/wp-content\/uploads\/Collazzone-2-Large.jpg\"><img loading=\"lazy\" decoding=\"async\" data-attachment-id=\"14374\" data-permalink=\"https:\/\/www.satokangas.fi\/blogi\/2012\/05\/cimitario-hautaustapa-italialaisittain\/collazzone-2-large\/\" data-orig-file=\"https:\/\/www.satokangas.fi\/blogi\/wp-content\/uploads\/Collazzone-2-Large.jpg\" data-orig-size=\"512,768\" data-comments-opened=\"1\" data-image-meta=\"{&quot;aperture&quot;:&quot;4&quot;,&quot;credit&quot;:&quot;&quot;,&quot;camera&quot;:&quot;Canon EOS 5D Mark II&quot;,&quot;caption&quot;:&quot;&quot;,&quot;created_timestamp&quot;:&quot;1336470169&quot;,&quot;copyright&quot;:&quot;&quot;,&quot;focal_length&quot;:&quot;70&quot;,&quot;iso&quot;:&quot;125&quot;,&quot;shutter_speed&quot;:&quot;0.0025&quot;,&quot;title&quot;:&quot;&quot;}\" data-image-title=\"Collazzone 2 (Large)\" data-image-description=\"\" data-image-caption=\"\" data-large-file=\"https:\/\/www.satokangas.fi\/blogi\/wp-content\/uploads\/Collazzone-2-Large.jpg\" class=\"size-medium wp-image-14374 aligncenter\" title=\"Collazzone 2 (Large)\" src=\"https:\/\/www.satokangas.fi\/blogi\/wp-content\/uploads\/Collazzone-2-Large-266x400.jpg\" alt=\"\" width=\"266\" height=\"400\" srcset=\"https:\/\/www.satokangas.fi\/blogi\/wp-content\/uploads\/Collazzone-2-Large-266x400.jpg 266w, https:\/\/www.satokangas.fi\/blogi\/wp-content\/uploads\/Collazzone-2-Large-133x200.jpg 133w, https:\/\/www.satokangas.fi\/blogi\/wp-content\/uploads\/Collazzone-2-Large.jpg 512w\" sizes=\"auto, (max-width: 266px) 100vw, 266px\" \/><\/a><\/p>\n<p>\u00a0N\u00e4m\u00e4 hautalehdot eiv\u00e4t ole ihan sellaisia hautaus<em>maita<\/em>, mihin me olemme tottuneet, vaan niiss\u00e4 on perheill\u00e4 omat pienet hautakappelit tai sitten hauta-arkut on pantu seiniin. Marmori- ja graniittikappeleita ja -muureja.<\/p>\n<p style=\"text-align: center;\"><a href=\"https:\/\/www.satokangas.fi\/blogi\/wp-content\/uploads\/Sypressit-hautojen-suojana.jpg\"><img loading=\"lazy\" decoding=\"async\" data-attachment-id=\"14376\" data-permalink=\"https:\/\/www.satokangas.fi\/blogi\/2012\/05\/cimitario-hautaustapa-italialaisittain\/sypressit-hautojen-suojana\/\" data-orig-file=\"https:\/\/www.satokangas.fi\/blogi\/wp-content\/uploads\/Sypressit-hautojen-suojana.jpg\" data-orig-size=\"683,1024\" data-comments-opened=\"1\" data-image-meta=\"{&quot;aperture&quot;:&quot;7.1&quot;,&quot;credit&quot;:&quot;&quot;,&quot;camera&quot;:&quot;Canon EOS 5D Mark II&quot;,&quot;caption&quot;:&quot;&quot;,&quot;created_timestamp&quot;:&quot;1336395680&quot;,&quot;copyright&quot;:&quot;&quot;,&quot;focal_length&quot;:&quot;32&quot;,&quot;iso&quot;:&quot;100&quot;,&quot;shutter_speed&quot;:&quot;0.003125&quot;,&quot;title&quot;:&quot;&quot;}\" data-image-title=\"Sypressit hautojen suojana\" data-image-description=\"\" data-image-caption=\"\" data-large-file=\"https:\/\/www.satokangas.fi\/blogi\/wp-content\/uploads\/Sypressit-hautojen-suojana.jpg\" class=\"size-medium wp-image-14376 aligncenter\" title=\"Sypressit hautojen suojana\" src=\"https:\/\/www.satokangas.fi\/blogi\/wp-content\/uploads\/Sypressit-hautojen-suojana-266x400.jpg\" alt=\"\" width=\"266\" height=\"400\" srcset=\"https:\/\/www.satokangas.fi\/blogi\/wp-content\/uploads\/Sypressit-hautojen-suojana-266x400.jpg 266w, https:\/\/www.satokangas.fi\/blogi\/wp-content\/uploads\/Sypressit-hautojen-suojana-133x200.jpg 133w, https:\/\/www.satokangas.fi\/blogi\/wp-content\/uploads\/Sypressit-hautojen-suojana.jpg 683w\" sizes=\"auto, (max-width: 266px) 100vw, 266px\" \/><\/a><\/p>\n<p style=\"text-align: justify;\">Ja kukkia. Tuoreita kukkia, sek\u00e4 noissa kappeleissa sis\u00e4ll\u00e4 ett\u00e4 hautaseinien lokeroissa. Jatkuvasti tuoreita kukkia.\u00a0 Joka kerta kun ajoimme tai k\u00e4velimme\u00a0 Pantallan hautalehdon ohi, oli parkkipaikalla v\u00e4hint\u00e4\u00e4n pari autoa. Sunnuntaisin &#8211; ennen ja j\u00e4lkeen messun &#8211; parkkipaikalla oli jatkuvasti trafiikkia. Nuorehkot miehet, perheiden is\u00e4t, n\u00e4yttiv\u00e4t useimmiten haudalle kukkia viev\u00e4n. Eiv\u00e4t viipyneet kauan &#8211; mutta veiv\u00e4t kukat. Olisiko sosiaalisella paineella pieness\u00e4 yhteis\u00f6ss\u00e4 osansa? Jos perheen\/suvun kappelissa tai nonnan haudalla ei kukkia vaihdettu tarpeeksi tiuhaan, miten yhteis\u00f6 reagoi?<\/p>\n<p style=\"text-align: justify;\">Meille hieman oudolta n\u00e4yttiv\u00e4t kuvat, jotka oli hautapaaseihin kiinnitetty. Joskus hautakivi kertoi my\u00f6s ammatista, sit\u00e4 ei ollut merkitty &#8221;tittelin\u00e4&#8221; kiveen, kuten Suomessa usein tapana on, vaan se kerrottiin kuvassa. T\u00e4llaiset olivat kyll\u00e4\u00a0 harvinaisuuksia.<\/p>\n<p style=\"text-align: center;\"><a href=\"https:\/\/www.satokangas.fi\/blogi\/wp-content\/uploads\/ammatti.jpg\"><img loading=\"lazy\" decoding=\"async\" data-attachment-id=\"14377\" data-permalink=\"https:\/\/www.satokangas.fi\/blogi\/2012\/05\/cimitario-hautaustapa-italialaisittain\/ammatti\/\" data-orig-file=\"https:\/\/www.satokangas.fi\/blogi\/wp-content\/uploads\/ammatti.jpg\" data-orig-size=\"1100,670\" data-comments-opened=\"1\" data-image-meta=\"{&quot;aperture&quot;:&quot;4&quot;,&quot;credit&quot;:&quot;&quot;,&quot;camera&quot;:&quot;Canon EOS 5D Mark II&quot;,&quot;caption&quot;:&quot;&quot;,&quot;created_timestamp&quot;:&quot;1337013536&quot;,&quot;copyright&quot;:&quot;&quot;,&quot;focal_length&quot;:&quot;50&quot;,&quot;iso&quot;:&quot;320&quot;,&quot;shutter_speed&quot;:&quot;0.004&quot;,&quot;title&quot;:&quot;&quot;}\" data-image-title=\"ammatti\" data-image-description=\"\" data-image-caption=\"\" data-large-file=\"https:\/\/www.satokangas.fi\/blogi\/wp-content\/uploads\/ammatti.jpg\" class=\"size-medium wp-image-14377 aligncenter\" title=\"ammatti\" src=\"https:\/\/www.satokangas.fi\/blogi\/wp-content\/uploads\/ammatti-600x365.jpg\" alt=\"\" width=\"600\" height=\"365\" srcset=\"https:\/\/www.satokangas.fi\/blogi\/wp-content\/uploads\/ammatti-600x365.jpg 600w, https:\/\/www.satokangas.fi\/blogi\/wp-content\/uploads\/ammatti-200x121.jpg 200w, https:\/\/www.satokangas.fi\/blogi\/wp-content\/uploads\/ammatti.jpg 1100w\" sizes=\"auto, (max-width: 600px) 100vw, 600px\" \/><\/a><\/p>\n<p style=\"text-align: center;\">Italialaisia hautausmaita on n\u00e4hty muuallakin. Kaksi vuotta sitten Montalcinossa k\u00e4vin lukitun portin takaa kuvaamassa t\u00e4llaisen: siell\u00e4 on hautasein\u00e4t ja hautapaadet (maan p\u00e4\u00e4ll\u00e4) mutta ei kappeleita (v\u00e4h\u00e4varaisempia kuin umbrialaiset?)<\/p>\n<p style=\"text-align: center;\"><a href=\"https:\/\/www.satokangas.fi\/blogi\/wp-content\/uploads\/Montalcino-Custom.jpg\"><img loading=\"lazy\" decoding=\"async\" data-attachment-id=\"14380\" data-permalink=\"https:\/\/www.satokangas.fi\/blogi\/2012\/05\/cimitario-hautaustapa-italialaisittain\/montalcino-custom\/\" data-orig-file=\"https:\/\/www.satokangas.fi\/blogi\/wp-content\/uploads\/Montalcino-Custom.jpg\" data-orig-size=\"1100,733\" data-comments-opened=\"1\" data-image-meta=\"{&quot;aperture&quot;:&quot;11&quot;,&quot;credit&quot;:&quot;&quot;,&quot;camera&quot;:&quot;Canon EOS 5D Mark II&quot;,&quot;caption&quot;:&quot;&quot;,&quot;created_timestamp&quot;:&quot;1278765776&quot;,&quot;copyright&quot;:&quot;&quot;,&quot;focal_length&quot;:&quot;105&quot;,&quot;iso&quot;:&quot;100&quot;,&quot;shutter_speed&quot;:&quot;0.008&quot;,&quot;title&quot;:&quot;&quot;}\" data-image-title=\"Montalcino (Custom)\" data-image-description=\"\" data-image-caption=\"\" data-large-file=\"https:\/\/www.satokangas.fi\/blogi\/wp-content\/uploads\/Montalcino-Custom.jpg\" class=\"size-medium wp-image-14380 aligncenter\" title=\"Montalcino (Custom)\" src=\"https:\/\/www.satokangas.fi\/blogi\/wp-content\/uploads\/Montalcino-Custom-600x400.jpg\" alt=\"\" width=\"600\" height=\"400\" srcset=\"https:\/\/www.satokangas.fi\/blogi\/wp-content\/uploads\/Montalcino-Custom-600x400.jpg 600w, https:\/\/www.satokangas.fi\/blogi\/wp-content\/uploads\/Montalcino-Custom-200x133.jpg 200w, https:\/\/www.satokangas.fi\/blogi\/wp-content\/uploads\/Montalcino-Custom.jpg 1100w\" sizes=\"auto, (max-width: 600px) 100vw, 600px\" \/><\/a><\/p>\n<p>\u00a0V\u00e4h\u00e4n samankaltaisia olivat hautapaadet Sisiliassa Forza d\u2019Agron korkeilla rinteill\u00e4 (<a href=\"https:\/\/www.satokangas.fi\/blogi\/2008\/10\/al-pacinoa-etsimassa\/\">syksyll\u00e4 2008<\/a> siell\u00e4).<\/p>\n<p style=\"text-align: center;\"><a href=\"https:\/\/www.satokangas.fi\/blogi\/wp-content\/uploads\/Sisiliassa-2008_2-Custom.jpg\"><img loading=\"lazy\" decoding=\"async\" data-attachment-id=\"14381\" data-permalink=\"https:\/\/www.satokangas.fi\/blogi\/2012\/05\/cimitario-hautaustapa-italialaisittain\/sisiliassa-2008_2-custom\/\" data-orig-file=\"https:\/\/www.satokangas.fi\/blogi\/wp-content\/uploads\/Sisiliassa-2008_2-Custom.jpg\" data-orig-size=\"1100,610\" data-comments-opened=\"1\" data-image-meta=\"{&quot;aperture&quot;:&quot;5&quot;,&quot;credit&quot;:&quot;&quot;,&quot;camera&quot;:&quot;Canon EOS 400D DIGITAL&quot;,&quot;caption&quot;:&quot;&quot;,&quot;created_timestamp&quot;:&quot;1224854354&quot;,&quot;copyright&quot;:&quot;&quot;,&quot;focal_length&quot;:&quot;18&quot;,&quot;iso&quot;:&quot;200&quot;,&quot;shutter_speed&quot;:&quot;0.001&quot;,&quot;title&quot;:&quot;&quot;}\" data-image-title=\"Sisiliassa 2008_2 (Custom)\" data-image-description=\"\" data-image-caption=\"\" data-large-file=\"https:\/\/www.satokangas.fi\/blogi\/wp-content\/uploads\/Sisiliassa-2008_2-Custom.jpg\" class=\"size-medium wp-image-14381 aligncenter\" title=\"Sisiliassa 2008_2 (Custom)\" src=\"https:\/\/www.satokangas.fi\/blogi\/wp-content\/uploads\/Sisiliassa-2008_2-Custom-600x332.jpg\" alt=\"\" width=\"600\" height=\"332\" srcset=\"https:\/\/www.satokangas.fi\/blogi\/wp-content\/uploads\/Sisiliassa-2008_2-Custom-600x332.jpg 600w, https:\/\/www.satokangas.fi\/blogi\/wp-content\/uploads\/Sisiliassa-2008_2-Custom-200x110.jpg 200w, https:\/\/www.satokangas.fi\/blogi\/wp-content\/uploads\/Sisiliassa-2008_2-Custom.jpg 1100w\" sizes=\"auto, (max-width: 600px) 100vw, 600px\" \/><\/a><\/p>\n<p style=\"text-align: center;\"><a href=\"https:\/\/www.satokangas.fi\/blogi\/wp-content\/uploads\/Sisiliassa-2008-Custom.jpg\"><img loading=\"lazy\" decoding=\"async\" data-attachment-id=\"14382\" data-permalink=\"https:\/\/www.satokangas.fi\/blogi\/2012\/05\/cimitario-hautaustapa-italialaisittain\/sisiliassa-2008-custom\/\" data-orig-file=\"https:\/\/www.satokangas.fi\/blogi\/wp-content\/uploads\/Sisiliassa-2008-Custom.jpg\" data-orig-size=\"1100,733\" data-comments-opened=\"1\" data-image-meta=\"{&quot;aperture&quot;:&quot;5&quot;,&quot;credit&quot;:&quot;&quot;,&quot;camera&quot;:&quot;Canon EOS 400D DIGITAL&quot;,&quot;caption&quot;:&quot;&quot;,&quot;created_timestamp&quot;:&quot;1224854913&quot;,&quot;copyright&quot;:&quot;&quot;,&quot;focal_length&quot;:&quot;18&quot;,&quot;iso&quot;:&quot;200&quot;,&quot;shutter_speed&quot;:&quot;0.0015625&quot;,&quot;title&quot;:&quot;&quot;}\" data-image-title=\"Sisiliassa 2008 (Custom)\" data-image-description=\"\" data-image-caption=\"\" data-large-file=\"https:\/\/www.satokangas.fi\/blogi\/wp-content\/uploads\/Sisiliassa-2008-Custom.jpg\" class=\"size-medium wp-image-14382 aligncenter\" title=\"Sisiliassa 2008 (Custom)\" src=\"https:\/\/www.satokangas.fi\/blogi\/wp-content\/uploads\/Sisiliassa-2008-Custom-600x400.jpg\" alt=\"\" width=\"600\" height=\"400\" srcset=\"https:\/\/www.satokangas.fi\/blogi\/wp-content\/uploads\/Sisiliassa-2008-Custom-600x400.jpg 600w, https:\/\/www.satokangas.fi\/blogi\/wp-content\/uploads\/Sisiliassa-2008-Custom-200x133.jpg 200w, https:\/\/www.satokangas.fi\/blogi\/wp-content\/uploads\/Sisiliassa-2008-Custom.jpg 1100w\" sizes=\"auto, (max-width: 600px) 100vw, 600px\" \/><\/a><\/p>\n<p style=\"text-align: center;\">My\u00f6s tulomatkalla, esimerkiksi lauantaina Mantovassa, n\u00e4imme samanlaisia hautalehtoja kuin Umbriassa oli. Mantovan hautausmaan portilla oli viel\u00e4 iso kukkakauppakin.<br \/>\nPantallan ja Collazzonen perhekappelit olivat komeita \u00a0&#8211; ja varmasti kalliitakin. Ja yht\u00e4 isohkoa perhehautaa muurattiin koko sen ajan kuin me kyl\u00e4ll\u00e4 asuimme.<\/p>\n<p style=\"text-align: center;\"><a href=\"https:\/\/www.satokangas.fi\/blogi\/wp-content\/uploads\/Famiglia-Pazzaglia.jpg\"><img loading=\"lazy\" decoding=\"async\" data-attachment-id=\"14389\" data-permalink=\"https:\/\/www.satokangas.fi\/blogi\/2012\/05\/cimitario-hautaustapa-italialaisittain\/famiglia-pazzaglia\/\" data-orig-file=\"https:\/\/www.satokangas.fi\/blogi\/wp-content\/uploads\/Famiglia-Pazzaglia.jpg\" data-orig-size=\"691,1024\" data-comments-opened=\"1\" data-image-meta=\"{&quot;aperture&quot;:&quot;5.6&quot;,&quot;credit&quot;:&quot;&quot;,&quot;camera&quot;:&quot;Canon EOS 5D Mark II&quot;,&quot;caption&quot;:&quot;&quot;,&quot;created_timestamp&quot;:&quot;1336063060&quot;,&quot;copyright&quot;:&quot;&quot;,&quot;focal_length&quot;:&quot;47&quot;,&quot;iso&quot;:&quot;100&quot;,&quot;shutter_speed&quot;:&quot;0.0025&quot;,&quot;title&quot;:&quot;&quot;}\" data-image-title=\"Famiglia Pazzaglia\" data-image-description=\"\" data-image-caption=\"\" data-large-file=\"https:\/\/www.satokangas.fi\/blogi\/wp-content\/uploads\/Famiglia-Pazzaglia.jpg\" class=\"aligncenter size-medium wp-image-14389\" title=\"Famiglia Pazzaglia\" src=\"https:\/\/www.satokangas.fi\/blogi\/wp-content\/uploads\/Famiglia-Pazzaglia-269x400.jpg\" alt=\"\" width=\"269\" height=\"400\" srcset=\"https:\/\/www.satokangas.fi\/blogi\/wp-content\/uploads\/Famiglia-Pazzaglia-269x400.jpg 269w, https:\/\/www.satokangas.fi\/blogi\/wp-content\/uploads\/Famiglia-Pazzaglia-134x200.jpg 134w, https:\/\/www.satokangas.fi\/blogi\/wp-content\/uploads\/Famiglia-Pazzaglia.jpg 691w\" sizes=\"auto, (max-width: 269px) 100vw, 269px\" \/><\/a><\/p>\n<p style=\"text-align: center;\">\u00a0<a href=\"https:\/\/www.satokangas.fi\/blogi\/wp-content\/uploads\/Tullio.jpg\"><img loading=\"lazy\" decoding=\"async\" data-attachment-id=\"14391\" data-permalink=\"https:\/\/www.satokangas.fi\/blogi\/2012\/05\/cimitario-hautaustapa-italialaisittain\/tullio\/\" data-orig-file=\"https:\/\/www.satokangas.fi\/blogi\/wp-content\/uploads\/Tullio.jpg\" data-orig-size=\"733,1100\" data-comments-opened=\"1\" data-image-meta=\"{&quot;aperture&quot;:&quot;5.6&quot;,&quot;credit&quot;:&quot;&quot;,&quot;camera&quot;:&quot;Canon EOS 5D Mark II&quot;,&quot;caption&quot;:&quot;&quot;,&quot;created_timestamp&quot;:&quot;1336063039&quot;,&quot;copyright&quot;:&quot;&quot;,&quot;focal_length&quot;:&quot;60&quot;,&quot;iso&quot;:&quot;100&quot;,&quot;shutter_speed&quot;:&quot;0.0025&quot;,&quot;title&quot;:&quot;&quot;}\" data-image-title=\"Tullio\" data-image-description=\"\" data-image-caption=\"\" data-large-file=\"https:\/\/www.satokangas.fi\/blogi\/wp-content\/uploads\/Tullio-682x1024.jpg\" class=\"aligncenter size-medium wp-image-14391\" title=\"Tullio\" src=\"https:\/\/www.satokangas.fi\/blogi\/wp-content\/uploads\/Tullio-266x400.jpg\" alt=\"\" width=\"266\" height=\"400\" srcset=\"https:\/\/www.satokangas.fi\/blogi\/wp-content\/uploads\/Tullio-266x400.jpg 266w, https:\/\/www.satokangas.fi\/blogi\/wp-content\/uploads\/Tullio-133x200.jpg 133w, https:\/\/www.satokangas.fi\/blogi\/wp-content\/uploads\/Tullio-682x1024.jpg 682w, https:\/\/www.satokangas.fi\/blogi\/wp-content\/uploads\/Tullio.jpg 733w\" sizes=\"auto, (max-width: 266px) 100vw, 266px\" \/><\/a><\/p>\n<p style=\"text-align: center;\">T\u00e4st\u00e4 kuvasta pid\u00e4n. Kuvanakin. Lasten haudoissa ei yleens\u00e4 ollutkaan kuvia.<\/p>\n<p style=\"text-align: center;\">\u00a0<a href=\"https:\/\/www.satokangas.fi\/blogi\/wp-content\/uploads\/Pyhimys-kantaa-lasta.jpg\"><img loading=\"lazy\" decoding=\"async\" data-attachment-id=\"14384\" data-permalink=\"https:\/\/www.satokangas.fi\/blogi\/2012\/05\/cimitario-hautaustapa-italialaisittain\/pyhimys-kantaa-lasta\/\" data-orig-file=\"https:\/\/www.satokangas.fi\/blogi\/wp-content\/uploads\/Pyhimys-kantaa-lasta.jpg\" data-orig-size=\"700,1089\" data-comments-opened=\"1\" data-image-meta=\"{&quot;aperture&quot;:&quot;5.6&quot;,&quot;credit&quot;:&quot;Picasa&quot;,&quot;camera&quot;:&quot;Canon EOS 5D Mark II&quot;,&quot;caption&quot;:&quot;&quot;,&quot;created_timestamp&quot;:&quot;1336063227&quot;,&quot;copyright&quot;:&quot;&quot;,&quot;focal_length&quot;:&quot;105&quot;,&quot;iso&quot;:&quot;100&quot;,&quot;shutter_speed&quot;:&quot;0.002&quot;,&quot;title&quot;:&quot;&quot;}\" data-image-title=\"Pyhimys kantaa lasta\" data-image-description=\"\" data-image-caption=\"\" data-large-file=\"https:\/\/www.satokangas.fi\/blogi\/wp-content\/uploads\/Pyhimys-kantaa-lasta-658x1024.jpg\" class=\"aligncenter size-medium wp-image-14384\" title=\"Pyhimys kantaa lasta\" src=\"https:\/\/www.satokangas.fi\/blogi\/wp-content\/uploads\/Pyhimys-kantaa-lasta-257x400.jpg\" alt=\"\" width=\"257\" height=\"400\" srcset=\"https:\/\/www.satokangas.fi\/blogi\/wp-content\/uploads\/Pyhimys-kantaa-lasta-257x400.jpg 257w, https:\/\/www.satokangas.fi\/blogi\/wp-content\/uploads\/Pyhimys-kantaa-lasta-128x200.jpg 128w, https:\/\/www.satokangas.fi\/blogi\/wp-content\/uploads\/Pyhimys-kantaa-lasta-658x1024.jpg 658w, https:\/\/www.satokangas.fi\/blogi\/wp-content\/uploads\/Pyhimys-kantaa-lasta.jpg 700w\" sizes=\"auto, (max-width: 257px) 100vw, 257px\" \/><\/a><\/p>\n<p style=\"text-align: center;\">RIP. \u00a0Rest in peace ja sama latinaksi:<\/p>\n<p style=\"text-align: center;\"><a href=\"https:\/\/www.satokangas.fi\/blogi\/wp-content\/uploads\/RIP.jpg\"><img loading=\"lazy\" decoding=\"async\" data-attachment-id=\"14385\" data-permalink=\"https:\/\/www.satokangas.fi\/blogi\/2012\/05\/cimitario-hautaustapa-italialaisittain\/rip\/\" data-orig-file=\"https:\/\/www.satokangas.fi\/blogi\/wp-content\/uploads\/RIP.jpg\" data-orig-size=\"1100,434\" data-comments-opened=\"1\" data-image-meta=\"{&quot;aperture&quot;:&quot;4&quot;,&quot;credit&quot;:&quot;&quot;,&quot;camera&quot;:&quot;Canon EOS 5D Mark II&quot;,&quot;caption&quot;:&quot;&quot;,&quot;created_timestamp&quot;:&quot;1337013762&quot;,&quot;copyright&quot;:&quot;&quot;,&quot;focal_length&quot;:&quot;50&quot;,&quot;iso&quot;:&quot;320&quot;,&quot;shutter_speed&quot;:&quot;0.0015625&quot;,&quot;title&quot;:&quot;&quot;}\" data-image-title=\"RIP\" data-image-description=\"\" data-image-caption=\"\" data-large-file=\"https:\/\/www.satokangas.fi\/blogi\/wp-content\/uploads\/RIP.jpg\" class=\"aligncenter size-medium wp-image-14385\" title=\"RIP\" src=\"https:\/\/www.satokangas.fi\/blogi\/wp-content\/uploads\/RIP-600x236.jpg\" alt=\"\" width=\"600\" height=\"236\" srcset=\"https:\/\/www.satokangas.fi\/blogi\/wp-content\/uploads\/RIP-600x236.jpg 600w, https:\/\/www.satokangas.fi\/blogi\/wp-content\/uploads\/RIP-200x78.jpg 200w, https:\/\/www.satokangas.fi\/blogi\/wp-content\/uploads\/RIP.jpg 1100w\" sizes=\"auto, (max-width: 600px) 100vw, 600px\" \/><\/a><\/p>\n","protected":false},"excerpt":{"rendered":"<p>Kauheasti kaikkea uutta tapahtunut t\u00e4\u00e4ll\u00e4 kotikaupungissa kuukauden aikana: Rajahaudan lenkin varrella on siistitty rantavitikkoa, viime syysmyrskyjen kaatamat puut on viety pois, Stockan parkkihallissa on remontti ja Herkussa on hyllyjen paikkoja vaihdettu, hautausmaalla tutulla reitill\u00e4 on monta uutta hautakive\u00e4, \u00a0Kauppahallissa uutta Toscanan patonkia (jossa oli onneksi suolaa toisin kuin Toscanan ja Umbrian leiviss\u00e4 paikanp\u00e4\u00e4ll\u00e4), Caritaksen edest\u00e4 ep\u00e4m\u00e4\u00e4r\u00e4inen pensasryteikk\u00f6 poistettu, Citymarketin (ei &hellip; <\/p>\n","protected":false},"author":1,"featured_media":0,"comment_status":"open","ping_status":"open","sticky":false,"template":"","format":"standard","meta":{"jetpack_post_was_ever_published":false,"_jetpack_newsletter_access":"","_jetpack_dont_email_post_to_subs":false,"_jetpack_newsletter_tier_id":0,"_jetpack_memberships_contains_paywalled_content":false,"_jetpack_memberships_contains_paid_content":false,"footnotes":"","jetpack_publicize_message":"","jetpack_publicize_feature_enabled":true,"jetpack_social_post_already_shared":false,"jetpack_social_options":{"image_generator_settings":{"template":"highway","default_image_id":0,"font":"","enabled":false},"version":2}},"categories":[74,13,30],"tags":[],"class_list":["post-14369","post","type-post","status-publish","format-standard","hentry","category-hautausmailla","category-historiaa","category-italia","latest_post"],"jetpack_publicize_connections":[],"jetpack_featured_media_url":"","jetpack_shortlink":"https:\/\/wp.me\/pr4p4-3JL","jetpack_sharing_enabled":true,"jetpack_likes_enabled":false,"jetpack-related-posts":[{"id":34283,"url":"https:\/\/www.satokangas.fi\/blogi\/2018\/06\/suoritusvapaa-maanantai\/","url_meta":{"origin":14369,"position":0},"title":"Suoritusvapaa maanantai","author":"Reija","date":"25.6.2018","format":false,"excerpt":"Onni on mansikat, ihan pieni ripaus sokeria, kreikkalainen jukurtti, akaasiahunaja ja muutama pensasmustikka. Voisin sy\u00f6d\u00e4 aamiaiseksi, lounaaksi, p\u00e4iv\u00e4lliseksi, iltapalaksi. Onni on kotipihan syreenin tuoksu ja vihreys.\u00a0 Samettinen nurmikko ja tarpeeksi l\u00e4mmint\u00e4, ett\u00e4 voi siin\u00e4 avojaloin k\u00e4vell\u00e4. Hyv\u00e4lle tuntui kuljeskella hautausmaalla, sen varjoisilla kujilla, kukkien loistaessa. L\u00f6ysin kaksi uutta naisen nime\u00e4kin:\u2026","rel":"","context":"Kategoriassa &quot;Valokuvaus&quot;","block_context":{"text":"Valokuvaus","link":"https:\/\/www.satokangas.fi\/blogi\/category\/valokuvaus\/"},"img":{"alt_text":"","src":"https:\/\/i0.wp.com\/www.satokangas.fi\/blogi\/wp-content\/uploads\/2018\/06\/vapaamaanantai-2.jpg?resize=350%2C200&ssl=1","width":350,"height":200,"srcset":"https:\/\/i0.wp.com\/www.satokangas.fi\/blogi\/wp-content\/uploads\/2018\/06\/vapaamaanantai-2.jpg?resize=350%2C200&ssl=1 1x, https:\/\/i0.wp.com\/www.satokangas.fi\/blogi\/wp-content\/uploads\/2018\/06\/vapaamaanantai-2.jpg?resize=525%2C300&ssl=1 1.5x, https:\/\/i0.wp.com\/www.satokangas.fi\/blogi\/wp-content\/uploads\/2018\/06\/vapaamaanantai-2.jpg?resize=700%2C400&ssl=1 2x"},"classes":[]},{"id":523,"url":"https:\/\/www.satokangas.fi\/blogi\/2008\/08\/blogikriisi\/","url_meta":{"origin":14369,"position":1},"title":"Blogikriisi","author":"Reija","date":"26.8.2008","format":false,"excerpt":"Jokainen itse\u00e4\u00e4n kunnioittava bloggaaja n\u00e4ytt\u00e4\u00e4 aika ajoin k\u00e4yv\u00e4n l\u00e4pi jonkinlaista kriisi\u00e4 tekstintuottamisensa kanssa. Jotta olisin katu-uskottava n\u00e4iss\u00e4 blogilandian kortteleissa, on minunkin pohdittava t\u00e4m\u00e4n homman mielekkyytt\u00e4. Jo alussa ilmoitin, ettei minusta ole bloginpit\u00e4j\u00e4ksi, t\u00e4m\u00e4n piti olla p\u00e4iv\u00e4kirjan korvike ja keino opetella kirjoittamaan napakasti, lyhyesti. Alku oli aika lupaava, mutta viimeist\u00e4\u00e4n kes\u00e4lomalla\u2026","rel":"","context":"Kategoriassa &quot;Bloggailu&quot;","block_context":{"text":"Bloggailu","link":"https:\/\/www.satokangas.fi\/blogi\/category\/bloggailu\/"},"img":{"alt_text":"","src":"","width":0,"height":0},"classes":[]},{"id":52837,"url":"https:\/\/www.satokangas.fi\/blogi\/2025\/08\/juhlaviikonlopun-lopulla-2\/","url_meta":{"origin":14369,"position":2},"title":"Juhlaviikonlopun lopulla","author":"Reija","date":"3.8.2025","format":false,"excerpt":"Vain muutamat Oulun kes\u00e4iset tapahtumat ovat saaneet meid\u00e4t osallistumaan; asuntomessuilla sent\u00e4\u00e4n k\u00e4vimme, samoin kes\u00e4teatterissa, mutta Qstock ja Kuninkuusravit ovat j\u00e4\u00e4neet v\u00e4liin. Mutta sent\u00e4\u00e4n py\u00f6r\u00e4ily\u00e4 ja uimista. Hyvin sy\u00f6mist\u00e4. Oikeastaan koko kuukauden :) Mutta on yksi, johon me osallistuaksemme jopa siirsimme m\u00f6kille l\u00e4ht\u00f6\u00e4, jotta varmasti voimme osallistua. Ja se on rotiss\u00f6\u00f6ripiknik!\u2026","rel":"","context":"Kategoriassa &quot;Rotiss\u00f6\u00f6rit&quot;","block_context":{"text":"Rotiss\u00f6\u00f6rit","link":"https:\/\/www.satokangas.fi\/blogi\/category\/paistinkaantajat\/"},"img":{"alt_text":"","src":"https:\/\/i0.wp.com\/www.satokangas.fi\/blogi\/wp-content\/uploads\/2025\/08\/uimassa-3.jpg?resize=350%2C200&ssl=1","width":350,"height":200,"srcset":"https:\/\/i0.wp.com\/www.satokangas.fi\/blogi\/wp-content\/uploads\/2025\/08\/uimassa-3.jpg?resize=350%2C200&ssl=1 1x, https:\/\/i0.wp.com\/www.satokangas.fi\/blogi\/wp-content\/uploads\/2025\/08\/uimassa-3.jpg?resize=525%2C300&ssl=1 1.5x, https:\/\/i0.wp.com\/www.satokangas.fi\/blogi\/wp-content\/uploads\/2025\/08\/uimassa-3.jpg?resize=700%2C400&ssl=1 2x"},"classes":[]},{"id":40283,"url":"https:\/\/www.satokangas.fi\/blogi\/2021\/02\/inarin-hautausmaalla\/","url_meta":{"origin":14369,"position":3},"title":"Inarin hautausmaalla","author":"Reija","date":"22.2.2021","format":false,"excerpt":"Ei tarvitse l\u00e4hte\u00e4 kauas matkalle, ett\u00e4 voi n\u00e4hd\u00e4 jotain uutta, mielenkiintoista, historian havinaa, ... Hautausmaabongari k\u00e4vi eilen eka kertaa ikin\u00e4 \"m\u00f6kkinaapurissa\" = Inarin seurakunnan hautausmaalla, joka onkin Ivalossa. Inarissa on kirkko, ja sankarihautalehto, mutta varsinainen hautausmaa on Ivalossa. Siell\u00e4 siis eilen. Lumipeitteiset hautakivet, muistomerkit, paasit ja ristit kertoivat paikallishistoriasta, paikallisten\u2026","rel":"","context":"Kategoriassa &quot;Hautausmailla&quot;","block_context":{"text":"Hautausmailla","link":"https:\/\/www.satokangas.fi\/blogi\/category\/hautausmailla\/"},"img":{"alt_text":"","src":"https:\/\/i0.wp.com\/www.satokangas.fi\/blogi\/wp-content\/uploads\/2021\/02\/Retki_Inariin-8-1.jpg?resize=350%2C200&ssl=1","width":350,"height":200,"srcset":"https:\/\/i0.wp.com\/www.satokangas.fi\/blogi\/wp-content\/uploads\/2021\/02\/Retki_Inariin-8-1.jpg?resize=350%2C200&ssl=1 1x, https:\/\/i0.wp.com\/www.satokangas.fi\/blogi\/wp-content\/uploads\/2021\/02\/Retki_Inariin-8-1.jpg?resize=525%2C300&ssl=1 1.5x"},"classes":[]},{"id":21214,"url":"https:\/\/www.satokangas.fi\/blogi\/2014\/05\/mansikka-aika-tuo-ikavan\/","url_meta":{"origin":14369,"position":4},"title":"Mansikka-aika tuo ik\u00e4v\u00e4n!","author":"Reija","date":"23.5.2014","format":false,"excerpt":"\u00a0 Vitkuttelin aamulla t\u00f6ihin l\u00e4ht\u00f6\u00e4, lueskelin kotona, join toisen mukillisen kahvia, vastailin s\u00e4hk\u00f6posteihin, ja puoli kahdeksan j\u00e4lkeen ajattelin, ett\u00e4 nyt l\u00e4hden! Ovathan ne jo siell\u00e4 Prisman edess\u00e4 mansikan myynniss\u00e4, olivathan ne eilenkin jo hyviss\u00e4 ajoin ennen kahdeksaa, joten ovathan ne nytkin? ... eilen ohi polkiessani n\u00e4in siell\u00e4 marjap\u00f6yd\u00e4n ensimm\u00e4ist\u00e4 kertaa\u2026","rel":"","context":"Kategoriassa &quot;Niit\u00e4 n\u00e4it\u00e4&quot;","block_context":{"text":"Niit\u00e4 n\u00e4it\u00e4","link":"https:\/\/www.satokangas.fi\/blogi\/category\/aiheeton\/"},"img":{"alt_text":"Lukukauden lopulla-2","src":"https:\/\/i0.wp.com\/www.satokangas.fi\/blogi\/wp-content\/uploads\/2014\/05\/Lukukauden-lopulla-2-1157x1024.jpg?resize=350%2C200&ssl=1","width":350,"height":200,"srcset":"https:\/\/i0.wp.com\/www.satokangas.fi\/blogi\/wp-content\/uploads\/2014\/05\/Lukukauden-lopulla-2-1157x1024.jpg?resize=350%2C200&ssl=1 1x, https:\/\/i0.wp.com\/www.satokangas.fi\/blogi\/wp-content\/uploads\/2014\/05\/Lukukauden-lopulla-2-1157x1024.jpg?resize=525%2C300&ssl=1 1.5x, https:\/\/i0.wp.com\/www.satokangas.fi\/blogi\/wp-content\/uploads\/2014\/05\/Lukukauden-lopulla-2-1157x1024.jpg?resize=700%2C400&ssl=1 2x"},"classes":[]},{"id":26413,"url":"https:\/\/www.satokangas.fi\/blogi\/2015\/10\/syksyn-kauneus-ja-kiireettomyys\/","url_meta":{"origin":14369,"position":5},"title":"Syksyn kauneus ja kiireett\u00f6myys","author":"Reija","date":"6.10.2015","format":false,"excerpt":"(Kaikki kuvat suurenevat klikkaamalla, ja syksy n\u00e4kyy kauniimpana.) Tiistai ennen: kuudelta yl\u00f6s, t\u00f6ihin, s\u00e4hk\u00f6postit, aamukahvi Humuksessa, palaveri, opetuksen valmistelua, ev\u00e4\u00e4t (viili\u00e4 ja leip\u00e4\u00e4 tai salaattia), taas s\u00e4hk\u00f6postit, luento, opiskelijoiden piipahduksia, surffailua, kokousmateriaaleihin perehtymist\u00e4, palaveriin menness\u00e4 havahtuminen \"ulkona on ihan mahdottoman hieno ilma\", palaveri, v\u00e4sy, kotiin, ruoka, surffailua, lehdet, blogi, jotain\u2026","rel":"","context":"Kategoriassa &quot;Hautausmailla&quot;","block_context":{"text":"Hautausmailla","link":"https:\/\/www.satokangas.fi\/blogi\/category\/hautausmailla\/"},"img":{"alt_text":"Hautausmaalla syksy","src":"https:\/\/i0.wp.com\/www.satokangas.fi\/blogi\/wp-content\/uploads\/2015\/10\/Hautausmaalla-syksy-600x378.jpg?resize=350%2C200&ssl=1","width":350,"height":200,"srcset":"https:\/\/i0.wp.com\/www.satokangas.fi\/blogi\/wp-content\/uploads\/2015\/10\/Hautausmaalla-syksy-600x378.jpg?resize=350%2C200&ssl=1 1x, https:\/\/i0.wp.com\/www.satokangas.fi\/blogi\/wp-content\/uploads\/2015\/10\/Hautausmaalla-syksy-600x378.jpg?resize=525%2C300&ssl=1 1.5x"},"classes":[]}],"_links":{"self":[{"href":"https:\/\/www.satokangas.fi\/blogi\/wp-json\/wp\/v2\/posts\/14369","targetHints":{"allow":["GET"]}}],"collection":[{"href":"https:\/\/www.satokangas.fi\/blogi\/wp-json\/wp\/v2\/posts"}],"about":[{"href":"https:\/\/www.satokangas.fi\/blogi\/wp-json\/wp\/v2\/types\/post"}],"author":[{"embeddable":true,"href":"https:\/\/www.satokangas.fi\/blogi\/wp-json\/wp\/v2\/users\/1"}],"replies":[{"embeddable":true,"href":"https:\/\/www.satokangas.fi\/blogi\/wp-json\/wp\/v2\/comments?post=14369"}],"version-history":[{"count":0,"href":"https:\/\/www.satokangas.fi\/blogi\/wp-json\/wp\/v2\/posts\/14369\/revisions"}],"wp:attachment":[{"href":"https:\/\/www.satokangas.fi\/blogi\/wp-json\/wp\/v2\/media?parent=14369"}],"wp:term":[{"taxonomy":"category","embeddable":true,"href":"https:\/\/www.satokangas.fi\/blogi\/wp-json\/wp\/v2\/categories?post=14369"},{"taxonomy":"post_tag","embeddable":true,"href":"https:\/\/www.satokangas.fi\/blogi\/wp-json\/wp\/v2\/tags?post=14369"}],"curies":[{"name":"wp","href":"https:\/\/api.w.org\/{rel}","templated":true}]}}