{"id":14184,"date":"2012-05-07T23:44:18","date_gmt":"2012-05-07T21:44:18","guid":{"rendered":"https:\/\/www.satokangas.fi\/blogi\/?p=14184"},"modified":"2012-08-15T19:22:05","modified_gmt":"2012-08-15T16:22:05","slug":"suklaata-synttaria-simmer-poolia","status":"publish","type":"post","link":"https:\/\/www.satokangas.fi\/blogi\/2012\/05\/suklaata-synttaria-simmer-poolia\/","title":{"rendered":"Suklaata, syntt\u00e4ri\u00e4, swimming poolia"},"content":{"rendered":"<p>Maanantai(ko)?\u00a0Sateen uhka on, y\u00f6ll\u00e4 oli kova myrsky, viel\u00e4 kuudelta kylm\u00e4. Ja satoi.<\/p>\n<p>Eik\u00e4 hieman apaattista tunnelmaa auttanut, ett\u00e4 Klippanin oli l\u00e4hdett\u00e4v\u00e4. Pehtoori l\u00e4hti seitsem\u00e4n aikaan viem\u00e4\u00e4n nuoren naisen Ternin rautatieasemalle\u2026 me muut laittelimme aamiaista, mietimme mit\u00e4 tehd\u00e4, odottelimme syntt\u00e4risankaria aamiaiselle.<\/p>\n<p>Alkuper\u00e4issuunnitelman mukaan p\u00e4\u00e4timme l\u00e4hte\u00e4 kohti Peruginan suklaatehdasta. Vuokra-Mersu-Vito kuskinaan melkein ammattikuski l\u00e4hdimme kohti pohjoista.<\/p>\n<p><a href=\"https:\/\/www.satokangas.fi\/blogi\/wp-content\/uploads\/perugina.jpg\"><img loading=\"lazy\" decoding=\"async\" data-attachment-id=\"14185\" data-permalink=\"https:\/\/www.satokangas.fi\/blogi\/2012\/05\/suklaata-synttaria-simmer-poolia\/perugina\/\" data-orig-file=\"https:\/\/www.satokangas.fi\/blogi\/wp-content\/uploads\/perugina.jpg\" data-orig-size=\"1024,683\" data-comments-opened=\"1\" data-image-meta=\"{&quot;aperture&quot;:&quot;4&quot;,&quot;credit&quot;:&quot;&quot;,&quot;camera&quot;:&quot;Canon EOS 5D Mark II&quot;,&quot;caption&quot;:&quot;&quot;,&quot;created_timestamp&quot;:&quot;1336387652&quot;,&quot;copyright&quot;:&quot;&quot;,&quot;focal_length&quot;:&quot;35&quot;,&quot;iso&quot;:&quot;100&quot;,&quot;shutter_speed&quot;:&quot;0.166666666667&quot;,&quot;title&quot;:&quot;&quot;}\" data-image-title=\"perugina\" data-image-description=\"\" data-image-caption=\"\" data-large-file=\"https:\/\/www.satokangas.fi\/blogi\/wp-content\/uploads\/perugina.jpg\" class=\"aligncenter size-medium wp-image-14185\" title=\"perugina\" src=\"https:\/\/www.satokangas.fi\/blogi\/wp-content\/uploads\/perugina-600x400.jpg\" alt=\"\" width=\"600\" height=\"400\" srcset=\"https:\/\/www.satokangas.fi\/blogi\/wp-content\/uploads\/perugina-600x400.jpg 600w, https:\/\/www.satokangas.fi\/blogi\/wp-content\/uploads\/perugina-200x133.jpg 200w, https:\/\/www.satokangas.fi\/blogi\/wp-content\/uploads\/perugina.jpg 1024w\" sizes=\"auto, (max-width: 600px) 100vw, 600px\" \/><\/a><\/p>\n<p><a href=\"https:\/\/www.satokangas.fi\/blogi\/wp-content\/uploads\/Peruginasta1.jpg\"><img loading=\"lazy\" decoding=\"async\" data-attachment-id=\"14194\" data-permalink=\"https:\/\/www.satokangas.fi\/blogi\/2012\/05\/suklaata-synttaria-simmer-poolia\/peruginasta-2\/\" data-orig-file=\"https:\/\/www.satokangas.fi\/blogi\/wp-content\/uploads\/Peruginasta1.jpg\" data-orig-size=\"1100,759\" data-comments-opened=\"1\" data-image-meta=\"{&quot;aperture&quot;:&quot;4&quot;,&quot;credit&quot;:&quot;&quot;,&quot;camera&quot;:&quot;Canon EOS 5D Mark II&quot;,&quot;caption&quot;:&quot;&quot;,&quot;created_timestamp&quot;:&quot;1336392511&quot;,&quot;copyright&quot;:&quot;&quot;,&quot;focal_length&quot;:&quot;40&quot;,&quot;iso&quot;:&quot;100&quot;,&quot;shutter_speed&quot;:&quot;0.0004&quot;,&quot;title&quot;:&quot;&quot;}\" data-image-title=\"Peruginasta\" data-image-description=\"\" data-image-caption=\"\" data-large-file=\"https:\/\/www.satokangas.fi\/blogi\/wp-content\/uploads\/Peruginasta1.jpg\" class=\"aligncenter size-medium wp-image-14194\" title=\"Peruginasta\" src=\"https:\/\/www.satokangas.fi\/blogi\/wp-content\/uploads\/Peruginasta1-579x400.jpg\" alt=\"\" width=\"579\" height=\"400\" srcset=\"https:\/\/www.satokangas.fi\/blogi\/wp-content\/uploads\/Peruginasta1-579x400.jpg 579w, https:\/\/www.satokangas.fi\/blogi\/wp-content\/uploads\/Peruginasta1-200x138.jpg 200w, https:\/\/www.satokangas.fi\/blogi\/wp-content\/uploads\/Peruginasta1.jpg 1100w\" sizes=\"auto, (max-width: 579px) 100vw, 579px\" \/><\/a><\/p>\n<p>Ja l\u00f6ysimmeh\u00e4n me! Tehdaskierrokselle p\u00e4\u00e4stiin alakoululaisten kanssa tutustumaan suklaan tekoon.\u00a0 Siell\u00e4 ei saanut kuvata :(. Olisin halunnut kuvata niit\u00e4 suklaaketjuja, tai sit\u00e4 kuinka jonkun ty\u00f6teht\u00e4v\u00e4n\u00e4 on p\u00e4iv\u00e4st\u00e4 toiseen purkaa isoja p\u00e4\u00e4si\u00e4ismunia paketista, ja laittaa ne koneeseen takaisin uusia sellofaaneja varten. Kyll\u00e4 oli sekin\u00a0mukava n\u00e4hd\u00e4.<\/p>\n<p>Rautatehtaassa ja sellutehtaassa on tullut k\u00e4yty\u00e4, kymmenill\u00e4 viinitiloilla, mutta nyt suklaatehdas! Ja sit\u00e4 me porukalla mietimme, kuinka italialaiskoululaiset olivat koko tunnin esittelyn ja kierroksen ajan kovin hiljaa, kohteliaita ja rauhallisia. Ja kuinka opet jaksoivat ja katsoivat tarpeelliseksi s\u00e4\u00e4t\u00e4\u00e4 koko ajan!<\/p>\n<p>Kierroksen j\u00e4lkeen tehdasmyym\u00e4l\u00e4\u00e4n \u2013 luonnollisesti. Kaikille meille l\u00f6ytyi ostettavaa\u2026.vaikkei kukaan oikein hurjaksi suklaafriikiksi tunnustautunutkaan.<\/p>\n<p><a href=\"https:\/\/www.satokangas.fi\/blogi\/wp-content\/uploads\/Strada-del-Cantina1.jpg\"><img loading=\"lazy\" decoding=\"async\" data-attachment-id=\"14187\" data-permalink=\"https:\/\/www.satokangas.fi\/blogi\/2012\/05\/suklaata-synttaria-simmer-poolia\/strada-del-cantina-2\/\" data-orig-file=\"https:\/\/www.satokangas.fi\/blogi\/wp-content\/uploads\/Strada-del-Cantina1.jpg\" data-orig-size=\"1100,733\" data-comments-opened=\"1\" data-image-meta=\"{&quot;aperture&quot;:&quot;4&quot;,&quot;credit&quot;:&quot;&quot;,&quot;camera&quot;:&quot;Canon EOS 5D Mark II&quot;,&quot;caption&quot;:&quot;&quot;,&quot;created_timestamp&quot;:&quot;1336394129&quot;,&quot;copyright&quot;:&quot;&quot;,&quot;focal_length&quot;:&quot;105&quot;,&quot;iso&quot;:&quot;100&quot;,&quot;shutter_speed&quot;:&quot;0.0005&quot;,&quot;title&quot;:&quot;&quot;}\" data-image-title=\"Strada del Cantina\" data-image-description=\"\" data-image-caption=\"\" data-large-file=\"https:\/\/www.satokangas.fi\/blogi\/wp-content\/uploads\/Strada-del-Cantina1.jpg\" class=\"aligncenter size-medium wp-image-14187\" title=\"Strada del Cantina\" src=\"https:\/\/www.satokangas.fi\/blogi\/wp-content\/uploads\/Strada-del-Cantina1-600x400.jpg\" alt=\"\" width=\"600\" height=\"400\" srcset=\"https:\/\/www.satokangas.fi\/blogi\/wp-content\/uploads\/Strada-del-Cantina1-600x400.jpg 600w, https:\/\/www.satokangas.fi\/blogi\/wp-content\/uploads\/Strada-del-Cantina1-200x133.jpg 200w, https:\/\/www.satokangas.fi\/blogi\/wp-content\/uploads\/Strada-del-Cantina1.jpg 1100w\" sizes=\"auto, (max-width: 600px) 100vw, 600px\" \/><\/a><\/p>\n<p>L\u00e4hdimme palailemaan kohti Collazzonea. Aurinko pilvien v\u00e4list\u00e4, kauniita kumpuilevia maisemia.Collepepess\u00e4 pys\u00e4hdyimme hautausmaalla, ja Collazzonessa k\u00e4vimme k\u00e4velyll\u00e4, linnoitusmuureilla ja pienill\u00e4 kujilla k\u00e4velimme, \u201dkyl\u00e4mme\u201d kirkossa k\u00e4vimme.<\/p>\n<p><a href=\"https:\/\/www.satokangas.fi\/blogi\/wp-content\/uploads\/Collazzone-Custom.jpg\"><img loading=\"lazy\" decoding=\"async\" data-attachment-id=\"14190\" data-permalink=\"https:\/\/www.satokangas.fi\/blogi\/2012\/05\/suklaata-synttaria-simmer-poolia\/collazzone-custom\/\" data-orig-file=\"https:\/\/www.satokangas.fi\/blogi\/wp-content\/uploads\/Collazzone-Custom.jpg\" data-orig-size=\"720,1081\" data-comments-opened=\"1\" data-image-meta=\"{&quot;aperture&quot;:&quot;11&quot;,&quot;credit&quot;:&quot;Picasa&quot;,&quot;camera&quot;:&quot;Canon EOS 5D Mark II&quot;,&quot;caption&quot;:&quot;&quot;,&quot;created_timestamp&quot;:&quot;1336397111&quot;,&quot;copyright&quot;:&quot;&quot;,&quot;focal_length&quot;:&quot;67&quot;,&quot;iso&quot;:&quot;1600&quot;,&quot;shutter_speed&quot;:&quot;0.0025&quot;,&quot;title&quot;:&quot;&quot;}\" data-image-title=\"Collazzone (Custom)\" data-image-description=\"\" data-image-caption=\"\" data-large-file=\"https:\/\/www.satokangas.fi\/blogi\/wp-content\/uploads\/Collazzone-Custom-682x1024.jpg\" class=\"aligncenter size-medium wp-image-14190\" title=\"Collazzone (Custom)\" src=\"https:\/\/www.satokangas.fi\/blogi\/wp-content\/uploads\/Collazzone-Custom-266x400.jpg\" alt=\"\" width=\"266\" height=\"400\" srcset=\"https:\/\/www.satokangas.fi\/blogi\/wp-content\/uploads\/Collazzone-Custom-266x400.jpg 266w, https:\/\/www.satokangas.fi\/blogi\/wp-content\/uploads\/Collazzone-Custom-133x200.jpg 133w, https:\/\/www.satokangas.fi\/blogi\/wp-content\/uploads\/Collazzone-Custom-682x1024.jpg 682w, https:\/\/www.satokangas.fi\/blogi\/wp-content\/uploads\/Collazzone-Custom.jpg 720w\" sizes=\"auto, (max-width: 266px) 100vw, 266px\" \/><\/a><\/p>\n<p>Sen hetken, ett\u00e4 auto Villan pihalla pys\u00e4htyi, oli porukkamme loihtinut lounasbuffetin \u2026ja kunhan saimme hieman suolaista ja hieman proseccoa oli aika siirty\u00e4 aurinkoiselle altaalle. Kuinka l\u00e4mp\u00f6 ja aurinko eilisen ja aamuisen sateen j\u00e4lkeen olivatkaan mieluisia. Melkein kuului hykertely\u00e4 \u2026<\/p>\n<p>Syntt\u00e4rip\u00e4iv\u00e4st\u00e4 huolimatta t\u00e4n\u00e4\u00e4n v\u00e4h\u00e4n sellainen arkisempi menu: insalata tomato e bruschtetta pesto, Pasta con salmone, spinaci e mozzarella, pane ja sitten j\u00e4lkk\u00e4riksi eilen Assisista ostettu \u201dsyntt\u00e4rikakku\u201d = ihanan rapea, sis\u00e4lt\u00e4 v\u00e4h\u00e4n sitke\u00e4 marenki, iso marenki.<\/p>\n<p><a href=\"https:\/\/www.satokangas.fi\/blogi\/wp-content\/uploads\/MG_9391marenki.jpg\"><img loading=\"lazy\" decoding=\"async\" data-attachment-id=\"14188\" data-permalink=\"https:\/\/www.satokangas.fi\/blogi\/2012\/05\/suklaata-synttaria-simmer-poolia\/_mg_9391marenki\/\" data-orig-file=\"https:\/\/www.satokangas.fi\/blogi\/wp-content\/uploads\/MG_9391marenki.jpg\" data-orig-size=\"1024,683\" data-comments-opened=\"1\" data-image-meta=\"{&quot;aperture&quot;:&quot;4&quot;,&quot;credit&quot;:&quot;&quot;,&quot;camera&quot;:&quot;Canon EOS 5D Mark II&quot;,&quot;caption&quot;:&quot;&quot;,&quot;created_timestamp&quot;:&quot;1336421115&quot;,&quot;copyright&quot;:&quot;&quot;,&quot;focal_length&quot;:&quot;85&quot;,&quot;iso&quot;:&quot;125&quot;,&quot;shutter_speed&quot;:&quot;0.0769230769231&quot;,&quot;title&quot;:&quot;&quot;}\" data-image-title=\"_MG_9391marenki\" data-image-description=\"\" data-image-caption=\"\" data-large-file=\"https:\/\/www.satokangas.fi\/blogi\/wp-content\/uploads\/MG_9391marenki.jpg\" class=\"aligncenter size-medium wp-image-14188\" title=\"_MG_9391marenki\" src=\"https:\/\/www.satokangas.fi\/blogi\/wp-content\/uploads\/MG_9391marenki-600x400.jpg\" alt=\"\" width=\"600\" height=\"400\" srcset=\"https:\/\/www.satokangas.fi\/blogi\/wp-content\/uploads\/MG_9391marenki-600x400.jpg 600w, https:\/\/www.satokangas.fi\/blogi\/wp-content\/uploads\/MG_9391marenki-200x133.jpg 200w, https:\/\/www.satokangas.fi\/blogi\/wp-content\/uploads\/MG_9391marenki.jpg 1024w\" sizes=\"auto, (max-width: 600px) 100vw, 600px\" \/><\/a><\/p>\n<p>Sen lis\u00e4ksi \u2013 naturalmente \u2013 mansikoita ja lime-mascarpone-kastiketta. Annoin itseni ymm\u00e4rt\u00e4\u00e4, ett\u00e4 ruoka maistui. Ja sitten meid\u00e4n nuoret, jotka t\u00e4n\u00e4\u00e4nk\u00e4\u00e4n eiv\u00e4t l\u00e4htenee Perugian iltael\u00e4m\u00e4\u00e4n, katselivat muumeja ja nauttivat viinist\u00e4 (ristiriita? h\u00f6p\u00f6, h\u00f6p\u00f6), muistelivat lapsuuttaan, ja kaikin puolin lussakkaa oloa. Illan lopuksi pistettiin viel\u00e4 seurueen miesten kanssa Suomen maanpuolustus ennen ja nyt kohilleen.<\/p>\n<p>Nyt, huomista aurinkoa odotellessa, buona notte.<\/p>\n","protected":false},"excerpt":{"rendered":"<p>Maanantai(ko)?\u00a0Sateen uhka on, y\u00f6ll\u00e4 oli kova myrsky, viel\u00e4 kuudelta kylm\u00e4. Ja satoi. Eik\u00e4 hieman apaattista tunnelmaa auttanut, ett\u00e4 Klippanin oli l\u00e4hdett\u00e4v\u00e4. Pehtoori l\u00e4hti seitsem\u00e4n aikaan viem\u00e4\u00e4n nuoren naisen Ternin rautatieasemalle\u2026 me muut laittelimme aamiaista, mietimme mit\u00e4 tehd\u00e4, odottelimme syntt\u00e4risankaria aamiaiselle. Alkuper\u00e4issuunnitelman mukaan p\u00e4\u00e4timme l\u00e4hte\u00e4 kohti Peruginan suklaatehdasta. Vuokra-Mersu-Vito kuskinaan melkein ammattikuski l\u00e4hdimme kohti pohjoista. Ja l\u00f6ysimmeh\u00e4n me! Tehdaskierrokselle p\u00e4\u00e4stiin alakoululaisten &hellip; <\/p>\n","protected":false},"author":1,"featured_media":0,"comment_status":"open","ping_status":"open","sticky":false,"template":"","format":"standard","meta":{"jetpack_post_was_ever_published":false,"_jetpack_newsletter_access":"","_jetpack_dont_email_post_to_subs":false,"_jetpack_newsletter_tier_id":0,"_jetpack_memberships_contains_paywalled_content":false,"_jetpack_memberships_contains_paid_content":false,"footnotes":"","jetpack_publicize_message":"","jetpack_publicize_feature_enabled":true,"jetpack_social_post_already_shared":false,"jetpack_social_options":{"image_generator_settings":{"template":"highway","default_image_id":0,"font":"","enabled":false},"version":2}},"categories":[30],"tags":[],"class_list":["post-14184","post","type-post","status-publish","format-standard","hentry","category-italia","latest_post"],"jetpack_publicize_connections":[],"jetpack_featured_media_url":"","jetpack_shortlink":"https:\/\/wp.me\/pr4p4-3GM","jetpack_sharing_enabled":true,"jetpack_likes_enabled":false,"jetpack-related-posts":[{"id":37838,"url":"https:\/\/www.satokangas.fi\/blogi\/2019\/12\/outo-valoilmio-kohti-valoa\/","url_meta":{"origin":14184,"position":0},"title":"Outo valoilmi\u00f6 &#8211; kohti valoa","author":"Reija","date":"28.12.2019","format":false,"excerpt":"Koti hiljenee, joulu hiipuu... Pikkuperhett\u00e4 ei n\u00e4kynyt eilenk\u00e4\u00e4n, koska Juniorilla paluu t\u00f6ihin. Ja t\u00e4n\u00e4\u00e4n? - Meill\u00e4 suunta m\u00f6kille\u00a0 - kuten niin usein heti joulun j\u00e4lkeen? - Ei l\u00e4hdetty t\u00e4n\u00e4\u00e4n, tosin muisteltiin vuoden takaista vuodenvaihdetta, jolloin oli heti joulun per\u00e4\u00e4n Eevi Auroran kastajaiset, ja sitten jo seuraavana p\u00e4iv\u00e4n\u00e4 l\u00e4hdimme yst\u00e4vien kanssa\u2026","rel":"","context":"Kategoriassa &quot;Niit\u00e4 n\u00e4it\u00e4&quot;","block_context":{"text":"Niit\u00e4 n\u00e4it\u00e4","link":"https:\/\/www.satokangas.fi\/blogi\/category\/aiheeton\/"},"img":{"alt_text":"","src":"https:\/\/i0.wp.com\/www.satokangas.fi\/blogi\/wp-content\/uploads\/2019\/12\/vinkka.jpg?resize=350%2C200&ssl=1","width":350,"height":200,"srcset":"https:\/\/i0.wp.com\/www.satokangas.fi\/blogi\/wp-content\/uploads\/2019\/12\/vinkka.jpg?resize=350%2C200&ssl=1 1x, https:\/\/i0.wp.com\/www.satokangas.fi\/blogi\/wp-content\/uploads\/2019\/12\/vinkka.jpg?resize=525%2C300&ssl=1 1.5x, https:\/\/i0.wp.com\/www.satokangas.fi\/blogi\/wp-content\/uploads\/2019\/12\/vinkka.jpg?resize=700%2C400&ssl=1 2x"},"classes":[]},{"id":42444,"url":"https:\/\/www.satokangas.fi\/blogi\/2022\/02\/kohti-hiljentymista\/","url_meta":{"origin":14184,"position":1},"title":"Kohti hiljentymist\u00e4","author":"Reija","date":"20.2.2022","format":false,"excerpt":"Itku pitk\u00e4st\u00e4 ilosta! N\u00e4it\u00e4 suomalaisten ikiaikaisia el\u00e4m\u00e4nviisauksia. Yhdeks\u00e4lt\u00e4 m\u00f6kki hiljeni, ja niinh\u00e4n siin\u00e4 k\u00e4vi, ett\u00e4 mummi itke\u00e4 tihrusti, kun pienet kiipesiv\u00e4t auton takapenkille vilkutellen. Eeviskin kyynelehti, eik\u00e4 Apsullakaan ollut kiire l\u00e4hte\u00e4 pois lomaselta. Ja kyll\u00e4 meille aikuisseurakin olisi viel\u00e4 kelvannut. Olemme koettaneet taas asettua lepoon ja rauhoittumaan kaikesta. Nyt toiveissa\u2026","rel":"","context":"Kategoriassa &quot;Niit\u00e4 n\u00e4it\u00e4&quot;","block_context":{"text":"Niit\u00e4 n\u00e4it\u00e4","link":"https:\/\/www.satokangas.fi\/blogi\/category\/aiheeton\/"},"img":{"alt_text":"","src":"","width":0,"height":0},"classes":[]},{"id":6374,"url":"https:\/\/www.satokangas.fi\/blogi\/2010\/03\/nakemiin-dubai\/","url_meta":{"origin":14184,"position":2},"title":"N\u00e4kemiin Dubai","author":"Reija","date":"14.3.2010","format":false,"excerpt":"Viimeinen p\u00e4iv\u00e4 ollut kiireinen... aurinkoinen, mutta mukavan tuulinen. Nyt viel\u00e4 l\u00e4hdemme katsomaan Lost Chambers. Klo 17.10 l\u00e4htee bussi kohti kentt\u00e4\u00e4, ja klo 20.35 l\u00e4htee lento Helsinkiin. Dubain kirjeenvaihtajanne sulkee yhteyden. Kuulemisiin ja katselemisiin...","rel":"","context":"Kategoriassa &quot;Niit\u00e4 n\u00e4it\u00e4&quot;","block_context":{"text":"Niit\u00e4 n\u00e4it\u00e4","link":"https:\/\/www.satokangas.fi\/blogi\/category\/aiheeton\/"},"img":{"alt_text":"","src":"https:\/\/i0.wp.com\/www.satokangas.fi\/blogi\/wp-content\/uploads\/2010\/03\/Simpsonit-arabiaksi-500x298.jpg?resize=350%2C200&ssl=1","width":350,"height":200},"classes":[]},{"id":37188,"url":"https:\/\/www.satokangas.fi\/blogi\/2019\/09\/jaahyvaiset-kesalle\/","url_meta":{"origin":14184,"position":3},"title":"J\u00e4\u00e4hyv\u00e4iset kes\u00e4lle","author":"Reija","date":"11.9.2019","format":false,"excerpt":"J\u00e4\u00e4hyv\u00e4iset kes\u00e4lle. Ne taisivat olla t\u00e4n\u00e4\u00e4n. Kotipihalla l\u00e4mp\u00f6mittari oli iltap\u00e4iv\u00e4ll\u00e4 jo l\u00e4hell\u00e4 hellerajaa. Aamurutiinien j\u00e4lkeen l\u00e4hdin syysmarkkinoille ja kauppaan - vaikka en min\u00e4 tosin juuri mit\u00e4\u00e4n yhden hengen huushollissani tarvitse. Varsinkaan kun t\u00e4lle p\u00e4iv\u00e4lle oli ruokatreffit yst\u00e4v\u00e4n kanssa. Meid\u00e4n molempien miehet\u00a0 ovat m\u00f6kill\u00e4; toinen Pudasj\u00e4rvell\u00e4, toinen Hangasojalla*, joten nyt oli\u2026","rel":"","context":"Kategoriassa &quot;Oulun etniset ravintolat&quot;","block_context":{"text":"Oulun etniset ravintolat","link":"https:\/\/www.satokangas.fi\/blogi\/category\/ruoka_ja_viini\/oulun-etniset-ravintolat\/"},"img":{"alt_text":"","src":"https:\/\/i0.wp.com\/www.satokangas.fi\/blogi\/wp-content\/uploads\/2019\/09\/Fuchka-3.jpg?resize=350%2C200&ssl=1","width":350,"height":200},"classes":[]},{"id":34384,"url":"https:\/\/www.satokangas.fi\/blogi\/2018\/07\/kohti-festusta\/","url_meta":{"origin":14184,"position":4},"title":"Kohti Festusta","author":"Reija","date":"12.7.2018","format":false,"excerpt":"Juuri \u00e4sken l\u00e4hti Apsu kotiin. Tulikin tosi vasta iltap\u00e4iv\u00e4ll\u00e4, iltavuorolainen kuten vanhempansakin. Ja heti l\u00e4hdettiin Nallikariin. Kolmisin, sill\u00e4 kummit\u00e4din Apsu halusi tietysti mukaan. Ja kuinka olikaan ep\u00e4todellisen mukava olo siell\u00e4, ja sen j\u00e4lkeen kotipihalla koko ilta. Nyth\u00e4n on v\u00e4h\u00e4n sellainen viikko, ett\u00e4 kaikki on yht\u00e4aikaa. Kaikki hyv\u00e4. Siin\u00e4 me kalaaseja\u2026","rel":"","context":"Kategoriassa &quot;Niit\u00e4 n\u00e4it\u00e4&quot;","block_context":{"text":"Niit\u00e4 n\u00e4it\u00e4","link":"https:\/\/www.satokangas.fi\/blogi\/category\/aiheeton\/"},"img":{"alt_text":"","src":"https:\/\/i0.wp.com\/www.satokangas.fi\/blogi\/wp-content\/uploads\/2018\/07\/1-6.jpg?resize=350%2C200&ssl=1","width":350,"height":200,"srcset":"https:\/\/i0.wp.com\/www.satokangas.fi\/blogi\/wp-content\/uploads\/2018\/07\/1-6.jpg?resize=350%2C200&ssl=1 1x, https:\/\/i0.wp.com\/www.satokangas.fi\/blogi\/wp-content\/uploads\/2018\/07\/1-6.jpg?resize=525%2C300&ssl=1 1.5x, https:\/\/i0.wp.com\/www.satokangas.fi\/blogi\/wp-content\/uploads\/2018\/07\/1-6.jpg?resize=700%2C400&ssl=1 2x"},"classes":[]},{"id":29599,"url":"https:\/\/www.satokangas.fi\/blogi\/2016\/11\/kohti-nousevan-auringon-maata\/","url_meta":{"origin":14184,"position":5},"title":"Kohti nousevan auringon maata","author":"Reija","date":"12.11.2016","format":false,"excerpt":"Matkalla ollaan. Oikeastaan nytkin viel\u00e4 mietin, miten me emme ole ennen Japaniin l\u00e4hteneet. Valtamerien yli\u00a0on sent\u00e4\u00e4n muutaman (Etel\u00e4-Afrikka, Kiina (2 x), Meksiko, New York (2 x) kerran ennenkin lennetty, mutta Japaniin ei ole l\u00e4hdetty. Ei, vaikka voisin v\u00e4itt\u00e4\u00e4, ett\u00e4 ty\u00f6yhteis\u00f6 melkein \u00b4painosti\u00b4 tai ainakin yhteisten vuosien aikana hyvin vahvasti suositteli\u2026","rel":"","context":"Kategoriassa &quot;Japani&quot;","block_context":{"text":"Japani","link":"https:\/\/www.satokangas.fi\/blogi\/category\/reissut\/japani\/"},"img":{"alt_text":"bonsai-puu","src":"https:\/\/i0.wp.com\/www.satokangas.fi\/blogi\/wp-content\/uploads\/2016\/11\/Bonsai-puu-683x1024.jpg?resize=350%2C200&ssl=1","width":350,"height":200,"srcset":"https:\/\/i0.wp.com\/www.satokangas.fi\/blogi\/wp-content\/uploads\/2016\/11\/Bonsai-puu-683x1024.jpg?resize=350%2C200&ssl=1 1x, https:\/\/i0.wp.com\/www.satokangas.fi\/blogi\/wp-content\/uploads\/2016\/11\/Bonsai-puu-683x1024.jpg?resize=525%2C300&ssl=1 1.5x"},"classes":[]}],"_links":{"self":[{"href":"https:\/\/www.satokangas.fi\/blogi\/wp-json\/wp\/v2\/posts\/14184","targetHints":{"allow":["GET"]}}],"collection":[{"href":"https:\/\/www.satokangas.fi\/blogi\/wp-json\/wp\/v2\/posts"}],"about":[{"href":"https:\/\/www.satokangas.fi\/blogi\/wp-json\/wp\/v2\/types\/post"}],"author":[{"embeddable":true,"href":"https:\/\/www.satokangas.fi\/blogi\/wp-json\/wp\/v2\/users\/1"}],"replies":[{"embeddable":true,"href":"https:\/\/www.satokangas.fi\/blogi\/wp-json\/wp\/v2\/comments?post=14184"}],"version-history":[{"count":0,"href":"https:\/\/www.satokangas.fi\/blogi\/wp-json\/wp\/v2\/posts\/14184\/revisions"}],"wp:attachment":[{"href":"https:\/\/www.satokangas.fi\/blogi\/wp-json\/wp\/v2\/media?parent=14184"}],"wp:term":[{"taxonomy":"category","embeddable":true,"href":"https:\/\/www.satokangas.fi\/blogi\/wp-json\/wp\/v2\/categories?post=14184"},{"taxonomy":"post_tag","embeddable":true,"href":"https:\/\/www.satokangas.fi\/blogi\/wp-json\/wp\/v2\/tags?post=14184"}],"curies":[{"name":"wp","href":"https:\/\/api.w.org\/{rel}","templated":true}]}}