{"id":13619,"date":"2012-02-27T20:07:27","date_gmt":"2012-02-27T18:07:27","guid":{"rendered":"https:\/\/www.satokangas.fi\/blogi\/?p=13619"},"modified":"2012-02-27T20:17:24","modified_gmt":"2012-02-27T18:17:24","slug":"paluu-blondiksi","status":"publish","type":"post","link":"https:\/\/www.satokangas.fi\/blogi\/2012\/02\/paluu-blondiksi\/","title":{"rendered":"Paluu blondiksi"},"content":{"rendered":"<p>Nyt on tukka hyvin, kaikki hyvin! Annoin periksi, olen taas v\u00e4h\u00e4n blondimpi. Vuodenhan min\u00e4 pysyinkin ilman v\u00e4rej\u00e4&#8230; Heikko on ihmisluonto, mutta jotenkin nyt t\u00e4m\u00e4 hiusten vaalentaminen vaan tuntui tarpeelliselta ja hyv\u00e4lt\u00e4. \u00a0Ja uuden huulipunankin k\u00e4vin ostamassa.<\/p>\n<p>Puhe printattu, lehdist\u00f6n kanssa neuvoteltu, sivustatuki varmistettu, pukukoodi vahvistettu\u00a0ja\u00a0liituraita silitetty. Ilmassa on suuren urheilujuhlan tuntua.<\/p>\n<p>Jatkuu huomenna &#8230; \ud83d\ude42<\/p>\n","protected":false},"excerpt":{"rendered":"<p>Nyt on tukka hyvin, kaikki hyvin! Annoin periksi, olen taas v\u00e4h\u00e4n blondimpi. Vuodenhan min\u00e4 pysyinkin ilman v\u00e4rej\u00e4&#8230; Heikko on ihmisluonto, mutta jotenkin nyt t\u00e4m\u00e4 hiusten vaalentaminen vaan tuntui tarpeelliselta ja hyv\u00e4lt\u00e4. \u00a0Ja uuden huulipunankin k\u00e4vin ostamassa. Puhe printattu, lehdist\u00f6n kanssa neuvoteltu, sivustatuki varmistettu, pukukoodi vahvistettu\u00a0ja\u00a0liituraita silitetty. Ilmassa on suuren urheilujuhlan tuntua. Jatkuu huomenna &#8230; \ud83d\ude42<\/p>\n","protected":false},"author":1,"featured_media":0,"comment_status":"open","ping_status":"open","sticky":false,"template":"","format":"standard","meta":{"_jetpack_newsletter_access":"","_jetpack_dont_email_post_to_subs":false,"_jetpack_newsletter_tier_id":0,"_jetpack_memberships_contains_paywalled_content":false,"_jetpack_feature_clip_id":0,"_jetpack_memberships_contains_paid_content":false,"footnotes":"","jetpack_publicize_message":"","jetpack_publicize_feature_enabled":true,"jetpack_social_post_already_shared":false,"jetpack_social_options":{"image_generator_settings":{"template":"highway","default_image_id":0,"font":"","enabled":false},"version":2},"jetpack_post_was_ever_published":false},"categories":[1],"tags":[],"class_list":["post-13619","post","type-post","status-publish","format-standard","hentry","category-aiheeton","latest_post"],"jetpack_publicize_connections":[],"jetpack_shortlink":"https:\/\/wp.me\/pr4p4-3xF","jetpack_sharing_enabled":true,"jetpack_likes_enabled":false,"jetpack-related-posts":[{"id":38391,"url":"https:\/\/www.satokangas.fi\/blogi\/2020\/03\/maalla-merella-ja-ilmassa\/","url_meta":{"origin":13619,"position":0},"title":"Maalla, merell\u00e4 ja ilmassa","author":"Reija","date":"26.3.2020","format":false,"excerpt":"T\u00e4m\u00e4np\u00e4iv\u00e4inen kohtaaminen lenkill\u00e4: torstain joutsen. Merell\u00e4, meren j\u00e4\u00e4ll\u00e4 oli pilkkij\u00f6it\u00e4. Paljon. Laskeskelin, ett\u00e4 Pateniemen rannasta n\u00e4kyi yhteens\u00e4 pitk\u00e4lti yli puolensataa pilkkij\u00e4\u00e4. Miksip\u00e4 ei olisi? - S\u00e4\u00e4 aurinkoinen, l\u00e4mmin, merell\u00e4kin vain heikko tuuli. Ja kahden metrin turvav\u00e4li. ;) Aallonmurtajien - vanhojen proomujen - ruosteiset kyljet n\u00e4yttiv\u00e4t ihan kuparilta kirkkaassa kev\u00e4tauringon valossa.\u2026","rel":"","context":"Kategoriassa &quot;Niit\u00e4 n\u00e4it\u00e4&quot;","block_context":{"text":"Niit\u00e4 n\u00e4it\u00e4","link":"https:\/\/www.satokangas.fi\/blogi\/category\/aiheeton\/"},"img":{"alt_text":"","src":"https:\/\/i0.wp.com\/www.satokangas.fi\/blogi\/wp-content\/uploads\/2020\/03\/iltarusko.jpg?resize=350%2C200&ssl=1","width":350,"height":200,"srcset":"https:\/\/i0.wp.com\/www.satokangas.fi\/blogi\/wp-content\/uploads\/2020\/03\/iltarusko.jpg?resize=350%2C200&ssl=1 1x, https:\/\/i0.wp.com\/www.satokangas.fi\/blogi\/wp-content\/uploads\/2020\/03\/iltarusko.jpg?resize=525%2C300&ssl=1 1.5x, https:\/\/i0.wp.com\/www.satokangas.fi\/blogi\/wp-content\/uploads\/2020\/03\/iltarusko.jpg?resize=700%2C400&ssl=1 2x"},"classes":[]},{"id":52894,"url":"https:\/\/www.satokangas.fi\/blogi\/2025\/08\/ilma-kuin-linnunmaitoa\/","url_meta":{"origin":13619,"position":1},"title":"Ilma kuin linnunmaitoa!","author":"Reija","date":"10.8.2025","format":false,"excerpt":"\"Ilma on kuin linnunmaitoa\"! - Niin \u00e4itini olisi t\u00e4n\u00e4\u00e4n sanonut. Niin h\u00e4n sanoi silloin, kun oli sellainen lempe\u00e4, l\u00e4mmin, leppe\u00e4 etel\u00e4tuulinen, liki tyven p\u00e4iv\u00e4 kuten t\u00e4n\u00e4\u00e4n. T\u00e4n\u00e4\u00e4n on ollut hyv\u00e4 p\u00e4iv\u00e4. On ollut hyvin v\u00e4h\u00e4n mit\u00e4\u00e4n ajatuksia, y\u00f6lliset painajaiset unohtuivat pian, kovin v\u00e4h\u00e4n on mieless\u00e4 ollut huolia, eik\u00e4 ole ollut\u2026","rel":"","context":"Kategoriassa &quot;Lappi&quot;","block_context":{"text":"Lappi","link":"https:\/\/www.satokangas.fi\/blogi\/category\/lappi\/"},"img":{"alt_text":"","src":"https:\/\/i0.wp.com\/www.satokangas.fi\/blogi\/wp-content\/uploads\/2025\/08\/aamupaivapatikalla-3.jpg?resize=350%2C200&ssl=1","width":350,"height":200,"srcset":"https:\/\/i0.wp.com\/www.satokangas.fi\/blogi\/wp-content\/uploads\/2025\/08\/aamupaivapatikalla-3.jpg?resize=350%2C200&ssl=1 1x, https:\/\/i0.wp.com\/www.satokangas.fi\/blogi\/wp-content\/uploads\/2025\/08\/aamupaivapatikalla-3.jpg?resize=525%2C300&ssl=1 1.5x, https:\/\/i0.wp.com\/www.satokangas.fi\/blogi\/wp-content\/uploads\/2025\/08\/aamupaivapatikalla-3.jpg?resize=700%2C400&ssl=1 2x"},"classes":[]},{"id":13244,"url":"https:\/\/www.satokangas.fi\/blogi\/2012\/01\/viralliset-paivalliset\/","url_meta":{"origin":13619,"position":2},"title":"Viralliset p\u00e4iv\u00e4lliset","author":"Reija","date":"10.1.2012","format":false,"excerpt":"Pakkasta - 9 C - 14 C, hyvin heikkoa lumisadetta, taivas pilvess\u00e4. Koko p\u00e4iv\u00e4n surkea nettiyhteys. Jo hiipuva flunssa ja virkeytt\u00e4 ilmassa. Hiiht\u00e4minen oli aamup\u00e4iv\u00e4n juttu. Aamuh\u00e4m\u00e4r\u00e4ss\u00e4, pieni\u00e4 kristallisia lumihiutaleita ilmassa, pieni\u00e4 hippuja. Hiljaisuutta. Liikkumisen iloa. Iltap\u00e4iv\u00e4n ja illan juttu oli \"viralliset p\u00e4iv\u00e4lliset\". Saimme ruokavieraita. Sellaisia, jotka meill\u00e4 eiv\u00e4t ole\u2026","rel":"","context":"Kategoriassa &quot;Niit\u00e4 n\u00e4it\u00e4&quot;","block_context":{"text":"Niit\u00e4 n\u00e4it\u00e4","link":"https:\/\/www.satokangas.fi\/blogi\/category\/aiheeton\/"},"img":{"alt_text":"","src":"","width":0,"height":0},"classes":[]},{"id":35934,"url":"https:\/\/www.satokangas.fi\/blogi\/2019\/02\/kuvien-maanantai\/","url_meta":{"origin":13619,"position":3},"title":"Kuvien maanantai","author":"Reija","date":"11.2.2019","format":false,"excerpt":"R\u00e4stihommien maanantai. Paljon kuva-asioita toimitettavana, sek\u00e4 paistink\u00e4\u00e4nt\u00e4jille ett\u00e4 pikkuperheelle. Ja hyvin, hyvin alustava neuvottelu uudesta kuvaprojektistakin. Ja ihan mahdottoman hieno kev\u00e4ttalvinen ilma. \u00a0 Mummin rakkaat.","rel":"","context":"Kategoriassa &quot;Niit\u00e4 n\u00e4it\u00e4&quot;","block_context":{"text":"Niit\u00e4 n\u00e4it\u00e4","link":"https:\/\/www.satokangas.fi\/blogi\/category\/aiheeton\/"},"img":{"alt_text":"","src":"https:\/\/i0.wp.com\/www.satokangas.fi\/blogi\/wp-content\/uploads\/2019\/02\/1-2.jpg?resize=350%2C200&ssl=1","width":350,"height":200,"srcset":"https:\/\/i0.wp.com\/www.satokangas.fi\/blogi\/wp-content\/uploads\/2019\/02\/1-2.jpg?resize=350%2C200&ssl=1 1x, https:\/\/i0.wp.com\/www.satokangas.fi\/blogi\/wp-content\/uploads\/2019\/02\/1-2.jpg?resize=525%2C300&ssl=1 1.5x, https:\/\/i0.wp.com\/www.satokangas.fi\/blogi\/wp-content\/uploads\/2019\/02\/1-2.jpg?resize=700%2C400&ssl=1 2x"},"classes":[]},{"id":37802,"url":"https:\/\/www.satokangas.fi\/blogi\/2019\/12\/37802\/","url_meta":{"origin":13619,"position":4},"title":"Mummillla mieluinen huki","author":"Reija","date":"20.12.2019","format":false,"excerpt":"Noinko se j\u00e4nnitti, ett\u00e4 jo ennen viitt\u00e4 her\u00e4sin? Her\u00e4sin ihan liian v\u00e4hin unin, ihan liian aikaisin. Toisaalta: ehdin touhuta ennen h-hetke\u00e4.\u00a0Viel\u00e4 min\u00e4kin jaksan k\u00e4yd\u00e4 ylikierroksia kun on jotain uutta, ennenkokematonta odotettavissa? - N\u00e4k\u00f6j\u00e4\u00e4n. T\u00e4n\u00e4\u00e4n oli se p\u00e4iv\u00e4, jolloin oli pojanpojan \"operaatio\" (~ korvien putkitus ja kitarisan poisto, mik\u00e4 tarkoitti pient\u00e4\u2026","rel":"","context":"Kategoriassa &quot;Isovanhemmuus&quot;","block_context":{"text":"Isovanhemmuus","link":"https:\/\/www.satokangas.fi\/blogi\/category\/isovanhemmuus\/"},"img":{"alt_text":"","src":"https:\/\/i0.wp.com\/www.satokangas.fi\/blogi\/wp-content\/uploads\/2019\/12\/codorniu-1-286x400.jpg?resize=350%2C200&ssl=1","width":350,"height":200},"classes":[]},{"id":31510,"url":"https:\/\/www.satokangas.fi\/blogi\/2017\/08\/menneessa\/","url_meta":{"origin":13619,"position":5},"title":"Menneess\u00e4","author":"Reija","date":"4.8.2017","format":false,"excerpt":"M(in\u00e4): \u00a0Huomenta :) On ihana aamu. V(irastomestari): Kes\u00e4huomenta ... Niin on. M: Olisin niin hyvin voinut j\u00e4\u00e4d\u00e4 ulos. Sis\u00e4lle tuleminen ei oikeastaan innosta... Ahistaa t\u00e4m\u00e4 huono ilma... V: Ymm\u00e4rr\u00e4n. Min\u00e4kin olisin. M: Vaikka hyv\u00e4h\u00e4n se on, ett\u00e4 on t\u00f6it\u00e4. V: Niin ja tykk\u00e4\u00e4t kuitenkin. Kyll\u00e4 se t\u00e4st\u00e4. Kuinkahan monena elokuun\u2026","rel":"","context":"Kategoriassa &quot;Niit\u00e4 n\u00e4it\u00e4&quot;","block_context":{"text":"Niit\u00e4 n\u00e4it\u00e4","link":"https:\/\/www.satokangas.fi\/blogi\/category\/aiheeton\/"},"img":{"alt_text":"","src":"https:\/\/i0.wp.com\/www.satokangas.fi\/blogi\/wp-content\/uploads\/2017\/08\/Hetki-3.jpg?resize=350%2C200&ssl=1","width":350,"height":200,"srcset":"https:\/\/i0.wp.com\/www.satokangas.fi\/blogi\/wp-content\/uploads\/2017\/08\/Hetki-3.jpg?resize=350%2C200&ssl=1 1x, https:\/\/i0.wp.com\/www.satokangas.fi\/blogi\/wp-content\/uploads\/2017\/08\/Hetki-3.jpg?resize=525%2C300&ssl=1 1.5x, https:\/\/i0.wp.com\/www.satokangas.fi\/blogi\/wp-content\/uploads\/2017\/08\/Hetki-3.jpg?resize=700%2C400&ssl=1 2x"},"classes":[]}],"jetpack_featured_media_url":"","_links":{"self":[{"href":"https:\/\/www.satokangas.fi\/blogi\/wp-json\/wp\/v2\/posts\/13619","targetHints":{"allow":["GET"]}}],"collection":[{"href":"https:\/\/www.satokangas.fi\/blogi\/wp-json\/wp\/v2\/posts"}],"about":[{"href":"https:\/\/www.satokangas.fi\/blogi\/wp-json\/wp\/v2\/types\/post"}],"author":[{"embeddable":true,"href":"https:\/\/www.satokangas.fi\/blogi\/wp-json\/wp\/v2\/users\/1"}],"replies":[{"embeddable":true,"href":"https:\/\/www.satokangas.fi\/blogi\/wp-json\/wp\/v2\/comments?post=13619"}],"version-history":[{"count":0,"href":"https:\/\/www.satokangas.fi\/blogi\/wp-json\/wp\/v2\/posts\/13619\/revisions"}],"wp:attachment":[{"href":"https:\/\/www.satokangas.fi\/blogi\/wp-json\/wp\/v2\/media?parent=13619"}],"wp:term":[{"taxonomy":"category","embeddable":true,"href":"https:\/\/www.satokangas.fi\/blogi\/wp-json\/wp\/v2\/categories?post=13619"},{"taxonomy":"post_tag","embeddable":true,"href":"https:\/\/www.satokangas.fi\/blogi\/wp-json\/wp\/v2\/tags?post=13619"}],"curies":[{"name":"wp","href":"https:\/\/api.w.org\/{rel}","templated":true}]}}