{"id":13580,"date":"2012-02-20T18:30:02","date_gmt":"2012-02-20T16:30:02","guid":{"rendered":"https:\/\/www.satokangas.fi\/blogi\/?p=13580"},"modified":"2012-02-21T08:49:01","modified_gmt":"2012-02-21T06:49:01","slug":"touhuten-kohti-kevatta","status":"publish","type":"post","link":"https:\/\/www.satokangas.fi\/blogi\/2012\/02\/touhuten-kohti-kevatta\/","title":{"rendered":"Touhuten kohti kev\u00e4tt\u00e4"},"content":{"rendered":"<p>Olipas t\u00e4n\u00e4\u00e4n aamup\u00e4iv\u00e4ll\u00e4 k\u00e4velless\u00e4 akselilla Alppila &#8211; Caritas &#8211; hautuumaa &#8211; pari apteekkia &#8211; Tuira &#8211; Alppila kuin olisi ollut jossain oikeallakin patikkapolulla. Reppu yht\u00e4 raskas ja jalkak\u00e4yt\u00e4v\u00e4t sellaista m\u00f6pelikk\u00f6\u00e4, ett\u00e4 moni patikkapolku on sujuvammin kuljettavaa. Mutta tulipahan k\u00e4velty\u00e4 kunnolla. En ikin\u00e4 ole varmasti sauvak\u00e4vellytk\u00e4\u00e4n Rotuaarilla, enk\u00e4 nyt varsinaisen fiksuksi tuntenut itse\u00e4ni t\u00e4n\u00e4\u00e4nk\u00e4\u00e4n, mutta sattuipahan nyt niin k\u00e4ym\u00e4\u00e4n. Ja sininen taivas pilvien lomasta, auringonkin n\u00e4in. Lupaus kev\u00e4\u00e4st\u00e4.<\/p>\n<p>Meid\u00e4n kilpuri ei tosin oikein usko viel\u00e4 kev\u00e4\u00e4seen. Her\u00e4ttelin sen varovaisesti viikko sitten kolme kuukautta kest\u00e4neelt\u00e4 talviunelta, ja sen j\u00e4lkeen\u00a0on kylvetty, oltu l\u00e4mp\u00f6lampun alla, v\u00e4h\u00e4n jo sy\u00f6tykin ja taas kylvetty ja l\u00e4mmitelty, mutta Elmeri Konrad ei ole vakuuttunut, ett\u00e4 olisi aika virkisty\u00e4. L\u00f6ysi hyv\u00e4n ja l\u00e4mpim\u00e4n paikan jatkaa uneilua&#8230;<\/p>\n<p style=\"text-align: center;\"><a href=\"https:\/\/www.satokangas.fi\/blogi\/wp-content\/uploads\/Elmeri-ja-vinkkelit.jpg\"><img loading=\"lazy\" decoding=\"async\" data-attachment-id=\"13581\" data-permalink=\"https:\/\/www.satokangas.fi\/blogi\/2012\/02\/touhuten-kohti-kevatta\/elmeri-ja-vinkkelit\/\" data-orig-file=\"https:\/\/www.satokangas.fi\/blogi\/wp-content\/uploads\/Elmeri-ja-vinkkelit.jpg\" data-orig-size=\"1024,617\" data-comments-opened=\"1\" data-image-title=\"Elmeri ja vinkkelit\" data-image-description=\"\" data-image-caption=\"\" data-large-file=\"https:\/\/www.satokangas.fi\/blogi\/wp-content\/uploads\/Elmeri-ja-vinkkelit.jpg\" class=\"size-medium wp-image-13581 aligncenter\" title=\"Elmeri ja vinkkelit\" src=\"https:\/\/www.satokangas.fi\/blogi\/wp-content\/uploads\/Elmeri-ja-vinkkelit-600x361.jpg\" alt=\"\" width=\"600\" height=\"361\" srcset=\"https:\/\/www.satokangas.fi\/blogi\/wp-content\/uploads\/Elmeri-ja-vinkkelit-600x361.jpg 600w, https:\/\/www.satokangas.fi\/blogi\/wp-content\/uploads\/Elmeri-ja-vinkkelit-200x120.jpg 200w, https:\/\/www.satokangas.fi\/blogi\/wp-content\/uploads\/Elmeri-ja-vinkkelit.jpg 1024w\" sizes=\"auto, (max-width: 600px) 100vw, 600px\" \/><\/a><\/p>\n<p>Iltap\u00e4iv\u00e4ll\u00e4 olin Linnanmaalla. On tainnut olla yksi pisimmist\u00e4 jaksoista ikin\u00e4, kun olen pysynyt pois ty\u00f6maalta. Mutta mukava oli t\u00e4n\u00e4\u00e4n k\u00e4yd\u00e4. Mukavissa merkeiss\u00e4 ja mukava kun kyseliv\u00e4t jo, milloin tulen takaisin. Enp\u00e4 nyt viel\u00e4 ainakaan. Palaveri \u00a0ja my\u00f6s huoltotoiminta vol. II\u00a0\u00a0Etu-Ly\u00f6tyn suunnalla iltap\u00e4iv\u00e4ll\u00e4kin &#8211; j\u00e4lkimm\u00e4inen reissu tosin autolla. Siis pitk\u00e4st\u00e4 aikaa oikein touhup\u00e4iv\u00e4.<\/p>\n<p>Sellaista jouduin t\u00e4n\u00e4\u00e4n miettim\u00e4\u00e4n, ett\u00e4 jos sanotaan ett\u00e4 jotakin pit\u00e4\u00e4 tapahtua johonkin menness\u00e4, esim. &#8221;ilmoittaudu 1.3. menness\u00e4&#8221; \u00a0niin tarkoittaako se, ett\u00e4 on ilmoittauduttava ennen tuota p\u00e4iv\u00e4\u00e4, siis helmikuun puolella\u00a0vai ett\u00e4 1.3. on viimeinen mahdollinen p\u00e4iv\u00e4 ilmoittautua. N\u00e4in suuria kysymyksi\u00e4 t\u00e4n\u00e4\u00e4n.<\/p>\n<p>Ai niin, se tyr\u00e4kki. Siis se sotku jonka Gomeran huiputuksen ev\u00e4stauolla sain aikaiseksi siihen uuteen (no uusi ja uusi) \u00a0Hagl\u00f6fsin kuoritakkiin.. Se l\u00e4hti pesulassa. Yesh! Ja SJR:n webbihotelli ei ollutkaan se blogiani viikonlopun vaivanneen kommentoinnin takkuilun syyp\u00e4\u00e4. Syy l\u00f6ytyi operaattorista.<\/p>\n<p>Nyt palelee. Voihan sen takkatulen sytytt\u00e4\u00e4 maanantainakin &#8230; eik\u00f6 vain.<\/p>\n<p>&nbsp;<\/p>\n","protected":false},"excerpt":{"rendered":"<p>Olipas t\u00e4n\u00e4\u00e4n aamup\u00e4iv\u00e4ll\u00e4 k\u00e4velless\u00e4 akselilla Alppila &#8211; Caritas &#8211; hautuumaa &#8211; pari apteekkia &#8211; Tuira &#8211; Alppila kuin olisi ollut jossain oikeallakin patikkapolulla. Reppu yht\u00e4 raskas ja jalkak\u00e4yt\u00e4v\u00e4t sellaista m\u00f6pelikk\u00f6\u00e4, ett\u00e4 moni patikkapolku on sujuvammin kuljettavaa. Mutta tulipahan k\u00e4velty\u00e4 kunnolla. En ikin\u00e4 ole varmasti sauvak\u00e4vellytk\u00e4\u00e4n Rotuaarilla, enk\u00e4 nyt varsinaisen fiksuksi tuntenut itse\u00e4ni t\u00e4n\u00e4\u00e4nk\u00e4\u00e4n, mutta sattuipahan nyt niin k\u00e4ym\u00e4\u00e4n. Ja sininen &hellip; <\/p>\n","protected":false},"author":1,"featured_media":0,"comment_status":"open","ping_status":"open","sticky":false,"template":"","format":"standard","meta":{"_jetpack_newsletter_access":"","_jetpack_dont_email_post_to_subs":false,"_jetpack_newsletter_tier_id":0,"_jetpack_memberships_contains_paywalled_content":false,"_jetpack_feature_clip_id":0,"_jetpack_memberships_contains_paid_content":false,"footnotes":"","jetpack_publicize_message":"","jetpack_publicize_feature_enabled":true,"jetpack_social_post_already_shared":false,"jetpack_social_options":{"image_generator_settings":{"template":"highway","default_image_id":0,"font":"","enabled":false},"version":2},"jetpack_post_was_ever_published":false},"categories":[1],"tags":[],"class_list":["post-13580","post","type-post","status-publish","format-standard","hentry","category-aiheeton","latest_post"],"jetpack_publicize_connections":[],"jetpack_shortlink":"https:\/\/wp.me\/pr4p4-3x2","jetpack_sharing_enabled":true,"jetpack_likes_enabled":false,"jetpack-related-posts":[{"id":38442,"url":"https:\/\/www.satokangas.fi\/blogi\/2020\/04\/vahan-on-paljon-3\/","url_meta":{"origin":13580,"position":0},"title":"V\u00e4h\u00e4n on paljon","author":"Reija","date":"3.4.2020","format":false,"excerpt":"Perjantai, kauppap\u00e4iv\u00e4. Seh\u00e4n on nykyisin erikseen mainittava - kaupassa k\u00e4ynti. El\u00e4m\u00e4n highlighteja! Ei muuta. Paitsi, ett\u00e4 olen hyvin iloinen omasta puolestani, siis siit\u00e4 ett\u00e4 sittenkin l\u00e4hdin kunnon lenkille. Ja ett\u00e4 sain rairuohot kylvetyksi. Muutamaan haasteeseen vastatuksi, ja yhden (p\u00e4\u00e4si\u00e4isen virtuaaliviininmaistiaiset) ideoiduksi. Palaan sen tiimoilta asiaan my\u00f6s t\u00e4\u00e4ll\u00e4 blogissa viimeist\u00e4\u00e4n alkuviikosta.\u2026","rel":"","context":"Kategoriassa &quot;Niit\u00e4 n\u00e4it\u00e4&quot;","block_context":{"text":"Niit\u00e4 n\u00e4it\u00e4","link":"https:\/\/www.satokangas.fi\/blogi\/category\/aiheeton\/"},"img":{"alt_text":"","src":"","width":0,"height":0},"classes":[]},{"id":34041,"url":"https:\/\/www.satokangas.fi\/blogi\/2018\/05\/mukana-ja-yksin\/","url_meta":{"origin":13580,"position":1},"title":"Mukana ja yksin","author":"Reija","date":"21.5.2018","format":false,"excerpt":"T\u00e4llaisina kev\u00e4in\u00e4, jolloin s\u00e4\u00e4, l\u00e4mp\u00f6tilat, luonto ja oma mieli siirtyy huhtikuusta suoraan kes\u00e4kuuhun, ja viel\u00e4 l\u00e4mpim\u00e4\u00e4n sellaiseen, jaksaa jokaisena aurinkoisena, kes\u00e4isen\u00e4 p\u00e4iv\u00e4n\u00e4 olla h\u00e4mm\u00e4stynyt ja kiitollinen moisesta lahjasta. Ja yritt\u00e4\u00e4 olla ajattelematta perisuomalaisittain, ett\u00e4 eih\u00e4n t\u00e4t\u00e4 kuitenkaan kauaa riit\u00e4 ja millainenhan se \"oikea\" kes\u00e4 sitten on kun nyt on saatu\u2026","rel":"","context":"Kategoriassa &quot;Niit\u00e4 n\u00e4it\u00e4&quot;","block_context":{"text":"Niit\u00e4 n\u00e4it\u00e4","link":"https:\/\/www.satokangas.fi\/blogi\/category\/aiheeton\/"},"img":{"alt_text":"","src":"https:\/\/i0.wp.com\/www.satokangas.fi\/blogi\/wp-content\/uploads\/2018\/05\/Kasvitieteellisessa-2.jpg?resize=350%2C200&ssl=1","width":350,"height":200,"srcset":"https:\/\/i0.wp.com\/www.satokangas.fi\/blogi\/wp-content\/uploads\/2018\/05\/Kasvitieteellisessa-2.jpg?resize=350%2C200&ssl=1 1x, https:\/\/i0.wp.com\/www.satokangas.fi\/blogi\/wp-content\/uploads\/2018\/05\/Kasvitieteellisessa-2.jpg?resize=525%2C300&ssl=1 1.5x, https:\/\/i0.wp.com\/www.satokangas.fi\/blogi\/wp-content\/uploads\/2018\/05\/Kasvitieteellisessa-2.jpg?resize=700%2C400&ssl=1 2x"},"classes":[]},{"id":11244,"url":"https:\/\/www.satokangas.fi\/blogi\/2011\/03\/ma-paastan-sut-pois\/","url_meta":{"origin":13580,"position":2},"title":"M\u00e4 p\u00e4\u00e4st\u00e4n sut pois&#8230;","author":"Reija","date":"26.3.2011","format":false,"excerpt":"Sammuu Talossamme lamput sammuu Autioituneita huoneet Ovat yksi kerrallaan S\u00e4ngyn laitamilla hiljaa nuokkuu Kaksi uupunutta Onnellisia vain unissaan M\u00e4 annan sut pois M\u00e4 p\u00e4\u00e4st\u00e4n sut pois Vaikka sattuu S\u00e4 annat mut pois S\u00e4 p\u00e4\u00e4st\u00e4t mut pois Kaikkeen tottuu Hymyill\u00e4\u00e4n vaan ... (Laura N\u00e4rhi, \u00a0M\u00e4 annan sut pois) Taas t\u00e4m\u00e4 laulu\u2026","rel":"","context":"Kategoriassa &quot;Vanhemmuus&quot;","block_context":{"text":"Vanhemmuus","link":"https:\/\/www.satokangas.fi\/blogi\/category\/vanhemmuus\/"},"img":{"alt_text":"","src":"https:\/\/i0.wp.com\/www.satokangas.fi\/blogi\/wp-content\/uploads\/Kitarat-502x400.jpg?resize=350%2C200&ssl=1","width":350,"height":200},"classes":[]},{"id":24049,"url":"https:\/\/www.satokangas.fi\/blogi\/2015\/03\/lomalta-palattua\/","url_meta":{"origin":13580,"position":3},"title":"Lomalta palattua","author":"Reija","date":"8.3.2015","format":false,"excerpt":"Kymmenen p\u00e4iv\u00e4n reissun ja loman j\u00e4lkeen kotona. Yll\u00e4tt\u00e4v\u00e4nkin sujuvasti meni matka sumuisesta, sateisesta Helsingist\u00e4 aurinkoiseen Ouluun, jossa nelj\u00e4n aikaan tullessamme oli \u00a0+6 C. Oulun etel\u00e4puolen pelloilta lumi l\u00e4hes h\u00e4vinnyt. Liikennett\u00e4 aika v\u00e4h\u00e4n. Min\u00e4kin sitten halusin ajaa, en jaksanut koko aikaa Kekkos-tutkimusta lukea. Ja pehtoori on nyt pikkuisen reilun viikon aikana\u2026","rel":"","context":"Kategoriassa &quot;Niit\u00e4 n\u00e4it\u00e4&quot;","block_context":{"text":"Niit\u00e4 n\u00e4it\u00e4","link":"https:\/\/www.satokangas.fi\/blogi\/category\/aiheeton\/"},"img":{"alt_text":"Saaran uusi koti-14","src":"https:\/\/i0.wp.com\/www.satokangas.fi\/blogi\/wp-content\/uploads\/2015\/03\/Saaran-uusi-koti-14-600x400.jpg?resize=350%2C200&ssl=1","width":350,"height":200,"srcset":"https:\/\/i0.wp.com\/www.satokangas.fi\/blogi\/wp-content\/uploads\/2015\/03\/Saaran-uusi-koti-14-600x400.jpg?resize=350%2C200&ssl=1 1x, https:\/\/i0.wp.com\/www.satokangas.fi\/blogi\/wp-content\/uploads\/2015\/03\/Saaran-uusi-koti-14-600x400.jpg?resize=525%2C300&ssl=1 1.5x"},"classes":[]},{"id":28165,"url":"https:\/\/www.satokangas.fi\/blogi\/2016\/04\/vappuaaton-rastit\/","url_meta":{"origin":13580,"position":4},"title":"Vappuaaton rastit","author":"Reija","date":"30.4.2016","format":false,"excerpt":"Viimeisen parinkymmenen vuoden ajan olemme viett\u00e4neet useimmat vappuaatot yst\u00e4vien luona kilpaillen, laulaen [paitsi ett\u00e4 min\u00e4h\u00e4n en laula], samppanjaa ja kuohuvia nauttien sek\u00e4 hyvin sy\u00f6den. Satunnaisia vuosia on j\u00e4\u00e4nyt v\u00e4liin, ja t\u00e4n\u00e4 vuonna noita vappuaaton pilheit\u00e4 ei ollutkaan - monestakaan syyst\u00e4. Samaisessa paikassa on kuitenkin huomenna brunssi, ja sinne toki rienn\u00e4mme.\u2026","rel":"","context":"Kategoriassa &quot;Niit\u00e4 n\u00e4it\u00e4&quot;","block_context":{"text":"Niit\u00e4 n\u00e4it\u00e4","link":"https:\/\/www.satokangas.fi\/blogi\/category\/aiheeton\/"},"img":{"alt_text":"Aamuinen Oulu 29.4.2016-5","src":"https:\/\/i0.wp.com\/www.satokangas.fi\/blogi\/wp-content\/uploads\/2016\/04\/Aamuinen-Oulu-29.4.2016-5-1-572x400.jpg?resize=350%2C200&ssl=1","width":350,"height":200,"srcset":"https:\/\/i0.wp.com\/www.satokangas.fi\/blogi\/wp-content\/uploads\/2016\/04\/Aamuinen-Oulu-29.4.2016-5-1-572x400.jpg?resize=350%2C200&ssl=1 1x, https:\/\/i0.wp.com\/www.satokangas.fi\/blogi\/wp-content\/uploads\/2016\/04\/Aamuinen-Oulu-29.4.2016-5-1-572x400.jpg?resize=525%2C300&ssl=1 1.5x"},"classes":[]},{"id":3772,"url":"https:\/\/www.satokangas.fi\/blogi\/2009\/07\/pienia-puutarhapuuhia-ja-kylareissu\/","url_meta":{"origin":13580,"position":5},"title":"Pieni\u00e4 puutarhapuuhia ja kyl\u00e4reissu","author":"Reija","date":"10.7.2009","format":false,"excerpt":"P\u00e4ivitt\u00e4isen urheilusuoritteen ajattelin korvata kyykkim\u00e4ll\u00e4 kasvimaalla ja py\u00f6r\u00e4ilem\u00e4ll\u00e4. Kasvimaalla ei hermot kauan riitt\u00e4neet! T\u00e4m\u00e4n kes\u00e4n koko s\u00e4\u00e4skipopulaatio tuntui parkkeeranneen meid\u00e4n pienelle yrttimaalle niin, ettei kitkemisest\u00e4 tullut yhtik\u00e4s mit\u00e4\u00e4n. Puolen tunnin j\u00e4lkeen l\u00e4hdin karjuen sis\u00e4lle: ei kest\u00e4 Erkkik\u00e4\u00e4n, saatikka min\u00e4! Odottelin, jotta pehtoori ehtisi mukaani ja suuntasimme hautuumaalle. \"Pieni\" haudan ehostusoperaatio\u2026","rel":"","context":"Kategoriassa &quot;Niit\u00e4 n\u00e4it\u00e4&quot;","block_context":{"text":"Niit\u00e4 n\u00e4it\u00e4","link":"https:\/\/www.satokangas.fi\/blogi\/category\/aiheeton\/"},"img":{"alt_text":"","src":"","width":0,"height":0},"classes":[]}],"jetpack_featured_media_url":"","_links":{"self":[{"href":"https:\/\/www.satokangas.fi\/blogi\/wp-json\/wp\/v2\/posts\/13580","targetHints":{"allow":["GET"]}}],"collection":[{"href":"https:\/\/www.satokangas.fi\/blogi\/wp-json\/wp\/v2\/posts"}],"about":[{"href":"https:\/\/www.satokangas.fi\/blogi\/wp-json\/wp\/v2\/types\/post"}],"author":[{"embeddable":true,"href":"https:\/\/www.satokangas.fi\/blogi\/wp-json\/wp\/v2\/users\/1"}],"replies":[{"embeddable":true,"href":"https:\/\/www.satokangas.fi\/blogi\/wp-json\/wp\/v2\/comments?post=13580"}],"version-history":[{"count":0,"href":"https:\/\/www.satokangas.fi\/blogi\/wp-json\/wp\/v2\/posts\/13580\/revisions"}],"wp:attachment":[{"href":"https:\/\/www.satokangas.fi\/blogi\/wp-json\/wp\/v2\/media?parent=13580"}],"wp:term":[{"taxonomy":"category","embeddable":true,"href":"https:\/\/www.satokangas.fi\/blogi\/wp-json\/wp\/v2\/categories?post=13580"},{"taxonomy":"post_tag","embeddable":true,"href":"https:\/\/www.satokangas.fi\/blogi\/wp-json\/wp\/v2\/tags?post=13580"}],"curies":[{"name":"wp","href":"https:\/\/api.w.org\/{rel}","templated":true}]}}