{"id":13479,"date":"2012-02-09T23:01:15","date_gmt":"2012-02-09T22:01:15","guid":{"rendered":"https:\/\/www.satokangas.fi\/blogi\/?p=13479"},"modified":"2024-09-23T18:08:30","modified_gmt":"2024-09-23T15:08:30","slug":"la-gomera-huiputettu","status":"publish","type":"post","link":"https:\/\/www.satokangas.fi\/blogi\/2012\/02\/la-gomera-huiputettu\/","title":{"rendered":"La Gomera huiputettu"},"content":{"rendered":"<p>Y\u00f6n myrskyis\u00e4st\u00e4 tuulesta huolimatta tuli nukuttua kohtuullisesti, mutta jo hyvin varhain olin hereill\u00e4. T\u00e4m\u00e4n residenssimme aamiainen ei nyt varsinaisesti syk\u00e4hdytt\u00e4nyt, kahvia ja kaksi paahtoleip\u00e4\u00e4 vastakkain, v\u00e4liss\u00e4 kinkku- ja juustoviipale, mutta niiden turvin (ja edelleen painavan eilisen illallisen j\u00e4lkeen) olimme yhdeks\u00e4lt\u00e4 valmiina l\u00e4htem\u00e4\u00e4n kohti La Gomeran vanhan tulivuorisaaren keskustaa.<\/p>\n<p><a href=\"https:\/\/www.satokangas.fi\/blogi\/wp-content\/uploads\/Alto-de-La-Garonay-031.jpg\"><img loading=\"lazy\" decoding=\"async\" data-attachment-id=\"13480\" data-permalink=\"https:\/\/www.satokangas.fi\/blogi\/2012\/02\/la-gomera-huiputettu\/alto-de-la-garonay-031\/\" data-orig-file=\"https:\/\/www.satokangas.fi\/blogi\/wp-content\/uploads\/Alto-de-La-Garonay-031.jpg\" data-orig-size=\"1024,633\" data-comments-opened=\"1\" data-image-meta=\"{&quot;aperture&quot;:&quot;4&quot;,&quot;credit&quot;:&quot;&quot;,&quot;camera&quot;:&quot;Canon EOS 5D Mark II&quot;,&quot;caption&quot;:&quot;&quot;,&quot;created_timestamp&quot;:&quot;1328789282&quot;,&quot;copyright&quot;:&quot;&quot;,&quot;focal_length&quot;:&quot;70&quot;,&quot;iso&quot;:&quot;500&quot;,&quot;shutter_speed&quot;:&quot;0.005&quot;,&quot;title&quot;:&quot;&quot;}\" data-image-title=\"Alto de La Garonay 031\" data-image-description=\"\" data-image-caption=\"\" data-large-file=\"https:\/\/www.satokangas.fi\/blogi\/wp-content\/uploads\/Alto-de-La-Garonay-031.jpg\" class=\"aligncenter wp-image-13480 size-medium\" title=\"Alto de La Garonay 031\" src=\"https:\/\/www.satokangas.fi\/blogi\/wp-content\/uploads\/Alto-de-La-Garonay-031-600x370.jpg\" alt=\"\" width=\"600\" height=\"370\" srcset=\"https:\/\/www.satokangas.fi\/blogi\/wp-content\/uploads\/Alto-de-La-Garonay-031-600x370.jpg 600w, https:\/\/www.satokangas.fi\/blogi\/wp-content\/uploads\/Alto-de-La-Garonay-031-200x123.jpg 200w, https:\/\/www.satokangas.fi\/blogi\/wp-content\/uploads\/Alto-de-La-Garonay-031.jpg 1024w\" sizes=\"auto, (max-width: 600px) 100vw, 600px\" \/><\/a><\/p>\n<p>Guancheista (alkuper\u00e4isasukkaat Kanarian saarilla ennen kuin espanjalaiset n\u00e4m\u00e4 seitsem\u00e4n saarta ottivat haltuunsa) kuulimme. Mielenkiintoisia tietoja ovat arkeologit ja kansatieteilij\u00e4t saaneet selvitetty\u00e4 ruokavalioista, \u201dyhteiskuntamuodosta\u201d, avioel\u00e4m\u00e4st\u00e4 ja elinkeinoista.<\/p>\n<p>Tunnin bussikyydin j\u00e4lkeen olimme taas kerran pilvess\u00e4, taas kerran kosteassa sumussa, ja aikas vilpoistakin (+12 C??) oli. Mutta ei muuta mahdollisuutta kuin kohti La Gomeran huippua (1487 mpy). Pajariton kyl\u00e4n j\u00e4lkeen l\u00e4hdimme nousemaan j\u00e4k\u00e4l\u00e4n peitt\u00e4mien puiden v\u00e4list\u00e4.<\/p>\n<p><a href=\"https:\/\/www.satokangas.fi\/blogi\/wp-content\/uploads\/u5.jpg\"><img loading=\"lazy\" decoding=\"async\" data-attachment-id=\"13496\" data-permalink=\"https:\/\/www.satokangas.fi\/blogi\/2012\/02\/la-gomera-huiputettu\/u-6\/\" data-orig-file=\"https:\/\/www.satokangas.fi\/blogi\/wp-content\/uploads\/u5.jpg\" data-orig-size=\"807,768\" data-comments-opened=\"1\" data-image-meta=\"{&quot;aperture&quot;:&quot;4&quot;,&quot;credit&quot;:&quot;&quot;,&quot;camera&quot;:&quot;Canon EOS 5D Mark II&quot;,&quot;caption&quot;:&quot;&quot;,&quot;created_timestamp&quot;:&quot;1328788139&quot;,&quot;copyright&quot;:&quot;&quot;,&quot;focal_length&quot;:&quot;70&quot;,&quot;iso&quot;:&quot;500&quot;,&quot;shutter_speed&quot;:&quot;0.05&quot;,&quot;title&quot;:&quot;&quot;}\" data-image-title=\"u\" data-image-description=\"\" data-image-caption=\"\" data-large-file=\"https:\/\/www.satokangas.fi\/blogi\/wp-content\/uploads\/u5.jpg\" class=\"aligncenter size-medium wp-image-13496\" title=\"u\" src=\"https:\/\/www.satokangas.fi\/blogi\/wp-content\/uploads\/u5-420x400.jpg\" alt=\"\" width=\"420\" height=\"400\" srcset=\"https:\/\/www.satokangas.fi\/blogi\/wp-content\/uploads\/u5-420x400.jpg 420w, https:\/\/www.satokangas.fi\/blogi\/wp-content\/uploads\/u5-200x190.jpg 200w, https:\/\/www.satokangas.fi\/blogi\/wp-content\/uploads\/u5.jpg 807w\" sizes=\"auto, (max-width: 420px) 100vw, 420px\" \/><\/a><\/p>\n<p>Alakuvassa pehtoori kaukana usvassa&#8212; toiseksi viimeinen, joskus. Min\u00e4 yleens\u00e4 aina viimeinen. Enk\u00e4 my\u00f6nn\u00e4 ett\u00e4 olisin niin huonokuntoinen&#8230;\u00a0 t\u00e4n\u00e4\u00e4nkin 250 otosta joten kuvatessa j\u00e4\u00e4n aina h\u00e4nnille. Muuta onneksi ovat odottaneet &#8211; ihan mutisematta. \ud83d\ude42<\/p>\n<p><a href=\"https:\/\/www.satokangas.fi\/blogi\/wp-content\/uploads\/Toiseksi-viimeinen.jpg\"><img loading=\"lazy\" decoding=\"async\" data-attachment-id=\"13481\" data-permalink=\"https:\/\/www.satokangas.fi\/blogi\/2012\/02\/la-gomera-huiputettu\/toiseksi-viimeinen\/\" data-orig-file=\"https:\/\/www.satokangas.fi\/blogi\/wp-content\/uploads\/Toiseksi-viimeinen.jpg\" data-orig-size=\"1024,616\" data-comments-opened=\"1\" data-image-meta=\"{&quot;aperture&quot;:&quot;4&quot;,&quot;credit&quot;:&quot;&quot;,&quot;camera&quot;:&quot;Canon EOS 5D Mark II&quot;,&quot;caption&quot;:&quot;&quot;,&quot;created_timestamp&quot;:&quot;1328790054&quot;,&quot;copyright&quot;:&quot;&quot;,&quot;focal_length&quot;:&quot;50&quot;,&quot;iso&quot;:&quot;100&quot;,&quot;shutter_speed&quot;:&quot;0.003125&quot;,&quot;title&quot;:&quot;&quot;}\" data-image-title=\"Toiseksi viimeinen\" data-image-description=\"\" data-image-caption=\"\" data-large-file=\"https:\/\/www.satokangas.fi\/blogi\/wp-content\/uploads\/Toiseksi-viimeinen.jpg\" class=\"aligncenter size-medium wp-image-13481\" title=\"Toiseksi viimeinen\" src=\"https:\/\/www.satokangas.fi\/blogi\/wp-content\/uploads\/Toiseksi-viimeinen-600x360.jpg\" alt=\"\" width=\"600\" height=\"360\" srcset=\"https:\/\/www.satokangas.fi\/blogi\/wp-content\/uploads\/Toiseksi-viimeinen-600x360.jpg 600w, https:\/\/www.satokangas.fi\/blogi\/wp-content\/uploads\/Toiseksi-viimeinen-200x120.jpg 200w, https:\/\/www.satokangas.fi\/blogi\/wp-content\/uploads\/Toiseksi-viimeinen.jpg 1024w\" sizes=\"auto, (max-width: 600px) 100vw, 600px\" \/><\/a><\/p>\n<p>Huolimatta siit\u00e4, ett\u00e4 t\u00e4\u00e4ll\u00e4 on ollut kovin kuivaa, n\u00e4imme paljon kukkivia kasveja: neidonkieli ja vuorikultalakka oli monessa paikassa, sen sijaan kanarianpantterinkita tuli minun linssini taakse vain yhden polun varrella.<\/p>\n<p><a href=\"https:\/\/www.satokangas.fi\/blogi\/wp-content\/uploads\/Kanarianpantterinkita.jpg\"><img loading=\"lazy\" decoding=\"async\" data-attachment-id=\"13487\" data-permalink=\"https:\/\/www.satokangas.fi\/blogi\/2012\/02\/la-gomera-huiputettu\/kanarianpantterinkita\/\" data-orig-file=\"https:\/\/www.satokangas.fi\/blogi\/wp-content\/uploads\/Kanarianpantterinkita.jpg\" data-orig-size=\"1024,729\" data-comments-opened=\"1\" data-image-meta=\"{&quot;aperture&quot;:&quot;3.2&quot;,&quot;credit&quot;:&quot;&quot;,&quot;camera&quot;:&quot;Canon EOS 5D Mark II&quot;,&quot;caption&quot;:&quot;&quot;,&quot;created_timestamp&quot;:&quot;1328792696&quot;,&quot;copyright&quot;:&quot;&quot;,&quot;focal_length&quot;:&quot;100&quot;,&quot;iso&quot;:&quot;100&quot;,&quot;shutter_speed&quot;:&quot;0.0008&quot;,&quot;title&quot;:&quot;&quot;}\" data-image-title=\"Kanarianpantterinkita\" data-image-description=\"\" data-image-caption=\"\" data-large-file=\"https:\/\/www.satokangas.fi\/blogi\/wp-content\/uploads\/Kanarianpantterinkita.jpg\" class=\"aligncenter size-medium wp-image-13487\" title=\"Kanarianpantterinkita\" src=\"https:\/\/www.satokangas.fi\/blogi\/wp-content\/uploads\/Kanarianpantterinkita-561x400.jpg\" alt=\"\" width=\"561\" height=\"400\" srcset=\"https:\/\/www.satokangas.fi\/blogi\/wp-content\/uploads\/Kanarianpantterinkita-561x400.jpg 561w, https:\/\/www.satokangas.fi\/blogi\/wp-content\/uploads\/Kanarianpantterinkita-200x142.jpg 200w, https:\/\/www.satokangas.fi\/blogi\/wp-content\/uploads\/Kanarianpantterinkita.jpg 1024w\" sizes=\"auto, (max-width: 561px) 100vw, 561px\" \/><\/a><\/p>\n<p><a href=\"https:\/\/www.satokangas.fi\/blogi\/wp-content\/uploads\/La-Garonay-polku.jpg\"><img loading=\"lazy\" decoding=\"async\" data-attachment-id=\"13486\" data-permalink=\"https:\/\/www.satokangas.fi\/blogi\/2012\/02\/la-gomera-huiputettu\/la-garonay-polku\/\" data-orig-file=\"https:\/\/www.satokangas.fi\/blogi\/wp-content\/uploads\/La-Garonay-polku.jpg\" data-orig-size=\"1024,640\" data-comments-opened=\"1\" data-image-meta=\"{&quot;aperture&quot;:&quot;5&quot;,&quot;credit&quot;:&quot;&quot;,&quot;camera&quot;:&quot;Canon EOS 5D Mark II&quot;,&quot;caption&quot;:&quot;&quot;,&quot;created_timestamp&quot;:&quot;1328793846&quot;,&quot;copyright&quot;:&quot;&quot;,&quot;focal_length&quot;:&quot;100&quot;,&quot;iso&quot;:&quot;100&quot;,&quot;shutter_speed&quot;:&quot;0.000625&quot;,&quot;title&quot;:&quot;&quot;}\" data-image-title=\"La Garonay polku\" data-image-description=\"\" data-image-caption=\"\" data-large-file=\"https:\/\/www.satokangas.fi\/blogi\/wp-content\/uploads\/La-Garonay-polku.jpg\" class=\"aligncenter size-medium wp-image-13486\" title=\"La Garonay polku\" src=\"https:\/\/www.satokangas.fi\/blogi\/wp-content\/uploads\/La-Garonay-polku-600x375.jpg\" alt=\"\" width=\"600\" height=\"375\" srcset=\"https:\/\/www.satokangas.fi\/blogi\/wp-content\/uploads\/La-Garonay-polku-600x375.jpg 600w, https:\/\/www.satokangas.fi\/blogi\/wp-content\/uploads\/La-Garonay-polku-200x125.jpg 200w, https:\/\/www.satokangas.fi\/blogi\/wp-content\/uploads\/La-Garonay-polku.jpg 1024w\" sizes=\"auto, (max-width: 600px) 100vw, 600px\" \/><\/a><\/p>\n<p>Kanarianmarketta (keltaisempi kuin meid\u00e4n versio) ja kukkiva rahapuukin (alla) n\u00e4htiin.<\/p>\n<p><a href=\"https:\/\/www.satokangas.fi\/blogi\/wp-content\/uploads\/Kukkiva-rahapuu1.jpg\"><img loading=\"lazy\" decoding=\"async\" data-attachment-id=\"13483\" data-permalink=\"https:\/\/www.satokangas.fi\/blogi\/2012\/02\/la-gomera-huiputettu\/kukkiva-rahapuu-2\/\" data-orig-file=\"https:\/\/www.satokangas.fi\/blogi\/wp-content\/uploads\/Kukkiva-rahapuu1.jpg\" data-orig-size=\"1024,640\" data-comments-opened=\"1\" data-image-meta=\"{&quot;aperture&quot;:&quot;4&quot;,&quot;credit&quot;:&quot;&quot;,&quot;camera&quot;:&quot;Canon EOS 5D Mark II&quot;,&quot;caption&quot;:&quot;&quot;,&quot;created_timestamp&quot;:&quot;1328804733&quot;,&quot;copyright&quot;:&quot;&quot;,&quot;focal_length&quot;:&quot;100&quot;,&quot;iso&quot;:&quot;125&quot;,&quot;shutter_speed&quot;:&quot;0.001&quot;,&quot;title&quot;:&quot;&quot;}\" data-image-title=\"Kukkiva rahapuu\" data-image-description=\"\" data-image-caption=\"\" data-large-file=\"https:\/\/www.satokangas.fi\/blogi\/wp-content\/uploads\/Kukkiva-rahapuu1.jpg\" class=\"aligncenter size-medium wp-image-13483\" title=\"Kukkiva rahapuu\" src=\"https:\/\/www.satokangas.fi\/blogi\/wp-content\/uploads\/Kukkiva-rahapuu1-600x375.jpg\" alt=\"\" width=\"600\" height=\"375\" srcset=\"https:\/\/www.satokangas.fi\/blogi\/wp-content\/uploads\/Kukkiva-rahapuu1-600x375.jpg 600w, https:\/\/www.satokangas.fi\/blogi\/wp-content\/uploads\/Kukkiva-rahapuu1-200x125.jpg 200w, https:\/\/www.satokangas.fi\/blogi\/wp-content\/uploads\/Kukkiva-rahapuu1.jpg 1024w\" sizes=\"auto, (max-width: 600px) 100vw, 600px\" \/><\/a><\/p>\n<p>P\u00e4iv\u00e4n saldo oli 12 km , korkeuseroa nelisensataa metri\u00e4, poltettuja kaloreita 1500 kcal, 17\u00a0000 askelta, yli nelj\u00e4 tuntia liikkeess\u00e4. Kasvoissa tuntui tuuli, ja ahava, ihan kuin kev\u00e4\u00e4ll\u00e4 p\u00e4iv\u00e4n rinteess\u00e4 olisi viett\u00e4nyt.<\/p>\n<p><a href=\"https:\/\/www.satokangas.fi\/blogi\/wp-content\/uploads\/La-Garonay-187-Agave-ja-polku1.jpg\"><img loading=\"lazy\" decoding=\"async\" data-attachment-id=\"13489\" data-permalink=\"https:\/\/www.satokangas.fi\/blogi\/2012\/02\/la-gomera-huiputettu\/la-garonay-187-agave-ja-polku-2\/\" data-orig-file=\"https:\/\/www.satokangas.fi\/blogi\/wp-content\/uploads\/La-Garonay-187-Agave-ja-polku1.jpg\" data-orig-size=\"683,1024\" data-comments-opened=\"1\" data-image-meta=\"{&quot;aperture&quot;:&quot;5&quot;,&quot;credit&quot;:&quot;&quot;,&quot;camera&quot;:&quot;Canon EOS 5D Mark II&quot;,&quot;caption&quot;:&quot;&quot;,&quot;created_timestamp&quot;:&quot;1328801962&quot;,&quot;copyright&quot;:&quot;&quot;,&quot;focal_length&quot;:&quot;100&quot;,&quot;iso&quot;:&quot;100&quot;,&quot;shutter_speed&quot;:&quot;0.0025&quot;,&quot;title&quot;:&quot;&quot;}\" data-image-title=\"La Garonay 187 Agave ja polku\" data-image-description=\"\" data-image-caption=\"\" data-large-file=\"https:\/\/www.satokangas.fi\/blogi\/wp-content\/uploads\/La-Garonay-187-Agave-ja-polku1.jpg\" class=\"aligncenter size-medium wp-image-13489\" title=\"La Garonay 187 Agave ja polku\" src=\"https:\/\/www.satokangas.fi\/blogi\/wp-content\/uploads\/La-Garonay-187-Agave-ja-polku1-266x400.jpg\" alt=\"\" width=\"266\" height=\"400\" srcset=\"https:\/\/www.satokangas.fi\/blogi\/wp-content\/uploads\/La-Garonay-187-Agave-ja-polku1-266x400.jpg 266w, https:\/\/www.satokangas.fi\/blogi\/wp-content\/uploads\/La-Garonay-187-Agave-ja-polku1-133x200.jpg 133w, https:\/\/www.satokangas.fi\/blogi\/wp-content\/uploads\/La-Garonay-187-Agave-ja-polku1.jpg 683w\" sizes=\"auto, (max-width: 266px) 100vw, 266px\" \/><\/a><\/p>\n<p>(yll\u00e4olevassa kuvasa Agave-kaktuksen takana n\u00e4kyy osa polusta jota pitkin olimme tulleet..)<\/p>\n<p>Matka jatkui pienten kylien ja vieh\u00e4tt\u00e4vien m\u00e4ntymets\u00e4taipaleiden kautta, ja kansallispuiston reunalle katettiin lounaspiknik. Saimme taas maistella kaikkia paikallisia erikoisuuksia\u2026 ja sitten sattui sellainen ik\u00e4v\u00e4mpi juttu, ett\u00e4 min\u00e4 valitsin lounastaukopaikakseni sellaisen, jossa tyr\u00e4kit (sen katkenneet oksat) sotkivat kuoritakkini aika pahasti. Eik\u00e4 ainakaan residenssin vessan lavuaaripesussa tullut puhdasta. \ud83d\ude41<\/p>\n<p>Toinen mainitsemisen arvoinen episodi patikalla sattui kun tulimme yhden \u2013 etten sanoisi \u2013 r\u00e4hj\u00e4hk\u00f6n \u2013 talon pihaan, jossa oli mit\u00e4 merkillisimmist\u00e4 tarpeista koottu vuohiaitaus. Min\u00e4 ja muutama retkueemme miehist\u00e4 j\u00e4imme sit\u00e4 kuvaamaan kun muut jatkoivat matkaa: ja mit\u00e4 sattuu? M\u00e4enharjanteelle talon ja vuohiaitauksen yl\u00e4puolelle tulee mies (about 35 vee) ja huutaa ihan tosissaan, pui nyrkki\u00e4 ja lopuksi heitt\u00e4\u00e4 sellaisen ison kivenmurikan meid\u00e4n per\u00e4\u00e4mme. Uuups.<\/p>\n<p><a href=\"https:\/\/www.satokangas.fi\/blogi\/wp-content\/uploads\/La-Garonay-Vuohiaita1.jpg\"><img loading=\"lazy\" decoding=\"async\" data-attachment-id=\"13495\" data-permalink=\"https:\/\/www.satokangas.fi\/blogi\/2012\/02\/la-gomera-huiputettu\/la-garonay-vuohiaita-2\/\" data-orig-file=\"https:\/\/www.satokangas.fi\/blogi\/wp-content\/uploads\/La-Garonay-Vuohiaita1.jpg\" data-orig-size=\"1024,622\" data-comments-opened=\"1\" data-image-meta=\"{&quot;aperture&quot;:&quot;7.1&quot;,&quot;credit&quot;:&quot;&quot;,&quot;camera&quot;:&quot;Canon EOS 5D Mark II&quot;,&quot;caption&quot;:&quot;&quot;,&quot;created_timestamp&quot;:&quot;1328793342&quot;,&quot;copyright&quot;:&quot;&quot;,&quot;focal_length&quot;:&quot;100&quot;,&quot;iso&quot;:&quot;100&quot;,&quot;shutter_speed&quot;:&quot;0.00625&quot;,&quot;title&quot;:&quot;&quot;}\" data-image-title=\"La Garonay Vuohiaita\" data-image-description=\"\" data-image-caption=\"\" data-large-file=\"https:\/\/www.satokangas.fi\/blogi\/wp-content\/uploads\/La-Garonay-Vuohiaita1.jpg\" class=\"aligncenter size-medium wp-image-13495\" title=\"La Garonay Vuohiaita\" src=\"https:\/\/www.satokangas.fi\/blogi\/wp-content\/uploads\/La-Garonay-Vuohiaita1-600x364.jpg\" alt=\"\" width=\"600\" height=\"364\" srcset=\"https:\/\/www.satokangas.fi\/blogi\/wp-content\/uploads\/La-Garonay-Vuohiaita1-600x364.jpg 600w, https:\/\/www.satokangas.fi\/blogi\/wp-content\/uploads\/La-Garonay-Vuohiaita1-200x121.jpg 200w, https:\/\/www.satokangas.fi\/blogi\/wp-content\/uploads\/La-Garonay-Vuohiaita1.jpg 1024w\" sizes=\"auto, (max-width: 600px) 100vw, 600px\" \/><\/a><\/p>\n<p>Patikan viimeisten kolmen kilometrin aikana tuuli yltyi ihan hurjaksi.<\/p>\n<p><a href=\"https:\/\/www.satokangas.fi\/blogi\/wp-content\/uploads\/La-Garonay-220-tuulessa.jpg\"><img loading=\"lazy\" decoding=\"async\" data-attachment-id=\"13485\" data-permalink=\"https:\/\/www.satokangas.fi\/blogi\/2012\/02\/la-gomera-huiputettu\/la-garonay-220-tuulessa\/\" data-orig-file=\"https:\/\/www.satokangas.fi\/blogi\/wp-content\/uploads\/La-Garonay-220-tuulessa.jpg\" data-orig-size=\"1024,678\" data-comments-opened=\"1\" data-image-meta=\"{&quot;aperture&quot;:&quot;4&quot;,&quot;credit&quot;:&quot;&quot;,&quot;camera&quot;:&quot;Canon EOS 5D Mark II&quot;,&quot;caption&quot;:&quot;&quot;,&quot;created_timestamp&quot;:&quot;1328805342&quot;,&quot;copyright&quot;:&quot;&quot;,&quot;focal_length&quot;:&quot;100&quot;,&quot;iso&quot;:&quot;125&quot;,&quot;shutter_speed&quot;:&quot;0.000625&quot;,&quot;title&quot;:&quot;&quot;}\" data-image-title=\"La Garonay 220 tuulessa\" data-image-description=\"\" data-image-caption=\"\" data-large-file=\"https:\/\/www.satokangas.fi\/blogi\/wp-content\/uploads\/La-Garonay-220-tuulessa.jpg\" class=\"aligncenter size-medium wp-image-13485\" title=\"La Garonay 220 tuulessa\" src=\"https:\/\/www.satokangas.fi\/blogi\/wp-content\/uploads\/La-Garonay-220-tuulessa-600x397.jpg\" alt=\"\" width=\"600\" height=\"397\" srcset=\"https:\/\/www.satokangas.fi\/blogi\/wp-content\/uploads\/La-Garonay-220-tuulessa-600x397.jpg 600w, https:\/\/www.satokangas.fi\/blogi\/wp-content\/uploads\/La-Garonay-220-tuulessa-200x132.jpg 200w, https:\/\/www.satokangas.fi\/blogi\/wp-content\/uploads\/La-Garonay-220-tuulessa.jpg 1024w\" sizes=\"auto, (max-width: 600px) 100vw, 600px\" \/><\/a><\/p>\n<p>Oli vaikea pysy\u00e4 pystyss\u00e4, mutta kuinka hienoa olikaan kun sitten olimme reitin tehneet. After-hike paikallisessa ukkobaarissa, jonka viereiselle levikkeelle Oskar busseineen tuli meit\u00e4 hakemaan. Tunnin matka takaisin San Sebastianiin sujui, kuunnellen opastusta ja ottaen pienet nokkaunet. \ud83d\ude42<\/p>\n<p>Ennen illallista muuutama tunti aikaa, jolloin ehdimme piipahtaa pieness\u00e4 supermercadossa, suihkutella, pest\u00e4 pyykki\u00e4 (tyr\u00e4kki ei l\u00e4hde \u2026) ja sitten La Tascaan. Taas ruokaa runsaasti. Taas pari tuntia vier\u00e4ht\u00e4\u00e4 nopeasti. Digestiivi (Elixir &#8211; kunto-ohjelma?) maistuu p\u00f6yt\u00e4kuntamme yhteistuumin tehdyll\u00e4 p\u00e4\u00e4t\u00f6ksell\u00e4\u00a0ihan selke\u00e4sti ohuelta Sukulakulta&#8230;)\u00a0 mink\u00e4 j\u00e4lkeen todettiin ett\u00e4 on korkea aika siirty\u00e4 nukkumaan&#8230;<\/p>\n<p>En\u00e4\u00e4 kaksi p\u00e4iv\u00e4\u00e4, en\u00e4\u00e4 kaksi patikkaa\u2026 N\u00e4ihin kuviin, n\u00e4ihin tunnelmiin \u2026 Huomiseen.<\/p>\n","protected":false},"excerpt":{"rendered":"<p>Y\u00f6n myrskyis\u00e4st\u00e4 tuulesta huolimatta tuli nukuttua kohtuullisesti, mutta jo hyvin varhain olin hereill\u00e4. T\u00e4m\u00e4n residenssimme aamiainen ei nyt varsinaisesti syk\u00e4hdytt\u00e4nyt, kahvia ja kaksi paahtoleip\u00e4\u00e4 vastakkain, v\u00e4liss\u00e4 kinkku- ja juustoviipale, mutta niiden turvin (ja edelleen painavan eilisen illallisen j\u00e4lkeen) olimme yhdeks\u00e4lt\u00e4 valmiina l\u00e4htem\u00e4\u00e4n kohti La Gomeran vanhan tulivuorisaaren keskustaa. Guancheista (alkuper\u00e4isasukkaat Kanarian saarilla ennen kuin espanjalaiset n\u00e4m\u00e4 seitsem\u00e4n saarta ottivat haltuunsa) &hellip; <\/p>\n","protected":false},"author":1,"featured_media":13480,"comment_status":"open","ping_status":"open","sticky":false,"template":"","format":"standard","meta":{"jetpack_post_was_ever_published":false,"_jetpack_newsletter_access":"","_jetpack_dont_email_post_to_subs":false,"_jetpack_newsletter_tier_id":0,"_jetpack_memberships_contains_paywalled_content":false,"_jetpack_memberships_contains_paid_content":false,"footnotes":"","jetpack_publicize_message":"","jetpack_publicize_feature_enabled":true,"jetpack_social_post_already_shared":false,"jetpack_social_options":{"image_generator_settings":{"template":"highway","default_image_id":0,"font":"","enabled":false},"version":2}},"categories":[1,81],"tags":[57],"class_list":["post-13479","post","type-post","status-publish","format-standard","has-post-thumbnail","hentry","category-aiheeton","category-reissut","tag-la-gomera-ja-teneriffa","latest_post"],"jetpack_publicize_connections":[],"jetpack_featured_media_url":"https:\/\/www.satokangas.fi\/blogi\/wp-content\/uploads\/Alto-de-La-Garonay-031.jpg","jetpack_shortlink":"https:\/\/wp.me\/pr4p4-3vp","jetpack_sharing_enabled":true,"jetpack_likes_enabled":false,"jetpack-related-posts":[{"id":13522,"url":"https:\/\/www.satokangas.fi\/blogi\/2012\/02\/matkaa-tehden\/","url_meta":{"origin":13479,"position":0},"title":"Matkaa tehden","author":"Reija","date":"13.2.2012","format":false,"excerpt":"Kolumbuksen viitoittamalla tiell\u00e4... siin\u00e4 miss\u00e4 Kolumbus l\u00e4hti La Gomeralta kolmella Caravellellaan kohti l\u00e4ntt\u00e4, me matkasimme Setralla ja Man\u00b4lla (busseilla), Boieng 757- ja Airbus A320 -koneilla, \u00a0ja taksilla pohjoiseen. Matka kotiin. (klikkaa ihmeess\u00e4 tuo merikuva isommaksi... Horisontti on v\u00e4h\u00e4n kallellaan mutta muutoin hieno... ) Sunnuntaiaamu La Gomeralla oli aurinkoinen. Katolisessa Espanjassa\u2026","rel":"","context":"Kategoriassa &quot;La Comera &amp; Teneriffa&quot;","block_context":{"text":"La Comera &amp; Teneriffa","link":"https:\/\/www.satokangas.fi\/blogi\/category\/reissut\/la-comera-teneriffa-reissut\/"},"img":{"alt_text":"","src":"https:\/\/i0.wp.com\/www.satokangas.fi\/blogi\/wp-content\/uploads\/2014\/01\/purje-e1727106097997.jpg?resize=350%2C200&ssl=1","width":350,"height":200,"srcset":"https:\/\/i0.wp.com\/www.satokangas.fi\/blogi\/wp-content\/uploads\/2014\/01\/purje-e1727106097997.jpg?resize=350%2C200&ssl=1 1x, https:\/\/i0.wp.com\/www.satokangas.fi\/blogi\/wp-content\/uploads\/2014\/01\/purje-e1727106097997.jpg?resize=525%2C300&ssl=1 1.5x, https:\/\/i0.wp.com\/www.satokangas.fi\/blogi\/wp-content\/uploads\/2014\/01\/purje-e1727106097997.jpg?resize=700%2C400&ssl=1 2x"},"classes":[]},{"id":13468,"url":"https:\/\/www.satokangas.fi\/blogi\/2012\/02\/matkalla-la-gomeralle\/","url_meta":{"origin":13479,"position":1},"title":"Matkalla La Gomeralle","author":"Reija","date":"8.2.2012","format":false,"excerpt":"Mango ja guava kukkivat juuri, samoin mantelipuu. Olenko ennen n\u00e4hnyt? Enp\u00e4 kai. Enp\u00e4 ennen ole ollutkaan helmikuussa miss\u00e4\u00e4n l\u00e4mpim\u00e4ss\u00e4. T\u00e4n\u00e4\u00e4n her\u00e4\u00e4n ihan liian aikaisin, mutta ilokseni huomaan, ett\u00e4 t\u00e4ysikuu on viel\u00e4 taivaalla. Viel\u00e4 kunnon luontokuvaaja ehtii saada siit\u00e4 kuvia ennen kuin se painuu kalderan reunan taakse. Ja l\u00e4hteek\u00f6 luontokuvaaja ulos\u2026","rel":"","context":"Kategoriassa &quot;La Comera &amp; Teneriffa&quot;","block_context":{"text":"La Comera &amp; Teneriffa","link":"https:\/\/www.satokangas.fi\/blogi\/category\/reissut\/la-comera-teneriffa-reissut\/"},"img":{"alt_text":"","src":"https:\/\/i0.wp.com\/www.satokangas.fi\/blogi\/wp-content\/uploads\/Mantelipuu-kukassa1.jpg?resize=350%2C200&ssl=1","width":350,"height":200,"srcset":"https:\/\/i0.wp.com\/www.satokangas.fi\/blogi\/wp-content\/uploads\/Mantelipuu-kukassa1.jpg?resize=350%2C200&ssl=1 1x, https:\/\/i0.wp.com\/www.satokangas.fi\/blogi\/wp-content\/uploads\/Mantelipuu-kukassa1.jpg?resize=525%2C300&ssl=1 1.5x, https:\/\/i0.wp.com\/www.satokangas.fi\/blogi\/wp-content\/uploads\/Mantelipuu-kukassa1.jpg?resize=700%2C400&ssl=1 2x"},"classes":[]},{"id":23706,"url":"https:\/\/www.satokangas.fi\/blogi\/2015\/01\/blogiasioita\/","url_meta":{"origin":13479,"position":2},"title":"Blogiasioita","author":"Reija","date":"22.1.2015","format":false,"excerpt":"Iloja. Alkuviikosta sain\/mme kortin matkayst\u00e4vilt\u00e4, joiden kanssa yhteyden s\u00e4ilytt\u00e4misess\u00e4 blogi on ehk\u00e4 ollut v\u00e4line. Ja ensi kes\u00e4n\u00e4 kyll\u00e4 sitten toivottavasti tavataan oikeastikin. Eilen sain s\u00e4hk\u00f6postia yhdelt\u00e4 blogin vakilukijalta, jonka kanssa emme oikeastaan tunne (toki olemme tavanneet) muuten kuin blogin kautta. Kiitos vain tsempist\u00e4 ja kuvista. ;) Savossa on kokonainen perhe,\u2026","rel":"","context":"Kategoriassa &quot;Bloggailu&quot;","block_context":{"text":"Bloggailu","link":"https:\/\/www.satokangas.fi\/blogi\/category\/bloggailu\/"},"img":{"alt_text":"40","src":"https:\/\/i0.wp.com\/www.satokangas.fi\/blogi\/wp-content\/uploads\/2015\/01\/40-600x351.jpg?resize=350%2C200&ssl=1","width":350,"height":200,"srcset":"https:\/\/i0.wp.com\/www.satokangas.fi\/blogi\/wp-content\/uploads\/2015\/01\/40-600x351.jpg?resize=350%2C200&ssl=1 1x, https:\/\/i0.wp.com\/www.satokangas.fi\/blogi\/wp-content\/uploads\/2015\/01\/40-600x351.jpg?resize=525%2C300&ssl=1 1.5x"},"classes":[]},{"id":13422,"url":"https:\/\/www.satokangas.fi\/blogi\/2012\/02\/maiseman-vaihto\/","url_meta":{"origin":13479,"position":3},"title":"Maiseman vaihto","author":"Reija","date":"4.2.2012","format":false,"excerpt":"K\u00e4vin t\u00e4n\u00e4\u00e4n uimarannalla. Toivon ett\u00e4 huomenna tai ainakin alkuviikosta voin postailla v\u00e4h\u00e4n l\u00e4mpim\u00e4mm\u00e4n n\u00e4k\u00f6isi\u00e4 kuvia uimarannalta tai kalderaaroilta tai jostain tulivuoren rinteilt\u00e4... \u00a0Maisemanvaihto t\u00e4\u00e4lt\u00e4 tuntuu ep\u00e4todelliselta, ansaitsemattomalta, mutta toisaalta tosi mukavalta. Ei, emme l\u00e4hde botskilla, vaan kohta lenn\u00e4mme Helsinkiin. Oli sittenkin taas pakko menn\u00e4 y\u00f6ksi sinne, sill\u00e4 lento l\u00e4htee aamulla\u2026","rel":"","context":"Kategoriassa &quot;Niit\u00e4 n\u00e4it\u00e4&quot;","block_context":{"text":"Niit\u00e4 n\u00e4it\u00e4","link":"https:\/\/www.satokangas.fi\/blogi\/category\/aiheeton\/"},"img":{"alt_text":"","src":"https:\/\/i0.wp.com\/www.satokangas.fi\/blogi\/wp-content\/uploads\/uimarannalla-600x363.jpg?resize=350%2C200&ssl=1","width":350,"height":200,"srcset":"https:\/\/i0.wp.com\/www.satokangas.fi\/blogi\/wp-content\/uploads\/uimarannalla-600x363.jpg?resize=350%2C200&ssl=1 1x, https:\/\/i0.wp.com\/www.satokangas.fi\/blogi\/wp-content\/uploads\/uimarannalla-600x363.jpg?resize=525%2C300&ssl=1 1.5x"},"classes":[]},{"id":13554,"url":"https:\/\/www.satokangas.fi\/blogi\/2012\/02\/kokeilen\/","url_meta":{"origin":13479,"position":4},"title":"Kokeilen kommentointia","author":"Reija","date":"17.2.2012","format":false,"excerpt":".. kommentointi edellisiin viesteihin ei ainakaan minun koneeltani toimi, joten teen t\u00e4llaisen koepostauksen. Eip\u00e4 n\u00e4y toimivan t\u00e4h\u00e4nk\u00e4\u00e4n. Mit\u00e4h\u00e4n tekis, jotta ongelma korjaantuisi? Toimiikohan t\u00e4m\u00e4 muillakaan? Kokeilisitko onnistutko kommenteeraamaan? ____________________ klo 13.43 Ei se n\u00e4yt\u00e4 pelitt\u00e4v\u00e4n muillakaan. :( klo 14.06 ilmeisesti webbihotellissa, jossa n\u00e4m\u00e4 kaikki www-sivuni ja blogi ovat \"vuokralla\", on\u2026","rel":"","context":"Kategoriassa &quot;Niit\u00e4 n\u00e4it\u00e4&quot;","block_context":{"text":"Niit\u00e4 n\u00e4it\u00e4","link":"https:\/\/www.satokangas.fi\/blogi\/category\/aiheeton\/"},"img":{"alt_text":"","src":"https:\/\/i0.wp.com\/www.satokangas.fi\/blogi\/wp-content\/uploads\/Tunneli-p%C3%A4%C3%A4ttyy1.jpg?resize=350%2C200&ssl=1","width":350,"height":200},"classes":[]},{"id":13526,"url":"https:\/\/www.satokangas.fi\/blogi\/2012\/02\/matkan-loppusuora-ja-maalissa\/","url_meta":{"origin":13479,"position":5},"title":"Matkan loppusuora ja maalissa","author":"Reija","date":"13.2.2012","format":false,"excerpt":"\u00a0La Gomera j\u00e4i, rannikolla n\u00e4kyy kahdessa tasossa San Sebastianin pikku kaupunki. (klikkaamalla kuvat suurenevat) Matkalta on palattu, maanantai on jo illassa. Eik\u00e4 t\u00e4n\u00e4\u00e4n ole tarvinnut menn\u00e4 t\u00f6ihin. Juuri t\u00e4llaisina p\u00e4ivin\u00e4 vuorotteluvapaa on paljon, \u00a0se on enemm\u00e4n kuin hyv\u00e4 juttu. Mutta palaanpa viel\u00e4 eiliseen... Teneriffan etel\u00e4inen lentokentt\u00e4 on nyky\u00e4\u00e4n se isompi,\u2026","rel":"","context":"Kategoriassa &quot;La Comera &amp; Teneriffa&quot;","block_context":{"text":"La Comera &amp; Teneriffa","link":"https:\/\/www.satokangas.fi\/blogi\/category\/reissut\/la-comera-teneriffa-reissut\/"},"img":{"alt_text":"","src":"https:\/\/i0.wp.com\/www.satokangas.fi\/blogi\/wp-content\/uploads\/Mehikasvit.jpg?resize=350%2C200&ssl=1","width":350,"height":200,"srcset":"https:\/\/i0.wp.com\/www.satokangas.fi\/blogi\/wp-content\/uploads\/Mehikasvit.jpg?resize=350%2C200&ssl=1 1x, https:\/\/i0.wp.com\/www.satokangas.fi\/blogi\/wp-content\/uploads\/Mehikasvit.jpg?resize=525%2C300&ssl=1 1.5x, https:\/\/i0.wp.com\/www.satokangas.fi\/blogi\/wp-content\/uploads\/Mehikasvit.jpg?resize=700%2C400&ssl=1 2x, https:\/\/i0.wp.com\/www.satokangas.fi\/blogi\/wp-content\/uploads\/Mehikasvit.jpg?resize=1050%2C600&ssl=1 3x"},"classes":[]}],"_links":{"self":[{"href":"https:\/\/www.satokangas.fi\/blogi\/wp-json\/wp\/v2\/posts\/13479","targetHints":{"allow":["GET"]}}],"collection":[{"href":"https:\/\/www.satokangas.fi\/blogi\/wp-json\/wp\/v2\/posts"}],"about":[{"href":"https:\/\/www.satokangas.fi\/blogi\/wp-json\/wp\/v2\/types\/post"}],"author":[{"embeddable":true,"href":"https:\/\/www.satokangas.fi\/blogi\/wp-json\/wp\/v2\/users\/1"}],"replies":[{"embeddable":true,"href":"https:\/\/www.satokangas.fi\/blogi\/wp-json\/wp\/v2\/comments?post=13479"}],"version-history":[{"count":0,"href":"https:\/\/www.satokangas.fi\/blogi\/wp-json\/wp\/v2\/posts\/13479\/revisions"}],"wp:featuredmedia":[{"embeddable":true,"href":"https:\/\/www.satokangas.fi\/blogi\/wp-json\/wp\/v2\/media\/13480"}],"wp:attachment":[{"href":"https:\/\/www.satokangas.fi\/blogi\/wp-json\/wp\/v2\/media?parent=13479"}],"wp:term":[{"taxonomy":"category","embeddable":true,"href":"https:\/\/www.satokangas.fi\/blogi\/wp-json\/wp\/v2\/categories?post=13479"},{"taxonomy":"post_tag","embeddable":true,"href":"https:\/\/www.satokangas.fi\/blogi\/wp-json\/wp\/v2\/tags?post=13479"}],"curies":[{"name":"wp","href":"https:\/\/api.w.org\/{rel}","templated":true}]}}