{"id":13087,"date":"2011-12-15T20:10:40","date_gmt":"2011-12-15T18:10:40","guid":{"rendered":"https:\/\/www.satokangas.fi\/blogi\/?p=13087"},"modified":"2011-12-15T20:16:51","modified_gmt":"2011-12-15T18:16:51","slug":"joululauluja","status":"publish","type":"post","link":"https:\/\/www.satokangas.fi\/blogi\/2011\/12\/joululauluja\/","title":{"rendered":"Joululauluja"},"content":{"rendered":"<p>Ja sitten kolmas postaus t\u00e4lle p\u00e4iv\u00e4lle.<\/p>\n<p>Aamulla tonttukavalkadi valokuvatorstaihin (siell\u00e4 tuntuu kommenttilootassa olevan \u00e4\u00e4nestys parhaasta tontusta), sitten Joulukinkku-kolumni ja siin\u00e4 muisto jostain 90-luvun puoliv\u00e4list\u00e4 ja kolmas jouluun liittyv\u00e4 juttu?<\/p>\n<p>Kauneimmat joululaulut. Moneen vuoteen ei ole tullut menty\u00e4, kiirek\u00f6 est\u00e4nyt, ehk\u00e4p\u00e4. En tied\u00e4, onko niit\u00e4 ennen ollutkaan p\u00e4ivisin, mutta nyt hoksasin, ett\u00e4 tuomiokirkossa olisi. Laitoin ne v\u00e4hemm\u00e4n liukkaat ulkoilukeng\u00e4t (vaelluskeng\u00e4t) jalkaan ja l\u00e4hdin k\u00e4vellen kaupunkiin. Eih\u00e4n se s\u00e4\u00e4tila niin jouluinen ollut. Liukaskin, mutta tulipahan tienattua reippaus-piste.<\/p>\n<p><a href=\"https:\/\/www.satokangas.fi\/blogi\/wp-content\/uploads\/pikisaari.jpg\"><img loading=\"lazy\" decoding=\"async\" data-attachment-id=\"13091\" data-permalink=\"https:\/\/www.satokangas.fi\/blogi\/2011\/12\/joululauluja\/pikisaari\/\" data-orig-file=\"https:\/\/www.satokangas.fi\/blogi\/wp-content\/uploads\/pikisaari.jpg\" data-orig-size=\"1100,733\" data-comments-opened=\"1\" data-image-meta=\"{&quot;aperture&quot;:&quot;11&quot;,&quot;credit&quot;:&quot;&quot;,&quot;camera&quot;:&quot;Canon EOS 5D Mark II&quot;,&quot;caption&quot;:&quot;&quot;,&quot;created_timestamp&quot;:&quot;1323952282&quot;,&quot;copyright&quot;:&quot;&quot;,&quot;focal_length&quot;:&quot;105&quot;,&quot;iso&quot;:&quot;800&quot;,&quot;shutter_speed&quot;:&quot;0.0333333333333&quot;,&quot;title&quot;:&quot;&quot;}\" data-image-title=\"pikisaari\" data-image-description=\"\" data-image-caption=\"\" data-large-file=\"https:\/\/www.satokangas.fi\/blogi\/wp-content\/uploads\/pikisaari.jpg\" class=\"aligncenter size-medium wp-image-13091\" title=\"pikisaari\" src=\"https:\/\/www.satokangas.fi\/blogi\/wp-content\/uploads\/pikisaari-600x400.jpg\" alt=\"\" width=\"600\" height=\"400\" srcset=\"https:\/\/www.satokangas.fi\/blogi\/wp-content\/uploads\/pikisaari-600x400.jpg 600w, https:\/\/www.satokangas.fi\/blogi\/wp-content\/uploads\/pikisaari-200x133.jpg 200w, https:\/\/www.satokangas.fi\/blogi\/wp-content\/uploads\/pikisaari.jpg 1100w\" sizes=\"auto, (max-width: 600px) 100vw, 600px\" \/><\/a><\/p>\n<p>Laulut kuuntelin, paino sanalla kuuntelin. Min\u00e4h\u00e4n en laula, sen verran otan l\u00e4himm\u00e4isi\u00e4 huomioon etten laula. \ud83d\ude42 \u00a0Ohjelmalehtisest\u00e4 opin, ett\u00e4 &#8221;Kauneimpia joululauluja voi kuunnella netin kauttakin: \u00a0<a href=\"http:\/\/www.kauneimmatjoululaulut.fi\">www.kauneimmatjoululaulut.fi<\/a><\/p>\n<p>_______________________________________<\/p>\n<p><a href=\"https:\/\/www.satokangas.fi\/blogi\/wp-content\/uploads\/152.jpg\"><img loading=\"lazy\" decoding=\"async\" data-attachment-id=\"13090\" data-permalink=\"https:\/\/www.satokangas.fi\/blogi\/2011\/12\/joululauluja\/15-5\/\" data-orig-file=\"https:\/\/www.satokangas.fi\/blogi\/wp-content\/uploads\/152.jpg\" data-orig-size=\"100,100\" data-comments-opened=\"1\" data-image-meta=\"{&quot;aperture&quot;:&quot;0&quot;,&quot;credit&quot;:&quot;&quot;,&quot;camera&quot;:&quot;&quot;,&quot;caption&quot;:&quot;&quot;,&quot;created_timestamp&quot;:&quot;0&quot;,&quot;copyright&quot;:&quot;&quot;,&quot;focal_length&quot;:&quot;0&quot;,&quot;iso&quot;:&quot;0&quot;,&quot;shutter_speed&quot;:&quot;0&quot;,&quot;title&quot;:&quot;&quot;}\" data-image-title=\"15\" data-image-description=\"\" data-image-caption=\"\" data-large-file=\"https:\/\/www.satokangas.fi\/blogi\/wp-content\/uploads\/152.jpg\" class=\"alignleft size-full wp-image-13090\" title=\"15\" src=\"https:\/\/www.satokangas.fi\/blogi\/wp-content\/uploads\/152.jpg\" alt=\"\" width=\"100\" height=\"100\" \/><\/a><\/p>\n<p style=\"padding-left: 30px; text-align: left;\">Joulukalenteri.<\/p>\n<p style=\"padding-left: 30px; text-align: center;\">Kauneimmat joululaulut Oulun Tuomiokirkossa<\/p>\n<p>\u00a0<a href=\"https:\/\/www.satokangas.fi\/blogi\/wp-content\/uploads\/15-tuomiokirkko.jpg\"><img loading=\"lazy\" decoding=\"async\" data-attachment-id=\"13089\" data-permalink=\"https:\/\/www.satokangas.fi\/blogi\/2011\/12\/joululauluja\/15-tuomiokirkko\/\" data-orig-file=\"https:\/\/www.satokangas.fi\/blogi\/wp-content\/uploads\/15-tuomiokirkko.jpg\" data-orig-size=\"600,758\" data-comments-opened=\"1\" data-image-meta=\"{&quot;aperture&quot;:&quot;4&quot;,&quot;credit&quot;:&quot;&quot;,&quot;camera&quot;:&quot;Canon EOS 5D Mark II&quot;,&quot;caption&quot;:&quot;&quot;,&quot;created_timestamp&quot;:&quot;1323953126&quot;,&quot;copyright&quot;:&quot;&quot;,&quot;focal_length&quot;:&quot;45&quot;,&quot;iso&quot;:&quot;1000&quot;,&quot;shutter_speed&quot;:&quot;0.0333333333333&quot;,&quot;title&quot;:&quot;&quot;}\" data-image-title=\"15-tuomiokirkko\" data-image-description=\"\" data-image-caption=\"\" data-large-file=\"https:\/\/www.satokangas.fi\/blogi\/wp-content\/uploads\/15-tuomiokirkko.jpg\" class=\"aligncenter size-medium wp-image-13089\" title=\"15-tuomiokirkko\" src=\"https:\/\/www.satokangas.fi\/blogi\/wp-content\/uploads\/15-tuomiokirkko-316x400.jpg\" alt=\"\" width=\"316\" height=\"400\" srcset=\"https:\/\/www.satokangas.fi\/blogi\/wp-content\/uploads\/15-tuomiokirkko-316x400.jpg 316w, https:\/\/www.satokangas.fi\/blogi\/wp-content\/uploads\/15-tuomiokirkko-158x200.jpg 158w, https:\/\/www.satokangas.fi\/blogi\/wp-content\/uploads\/15-tuomiokirkko.jpg 600w\" sizes=\"auto, (max-width: 316px) 100vw, 316px\" \/><\/a><a href=\"https:\/\/www.satokangas.fi\/blogi\/wp-content\/uploads\/151.jpg\"><br \/>\n<\/a><\/p>\n","protected":false},"excerpt":{"rendered":"<p>Ja sitten kolmas postaus t\u00e4lle p\u00e4iv\u00e4lle. Aamulla tonttukavalkadi valokuvatorstaihin (siell\u00e4 tuntuu kommenttilootassa olevan \u00e4\u00e4nestys parhaasta tontusta), sitten Joulukinkku-kolumni ja siin\u00e4 muisto jostain 90-luvun puoliv\u00e4list\u00e4 ja kolmas jouluun liittyv\u00e4 juttu? Kauneimmat joululaulut. Moneen vuoteen ei ole tullut menty\u00e4, kiirek\u00f6 est\u00e4nyt, ehk\u00e4p\u00e4. En tied\u00e4, onko niit\u00e4 ennen ollutkaan p\u00e4ivisin, mutta nyt hoksasin, ett\u00e4 tuomiokirkossa olisi. Laitoin ne v\u00e4hemm\u00e4n liukkaat ulkoilukeng\u00e4t (vaelluskeng\u00e4t) jalkaan &hellip; <\/p>\n","protected":false},"author":1,"featured_media":0,"comment_status":"open","ping_status":"open","sticky":false,"template":"","format":"standard","meta":{"jetpack_post_was_ever_published":false,"_jetpack_newsletter_access":"","_jetpack_dont_email_post_to_subs":false,"_jetpack_newsletter_tier_id":0,"_jetpack_memberships_contains_paywalled_content":false,"_jetpack_memberships_contains_paid_content":false,"footnotes":"","jetpack_publicize_message":"","jetpack_publicize_feature_enabled":true,"jetpack_social_post_already_shared":false,"jetpack_social_options":{"image_generator_settings":{"template":"highway","default_image_id":0,"font":"","enabled":false},"version":2}},"categories":[1],"tags":[],"class_list":["post-13087","post","type-post","status-publish","format-standard","hentry","category-aiheeton","latest_post"],"jetpack_publicize_connections":[],"jetpack_featured_media_url":"","jetpack_shortlink":"https:\/\/wp.me\/pr4p4-3p5","jetpack_sharing_enabled":true,"jetpack_likes_enabled":false,"jetpack-related-posts":[{"id":32909,"url":"https:\/\/www.satokangas.fi\/blogi\/2017\/12\/joulumusiikkia-kuunnellen\/","url_meta":{"origin":13087,"position":0},"title":"Joulumusiikkia kuunnellen","author":"Reija","date":"25.12.2017","format":false,"excerpt":"Joulumusiikkia. Onhan sit\u00e4 nyt pari vuorokautta kuunneltu ihan jatkuvasti. Seh\u00e4n on iso osa joulua. T\u00e4n\u00e4 vuonna meill\u00e4 on kuunneltu tosi paljon, enimm\u00e4kseen Jarkko Aholaa. Nuoret kun h\u00e4nen versioistaan kovasti pit\u00e4v\u00e4t. Ja min\u00e4kin, toki. Ja ovathan ne Aholan esitt\u00e4m\u00e4t joululaulut v\u00e4hint\u00e4\u00e4nkin klassikkoja. Ehk\u00e4 juuri \"Jouluy\u00f6, juhlay\u00f6\" on paras. Vaikka kyll\u00e4 minulle\u2026","rel":"","context":"Kategoriassa &quot;Niit\u00e4 n\u00e4it\u00e4&quot;","block_context":{"text":"Niit\u00e4 n\u00e4it\u00e4","link":"https:\/\/www.satokangas.fi\/blogi\/category\/aiheeton\/"},"img":{"alt_text":"","src":"https:\/\/i0.wp.com\/www.satokangas.fi\/blogi\/wp-content\/uploads\/2017\/12\/Joulu-Oulu.jpg?resize=350%2C200&ssl=1","width":350,"height":200,"srcset":"https:\/\/i0.wp.com\/www.satokangas.fi\/blogi\/wp-content\/uploads\/2017\/12\/Joulu-Oulu.jpg?resize=350%2C200&ssl=1 1x, https:\/\/i0.wp.com\/www.satokangas.fi\/blogi\/wp-content\/uploads\/2017\/12\/Joulu-Oulu.jpg?resize=525%2C300&ssl=1 1.5x, https:\/\/i0.wp.com\/www.satokangas.fi\/blogi\/wp-content\/uploads\/2017\/12\/Joulu-Oulu.jpg?resize=700%2C400&ssl=1 2x"},"classes":[]},{"id":23325,"url":"https:\/\/www.satokangas.fi\/blogi\/2014\/12\/joulua-kohti\/","url_meta":{"origin":13087,"position":1},"title":"Joulua kohti","author":"Reija","date":"14.12.2014","format":false,"excerpt":"Viikonlopulle leimaa-antavaa jouluvalmistelut ja paljo tekeminen. Eilinen meni illansuuhun asti keitti\u00f6ss\u00e4, mit\u00e4 nyt v\u00e4lill\u00e4 k\u00e4vin k\u00e4vellen Prismassa. Viidest\u00e4 kiloa porkkanoita ja lanttuja tehtiin (Pehtoori kuori ja pilkkoi!) laatikot, joululimput ja jouluruukut paistoin. Leivinuunista tuoksu leivitt\u00e4ytyi koko taloon, pihallekin asti. Iltap\u00e4iv\u00e4n lopulla \u00e4yri\u00e4is-nuudelieineen j\u00e4lkeen Juniorikin tuli, nautimme yhdess\u00e4 pullollisen kuohuvaa ja\u2026","rel":"","context":"Kategoriassa &quot;Niit\u00e4 n\u00e4it\u00e4&quot;","block_context":{"text":"Niit\u00e4 n\u00e4it\u00e4","link":"https:\/\/www.satokangas.fi\/blogi\/category\/aiheeton\/"},"img":{"alt_text":"lauantai-3","src":"https:\/\/i0.wp.com\/www.satokangas.fi\/blogi\/wp-content\/uploads\/2014\/12\/lauantai-3-600x321.jpg?resize=350%2C200&ssl=1","width":350,"height":200,"srcset":"https:\/\/i0.wp.com\/www.satokangas.fi\/blogi\/wp-content\/uploads\/2014\/12\/lauantai-3-600x321.jpg?resize=350%2C200&ssl=1 1x, https:\/\/i0.wp.com\/www.satokangas.fi\/blogi\/wp-content\/uploads\/2014\/12\/lauantai-3-600x321.jpg?resize=525%2C300&ssl=1 1.5x"},"classes":[]},{"id":13086,"url":"https:\/\/www.satokangas.fi\/blogi\/2011\/12\/joulukinkun-historia\/","url_meta":{"origin":13087,"position":2},"title":"Joulukinkun historia","author":"Reija","date":"15.12.2011","format":false,"excerpt":"Kolumnip\u00e4iv\u00e4. Alla Kalevassa ollut juttu. En viitsinyt Kalevan jutussa kertoa siihen liittyv\u00e4\u00e4 muistoa, mutta kerronpa \u00a0nyt t\u00e4ss\u00e4. Oli jouluaatto. Meill\u00e4 Esikoinen (oisko ollut 7 v.) ja Juniori (5 v.) ilmoittivat ihan oma-aloitteisesti, ett\u00e4 he voisivat laulaa joulupukille. Ei meill\u00e4 koskaan oltu sellaista ennen tehty, eik\u00e4 kai edes ehdotettu lapsille, ett\u00e4\u2026","rel":"","context":"Kategoriassa &quot;Kolumni&quot;","block_context":{"text":"Kolumni","link":"https:\/\/www.satokangas.fi\/blogi\/category\/kolumni\/"},"img":{"alt_text":"","src":"https:\/\/i0.wp.com\/www.satokangas.fi\/blogi\/wp-content\/uploads\/2011\/12\/Joulusiivous-2-296x400.jpg?resize=350%2C200&ssl=1","width":350,"height":200},"classes":[]},{"id":32847,"url":"https:\/\/www.satokangas.fi\/blogi\/2017\/12\/joulumusiikkia-ruoanlaiton-oheen-ja-muutenkin\/","url_meta":{"origin":13087,"position":3},"title":"Joulumusiikkia ruoanlaiton oheen ja muutenkin","author":"Reija","date":"16.12.2017","format":false,"excerpt":"Meill\u00e4 tonttuovella oli t\u00e4n\u00e4\u00e4n merkillisi\u00e4 otuksia. V\u00e4h\u00e4n n\u00e4yttiv\u00e4t muumeilta, - hyvin v\u00e4h\u00e4n, v\u00e4h\u00e4n tateilta, - hyvin v\u00e4h\u00e4n. Pitk\u00e4llisen salapoliisity\u00f6skentelyn j\u00e4lkeen oudot vierailijat tunnistettiin \"Luomukuningasvinokkaiksi\". Ja tovin kypsytyst\u00e4 voissa ja suolattuna ja pippuroituna olivat erinomaisia karitsan karen kanssa. V\u00e4h\u00e4n fenkolia ja salaattia oheen, eik\u00e4 tarvittu muuta. No hyv\u00e4 on: j\u00e4lkk\u00e4riksi sisarelta\u2026","rel":"","context":"Kategoriassa &quot;Joulu&quot;","block_context":{"text":"Joulu","link":"https:\/\/www.satokangas.fi\/blogi\/category\/joulu\/"},"img":{"alt_text":"","src":"https:\/\/i0.wp.com\/www.satokangas.fi\/blogi\/wp-content\/uploads\/2017\/12\/Joulu-rocky-road.jpg?resize=350%2C200&ssl=1","width":350,"height":200,"srcset":"https:\/\/i0.wp.com\/www.satokangas.fi\/blogi\/wp-content\/uploads\/2017\/12\/Joulu-rocky-road.jpg?resize=350%2C200&ssl=1 1x, https:\/\/i0.wp.com\/www.satokangas.fi\/blogi\/wp-content\/uploads\/2017\/12\/Joulu-rocky-road.jpg?resize=525%2C300&ssl=1 1.5x, https:\/\/i0.wp.com\/www.satokangas.fi\/blogi\/wp-content\/uploads\/2017\/12\/Joulu-rocky-road.jpg?resize=700%2C400&ssl=1 2x"},"classes":[]},{"id":42124,"url":"https:\/\/www.satokangas.fi\/blogi\/2021\/12\/tonttuovella-ruuhkaa\/","url_meta":{"origin":13087,"position":4},"title":"Tonttuovella ruuhkaa!","author":"Reija","date":"12.12.2021","format":false,"excerpt":"Pikkujoulup\u00e4iv\u00e4. Todellakin koko p\u00e4iv\u00e4 pikkujoulujen merkeiss\u00e4. Perjantai-illansuussa kun Apsu ja Eevis olivat tuulikaapissa jo pukemassa, l\u00e4hd\u00f6ss\u00e4 is\u00e4ns\u00e4 kanssa kotiin, Apsu ilmoitti \"Me voitais viett\u00e4\u00e4 t\u00e4\u00e4ll\u00e4 huomenna pikkujoulut!\" H\u00e4mm\u00e4stytty\u00e4ni, hetken p\u00e4\u00e4st\u00e4 totesin, ett\u00e4 ei se oikein k\u00e4y, kun mummilla ja papalla on muutakin tekemist\u00e4 ja menoa, mutta ehk\u00e4 sunnuntaina. Eilen viel\u00e4\u2026","rel":"","context":"Kategoriassa &quot;Isovanhemmuus&quot;","block_context":{"text":"Isovanhemmuus","link":"https:\/\/www.satokangas.fi\/blogi\/category\/isovanhemmuus\/"},"img":{"alt_text":"","src":"https:\/\/i0.wp.com\/www.satokangas.fi\/blogi\/wp-content\/uploads\/2021\/12\/Tonttuovella-4-1.jpg?resize=350%2C200&ssl=1","width":350,"height":200,"srcset":"https:\/\/i0.wp.com\/www.satokangas.fi\/blogi\/wp-content\/uploads\/2021\/12\/Tonttuovella-4-1.jpg?resize=350%2C200&ssl=1 1x, https:\/\/i0.wp.com\/www.satokangas.fi\/blogi\/wp-content\/uploads\/2021\/12\/Tonttuovella-4-1.jpg?resize=525%2C300&ssl=1 1.5x, https:\/\/i0.wp.com\/www.satokangas.fi\/blogi\/wp-content\/uploads\/2021\/12\/Tonttuovella-4-1.jpg?resize=700%2C400&ssl=1 2x"},"classes":[]},{"id":1239,"url":"https:\/\/www.satokangas.fi\/blogi\/2008\/10\/topelius-taormina-ja-me\/","url_meta":{"origin":13087,"position":5},"title":"Topelius, Taormina ja me","author":"Reija","date":"25.10.2008","format":false,"excerpt":"\"Koivun\" kommenttien j\u00e4lkeen on pakko lainata lomamme lopuksi p\u00e4tk\u00e4 Sylvian joululaulusta t\u00e4h\u00e4n (kuten huomaatte, Topeliuskin on ollut Taorminassa): Miss' sypressit tuoksuu nyt talvellakin, istun oksalla uljaimman puun, miss' siint\u00e4\u00e4pi veet, viini on vaahtoovin ja s\u00e4\u00e4 aina kuin toukokuun. Ja Etnanpa kaukaa ma n\u00e4\u00e4n, ah t\u00e4\u00e4 kaikki hurmaa ja hurmaapi p\u00e4\u00e4n,\u2026","rel":"","context":"Kategoriassa &quot;Italia&quot;","block_context":{"text":"Italia","link":"https:\/\/www.satokangas.fi\/blogi\/category\/italia\/"},"img":{"alt_text":"","src":"","width":0,"height":0},"classes":[]}],"_links":{"self":[{"href":"https:\/\/www.satokangas.fi\/blogi\/wp-json\/wp\/v2\/posts\/13087","targetHints":{"allow":["GET"]}}],"collection":[{"href":"https:\/\/www.satokangas.fi\/blogi\/wp-json\/wp\/v2\/posts"}],"about":[{"href":"https:\/\/www.satokangas.fi\/blogi\/wp-json\/wp\/v2\/types\/post"}],"author":[{"embeddable":true,"href":"https:\/\/www.satokangas.fi\/blogi\/wp-json\/wp\/v2\/users\/1"}],"replies":[{"embeddable":true,"href":"https:\/\/www.satokangas.fi\/blogi\/wp-json\/wp\/v2\/comments?post=13087"}],"version-history":[{"count":0,"href":"https:\/\/www.satokangas.fi\/blogi\/wp-json\/wp\/v2\/posts\/13087\/revisions"}],"wp:attachment":[{"href":"https:\/\/www.satokangas.fi\/blogi\/wp-json\/wp\/v2\/media?parent=13087"}],"wp:term":[{"taxonomy":"category","embeddable":true,"href":"https:\/\/www.satokangas.fi\/blogi\/wp-json\/wp\/v2\/categories?post=13087"},{"taxonomy":"post_tag","embeddable":true,"href":"https:\/\/www.satokangas.fi\/blogi\/wp-json\/wp\/v2\/tags?post=13087"}],"curies":[{"name":"wp","href":"https:\/\/api.w.org\/{rel}","templated":true}]}}