{"id":12896,"date":"2011-11-24T08:13:01","date_gmt":"2011-11-24T06:13:01","guid":{"rendered":"https:\/\/www.satokangas.fi\/blogi\/?p=12896"},"modified":"2011-11-24T08:18:16","modified_gmt":"2011-11-24T06:18:16","slug":"valokuvatorstai-talven-merkit","status":"publish","type":"post","link":"https:\/\/www.satokangas.fi\/blogi\/2011\/11\/valokuvatorstai-talven-merkit\/","title":{"rendered":"Valokuvatorstai: Talven merkit"},"content":{"rendered":"<p style=\"text-align: center;\">Vesisateisena torstaiaamuna on etsitt\u00e4v\u00e4 talven merkkej\u00e4 viime viikon m\u00f6kkireissun kuvista.<br \/>\nLapissa talvi oli jo merkitty.<\/p>\n<p style=\"text-align: center;\">(kuvat suurenevat klikkaamalla)<\/p>\n<p><a href=\"https:\/\/www.satokangas.fi\/blogi\/wp-content\/uploads\/MG_3876.jpg\"><img loading=\"lazy\" decoding=\"async\" data-attachment-id=\"12902\" data-permalink=\"https:\/\/www.satokangas.fi\/blogi\/2011\/11\/valokuvatorstai-talven-merkit\/_mg_3876\/\" data-orig-file=\"https:\/\/www.satokangas.fi\/blogi\/wp-content\/uploads\/MG_3876.jpg\" data-orig-size=\"1024,570\" data-comments-opened=\"1\" data-image-title=\"_MG_3876\" data-image-description=\"\" data-image-caption=\"\" data-large-file=\"https:\/\/www.satokangas.fi\/blogi\/wp-content\/uploads\/MG_3876.jpg\" class=\"aligncenter size-medium wp-image-12902\" title=\"_MG_3876\" src=\"https:\/\/www.satokangas.fi\/blogi\/wp-content\/uploads\/MG_3876-600x333.jpg\" alt=\"\" width=\"600\" height=\"333\" srcset=\"https:\/\/www.satokangas.fi\/blogi\/wp-content\/uploads\/MG_3876-600x333.jpg 600w, https:\/\/www.satokangas.fi\/blogi\/wp-content\/uploads\/MG_3876-200x111.jpg 200w, https:\/\/www.satokangas.fi\/blogi\/wp-content\/uploads\/MG_3876.jpg 1024w\" sizes=\"auto, (max-width: 600px) 100vw, 600px\" \/><\/a><\/p>\n<p>&nbsp;<\/p>\n<p><a href=\"https:\/\/www.satokangas.fi\/blogi\/wp-content\/uploads\/MG_3879-Large.jpg\"><img loading=\"lazy\" decoding=\"async\" data-attachment-id=\"12900\" data-permalink=\"https:\/\/www.satokangas.fi\/blogi\/2011\/11\/valokuvatorstai-talven-merkit\/_mg_3879-large\/\" data-orig-file=\"https:\/\/www.satokangas.fi\/blogi\/wp-content\/uploads\/MG_3879-Large.jpg\" data-orig-size=\"1024,683\" data-comments-opened=\"1\" data-image-title=\"_MG_3879 (Large)\" data-image-description=\"\" data-image-caption=\"\" data-large-file=\"https:\/\/www.satokangas.fi\/blogi\/wp-content\/uploads\/MG_3879-Large.jpg\" class=\"aligncenter size-medium wp-image-12900\" title=\"_MG_3879 (Large)\" src=\"https:\/\/www.satokangas.fi\/blogi\/wp-content\/uploads\/MG_3879-Large-600x400.jpg\" alt=\"\" width=\"600\" height=\"400\" srcset=\"https:\/\/www.satokangas.fi\/blogi\/wp-content\/uploads\/MG_3879-Large-600x400.jpg 600w, https:\/\/www.satokangas.fi\/blogi\/wp-content\/uploads\/MG_3879-Large-200x133.jpg 200w, https:\/\/www.satokangas.fi\/blogi\/wp-content\/uploads\/MG_3879-Large.jpg 1024w\" sizes=\"auto, (max-width: 600px) 100vw, 600px\" \/><\/a><\/p>\n<p>&nbsp;<\/p>\n<p>&nbsp;<\/p>\n<p><a href=\"https:\/\/www.satokangas.fi\/blogi\/wp-content\/uploads\/MG_3878-Large.jpg\"><img loading=\"lazy\" decoding=\"async\" data-attachment-id=\"12899\" data-permalink=\"https:\/\/www.satokangas.fi\/blogi\/2011\/11\/valokuvatorstai-talven-merkit\/_mg_3878-large\/\" data-orig-file=\"https:\/\/www.satokangas.fi\/blogi\/wp-content\/uploads\/MG_3878-Large.jpg\" data-orig-size=\"1024,683\" data-comments-opened=\"1\" data-image-title=\"_MG_3878 (Large)\" data-image-description=\"\" data-image-caption=\"\" data-large-file=\"https:\/\/www.satokangas.fi\/blogi\/wp-content\/uploads\/MG_3878-Large.jpg\" class=\"aligncenter size-medium wp-image-12899\" title=\"_MG_3878 (Large)\" src=\"https:\/\/www.satokangas.fi\/blogi\/wp-content\/uploads\/MG_3878-Large-600x400.jpg\" alt=\"\" width=\"600\" height=\"400\" srcset=\"https:\/\/www.satokangas.fi\/blogi\/wp-content\/uploads\/MG_3878-Large-600x400.jpg 600w, https:\/\/www.satokangas.fi\/blogi\/wp-content\/uploads\/MG_3878-Large-200x133.jpg 200w, https:\/\/www.satokangas.fi\/blogi\/wp-content\/uploads\/MG_3878-Large.jpg 1024w\" sizes=\"auto, (max-width: 600px) 100vw, 600px\" \/><\/a><\/p>\n<p style=\"text-align: center;\"><a href=\"https:\/\/www.satokangas.fi\/blogi\/wp-content\/uploads\/MG_3864-Large.jpg\"><img loading=\"lazy\" decoding=\"async\" data-attachment-id=\"12904\" data-permalink=\"https:\/\/www.satokangas.fi\/blogi\/2011\/11\/valokuvatorstai-talven-merkit\/_mg_3864-large\/\" data-orig-file=\"https:\/\/www.satokangas.fi\/blogi\/wp-content\/uploads\/MG_3864-Large.jpg\" data-orig-size=\"1024,683\" data-comments-opened=\"1\" data-image-title=\"_MG_3864 (Large)\" data-image-description=\"\" data-image-caption=\"\" data-large-file=\"https:\/\/www.satokangas.fi\/blogi\/wp-content\/uploads\/MG_3864-Large.jpg\" class=\"aligncenter size-medium wp-image-12904\" title=\"_MG_3864 (Large)\" src=\"https:\/\/www.satokangas.fi\/blogi\/wp-content\/uploads\/MG_3864-Large-600x400.jpg\" alt=\"\" width=\"600\" height=\"400\" srcset=\"https:\/\/www.satokangas.fi\/blogi\/wp-content\/uploads\/MG_3864-Large-600x400.jpg 600w, https:\/\/www.satokangas.fi\/blogi\/wp-content\/uploads\/MG_3864-Large-200x133.jpg 200w, https:\/\/www.satokangas.fi\/blogi\/wp-content\/uploads\/MG_3864-Large.jpg 1024w\" sizes=\"auto, (max-width: 600px) 100vw, 600px\" \/><\/a><\/p>\n<p style=\"text-align: center;\">Muiden kuvaamia talven merkkej\u00e4 on <a href=\"http:\/\/inspis.vuodatus.net\/blog\/3072165\/226-haaste\/\">t\u00e4\u00e4ll\u00e4<\/a>.<\/p>\n<p>&nbsp;<\/p>\n","protected":false},"excerpt":{"rendered":"<p>Vesisateisena torstaiaamuna on etsitt\u00e4v\u00e4 talven merkkej\u00e4 viime viikon m\u00f6kkireissun kuvista. Lapissa talvi oli jo merkitty. (kuvat suurenevat klikkaamalla) &nbsp; &nbsp; &nbsp; Muiden kuvaamia talven merkkej\u00e4 on t\u00e4\u00e4ll\u00e4. &nbsp;<\/p>\n","protected":false},"author":1,"featured_media":0,"comment_status":"open","ping_status":"open","sticky":false,"template":"","format":"standard","meta":{"_jetpack_newsletter_access":"","_jetpack_dont_email_post_to_subs":false,"_jetpack_newsletter_tier_id":0,"_jetpack_memberships_contains_paywalled_content":false,"_jetpack_feature_clip_id":0,"_jetpack_memberships_contains_paid_content":false,"footnotes":"","jetpack_publicize_message":"","jetpack_publicize_feature_enabled":true,"jetpack_social_post_already_shared":false,"jetpack_social_options":{"image_generator_settings":{"template":"highway","default_image_id":0,"font":"","enabled":false},"version":2},"jetpack_post_was_ever_published":false},"categories":[21],"tags":[],"class_list":["post-12896","post","type-post","status-publish","format-standard","hentry","category-valokuvatorstai","latest_post"],"jetpack_publicize_connections":[],"jetpack_shortlink":"https:\/\/wp.me\/pr4p4-3m0","jetpack_sharing_enabled":true,"jetpack_likes_enabled":false,"jetpack-related-posts":[{"id":360,"url":"https:\/\/www.satokangas.fi\/blogi\/2008\/02\/valokuvatorstai-jotain-rajaa\/","url_meta":{"origin":12896,"position":0},"title":"Valokuvatorstai: Jotain rajaa","author":"Reija","date":"21.2.2008","format":false,"excerpt":"\u00a0 Meid\u00e4n ja naapurim\u00f6kin v\u00e4lill\u00e4 on jotain rajaa:\u00a0 puro, jonka uoma n\u00e4in talvella(kin) on kaunis! (Raja n\u00e4kyy paremmin kun klikkaat kuvan isommaksi.)","rel":"","context":"Kategoriassa &quot;Valokuvatorstai&quot;","block_context":{"text":"Valokuvatorstai","link":"https:\/\/www.satokangas.fi\/blogi\/category\/valokuvaus\/valokuvatorstai\/"},"img":{"alt_text":"","src":"https:\/\/i0.wp.com\/www.satokangas.fi\/blogi\/wp-content\/uploads\/2008\/10\/jotain_rajaa-500x372.jpg?resize=350%2C200&ssl=1","width":350,"height":200},"classes":[]},{"id":5199,"url":"https:\/\/www.satokangas.fi\/blogi\/2009\/11\/valokuvatorstai-jotta-en-unohtaisi\/","url_meta":{"origin":12896,"position":1},"title":"Valokuvatorstai: Jotta en unohtaisi","author":"Reija","date":"26.11.2009","format":false,"excerpt":"Jotta en unohtaisi ... Jotta en n\u00e4iden pimeiden, vesir\u00e4nn\u00e4n ja ty\u00f6nt\u00e4yteisten p\u00e4ivien aikana unohtaisi, ett\u00e4 talvi voi olla kauniskin, \u00a0ett\u00e4 joulu on tulossa ja ett\u00e4 kuukauden p\u00e4\u00e4st\u00e4 p\u00e4\u00e4st\u00e4\u00e4n Lappiin. ... Jotta muistaisin toivoa ... ja jotta en turhia valittaisi. (klikkaa suuremmaksi)","rel":"","context":"Kategoriassa &quot;Valokuvatorstai&quot;","block_context":{"text":"Valokuvatorstai","link":"https:\/\/www.satokangas.fi\/blogi\/category\/valokuvaus\/valokuvatorstai\/"},"img":{"alt_text":"etten unohtaisi","src":"https:\/\/i0.wp.com\/www.satokangas.fi\/blogi\/wp-content\/uploads\/2009\/11\/etten-unohtaisi-500x312.jpg?resize=350%2C200&ssl=1","width":350,"height":200},"classes":[]},{"id":11333,"url":"https:\/\/www.satokangas.fi\/blogi\/2011\/03\/valokuvatorstaijatkuu\/","url_meta":{"origin":12896,"position":2},"title":"Valokuvatorstai: jatkuu","author":"Reija","date":"31.3.2011","format":false,"excerpt":"Jutaaminen (ks. eilinen postaukseni) ja talvi jatkuu Ylempi kuva t\u00e4n\u00e4\u00e4n Iisakkip\u00e4\u00e4lt\u00e4, Saarisel\u00e4n laskettelurinteen vierest\u00e4, ja alempi kuva aamulla m\u00f6kin puronrannasta.","rel":"","context":"Kategoriassa &quot;Valokuvatorstai&quot;","block_context":{"text":"Valokuvatorstai","link":"https:\/\/www.satokangas.fi\/blogi\/category\/valokuvaus\/valokuvatorstai\/"},"img":{"alt_text":"","src":"https:\/\/i0.wp.com\/www.satokangas.fi\/blogi\/wp-content\/uploads\/IMG_1753-600x387.jpg?resize=350%2C200&ssl=1","width":350,"height":200,"srcset":"https:\/\/i0.wp.com\/www.satokangas.fi\/blogi\/wp-content\/uploads\/IMG_1753-600x387.jpg?resize=350%2C200&ssl=1 1x, https:\/\/i0.wp.com\/www.satokangas.fi\/blogi\/wp-content\/uploads\/IMG_1753-600x387.jpg?resize=525%2C300&ssl=1 1.5x"},"classes":[]},{"id":13409,"url":"https:\/\/www.satokangas.fi\/blogi\/2012\/02\/valokuvatorstai-tilapainen\/","url_meta":{"origin":12896,"position":3},"title":"Valokuvatorstai: Tilap\u00e4inen","author":"Reija","date":"2.2.2012","format":false,"excerpt":"TILAP\u00c4INEN se ett\u00e4 kaikki maailmassa on tilap\u00e4ist\u00e4 ei tarkoita samaa kuin ett\u00e4 kaikki muuttuu, ett\u00e4 maailma muuttuu, ett\u00e4 pysyv\u00e4\u00e4 on vain muutos, miten se ilmaistaankin, muutoskin on vain tilap\u00e4ist\u00e4, pysyvyys tilap\u00e4ist\u00e4, ja kaikki v\u00e4ltt\u00e4m\u00e4t\u00f6n vasta tilap\u00e4ist\u00e4 onkin, ruoka muuttuu sonnaksi, juoma virtsaksi, ne ovat vain aineen tilap\u00e4isi\u00e4 muotoja eik\u00e4 siin\u00e4\u2026","rel":"","context":"Kategoriassa &quot;Valokuvatorstai&quot;","block_context":{"text":"Valokuvatorstai","link":"https:\/\/www.satokangas.fi\/blogi\/category\/valokuvaus\/valokuvatorstai\/"},"img":{"alt_text":"","src":"https:\/\/i0.wp.com\/www.satokangas.fi\/blogi\/wp-content\/uploads\/Tilap%C3%A4inen-600x400.jpg?resize=350%2C200&ssl=1","width":350,"height":200,"srcset":"https:\/\/i0.wp.com\/www.satokangas.fi\/blogi\/wp-content\/uploads\/Tilap%C3%A4inen-600x400.jpg?resize=350%2C200&ssl=1 1x, https:\/\/i0.wp.com\/www.satokangas.fi\/blogi\/wp-content\/uploads\/Tilap%C3%A4inen-600x400.jpg?resize=525%2C300&ssl=1 1.5x"},"classes":[]},{"id":4325,"url":"https:\/\/www.satokangas.fi\/blogi\/2009\/09\/valokuvatorstai-rajattu\/","url_meta":{"origin":12896,"position":4},"title":"Valokuvatorstai: Rajattu","author":"Reija","date":"10.9.2009","format":false,"excerpt":"Valokuvatorstaissa t\u00e4n\u00e4\u00e4n aiheena rajattu.","rel":"","context":"Kategoriassa &quot;Valokuvatorstai&quot;","block_context":{"text":"Valokuvatorstai","link":"https:\/\/www.satokangas.fi\/blogi\/category\/valokuvaus\/valokuvatorstai\/"},"img":{"alt_text":"","src":"https:\/\/i0.wp.com\/www.satokangas.fi\/blogi\/wp-content\/uploads\/2009\/09\/rajattu1.jpg?resize=350%2C200&ssl=1","width":350,"height":200,"srcset":"https:\/\/i0.wp.com\/www.satokangas.fi\/blogi\/wp-content\/uploads\/2009\/09\/rajattu1.jpg?resize=350%2C200&ssl=1 1x, https:\/\/i0.wp.com\/www.satokangas.fi\/blogi\/wp-content\/uploads\/2009\/09\/rajattu1.jpg?resize=525%2C300&ssl=1 1.5x"},"classes":[]},{"id":404,"url":"https:\/\/www.satokangas.fi\/blogi\/2008\/04\/valokuvatorstai-kotimainen\/","url_meta":{"origin":12896,"position":5},"title":"Valokuvatorstai: kotimainen","author":"Reija","date":"24.4.2008","format":false,"excerpt":"Juhannussauna Lapin y\u00f6tt\u00f6m\u00e4ss\u00e4 y\u00f6ss\u00e4.","rel":"","context":"Kategoriassa &quot;Valokuvatorstai&quot;","block_context":{"text":"Valokuvatorstai","link":"https:\/\/www.satokangas.fi\/blogi\/category\/valokuvaus\/valokuvatorstai\/"},"img":{"alt_text":"","src":"","width":0,"height":0},"classes":[]}],"jetpack_featured_media_url":"","_links":{"self":[{"href":"https:\/\/www.satokangas.fi\/blogi\/wp-json\/wp\/v2\/posts\/12896","targetHints":{"allow":["GET"]}}],"collection":[{"href":"https:\/\/www.satokangas.fi\/blogi\/wp-json\/wp\/v2\/posts"}],"about":[{"href":"https:\/\/www.satokangas.fi\/blogi\/wp-json\/wp\/v2\/types\/post"}],"author":[{"embeddable":true,"href":"https:\/\/www.satokangas.fi\/blogi\/wp-json\/wp\/v2\/users\/1"}],"replies":[{"embeddable":true,"href":"https:\/\/www.satokangas.fi\/blogi\/wp-json\/wp\/v2\/comments?post=12896"}],"version-history":[{"count":0,"href":"https:\/\/www.satokangas.fi\/blogi\/wp-json\/wp\/v2\/posts\/12896\/revisions"}],"wp:attachment":[{"href":"https:\/\/www.satokangas.fi\/blogi\/wp-json\/wp\/v2\/media?parent=12896"}],"wp:term":[{"taxonomy":"category","embeddable":true,"href":"https:\/\/www.satokangas.fi\/blogi\/wp-json\/wp\/v2\/categories?post=12896"},{"taxonomy":"post_tag","embeddable":true,"href":"https:\/\/www.satokangas.fi\/blogi\/wp-json\/wp\/v2\/tags?post=12896"}],"curies":[{"name":"wp","href":"https:\/\/api.w.org\/{rel}","templated":true}]}}