{"id":12855,"date":"2011-11-17T19:58:30","date_gmt":"2011-11-17T17:58:30","guid":{"rendered":"https:\/\/www.satokangas.fi\/blogi\/?p=12855"},"modified":"2011-11-17T22:17:14","modified_gmt":"2011-11-17T20:17:14","slug":"etelaan-matkalla","status":"publish","type":"post","link":"https:\/\/www.satokangas.fi\/blogi\/2011\/11\/etelaan-matkalla\/","title":{"rendered":"Etel\u00e4\u00e4n matkalla"},"content":{"rendered":"<p>Ja min\u00e4 tomppeli pakkasin kamerani vetolaukkuun, jonka sitten laitoin Eskelis-bussin tavaratilaan, kun aamusella viitt\u00e4 vaille yhdeks\u00e4n J\u00e4\u00e4merentien varresta kyytiin nousimme. Ei olisi kannattanut sinne alas j\u00e4tt\u00e4\u00e4, kameraa siis. Porttipahdassa ja Yl\u00e4postojoella ja Torvisessa ja Olkkaj\u00e4rvell\u00e4 ja pitkin matkaa olisi ollut paljon kaunista kuvattavaa. Aurinko ja sen s\u00e4teet veden yll\u00e4. Aamup\u00e4iv\u00e4n kirkas valo. Auringon l\u00e4mmitt\u00e4essa sulavan kuuran, kimmel metsien reunassa, vihreiden metsien syv\u00e4 v\u00e4ri.<\/p>\n<p>Torstaina. Marraskuun torstaina. Arkitorstaina. Paino sanalla arki. Siin\u00e4 virkanainen istui bussin takapenkill\u00e4 matkalla pohjoisesta etel\u00e4\u00e4n ja katseli maisemia. Ja mietti arkea ja virkaa.<\/p>\n<p>Ja Rovaniemell\u00e4 mietittiin nurmen vihreytt\u00e4: eih\u00e4n sen kuulu t\u00e4h\u00e4n aikaan en\u00e4\u00e4 auringossa vihre\u00e4n\u00e4 hehkua. Ei kuulu, mutta hehkuipa kuitenkin. Ja vihre\u00e4t olivat rautatieaseman lipputoimiston ja vessan kaakelitkin, samanv\u00e4riset kuin OYS:ssa on\u00a0 leikkaussaleissa ja synnytyssaleissa. Ei oikeastaan olisi kannattanut samanv\u00e4risi\u00e4 laittaa. Ei olleet viihtyis\u00e4t; leikkaus- ja synnytyssaleissa kun nyt ei varsinaisesti <em>viihdyt\u00e4<\/em>.<\/p>\n<p>Rovaniemell\u00e4 vaihdettiin bussista junaan. Ja kuvatoimitusta jatkoin &#8230;\u00a0 Junalle vastaantullut tyt\u00e4r vei minut suoraan Linnanmaalle. Sik\u00e4li ei poikkea &#8221;normaaliel\u00e4m\u00e4st\u00e4ni&#8221;, ett\u00e4 suoraan kampukselle, mutta sik\u00e4li poikkeaa, ett\u00e4 vasta torstai-iltap\u00e4iv\u00e4ll\u00e4, eik\u00e4 maanantaina puolenp\u00e4iv\u00e4n j\u00e4lkeen, eik\u00e4 suoraan seminaariin.<\/p>\n<p>Etel\u00e4\u00e4n on tultu.<\/p>\n<p>____<\/p>\n<p>PS. Eilisess\u00e4 postauksessa, joka m\u00f6kin yhteyksien takia j\u00e4i v\u00e4h\u00e4n torsoksi alkuillasta, on kysely. Katso vaikka<\/p>\n<p><a href=\"https:\/\/www.satokangas.fi\/blogi\/2011\/11\/joulukuuta-kohti\/\">https:\/\/www.satokangas.fi\/blogi\/2011\/11\/joulukuuta-kohti\/<\/a><\/p>\n","protected":false},"excerpt":{"rendered":"<p>Ja min\u00e4 tomppeli pakkasin kamerani vetolaukkuun, jonka sitten laitoin Eskelis-bussin tavaratilaan, kun aamusella viitt\u00e4 vaille yhdeks\u00e4n J\u00e4\u00e4merentien varresta kyytiin nousimme. Ei olisi kannattanut sinne alas j\u00e4tt\u00e4\u00e4, kameraa siis. Porttipahdassa ja Yl\u00e4postojoella ja Torvisessa ja Olkkaj\u00e4rvell\u00e4 ja pitkin matkaa olisi ollut paljon kaunista kuvattavaa. Aurinko ja sen s\u00e4teet veden yll\u00e4. Aamup\u00e4iv\u00e4n kirkas valo. Auringon l\u00e4mmitt\u00e4essa sulavan kuuran, kimmel metsien reunassa, vihreiden &hellip; <\/p>\n","protected":false},"author":1,"featured_media":0,"comment_status":"open","ping_status":"open","sticky":false,"template":"","format":"standard","meta":{"jetpack_post_was_ever_published":false,"_jetpack_newsletter_access":"","_jetpack_dont_email_post_to_subs":false,"_jetpack_newsletter_tier_id":0,"_jetpack_memberships_contains_paywalled_content":false,"_jetpack_memberships_contains_paid_content":false,"footnotes":"","jetpack_publicize_message":"","jetpack_publicize_feature_enabled":true,"jetpack_social_post_already_shared":false,"jetpack_social_options":{"image_generator_settings":{"template":"highway","default_image_id":0,"font":"","enabled":false},"version":2}},"categories":[15,1,54],"tags":[],"class_list":["post-12855","post","type-post","status-publish","format-standard","hentry","category-lappi","category-aiheeton","category-vuorotteluvapaa","latest_post"],"jetpack_publicize_connections":[],"jetpack_featured_media_url":"","jetpack_shortlink":"https:\/\/wp.me\/pr4p4-3ll","jetpack_sharing_enabled":true,"jetpack_likes_enabled":false,"jetpack-related-posts":[{"id":29599,"url":"https:\/\/www.satokangas.fi\/blogi\/2016\/11\/kohti-nousevan-auringon-maata\/","url_meta":{"origin":12855,"position":0},"title":"Kohti nousevan auringon maata","author":"Reija","date":"12.11.2016","format":false,"excerpt":"Matkalla ollaan. Oikeastaan nytkin viel\u00e4 mietin, miten me emme ole ennen Japaniin l\u00e4hteneet. Valtamerien yli\u00a0on sent\u00e4\u00e4n muutaman (Etel\u00e4-Afrikka, Kiina (2 x), Meksiko, New York (2 x) kerran ennenkin lennetty, mutta Japaniin ei ole l\u00e4hdetty. Ei, vaikka voisin v\u00e4itt\u00e4\u00e4, ett\u00e4 ty\u00f6yhteis\u00f6 melkein \u00b4painosti\u00b4 tai ainakin yhteisten vuosien aikana hyvin vahvasti suositteli\u2026","rel":"","context":"Kategoriassa &quot;Japani&quot;","block_context":{"text":"Japani","link":"https:\/\/www.satokangas.fi\/blogi\/category\/reissut\/japani\/"},"img":{"alt_text":"bonsai-puu","src":"https:\/\/i0.wp.com\/www.satokangas.fi\/blogi\/wp-content\/uploads\/2016\/11\/Bonsai-puu-683x1024.jpg?resize=350%2C200&ssl=1","width":350,"height":200,"srcset":"https:\/\/i0.wp.com\/www.satokangas.fi\/blogi\/wp-content\/uploads\/2016\/11\/Bonsai-puu-683x1024.jpg?resize=350%2C200&ssl=1 1x, https:\/\/i0.wp.com\/www.satokangas.fi\/blogi\/wp-content\/uploads\/2016\/11\/Bonsai-puu-683x1024.jpg?resize=525%2C300&ssl=1 1.5x"},"classes":[]},{"id":20850,"url":"https:\/\/www.satokangas.fi\/blogi\/2014\/04\/jo-vain-mie-olen-lapissa\/","url_meta":{"origin":12855,"position":1},"title":"Jo vain mie olen Lapissa","author":"Reija","date":"16.4.2014","format":false,"excerpt":"Aamukahdeksalta pikkupakkasaamussa auringon paistaessa (merkitt\u00e4v\u00e4 yksityiskohta, sill\u00e4 minulla on uudet aurinkolasit, jotka siis sain ottaa k\u00e4ytt\u00f6\u00f6n) seisoin bussipys\u00e4kill\u00e4 reppu sel\u00e4ss\u00e4, kohtuullisen v\u00e4syneen\u00e4.\u00a0Y\u00f6uni j\u00e4i kovin lyhyeksi, - ylikierrokset illan j\u00e4lkeen, t\u00e4ysikuu, levottomia unia, her\u00e4\u00e4misest\u00e4 huolissani jo viiden j\u00e4lkeen loppui uni. Mutta linnut lauloivat, bussi oli ajallaan, t\u00e4ynn\u00e4 koulukkaita, - olikin j\u00e4nn\u00e4\u2026","rel":"","context":"Kategoriassa &quot;Lappi&quot;","block_context":{"text":"Lappi","link":"https:\/\/www.satokangas.fi\/blogi\/category\/lappi\/"},"img":{"alt_text":"ELL","src":"https:\/\/i0.wp.com\/www.satokangas.fi\/blogi\/wp-content\/uploads\/2014\/04\/ELL-600x337.jpg?resize=350%2C200&ssl=1","width":350,"height":200,"srcset":"https:\/\/i0.wp.com\/www.satokangas.fi\/blogi\/wp-content\/uploads\/2014\/04\/ELL-600x337.jpg?resize=350%2C200&ssl=1 1x, https:\/\/i0.wp.com\/www.satokangas.fi\/blogi\/wp-content\/uploads\/2014\/04\/ELL-600x337.jpg?resize=525%2C300&ssl=1 1.5x"},"classes":[]},{"id":11337,"url":"https:\/\/www.satokangas.fi\/blogi\/2011\/03\/jutajaisten-jatkuessa\/","url_meta":{"origin":12855,"position":2},"title":"Jutajaisten jatkuessa","author":"Reija","date":"31.3.2011","format":false,"excerpt":"\u00a0Maaliskuun viimeisen\u00e4 aamuna her\u00e4t\u00e4\u00e4n m\u00f6kill\u00e4. P\u00e4\u00e4si\u00e4inen? Ei, ei ole kiirastorstai vaan on arki, jolloin olen m\u00f6kill\u00e4. Pehtoori tuli t\u00e4nne jo maanantaina, min\u00e4 eilen juna-bussi \u2013kyydill\u00e4. Ennen kahta l\u00e4hdin duunista, poika k\u00e4vi heitt\u00e4m\u00e4ss\u00e4 rautatieasemalle: ja juna on my\u00f6h\u00e4ss\u00e4 50 minuuttia! Ei muuten huolta, mutta miten ehdin Rovaniemell\u00e4 Ivalon bussiin. Eskelinen l\u00e4htee\u2026","rel":"","context":"Kategoriassa &quot;Lappi&quot;","block_context":{"text":"Lappi","link":"https:\/\/www.satokangas.fi\/blogi\/category\/lappi\/"},"img":{"alt_text":"","src":"","width":0,"height":0},"classes":[]},{"id":11565,"url":"https:\/\/www.satokangas.fi\/blogi\/2011\/05\/makrohaaste-vihreaa-ulkona\/","url_meta":{"origin":12855,"position":3},"title":"Makrohaaste: vihre\u00e4\u00e4, ulkona","author":"Reija","date":"4.5.2011","format":false,"excerpt":"T\u00e4m\u00e4n viikon makrohaaste kehottaa kuvaamaan ulkona jotain vihre\u00e4\u00e4. Eih\u00e4n t\u00e4\u00e4ll\u00e4 viel\u00e4k\u00e4\u00e4n sellaista paljon ole, joten oli taas (kuten toisellakin haasteviikolla) ment\u00e4v\u00e4 mets\u00e4\u00e4n. Piipahdin j\u00e4lleen k\u00e4\u00e4p\u00e4puideni luona kameran kanssa. \u00a0Kaikki (vy\u00f6k\u00e4\u00e4pien?) kuvat suurenevat klikkaamalla. Muiden vihreit\u00e4 makroja on t\u00e4\u00e4ll\u00e4 .","rel":"","context":"Kategoriassa &quot;Makrokuvaus&quot;","block_context":{"text":"Makrokuvaus","link":"https:\/\/www.satokangas.fi\/blogi\/category\/valokuvaus\/makrokuvaus\/"},"img":{"alt_text":"","src":"","width":0,"height":0},"classes":[]},{"id":16878,"url":"https:\/\/www.satokangas.fi\/blogi\/2013\/03\/taikatalvi-hangasojalla\/","url_meta":{"origin":12855,"position":4},"title":"Taikatalvi Hangasojalla","author":"Reija","date":"28.3.2013","format":false,"excerpt":"Muumilaakson taikatalvi. Se minulle tuli v\u00e4ist\u00e4m\u00e4tt\u00e4 mieleen iltap\u00e4iv\u00e4n auringossa, kun k\u00e4velin Hangasojantiell\u00e4 ja kuvailin n\u00e4it\u00e4 hankia. N\u00e4m\u00e4 py\u00f6re\u00e4t hankien kaarteet ovat kuin muumit itse. Ja olo itsell\u00e4 oli kuin olisi her\u00e4nnyt jostain talven pime\u00e4st\u00e4 keskelle satumaailman kev\u00e4ttalvea. \"Olisi kauheata jos maapallo s\u00e4rkyisi. Se on niin kaunis.\" (Muumipeikko ja pyrst\u00f6t\u00e4hti) \"Meid\u00e4n\u2026","rel":"","context":"Kategoriassa &quot;Lappi&quot;","block_context":{"text":"Lappi","link":"https:\/\/www.satokangas.fi\/blogi\/category\/lappi\/"},"img":{"alt_text":"Taikatalvi-2","src":"https:\/\/i0.wp.com\/www.satokangas.fi\/blogi\/wp-content\/uploads\/2013\/03\/Taikatalvi-2-600x394.jpg?resize=350%2C200&ssl=1","width":350,"height":200,"srcset":"https:\/\/i0.wp.com\/www.satokangas.fi\/blogi\/wp-content\/uploads\/2013\/03\/Taikatalvi-2-600x394.jpg?resize=350%2C200&ssl=1 1x, https:\/\/i0.wp.com\/www.satokangas.fi\/blogi\/wp-content\/uploads\/2013\/03\/Taikatalvi-2-600x394.jpg?resize=525%2C300&ssl=1 1.5x"},"classes":[]},{"id":37324,"url":"https:\/\/www.satokangas.fi\/blogi\/2019\/10\/miksi-madeiralle\/","url_meta":{"origin":12855,"position":5},"title":"Miksi Madeiralle?","author":"Reija","date":"8.10.2019","format":false,"excerpt":"Miksi pid\u00e4mme Madeirasta? Miksi ollaan t\u00e4\u00e4ll\u00e4 kolmatta kertaa, vaikka maailmalla ja Euroopassakin on viel\u00e4 paljon n\u00e4kem\u00e4tt\u00f6mi\u00e4 ja kokemattomia paikkoja, joissa olisi hienoa joskus k\u00e4yd\u00e4. Yl\u00e4kuvassa on yksi syy. Madeiralla turistit ovat osa paikallista arkea. T\u00e4\u00e4ll\u00e4 on turistien kanssa samassa kaupungissa, bussissa, ravintolassa, rannalla madeiralaisia, eik\u00e4 vain turisteja. Toki Funchal ja\u2026","rel":"","context":"Kategoriassa &quot;Madeira&quot;","block_context":{"text":"Madeira","link":"https:\/\/www.satokangas.fi\/blogi\/category\/reissut\/madeira\/"},"img":{"alt_text":"","src":"https:\/\/i0.wp.com\/www.satokangas.fi\/blogi\/wp-content\/uploads\/2019\/10\/Lobos-10.jpg?resize=350%2C200&ssl=1","width":350,"height":200,"srcset":"https:\/\/i0.wp.com\/www.satokangas.fi\/blogi\/wp-content\/uploads\/2019\/10\/Lobos-10.jpg?resize=350%2C200&ssl=1 1x, https:\/\/i0.wp.com\/www.satokangas.fi\/blogi\/wp-content\/uploads\/2019\/10\/Lobos-10.jpg?resize=525%2C300&ssl=1 1.5x"},"classes":[]}],"_links":{"self":[{"href":"https:\/\/www.satokangas.fi\/blogi\/wp-json\/wp\/v2\/posts\/12855","targetHints":{"allow":["GET"]}}],"collection":[{"href":"https:\/\/www.satokangas.fi\/blogi\/wp-json\/wp\/v2\/posts"}],"about":[{"href":"https:\/\/www.satokangas.fi\/blogi\/wp-json\/wp\/v2\/types\/post"}],"author":[{"embeddable":true,"href":"https:\/\/www.satokangas.fi\/blogi\/wp-json\/wp\/v2\/users\/1"}],"replies":[{"embeddable":true,"href":"https:\/\/www.satokangas.fi\/blogi\/wp-json\/wp\/v2\/comments?post=12855"}],"version-history":[{"count":0,"href":"https:\/\/www.satokangas.fi\/blogi\/wp-json\/wp\/v2\/posts\/12855\/revisions"}],"wp:attachment":[{"href":"https:\/\/www.satokangas.fi\/blogi\/wp-json\/wp\/v2\/media?parent=12855"}],"wp:term":[{"taxonomy":"category","embeddable":true,"href":"https:\/\/www.satokangas.fi\/blogi\/wp-json\/wp\/v2\/categories?post=12855"},{"taxonomy":"post_tag","embeddable":true,"href":"https:\/\/www.satokangas.fi\/blogi\/wp-json\/wp\/v2\/tags?post=12855"}],"curies":[{"name":"wp","href":"https:\/\/api.w.org\/{rel}","templated":true}]}}