{"id":12844,"date":"2011-11-16T18:25:30","date_gmt":"2011-11-16T16:25:30","guid":{"rendered":"https:\/\/www.satokangas.fi\/blogi\/?p=12844"},"modified":"2011-11-16T21:08:04","modified_gmt":"2011-11-16T19:08:04","slug":"joulukuuta-kohti","status":"publish","type":"post","link":"https:\/\/www.satokangas.fi\/blogi\/2011\/11\/joulukuuta-kohti\/","title":{"rendered":"Joulukuuta kohti"},"content":{"rendered":"<p>Hangasojalla, pohjoisessa, y\u00f6t\u00e4 riitt\u00e4\u00e4. Ja herravarjelkoon! kuinka paljon unta riitt\u00e4\u00e4! En edes kehtaa kertoa, kuinka pitk\u00e4\u00e4n olemme nukkuneet!\u00a0Ilman kelloa on vaikea tiet\u00e4\u00e4, mik\u00e4 aika vuorokaudesta on menossa.\u00a0T\u00e4n\u00e4\u00e4n her\u00e4tess\u00e4mme maa valkoinen. Pikku pakkanen.<\/p>\n<p><img loading=\"lazy\" decoding=\"async\" data-attachment-id=\"12845\" data-permalink=\"https:\/\/www.satokangas.fi\/blogi\/2011\/11\/joulukuuta-kohti\/pulahdettiinko\/\" data-orig-file=\"https:\/\/www.satokangas.fi\/blogi\/wp-content\/uploads\/pulahdettiinko.jpg\" data-orig-size=\"683,1024\" data-comments-opened=\"1\" data-image-meta=\"{&quot;aperture&quot;:&quot;1.8&quot;,&quot;credit&quot;:&quot;&quot;,&quot;camera&quot;:&quot;Canon EOS 5D Mark II&quot;,&quot;caption&quot;:&quot;&quot;,&quot;created_timestamp&quot;:&quot;1321474362&quot;,&quot;copyright&quot;:&quot;&quot;,&quot;focal_length&quot;:&quot;50&quot;,&quot;iso&quot;:&quot;200&quot;,&quot;shutter_speed&quot;:&quot;0.025&quot;,&quot;title&quot;:&quot;&quot;}\" data-image-title=\"pulahdettiinko\" data-image-description=\"\" data-image-caption=\"\" data-large-file=\"https:\/\/www.satokangas.fi\/blogi\/wp-content\/uploads\/pulahdettiinko.jpg\" class=\"size-medium wp-image-12845 alignleft\" title=\"pulahdettiinko\" src=\"https:\/\/www.satokangas.fi\/blogi\/wp-content\/uploads\/pulahdettiinko-266x400.jpg\" alt=\"\" width=\"266\" height=\"400\" srcset=\"https:\/\/www.satokangas.fi\/blogi\/wp-content\/uploads\/pulahdettiinko-266x400.jpg 266w, https:\/\/www.satokangas.fi\/blogi\/wp-content\/uploads\/pulahdettiinko-133x200.jpg 133w, https:\/\/www.satokangas.fi\/blogi\/wp-content\/uploads\/pulahdettiinko.jpg 683w\" sizes=\"auto, (max-width: 266px) 100vw, 266px\" \/><\/p>\n<p>Pehtoori l\u00e4hti k\u00e4velem\u00e4\u00e4n Laanilaan, min\u00e4 j\u00e4in koneelle. Rojekteja&#8230; uskokaa pois rojekteja, joista teillekin (ainakin osasta), hyv\u00e4t blogilukijat, on iloa&#8230; \ud83d\ude42 Niin toivon. Viel\u00e4 salaisuus.<\/p>\n<p>Iltap\u00e4iv\u00e4ll\u00e4 halusin ulos, min\u00e4kin. Kannoin puita saunalle, notskin puulaatikkoon, sis\u00e4lle takkapuiksi. V\u00e4h\u00e4n lumit\u00f6it\u00e4. L\u00e4hd\u00f6ntoimia ja -valmistelua &#8211; huomenna l\u00e4hdet\u00e4\u00e4n taas etel\u00e4\u00e4n. L\u00e4mmittelin saunaa&#8230; olemmeko pulahdelleet? Emme. Ei kumpikaan ole uskaltautunut puroon&#8230; Sula se viel\u00e4 on, ainahan se, mutta hyyt\u00e4v\u00e4lt\u00e4 n\u00e4ytt\u00e4\u00e4 vesi.<\/p>\n<p>Ja sittten kuvasin, tietysti. V\u00e4h\u00e4n varastoonkin. Tulin miettineeksi, josko t\u00e4nne blogiin taas joulukalenterin tekisin. Tekisink\u00f6? Mit\u00e4 olet mielt\u00e4? Kahtena edellisen\u00e4 vuonna olen joulukuussa jokainen p\u00e4iv\u00e4 liitt\u00e4nyt yhden kuvan n\u00e4iden sepustusteni loppuun, &#8211; niin kuin joulukalenterin luukuiksi\u2026 Ks. edellisi\u00e4 KLIK!<\/p>\n<p><a href=\"https:\/\/www.satokangas.fi\/blogi\/category\/joulukalenteri\/\">https:\/\/www.satokangas.fi\/blogi\/category\/joulukalenteri\/<\/a><\/p>\n<p>Mit\u00e4s mielt\u00e4 olet? Olisiko siit\u00e4 iloa? Teenk\u00f6 niin t\u00e4n\u00e4kin vuonna?\u00a0Klikkaathan vastauksesi.<br \/>\n<script type=\"text\/javascript\" charset=\"utf-8\" src=\"http:\/\/static.polldaddy.com\/p\/5675438.js\"><\/script><br \/>\n<noscript><a href=\"http:\/\/polldaddy.com\/poll\/5675438\/\">Joulukalenteri?<\/a><\/noscript><\/p>\n<p>Joulukalenteri tuli mieleeni siksikin, ett\u00e4 huomaan t\u00e4nne blogiini, \u00a0mutta varsinkin www-sivuilleni, klikkauduttavan kymmeni\u00e4 kertoja p\u00e4iv\u00e4ss\u00e4 ja klikkauduttavan nimenomaan hakusanalla &#8221;joulureseptej\u00e4&#8221;.<\/p>\n<p>Kerronkin t\u00e4ss\u00e4 &#8211; \u00a0jos t\u00e4nne blogiini on vuoden kuluessa joku uusi lukija tullut, ja muistutuksesi vanhoille Tuulestatemmatun uskollisille lukijoille &#8211; ett\u00e4 www-sivuillani on joulureseptej\u00e4, -kuvia, -viinisuosituksia \u00a0jo monelta, monelta vuodelta. Itsekin h\u00e4mm\u00e4styin, kuinka paljon siell\u00e4 onkaan reseptej\u00e4 ja kuvia &#8230; ja ilokseni huomasin, ett\u00e4 kuvat ovat vuosien varrella sent\u00e4\u00e4n v\u00e4h\u00e4n parantuneet alkuvaiheen otoksista. \u00a0 Piipahda ihmeess\u00e4:<\/p>\n<p><a href=\"http:\/\/www.satokangas.fi\/Keittio\/Joulureseptit.htm\">http:\/\/www.satokangas.fi\/Keittio\/Joulureseptit.htm<\/a><\/p>\n<p>\u00a0Nyt voisi ryhty\u00e4 pakkaamaan, katsomaan videoita, lukemaan, kutomaan,&#8230; tai pihalle kuvaamaan. Pime\u00e4ss\u00e4.<\/p>\n<p>&nbsp;<\/p>\n","protected":false},"excerpt":{"rendered":"<p>Hangasojalla, pohjoisessa, y\u00f6t\u00e4 riitt\u00e4\u00e4. Ja herravarjelkoon! kuinka paljon unta riitt\u00e4\u00e4! En edes kehtaa kertoa, kuinka pitk\u00e4\u00e4n olemme nukkuneet!\u00a0Ilman kelloa on vaikea tiet\u00e4\u00e4, mik\u00e4 aika vuorokaudesta on menossa.\u00a0T\u00e4n\u00e4\u00e4n her\u00e4tess\u00e4mme maa valkoinen. Pikku pakkanen. Pehtoori l\u00e4hti k\u00e4velem\u00e4\u00e4n Laanilaan, min\u00e4 j\u00e4in koneelle. Rojekteja&#8230; uskokaa pois rojekteja, joista teillekin (ainakin osasta), hyv\u00e4t blogilukijat, on iloa&#8230; \ud83d\ude42 Niin toivon. Viel\u00e4 salaisuus. Iltap\u00e4iv\u00e4ll\u00e4 halusin ulos, min\u00e4kin. &hellip; <\/p>\n","protected":false},"author":1,"featured_media":0,"comment_status":"open","ping_status":"open","sticky":false,"template":"","format":"standard","meta":{"jetpack_post_was_ever_published":false,"_jetpack_newsletter_access":"","_jetpack_dont_email_post_to_subs":false,"_jetpack_newsletter_tier_id":0,"_jetpack_memberships_contains_paywalled_content":false,"_jetpack_memberships_contains_paid_content":false,"footnotes":"","jetpack_publicize_message":"","jetpack_publicize_feature_enabled":true,"jetpack_social_post_already_shared":false,"jetpack_social_options":{"image_generator_settings":{"template":"highway","default_image_id":0,"font":"","enabled":false},"version":2}},"categories":[1],"tags":[],"class_list":["post-12844","post","type-post","status-publish","format-standard","hentry","category-aiheeton","latest_post"],"jetpack_publicize_connections":[],"jetpack_featured_media_url":"","jetpack_shortlink":"https:\/\/wp.me\/pr4p4-3la","jetpack_sharing_enabled":true,"jetpack_likes_enabled":false,"jetpack-related-posts":[{"id":3900,"url":"https:\/\/www.satokangas.fi\/blogi\/2009\/07\/3900\/","url_meta":{"origin":12844,"position":0},"title":"Rojekti yhdess\u00e4","author":"Reija","date":"30.7.2009","format":false,"excerpt":"Y\u00f6ll\u00e4 satoi. Satoi paljon. Puoli viidelt\u00e4 her\u00e4sin kun sade ei en\u00e4\u00e4 vain ropissut m\u00f6kin kattoon vaan rummutti, piti jo meteli\u00e4. Sade ei kest\u00e4nyt kauan mutta j\u00e4in hereille. Enk\u00e4 nukahtanut, joten sade ehti alkaa uudelleen. Mietin. Mietin ja olin huolissani. Kuuntelin sadetta. Mietin. Tuntui flunssaiselta. Taas satoi. Paljon. R\u00e4nnit romisivat. Ja\u2026","rel":"","context":"Kategoriassa &quot;Niit\u00e4 n\u00e4it\u00e4&quot;","block_context":{"text":"Niit\u00e4 n\u00e4it\u00e4","link":"https:\/\/www.satokangas.fi\/blogi\/category\/aiheeton\/"},"img":{"alt_text":"liuskeet","src":"https:\/\/i0.wp.com\/www.satokangas.fi\/blogi\/wp-content\/uploads\/2009\/07\/liuskeet-388x400.jpg?resize=350%2C200&ssl=1","width":350,"height":200},"classes":[]},{"id":4133,"url":"https:\/\/www.satokangas.fi\/blogi\/2009\/08\/oulun-murteela-hyvin-sanottua\/","url_meta":{"origin":12844,"position":1},"title":"Oulun murteela hyvin sanottua","author":"Reija","date":"26.8.2009","format":false,"excerpt":"H\u00e4slinki p\u00e4iv\u00e4. Hyv\u00e4ntuuline h\u00e4sy\u00e4minen oli p\u00e4iv\u00e4n meininki. Kummallisiaki asioita oon joutunu selevitt\u00e4\u00e4. Ja sitte iltap\u00e4iv\u00e4l\u00e4 t\u00f6is\u00e4 sattu k\u00e4tteen kirijahyllyst\u00e4 Anneli H\u00e4m\u00e4l\u00e4inen-Piiraisen \"Aforismeja Oulun murteella\". Voi mahoto ku oli hyvin kitteytetty monia t\u00e4m\u00e4n p\u00e4iv\u00e4n juttuja. Ku ite en ossaa nui hyvi sanua niin lainaampa t\u00e4h\u00e4 muutaman: Rojektit ja seurannat tuheroittavat monta\u2026","rel":"","context":"Kategoriassa &quot;Oulu&quot;","block_context":{"text":"Oulu","link":"https:\/\/www.satokangas.fi\/blogi\/category\/oulu\/"},"img":{"alt_text":"","src":"","width":0,"height":0},"classes":[]},{"id":3190,"url":"https:\/\/www.satokangas.fi\/blogi\/2009\/04\/kevaan-kaannekohdassa\/","url_meta":{"origin":12844,"position":2},"title":"Kev\u00e4\u00e4n k\u00e4\u00e4nnekohdassa","author":"Reija","date":"27.4.2009","format":false,"excerpt":"Her\u00e4sin aamunelj\u00e4lt\u00e4. Ei, ei siihen ollut mit\u00e4\u00e4n tarvetta. Ei en\u00e4\u00e4 pit\u00e4isi olla ylikierroksia t\u00f6idenk\u00e4\u00e4n takia. Sain toimitusty\u00f6n alla olleen kirjan painoon t\u00e4n\u00e4\u00e4n. Rojekti on ohi. Homma hoidettu. Suoritusmerkint\u00e4 ansaittu omaan sis\u00e4iseen ty\u00f6kalenteriin. Sellaisesta saa hyv\u00e4n olon. Viel\u00e4kin. T\u00e4m\u00e4 vaihe merkitsee my\u00f6s siirtymist\u00e4 opetuksesta ja ohjauksesta, byrokratiasta ja papereiden py\u00f6ritt\u00e4misest\u00e4 hiljalleen\u2026","rel":"","context":"Kategoriassa &quot;Yliopistoel\u00e4m\u00e4\u00e4&quot;","block_context":{"text":"Yliopistoel\u00e4m\u00e4\u00e4","link":"https:\/\/www.satokangas.fi\/blogi\/category\/yliopistoelamaa\/"},"img":{"alt_text":"","src":"","width":0,"height":0},"classes":[]},{"id":14904,"url":"https:\/\/www.satokangas.fi\/blogi\/2012\/07\/kesatyopaivan-kulku\/","url_meta":{"origin":12844,"position":3},"title":"Kes\u00e4ty\u00f6p\u00e4iv\u00e4n kulku","author":"Reija","date":"25.7.2012","format":false,"excerpt":"Pikkuisen on laajaa t\u00e4m\u00e4 minun paluumuuttoni Linnanmaalle. :) Piti parkkipaikka aidata, ett\u00e4 muuttokuorma saatiin purettua. Oikeesti KTK:n remppakamoja siell\u00e4 tuotiin...\u00a0 Joka tapauksessa sain t\u00e4n\u00e4\u00e4n oman tutkijankammioni oman n\u00e4k\u00f6isekseni. Ifolorilta on tullut kuvia, kortteja ja julisteita, joista kaksi laitoin huoneeseeni. Kalenteria jo t\u00e4yttelin. Ja siin\u00e4 samaan tahtiin kuin se t\u00e4yttyy ty\u00f6jutuista,\u2026","rel":"","context":"Kategoriassa &quot;Niit\u00e4 n\u00e4it\u00e4&quot;","block_context":{"text":"Niit\u00e4 n\u00e4it\u00e4","link":"https:\/\/www.satokangas.fi\/blogi\/category\/aiheeton\/"},"img":{"alt_text":"","src":"https:\/\/i0.wp.com\/www.satokangas.fi\/blogi\/wp-content\/uploads\/Aamuauringossa-kampukselle-2-600x378.jpg?resize=350%2C200&ssl=1","width":350,"height":200,"srcset":"https:\/\/i0.wp.com\/www.satokangas.fi\/blogi\/wp-content\/uploads\/Aamuauringossa-kampukselle-2-600x378.jpg?resize=350%2C200&ssl=1 1x, https:\/\/i0.wp.com\/www.satokangas.fi\/blogi\/wp-content\/uploads\/Aamuauringossa-kampukselle-2-600x378.jpg?resize=525%2C300&ssl=1 1.5x"},"classes":[]},{"id":23986,"url":"https:\/\/www.satokangas.fi\/blogi\/2015\/02\/mokkilauantai-2\/","url_meta":{"origin":12844,"position":4},"title":"M\u00f6kkilauantai","author":"Reija","date":"28.2.2015","format":false,"excerpt":"Hiihtolomalla m\u00f6kill\u00e4 'kuuluu' olla kimmelt\u00e4vi\u00e4 hankia, kirpakoita pakkasia, ainakin \u00f6isin, v\u00e4lill\u00e4 ehk\u00e4 hillitt\u00f6mi\u00e4 pyryj\u00e4, sininen kirkas taivaankaari, iltay\u00f6st\u00e4 revontulia... No t\u00e4n\u00e4 vuonna ei n\u00e4k\u00f6j\u00e4\u00e4n kuulu. Eilen iltainen kova tuuli jatkui y\u00f6ll\u00e4kin; unen l\u00e4pi, v\u00e4lill\u00e4 her\u00e4tess\u00e4, kuulin, kuinka t\u00e4\u00e4ll\u00e4 tuntureiden katveessakin tuulee lujasti. Ja on t\u00e4\u00e4ll\u00e4 tainnut olla melkoisia myrskyj\u00e4 jo\u2026","rel":"","context":"Kategoriassa &quot;Lappi&quot;","block_context":{"text":"Lappi","link":"https:\/\/www.satokangas.fi\/blogi\/category\/lappi\/"},"img":{"alt_text":"1","src":"https:\/\/i0.wp.com\/www.satokangas.fi\/blogi\/wp-content\/uploads\/2015\/02\/1-267x400.jpg?resize=350%2C200&ssl=1","width":350,"height":200},"classes":[]},{"id":15507,"url":"https:\/\/www.satokangas.fi\/blogi\/2012\/10\/kaupungilla\/","url_meta":{"origin":12844,"position":5},"title":"Kaupungilla","author":"Reija","date":"13.10.2012","format":false,"excerpt":"Varhain her\u00e4\u00e4misest\u00e4 ja liikkeelle l\u00e4hd\u00f6st\u00e4 se hyv\u00e4 puoli, ett\u00e4 kastuin vasta viimeisen kilometrin matkalla. Tein aamup\u00e4iv\u00e4ll\u00e4 \"kapakkakierroksen\". Mitenk\u00e4s se Tuomari Nurmion biisi menik\u00e4\u00e4n... \"tuhannen kapakan kautta\". Minulle riitti kymmenen... tai ei edes ihan niin monta, ja niiss\u00e4kin vain ulkopuolella ... Minulla oli n\u00e4et \"Teht\u00e4v\u00e4\". Palaan huomenna asiaan. Mutta ehdin k\u00e4veleskell\u00e4\u2026","rel":"","context":"Kategoriassa &quot;Niit\u00e4 n\u00e4it\u00e4&quot;","block_context":{"text":"Niit\u00e4 n\u00e4it\u00e4","link":"https:\/\/www.satokangas.fi\/blogi\/category\/aiheeton\/"},"img":{"alt_text":"","src":"https:\/\/i0.wp.com\/www.satokangas.fi\/blogi\/wp-content\/uploads\/Kaupungilla-600x381.jpg?resize=350%2C200&ssl=1","width":350,"height":200,"srcset":"https:\/\/i0.wp.com\/www.satokangas.fi\/blogi\/wp-content\/uploads\/Kaupungilla-600x381.jpg?resize=350%2C200&ssl=1 1x, https:\/\/i0.wp.com\/www.satokangas.fi\/blogi\/wp-content\/uploads\/Kaupungilla-600x381.jpg?resize=525%2C300&ssl=1 1.5x"},"classes":[]}],"_links":{"self":[{"href":"https:\/\/www.satokangas.fi\/blogi\/wp-json\/wp\/v2\/posts\/12844","targetHints":{"allow":["GET"]}}],"collection":[{"href":"https:\/\/www.satokangas.fi\/blogi\/wp-json\/wp\/v2\/posts"}],"about":[{"href":"https:\/\/www.satokangas.fi\/blogi\/wp-json\/wp\/v2\/types\/post"}],"author":[{"embeddable":true,"href":"https:\/\/www.satokangas.fi\/blogi\/wp-json\/wp\/v2\/users\/1"}],"replies":[{"embeddable":true,"href":"https:\/\/www.satokangas.fi\/blogi\/wp-json\/wp\/v2\/comments?post=12844"}],"version-history":[{"count":0,"href":"https:\/\/www.satokangas.fi\/blogi\/wp-json\/wp\/v2\/posts\/12844\/revisions"}],"wp:attachment":[{"href":"https:\/\/www.satokangas.fi\/blogi\/wp-json\/wp\/v2\/media?parent=12844"}],"wp:term":[{"taxonomy":"category","embeddable":true,"href":"https:\/\/www.satokangas.fi\/blogi\/wp-json\/wp\/v2\/categories?post=12844"},{"taxonomy":"post_tag","embeddable":true,"href":"https:\/\/www.satokangas.fi\/blogi\/wp-json\/wp\/v2\/tags?post=12844"}],"curies":[{"name":"wp","href":"https:\/\/api.w.org\/{rel}","templated":true}]}}