{"id":12557,"date":"2011-10-03T21:19:12","date_gmt":"2011-10-03T18:19:12","guid":{"rendered":"https:\/\/www.satokangas.fi\/blogi\/?p=12557"},"modified":"2011-10-03T21:55:44","modified_gmt":"2011-10-03T18:55:44","slug":"matkakuumetta","status":"publish","type":"post","link":"https:\/\/www.satokangas.fi\/blogi\/2011\/10\/matkakuumetta\/","title":{"rendered":"Matkakuumetta"},"content":{"rendered":"<p>Taidehistorian luennolla tajusin kuinka paljon Euroopan taideaarteita olenkaan kaikkina reissuvuosina (vuosikymmenin\u00e4) n\u00e4hnyt. Kuinka paljon enemm\u00e4n olisikaan ollut ihana niist\u00e4 tiet\u00e4\u00e4 ennen kuin ne n\u00e4ki. Tai ehk\u00e4 niin, ett\u00e4 nyt haluaisi n\u00e4hd\u00e4 ne uudelleen, ja niit\u00e4 katsoisi ihan erilaisin silmin. Molempi parempi. Ensimm\u00e4iseksi voisi l\u00e4hte\u00e4 Firenzeen.<\/p>\n<p><a href=\"https:\/\/www.satokangas.fi\/blogi\/wp-content\/uploads\/Duomo3.jpg\"><img loading=\"lazy\" decoding=\"async\" data-attachment-id=\"12561\" data-permalink=\"https:\/\/www.satokangas.fi\/blogi\/2011\/10\/matkakuumetta\/duomo-4\/\" data-orig-file=\"https:\/\/www.satokangas.fi\/blogi\/wp-content\/uploads\/Duomo3.jpg\" data-orig-size=\"1000,965\" data-comments-opened=\"1\" data-image-meta=\"{&quot;aperture&quot;:&quot;4&quot;,&quot;credit&quot;:&quot;&quot;,&quot;camera&quot;:&quot;Canon EOS 400D DIGITAL&quot;,&quot;caption&quot;:&quot;&quot;,&quot;created_timestamp&quot;:&quot;1186681493&quot;,&quot;copyright&quot;:&quot;&quot;,&quot;focal_length&quot;:&quot;18&quot;,&quot;iso&quot;:&quot;100&quot;,&quot;shutter_speed&quot;:&quot;0.0008&quot;,&quot;title&quot;:&quot;&quot;}\" data-image-title=\"Duomo\" data-image-description=\"\" data-image-caption=\"\" data-large-file=\"https:\/\/www.satokangas.fi\/blogi\/wp-content\/uploads\/Duomo3.jpg\" class=\"aligncenter size-medium wp-image-12561\" title=\"Duomo\" src=\"https:\/\/www.satokangas.fi\/blogi\/wp-content\/uploads\/Duomo3-414x400.jpg\" alt=\"\" width=\"414\" height=\"400\" srcset=\"https:\/\/www.satokangas.fi\/blogi\/wp-content\/uploads\/Duomo3-414x400.jpg 414w, https:\/\/www.satokangas.fi\/blogi\/wp-content\/uploads\/Duomo3-200x193.jpg 200w, https:\/\/www.satokangas.fi\/blogi\/wp-content\/uploads\/Duomo3.jpg 1000w\" sizes=\"auto, (max-width: 414px) 100vw, 414px\" \/><\/a><\/p>\n<p>Ja itse asiassa minulla olisi Helsinkiinkin asiaa. Mutta on tuo Kiinan matka tuossa ihan pian ovella&#8230; Viel\u00e4 ei ole mit\u00e4\u00e4n lentoliikennett\u00e4 uhkaavaa tiedossa? Ei viel\u00e4 vaikka syyslomaviikko l\u00e4henee? Tuntuu oudolta. T\u00e4llaiseen <a title=\"Lakko \u2013 ja lukemisesta viel\u00e4\" href=\"https:\/\/www.satokangas.fi\/blogi\/2010\/10\/lakko-ja-lukemisesta-viela\/\">ei olla totuttu<\/a>.<\/p>\n<p>Ennen lomaa olisi viel\u00e4 mahdollisuuksia &#8221;ansaita&#8221; loma. T\u00e4n\u00e4\u00e4nkin luterilaisen ty\u00f6moraalin sy\u00f6vereiss\u00e4,\u00a0 &#8211; noh, ei mit\u00e4\u00e4n syviss\u00e4 vesiss\u00e4 samoilua.\u00a0 Ja sitten oli loistava syy lopettaa tekeminen kun s\u00e4hk\u00f6posti simahti, lopetti yhteisty\u00f6n ja heti kohta tyt\u00e4r tuli sy\u00f6m\u00e4\u00e4n ja y\u00f6kyl\u00e4\u00e4n kotikotiin. Ty\u00f6 on toissijaista. V\u00e4lill\u00e4. Vuorotellen, niinh\u00e4n se menikin.<\/p>\n","protected":false},"excerpt":{"rendered":"<p>Taidehistorian luennolla tajusin kuinka paljon Euroopan taideaarteita olenkaan kaikkina reissuvuosina (vuosikymmenin\u00e4) n\u00e4hnyt. Kuinka paljon enemm\u00e4n olisikaan ollut ihana niist\u00e4 tiet\u00e4\u00e4 ennen kuin ne n\u00e4ki. Tai ehk\u00e4 niin, ett\u00e4 nyt haluaisi n\u00e4hd\u00e4 ne uudelleen, ja niit\u00e4 katsoisi ihan erilaisin silmin. Molempi parempi. Ensimm\u00e4iseksi voisi l\u00e4hte\u00e4 Firenzeen. Ja itse asiassa minulla olisi Helsinkiinkin asiaa. Mutta on tuo Kiinan matka tuossa ihan pian &hellip; <\/p>\n","protected":false},"author":1,"featured_media":0,"comment_status":"open","ping_status":"open","sticky":false,"template":"","format":"standard","meta":{"jetpack_post_was_ever_published":false,"_jetpack_newsletter_access":"","_jetpack_dont_email_post_to_subs":false,"_jetpack_newsletter_tier_id":0,"_jetpack_memberships_contains_paywalled_content":false,"_jetpack_memberships_contains_paid_content":false,"footnotes":"","jetpack_publicize_message":"","jetpack_publicize_feature_enabled":true,"jetpack_social_post_already_shared":false,"jetpack_social_options":{"image_generator_settings":{"template":"highway","default_image_id":0,"font":"","enabled":false},"version":2}},"categories":[1],"tags":[],"class_list":["post-12557","post","type-post","status-publish","format-standard","hentry","category-aiheeton","latest_post"],"jetpack_publicize_connections":[],"jetpack_featured_media_url":"","jetpack_shortlink":"https:\/\/wp.me\/pr4p4-3gx","jetpack_sharing_enabled":true,"jetpack_likes_enabled":false,"jetpack-related-posts":[{"id":28678,"url":"https:\/\/www.satokangas.fi\/blogi\/2016\/07\/etelaan-lomalle\/","url_meta":{"origin":12557,"position":0},"title":"Etel\u00e4\u00e4n lomalle","author":"Reija","date":"14.7.2016","format":false,"excerpt":"Onhan t\u00e4st\u00e4 puhuttu. Aiottu, kierrelty ja kaarreltu. Nyt se on tehty: olemme Kokkolassa. L\u00e4hdimme aamup\u00e4iv\u00e4ll\u00e4, pieness\u00e4 uhkaavan sateen varjossa. Matkalla k\u00e4vimme Limingan Arboretumissa, Pehtoorille ensimm\u00e4inen kerta, minulle toinen, se on hieno. Palaan asiaan kuvien kera ensi viikolla. Jatkoimme matkaa kohti Kokkolaa. Matkalla aamup\u00e4iv\u00e4kahvin ja pienen lounaan aika: olimme saaneet vinkin\u2026","rel":"","context":"Kategoriassa &quot;Niit\u00e4 n\u00e4it\u00e4&quot;","block_context":{"text":"Niit\u00e4 n\u00e4it\u00e4","link":"https:\/\/www.satokangas.fi\/blogi\/category\/aiheeton\/"},"img":{"alt_text":"","src":"https:\/\/i0.wp.com\/www.satokangas.fi\/blogi\/wp-content\/uploads\/2016\/07\/DSC_0572-e1753437143489.jpg?resize=350%2C200&ssl=1","width":350,"height":200,"srcset":"https:\/\/i0.wp.com\/www.satokangas.fi\/blogi\/wp-content\/uploads\/2016\/07\/DSC_0572-e1753437143489.jpg?resize=350%2C200&ssl=1 1x, https:\/\/i0.wp.com\/www.satokangas.fi\/blogi\/wp-content\/uploads\/2016\/07\/DSC_0572-e1753437143489.jpg?resize=525%2C300&ssl=1 1.5x, https:\/\/i0.wp.com\/www.satokangas.fi\/blogi\/wp-content\/uploads\/2016\/07\/DSC_0572-e1753437143489.jpg?resize=700%2C400&ssl=1 2x, https:\/\/i0.wp.com\/www.satokangas.fi\/blogi\/wp-content\/uploads\/2016\/07\/DSC_0572-e1753437143489.jpg?resize=1050%2C600&ssl=1 3x, https:\/\/i0.wp.com\/www.satokangas.fi\/blogi\/wp-content\/uploads\/2016\/07\/DSC_0572-e1753437143489.jpg?resize=1400%2C800&ssl=1 4x"},"classes":[]},{"id":30291,"url":"https:\/\/www.satokangas.fi\/blogi\/2017\/02\/matkalle-lahtiessa\/","url_meta":{"origin":12557,"position":1},"title":"Matkalle l\u00e4htiess\u00e4","author":"Reija","date":"17.2.2017","format":false,"excerpt":"Joskus oli tapana loman aluksi ja ennen reissuun l\u00e4ht\u00f6\u00e4 k\u00e4yd\u00e4 verenluovutuksessa, mutta kun sellainen aiheutti py\u00f6rtyily\u00e4 lentokoneessa, olen luopunut. Muistan kuinka vuosikymmenen ajan k\u00e4vin aina l\u00e4ht\u00f6\u00e4 edelt\u00e4v\u00e4n\u00e4 p\u00e4iv\u00e4n\u00e4 viem\u00e4ss\u00e4 is\u00e4n haudalle kynttil\u00e4n, kertomassa, mihin ollaan menossa. T\u00e4n\u00e4\u00e4n\u00a0olen viett\u00e4nyt koko p\u00e4iv\u00e4n pojanpojan kanssa. Usein oli tapana siin\u00e4, v\u00e4h\u00e4n kuin ohi mennen,\u2026","rel":"","context":"Kategoriassa &quot;Niit\u00e4 n\u00e4it\u00e4&quot;","block_context":{"text":"Niit\u00e4 n\u00e4it\u00e4","link":"https:\/\/www.satokangas.fi\/blogi\/category\/aiheeton\/"},"img":{"alt_text":"","src":"https:\/\/i0.wp.com\/www.satokangas.fi\/blogi\/wp-content\/uploads\/2017\/02\/Vedoksia-2-5-600x400.jpg?resize=350%2C200&ssl=1","width":350,"height":200,"srcset":"https:\/\/i0.wp.com\/www.satokangas.fi\/blogi\/wp-content\/uploads\/2017\/02\/Vedoksia-2-5-600x400.jpg?resize=350%2C200&ssl=1 1x, https:\/\/i0.wp.com\/www.satokangas.fi\/blogi\/wp-content\/uploads\/2017\/02\/Vedoksia-2-5-600x400.jpg?resize=525%2C300&ssl=1 1.5x"},"classes":[]},{"id":17750,"url":"https:\/\/www.satokangas.fi\/blogi\/2013\/06\/on-loma\/","url_meta":{"origin":12557,"position":2},"title":"On loma","author":"Reija","date":"20.6.2013","format":false,"excerpt":"K\u00e4velen verkkaisesti, mietin, tekisink\u00f6 ensin ruokaa vai k\u00e4ytt\u00e4isink\u00f6 tovin surffailuun... teen hiljalleen kauppalappua huomiseksi, ja mietin, mit\u00e4 kaikkea ostankaan tytt\u00e4relle j\u00e4\u00e4kaappiin valmiiksi ja mit\u00e4 teen juhannusp\u00e4iv\u00e4ksi ruokaa kun esikoinenkin, joka nyt on jo matkalla kotiin (\"Houston, Texas\" tuli \u00e4sken tekstari), sek\u00e4 nuoripari tulevat sy\u00f6m\u00e4\u00e4n. Huomenna on luvattu vied\u00e4 Caritakseenkin juhannusruokaa,\u2026","rel":"","context":"Kategoriassa &quot;Meksiko&quot;","block_context":{"text":"Meksiko","link":"https:\/\/www.satokangas.fi\/blogi\/category\/reissut\/meksiko\/"},"img":{"alt_text":"Loma-8","src":"https:\/\/i0.wp.com\/www.satokangas.fi\/blogi\/wp-content\/uploads\/2013\/06\/Loma-8-260x400.jpg?resize=350%2C200&ssl=1","width":350,"height":200},"classes":[]},{"id":39532,"url":"https:\/\/www.satokangas.fi\/blogi\/2020\/10\/pieni-ruokamatka-kotosalla\/","url_meta":{"origin":12557,"position":3},"title":"Pieni ruokamatka kotosalla","author":"Reija","date":"22.10.2020","format":false,"excerpt":"T\u00e4\u00e4ll\u00e4 tuoksuu sitruuna, mansikka ja basilika! T\u00e4\u00e4ll\u00e4 on t\u00e4n\u00e4\u00e4n ollut v\u00e4rej\u00e4 ja puheensorinaa. T\u00e4\u00e4ll\u00e4 on maistunut italialainen ruoka. Muistoissa ja muistikuvissa on paljon ihania hetki\u00e4 menneilt\u00e4 vuosilta, reissuista, perhep\u00e4iv\u00e4llisist\u00e4, juhlista, kalaaseista, ravintolaillallisista, yst\u00e4vien tapaamisista ... Hymy on karehtinut huulilla. Italiaan on vienyt my\u00f6s kuuntelussa oleva kirja: Jyrki Erran \"Lyijyvalkoinen\". Kaikki\u2026","rel":"","context":"Kategoriassa &quot;Niit\u00e4 n\u00e4it\u00e4&quot;","block_context":{"text":"Niit\u00e4 n\u00e4it\u00e4","link":"https:\/\/www.satokangas.fi\/blogi\/category\/aiheeton\/"},"img":{"alt_text":"","src":"https:\/\/i0.wp.com\/www.satokangas.fi\/blogi\/wp-content\/uploads\/2020\/10\/Italia-3.jpg?resize=350%2C200&ssl=1","width":350,"height":200,"srcset":"https:\/\/i0.wp.com\/www.satokangas.fi\/blogi\/wp-content\/uploads\/2020\/10\/Italia-3.jpg?resize=350%2C200&ssl=1 1x, https:\/\/i0.wp.com\/www.satokangas.fi\/blogi\/wp-content\/uploads\/2020\/10\/Italia-3.jpg?resize=525%2C300&ssl=1 1.5x, https:\/\/i0.wp.com\/www.satokangas.fi\/blogi\/wp-content\/uploads\/2020\/10\/Italia-3.jpg?resize=700%2C400&ssl=1 2x"},"classes":[]},{"id":6238,"url":"https:\/\/www.satokangas.fi\/blogi\/2010\/03\/loman-aluksi\/","url_meta":{"origin":12557,"position":4},"title":"Loman aluksi","author":"Reija","date":"5.3.2010","format":false,"excerpt":"Duunista suoraan AA:han: Alkoon ja Akateemiseen. Pullo kuohuvaa ja kolme kirjaa. Kuohuva on jo kohta nautittu. Suosittelemme. Espanjalaisen tunnetun ja turvallisen Raimatin viinitalon cava on hedelm\u00e4ist\u00e4, talvellakin maistuvaa kuohujuomaa. K\u00e4vin my\u00f6s ruokakaupassa: kuukauden ruokahaasteen raaka-aine on palsternakka. Huomenna k\u00f6ks\u00e4ilen ja yrit\u00e4n ehti\u00e4 julkaista haasteen... Viikkoon kun sitten ei olekaan mahdollista\u2026","rel":"","context":"Kategoriassa &quot;Niit\u00e4 n\u00e4it\u00e4&quot;","block_context":{"text":"Niit\u00e4 n\u00e4it\u00e4","link":"https:\/\/www.satokangas.fi\/blogi\/category\/aiheeton\/"},"img":{"alt_text":"","src":"https:\/\/i0.wp.com\/www.satokangas.fi\/blogi\/wp-content\/uploads\/2010\/03\/raimat-270x400.jpg?resize=350%2C200&ssl=1","width":350,"height":200},"classes":[]},{"id":44979,"url":"https:\/\/www.satokangas.fi\/blogi\/2023\/03\/iloja-ja-suruja-yhdelle-paivalle\/","url_meta":{"origin":12557,"position":5},"title":"Iloja ja suruja yhdelle p\u00e4iv\u00e4lle","author":"Reija","date":"2.3.2023","format":false,"excerpt":"Varoituksen sana, nyt tulee kyynelehtiv\u00e4\u00e4 vuodatusta, vuodatusta siit\u00e4, kuinka on surullinen ja surkea olo. Jo paljon ennen joulua, kun Juniori ilmoitti t\u00f6ihin lomatoiveensa t\u00e4lle vuodelle, merkittiin kalentereihin, ett\u00e4 ainakin h\u00e4n ja muksut, ehk\u00e4 my\u00f6s R. jos saa loman, tulevat hiihtoloman aikohin t\u00e4nne m\u00f6ks\u00e4lle meid\u00e4n kanssa, - mekin j\u00e4rjestimme tulomme t\u00e4nne\u2026","rel":"","context":"Kategoriassa &quot;Isovanhemmuus&quot;","block_context":{"text":"Isovanhemmuus","link":"https:\/\/www.satokangas.fi\/blogi\/category\/isovanhemmuus\/"},"img":{"alt_text":"","src":"https:\/\/i0.wp.com\/www.satokangas.fi\/blogi\/wp-content\/uploads\/2023\/03\/Kakslauttanen-4.jpg?resize=350%2C200&ssl=1","width":350,"height":200,"srcset":"https:\/\/i0.wp.com\/www.satokangas.fi\/blogi\/wp-content\/uploads\/2023\/03\/Kakslauttanen-4.jpg?resize=350%2C200&ssl=1 1x, https:\/\/i0.wp.com\/www.satokangas.fi\/blogi\/wp-content\/uploads\/2023\/03\/Kakslauttanen-4.jpg?resize=525%2C300&ssl=1 1.5x, https:\/\/i0.wp.com\/www.satokangas.fi\/blogi\/wp-content\/uploads\/2023\/03\/Kakslauttanen-4.jpg?resize=700%2C400&ssl=1 2x"},"classes":[]}],"_links":{"self":[{"href":"https:\/\/www.satokangas.fi\/blogi\/wp-json\/wp\/v2\/posts\/12557","targetHints":{"allow":["GET"]}}],"collection":[{"href":"https:\/\/www.satokangas.fi\/blogi\/wp-json\/wp\/v2\/posts"}],"about":[{"href":"https:\/\/www.satokangas.fi\/blogi\/wp-json\/wp\/v2\/types\/post"}],"author":[{"embeddable":true,"href":"https:\/\/www.satokangas.fi\/blogi\/wp-json\/wp\/v2\/users\/1"}],"replies":[{"embeddable":true,"href":"https:\/\/www.satokangas.fi\/blogi\/wp-json\/wp\/v2\/comments?post=12557"}],"version-history":[{"count":0,"href":"https:\/\/www.satokangas.fi\/blogi\/wp-json\/wp\/v2\/posts\/12557\/revisions"}],"wp:attachment":[{"href":"https:\/\/www.satokangas.fi\/blogi\/wp-json\/wp\/v2\/media?parent=12557"}],"wp:term":[{"taxonomy":"category","embeddable":true,"href":"https:\/\/www.satokangas.fi\/blogi\/wp-json\/wp\/v2\/categories?post=12557"},{"taxonomy":"post_tag","embeddable":true,"href":"https:\/\/www.satokangas.fi\/blogi\/wp-json\/wp\/v2\/tags?post=12557"}],"curies":[{"name":"wp","href":"https:\/\/api.w.org\/{rel}","templated":true}]}}