{"id":12404,"date":"2011-09-16T20:28:22","date_gmt":"2011-09-16T17:28:22","guid":{"rendered":"https:\/\/www.satokangas.fi\/blogi\/?p=12404"},"modified":"2011-09-22T16:20:05","modified_gmt":"2011-09-22T13:20:05","slug":"niin-paljon-hyvaa","status":"publish","type":"post","link":"https:\/\/www.satokangas.fi\/blogi\/2011\/09\/niin-paljon-hyvaa\/","title":{"rendered":"Niin paljon hyv\u00e4\u00e4 &#8230;"},"content":{"rendered":"<p>Perjantai! Ja aurinko!<\/p>\n<p>El\u00e4m\u00e4 on! \u00a0El\u00e4m\u00e4 on ollut ihan mukavaa t\u00e4n\u00e4\u00e4n. T\u00e4n\u00e4\u00e4nkin.<\/p>\n<p>Ensinn\u00e4kin. L\u00f6ysin rannekorun, joka on ollut hukassa kalaaseja edelt\u00e4v\u00e4lt\u00e4 ajalta. Kalaaseihin olisin sen tarvinnut, en l\u00f6yt\u00e4nyt. Muistin, ett\u00e4 se oli ranteessa ty\u00f6lounaalla edelt\u00e4v\u00e4n\u00e4 torstaina, mutta mihin siin\u00e4 v\u00e4liss\u00e4 sujautin sen? Essun taskuun! Festassa on essu, ja sen taskuun. T\u00e4n\u00e4\u00e4n se essu sitten k\u00e4yt\u00f6ss\u00e4. Siell\u00e4h\u00e4n se rannekoru.<\/p>\n<p>Ostin rannerenkaan ja sormuksen (Calvin Klein) kun k\u00e4vimme tyt\u00e4rt\u00e4 Strasbourgissa katsomassa. Siksikin t\u00e4rkeit\u00e4, ett\u00e4 on muistoja niiss\u00e4. Nyt ne ovat taas arjessani, juhlassani.<\/p>\n<p><a href=\"https:\/\/www.satokangas.fi\/blogi\/wp-content\/uploads\/IMG_0165.jpg\"><img loading=\"lazy\" decoding=\"async\" data-attachment-id=\"12405\" data-permalink=\"https:\/\/www.satokangas.fi\/blogi\/2011\/09\/niin-paljon-hyvaa\/img_0165\/\" data-orig-file=\"https:\/\/www.satokangas.fi\/blogi\/wp-content\/uploads\/IMG_0165.jpg\" data-orig-size=\"1100,668\" data-comments-opened=\"1\" data-image-title=\"IMG_0165\" data-image-description=\"\" data-image-caption=\"\" data-large-file=\"https:\/\/www.satokangas.fi\/blogi\/wp-content\/uploads\/IMG_0165.jpg\" class=\"aligncenter size-medium wp-image-12405\" title=\"IMG_0165\" src=\"https:\/\/www.satokangas.fi\/blogi\/wp-content\/uploads\/IMG_0165-600x364.jpg\" alt=\"\" width=\"600\" height=\"364\" srcset=\"https:\/\/www.satokangas.fi\/blogi\/wp-content\/uploads\/IMG_0165-600x364.jpg 600w, https:\/\/www.satokangas.fi\/blogi\/wp-content\/uploads\/IMG_0165-200x121.jpg 200w, https:\/\/www.satokangas.fi\/blogi\/wp-content\/uploads\/IMG_0165.jpg 1100w\" sizes=\"auto, (max-width: 600px) 100vw, 600px\" \/><\/a><\/p>\n<p>S\u00f6imme juuri\u00a0 juhlallisesti arjessa kaksistaan. Ostin kaksi luomu-filepihvi\u00e4, ja ne nautimme. \u00a0Mutta ne eiv\u00e4t ole raportoimisen aihe, vaan viini, jota nautimme. Argentiinalainen Malbec-ryp\u00e4leest\u00e4 valmistettu <a href=\"http:\/\/www.alko.fi\/tuotteet\/fi\/429617\">viini <\/a>\u00a0(Domaine Jean Bousquet Reserva Malbec)\u00a0on todella hyv\u00e4\u00e4. Siin\u00e4 on kirsikan tuoksua ja makua, ehk\u00e4 v\u00e4h\u00e4n suklaata, ei kirist\u00e4vi\u00e4 tanniineja. Makoisaa, pitk\u00e4n j\u00e4lkimaun viini\u00e4. Etiketiss\u00e4 vuoria, ja seh\u00e4n patikoijan mielt\u00e4 ilahduttaa. Hinta ei ole ihan edullisin (16 euroa), mutta on sen v\u00e4\u00e4rti. Pienest\u00e4 ilo. (Viinikaapimme ovessa on t\u00e4m\u00e4:))<\/p>\n<p style=\"text-align: center;\"><img loading=\"lazy\" decoding=\"async\" class=\"aligncenter\" title=\"Wine Cellar\" src=\"https:\/\/www.satokangas.fi\/blogi\/wp-content\/uploads\/Wine-Cellar-600x233.jpg\" alt=\"\" width=\"600\" height=\"233\" \/><\/p>\n<p>Toinen uutuusviini, joka testattiin viime viikonloppuna m\u00f6kill\u00e4, kuuluu meill\u00e4 jo nimens\u00e4 &#8211; ja nimenomaan sen &#8211; vuoksi talon viineihin, on Lindemans\u00b4n Pinot Noir. Lindemans\u00b4n pinot noiria ei ennen ole Suomessa ollut saatavana, ja t\u00e4m\u00e4 oli iloinen yll\u00e4tys. Talon shiraz on ollut taattua laatua, jopa t\u00f6mpp\u00f6viinin\u00e4, samoin cabernet sauvignon, mutta chardonnay ei ole en\u00e4\u00e4 vuosiin runsaan tammensa takia meille maistunut. Early harvest valkoinen ja punainen ovat sarjassaan mukavia, mutta viime k\u00e4dess\u00e4 olen sit\u00e4 mielt\u00e4, ett\u00e4 jos viini\u00e4 nautitaan, niin sitten ei kaloreita, eik\u00e4 prosentteja lasketa. Cawarra-kuohuvasta olen muistaakseni\u00a0 (<a title=\"V\u00e4limerellisi\u00e4 scampeja \u2013 ja poroa!\" href=\"https:\/\/www.satokangas.fi\/blogi\/2010\/06\/valimerellisia-scampeja-ja-poroa\/\">t\u00e4\u00e4ll\u00e4<\/a>) \u00a0jo kirjoittanutkin. Pid\u00e4n siit\u00e4, ja t\u00e4st\u00e4 uudesta pinot noirista. Joka ei maistu puolukkamehulle, ei ole litkua &#8211; kuten monet muut alle kympin lajitoverinsa. Aika &#8221;helppo&#8221; punaviini. Melkein raikas, olematta turhan ohut.<\/p>\n<p><a href=\"https:\/\/www.satokangas.fi\/blogi\/wp-content\/uploads\/Talon-viini.jpg\"><img loading=\"lazy\" decoding=\"async\" data-attachment-id=\"12407\" data-permalink=\"https:\/\/www.satokangas.fi\/blogi\/2011\/09\/niin-paljon-hyvaa\/talon-viini\/\" data-orig-file=\"https:\/\/www.satokangas.fi\/blogi\/wp-content\/uploads\/Talon-viini.jpg\" data-orig-size=\"1100,800\" data-comments-opened=\"1\" data-image-title=\"Talon viini\" data-image-description=\"\" data-image-caption=\"\" data-large-file=\"https:\/\/www.satokangas.fi\/blogi\/wp-content\/uploads\/Talon-viini.jpg\" class=\"aligncenter size-medium wp-image-12407\" title=\"Talon viini\" src=\"https:\/\/www.satokangas.fi\/blogi\/wp-content\/uploads\/Talon-viini-550x400.jpg\" alt=\"\" width=\"550\" height=\"400\" srcset=\"https:\/\/www.satokangas.fi\/blogi\/wp-content\/uploads\/Talon-viini-550x400.jpg 550w, https:\/\/www.satokangas.fi\/blogi\/wp-content\/uploads\/Talon-viini-200x145.jpg 200w, https:\/\/www.satokangas.fi\/blogi\/wp-content\/uploads\/Talon-viini.jpg 1100w\" sizes=\"auto, (max-width: 550px) 100vw, 550px\" \/><\/a><\/p>\n<p><a href=\"https:\/\/www.satokangas.fi\/blogi\/wp-content\/uploads\/Talon-viini.jpg\">T<\/a>\u00e4m\u00e4n p\u00e4iv\u00e4n muita plussamerkkisi\u00e4 juttuja on ollut Lamppujen saapuminen! Lamppujen isolla L:ll\u00e4. N\u00e4it\u00e4 on kaksi. N\u00e4it\u00e4 on odotettu nelj\u00e4 kuukautta.<\/p>\n<p><a href=\"https:\/\/www.satokangas.fi\/blogi\/wp-content\/uploads\/lamppu1.jpg\"><img loading=\"lazy\" decoding=\"async\" data-attachment-id=\"12412\" data-permalink=\"https:\/\/www.satokangas.fi\/blogi\/2011\/09\/niin-paljon-hyvaa\/lamppu-2\/\" data-orig-file=\"https:\/\/www.satokangas.fi\/blogi\/wp-content\/uploads\/lamppu1.jpg\" data-orig-size=\"600,744\" data-comments-opened=\"1\" data-image-title=\"lamppu\" data-image-description=\"\" data-image-caption=\"\" data-large-file=\"https:\/\/www.satokangas.fi\/blogi\/wp-content\/uploads\/lamppu1.jpg\" class=\"aligncenter size-full wp-image-12412\" title=\"lamppu\" src=\"https:\/\/www.satokangas.fi\/blogi\/wp-content\/uploads\/lamppu1.jpg\" alt=\"\" width=\"600\" height=\"744\" srcset=\"https:\/\/www.satokangas.fi\/blogi\/wp-content\/uploads\/lamppu1.jpg 600w, https:\/\/www.satokangas.fi\/blogi\/wp-content\/uploads\/lamppu1-161x200.jpg 161w, https:\/\/www.satokangas.fi\/blogi\/wp-content\/uploads\/lamppu1-322x400.jpg 322w\" sizes=\"auto, (max-width: 600px) 100vw, 600px\" \/><\/a><\/p>\n<p>Mutta: kannatti. Pid\u00e4n niist\u00e4. Kovasti. Ja ne ovat tarpeen, on jo syksy, on jo pime\u00e4. Niihin sis\u00e4ltyy oikeastaan paljon enemm\u00e4n kuin vain valo.<\/p>\n<p>Kun Juniori maaliskuussa muutti t\u00e4\u00e4lt\u00e4 kotikotoa ja j\u00e4tti j\u00e4lkeens\u00e4 <a title=\"M\u00e4 p\u00e4\u00e4st\u00e4n sut pois\u2026\" href=\"https:\/\/www.satokangas.fi\/blogi\/2011\/03\/ma-paastan-sut-pois\/\">tyhjyytt\u00e4 ammottavan<\/a> huoneensa, jossa sein\u00e4t ja lattia n\u00e4yttiv\u00e4t, ett\u00e4 huoneessa oli vuosia asunut ei-niin-siisti-nuori-mies, mietimme hetken (semminkin kun se oli lyhyen ajan sis\u00e4ll\u00e4 toinen tyhj\u00e4 huone, joka t\u00e4h\u00e4n taloon, t\u00e4h\u00e4n kotiimme j\u00e4i), ett\u00e4 ent\u00e4 jos myyt\u00e4isiin koko talo. Mit\u00e4 me kaksi n\u00e4in isolla talolla, jossa on kaksi tyhj\u00e4\u00e4 kalustamatonta huonetta, teemme? Myyd\u00e4\u00e4n pois, ostetaan keskustasta jostain korkealta asunto, ostetaan vaikka tytt\u00e4ren naapuriin valmistuvasta talosta asunto. Onhan meill\u00e4 m\u00f6kki, jossa saadaan olla maan p\u00e4\u00e4ll\u00e4. Jossa on piha.<\/p>\n<p>Tytt\u00e4ren huoneesta oli kyll\u00e4 jo tehty vierashuone, mutta tyt\u00e4rt\u00e4 lukuunottamatta siell\u00e4 ei ollut ollut ket\u00e4\u00e4n y\u00f6t\u00e4. Paitsi Elmeri. Harvalla kilpikonnalla on omaa huonetta! Mihin me tarvitsemme toisen tyhj\u00e4n huoneen?<\/p>\n<p>Emme sitten kuitenkaan panneet taloa myyntiin. Hyv\u00e4nen aika, itse tehty talo ja pehtoorin puutarha! Festa, jossa on vietetty ja vietet\u00e4\u00e4n viel\u00e4 monet hyv\u00e4t juhlat, jossa on hyv\u00e4 lukea, jossa on hulppeaa katsella elokuvia. Meill\u00e4 on portaat, joilla kes\u00e4ll\u00e4 juoda aamukahvi. Meill\u00e4 on piha, jonka l\u00e4pi k\u00e4vell\u00e4 postilaatikolle, kun on satanut ensilumen. Meill\u00e4 on puut ja pensaat, jotka on pienest\u00e4 asti n\u00e4hty, joita on varjeltu ja hoidettu. Meill\u00e4 on pehtoorin huolella hoitama puutarha. Hyv\u00e4t, erinomaiset naapurit. Ent\u00e4s minun rantalenkkini! Sit\u00e4 paitsi min\u00e4 olen asunut t\u00e4ss\u00e4 tai t\u00e4ss\u00e4 l\u00e4hell\u00e4, kilometrin s\u00e4teell\u00e4, aina, koko el\u00e4m\u00e4ni (miinus muutaman opiskeluvuoden Tuirassa).<\/p>\n<p>Ei, ei me myyd\u00e4.<\/p>\n<p>Onneksi emme.<\/p>\n<p>Olohuoneen kalusteet siirrettiin pojan huoneeseen (jonka pehtoori ensin tapiseerasi ja jonne laittoi uuden lattian). Saatiin telkkarihuone. Sitten olohuoneesta tuli tyhj\u00e4 huone. Nyt siell\u00e4 on tuolit (verhoiltiin vanhat) ja sohvat (ostettiin uusi). On tilaa lukea, on tilaa yst\u00e4ville. Kirjat \u00a0siirretty pois. Nyt on tilaa &#8211; olla. Ja nyt on viel\u00e4 Lamput.<\/p>\n<p>Kaikella on paikkansa. Nyt on tilaa olla, nyt on pehtoorilla telkkarihuone, nyt meill\u00e4 on olohuone, jossa voi olla. Useampikin kerrallaan. \u00a0Nyt on hyv\u00e4. On perjantai, aurinko, &#8211;\u00a0 ja lamput.<\/p>\n","protected":false},"excerpt":{"rendered":"<p>Perjantai! Ja aurinko! El\u00e4m\u00e4 on! \u00a0El\u00e4m\u00e4 on ollut ihan mukavaa t\u00e4n\u00e4\u00e4n. T\u00e4n\u00e4\u00e4nkin. Ensinn\u00e4kin. L\u00f6ysin rannekorun, joka on ollut hukassa kalaaseja edelt\u00e4v\u00e4lt\u00e4 ajalta. Kalaaseihin olisin sen tarvinnut, en l\u00f6yt\u00e4nyt. Muistin, ett\u00e4 se oli ranteessa ty\u00f6lounaalla edelt\u00e4v\u00e4n\u00e4 torstaina, mutta mihin siin\u00e4 v\u00e4liss\u00e4 sujautin sen? Essun taskuun! Festassa on essu, ja sen taskuun. T\u00e4n\u00e4\u00e4n se essu sitten k\u00e4yt\u00f6ss\u00e4. Siell\u00e4h\u00e4n se rannekoru. Ostin rannerenkaan &hellip; <\/p>\n","protected":false},"author":1,"featured_media":0,"comment_status":"open","ping_status":"open","sticky":false,"template":"","format":"standard","meta":{"_jetpack_newsletter_access":"","_jetpack_dont_email_post_to_subs":false,"_jetpack_newsletter_tier_id":0,"_jetpack_memberships_contains_paywalled_content":false,"_jetpack_feature_clip_id":0,"_jetpack_memberships_contains_paid_content":false,"footnotes":"","jetpack_publicize_message":"","jetpack_publicize_feature_enabled":true,"jetpack_social_post_already_shared":false,"jetpack_social_options":{"image_generator_settings":{"template":"highway","default_image_id":0,"font":"","enabled":false},"version":2},"jetpack_post_was_ever_published":false},"categories":[1,22],"tags":[],"class_list":["post-12404","post","type-post","status-publish","format-standard","hentry","category-aiheeton","category-vanhemmuus","latest_post"],"jetpack_publicize_connections":[],"jetpack_shortlink":"https:\/\/wp.me\/pr4p4-3e4","jetpack_sharing_enabled":true,"jetpack_likes_enabled":false,"jetpack-related-posts":[{"id":29287,"url":"https:\/\/www.satokangas.fi\/blogi\/2016\/09\/tavaroista-iloa\/","url_meta":{"origin":12404,"position":0},"title":"Tavaroista iloa?","author":"Reija","date":"27.9.2016","format":false,"excerpt":"Onko materialla merkityst\u00e4? Voiko esineist\u00e4 ja niiden omistamisesta saada oikeasti iloa ja tyydytyst\u00e4? Viikonloppuna tytt\u00e4ren kanssa sivuttiin t\u00e4t\u00e4 aika laajaa aihetta montakin kertaa. Olisin mielell\u00e4ni ostanut pari kaitaliinaa h\u00e4nen pieneen, aika karuun keitti\u00f6\u00f6ns\u00e4. Eip\u00e4 Esikoinen halunnut. Meid\u00e4n y\u00f6p\u00f6yd\u00e4nlamppujen vaihtoinnokkuuden (ks. lauantain postaus) h\u00e4n kyll\u00e4 ymm\u00e4rsi, koska me tarvitsemme uudet lamput,\u2026","rel":"","context":"Kategoriassa &quot;Niit\u00e4 n\u00e4it\u00e4&quot;","block_context":{"text":"Niit\u00e4 n\u00e4it\u00e4","link":"https:\/\/www.satokangas.fi\/blogi\/category\/aiheeton\/"},"img":{"alt_text":"gunilla-nyman-4","src":"https:\/\/i0.wp.com\/www.satokangas.fi\/blogi\/wp-content\/uploads\/2016\/09\/Gunilla-Nyman-4-267x400.jpg?resize=350%2C200&ssl=1","width":350,"height":200},"classes":[]},{"id":17324,"url":"https:\/\/www.satokangas.fi\/blogi\/2013\/05\/tiedosta-kilpaillaan\/","url_meta":{"origin":12404,"position":1},"title":"Tiedosta kilpaillaan","author":"Reija","date":"4.5.2013","format":false,"excerpt":"Jossain v\u00e4liss\u00e4 viikonlopuksi luvattiin kaunista! Ihan varmasti luvattiin. Ja nyt on +3 C, ja koko aamup\u00e4iv\u00e4n satoi, eik\u00e4 viel\u00e4k\u00e4\u00e4n mik\u00e4\u00e4n kev\u00e4tkeli ole! Ajatus oli l\u00e4hte\u00e4 Suurelle Kuvausretkelle rannoille, Koiteliin, ev\u00e4\u00e4t mukana puistoihin, ... Ajatukseksi j\u00e4i. Hmph! No sitten ajattelin, ett\u00e4 nyth\u00e4n on aikaa l\u00e4hte\u00e4 shoppaamaan ja etsim\u00e4\u00e4n itselle jotain kes\u00e4(reissu)kampetta.\u2026","rel":"","context":"Kategoriassa &quot;Niit\u00e4 n\u00e4it\u00e4&quot;","block_context":{"text":"Niit\u00e4 n\u00e4it\u00e4","link":"https:\/\/www.satokangas.fi\/blogi\/category\/aiheeton\/"},"img":{"alt_text":"Hugelin kyltti, Alsace 2011","src":"https:\/\/i0.wp.com\/www.satokangas.fi\/blogi\/wp-content\/uploads\/2013\/05\/Hugelin-kyltti-Alsace-2011-558x400.jpg?resize=350%2C200&ssl=1","width":350,"height":200,"srcset":"https:\/\/i0.wp.com\/www.satokangas.fi\/blogi\/wp-content\/uploads\/2013\/05\/Hugelin-kyltti-Alsace-2011-558x400.jpg?resize=350%2C200&ssl=1 1x, https:\/\/i0.wp.com\/www.satokangas.fi\/blogi\/wp-content\/uploads\/2013\/05\/Hugelin-kyltti-Alsace-2011-558x400.jpg?resize=525%2C300&ssl=1 1.5x"},"classes":[]},{"id":25587,"url":"https:\/\/www.satokangas.fi\/blogi\/2015\/08\/ennen-kalaaseja\/","url_meta":{"origin":12404,"position":2},"title":"Ennen kalaaseja","author":"Reija","date":"14.8.2015","format":false,"excerpt":"Huomenna kalaasit. Kuudennettoista. Niist\u00e4 tulee erilaiset kuin koskaan ennen. Eik\u00f6 aina ole erilaiset kuin edelliset? On toki, mutta nyt jotenkin sellaiset rupukalaasit tulossa - minun mielest\u00e4ni ainakin, sill\u00e4 perinteisesti kalaasien (ruoka)teema on seurausta meid\u00e4n edelt\u00e4v\u00e4st\u00e4 (kes\u00e4n) matkasta: Italia, It\u00e4valta, Meksiko etc. Nyt emme ole k\u00e4yneet ulkomailla (pl. kaksi vrk Norjassa),\u2026","rel":"","context":"Kategoriassa &quot;Niit\u00e4 n\u00e4it\u00e4&quot;","block_context":{"text":"Niit\u00e4 n\u00e4it\u00e4","link":"https:\/\/www.satokangas.fi\/blogi\/category\/aiheeton\/"},"img":{"alt_text":"Rustiikkia-2","src":"https:\/\/i0.wp.com\/www.satokangas.fi\/blogi\/wp-content\/uploads\/2015\/08\/Rustiikkia-2-515x400.jpg?resize=350%2C200&ssl=1","width":350,"height":200},"classes":[]},{"id":15015,"url":"https:\/\/www.satokangas.fi\/blogi\/2012\/08\/kalaasit-2012\/","url_meta":{"origin":12404,"position":3},"title":"Kalaasit 2012","author":"Reija","date":"11.8.2012","format":false,"excerpt":"Ovatko n\u00e4m\u00e4 nyt nelj\u00e4nnettoista? Taitavat olla. Useimmiten ne on pidetty elokuussa, aika usein juuri t\u00e4n\u00e4 koulujen aloittamisviikonloppuna\/syntt\u00e4riviikonloppuna. Pari kertaa on jouduttu siirt\u00e4m\u00e4\u00e4n \u00a0syyskuulle,\u00a0jotta saataisiin kaikki p\u00f6yt\u00e4\u00e4n ... Helsinkil\u00e4iset eiv\u00e4t nytk\u00e4\u00e4n p\u00e4\u00e4sseet :( Menu ei ole mitenk\u00e4\u00e4n erityisen kunnianhimoinen, mutta onpahan ihan perinteisen kaavan mukaan italialainen, liki umbrialainen. Helpoimmin voin mokata\u2026","rel":"","context":"Kategoriassa &quot;Niit\u00e4 n\u00e4it\u00e4&quot;","block_context":{"text":"Niit\u00e4 n\u00e4it\u00e4","link":"https:\/\/www.satokangas.fi\/blogi\/category\/aiheeton\/"},"img":{"alt_text":"","src":"https:\/\/i0.wp.com\/www.satokangas.fi\/blogi\/wp-content\/uploads\/Kalaasit-568x400.jpg?resize=350%2C200&ssl=1","width":350,"height":200,"srcset":"https:\/\/i0.wp.com\/www.satokangas.fi\/blogi\/wp-content\/uploads\/Kalaasit-568x400.jpg?resize=350%2C200&ssl=1 1x, https:\/\/i0.wp.com\/www.satokangas.fi\/blogi\/wp-content\/uploads\/Kalaasit-568x400.jpg?resize=525%2C300&ssl=1 1.5x"},"classes":[]},{"id":21040,"url":"https:\/\/www.satokangas.fi\/blogi\/2014\/05\/lauantain-valintoja\/","url_meta":{"origin":12404,"position":4},"title":"Lauantain valintoja","author":"Reija","date":"3.5.2014","format":false,"excerpt":"Hieman huonosti valitsin t\u00e4m\u00e4n p\u00e4iv\u00e4n rastit. Olisi sittenkin kannattanut valita enemm\u00e4n niit\u00e4 ulkorasteja. Aurinkohan se paistoi koko p\u00e4iv\u00e4n. Aamuvarhain hereill\u00e4, ja varhain lenkille. Ajelin autolla ensin kaupungille, siell\u00e4 sitten k\u00e4velin keskustaa ristiin rastiin, kuvailin, - tietysti. Letkunpuiston uusi kioskikahvila, Makia, on aika makia. Olin sopivan aikaisin ja sopivan lenkkikamppeissa, ettei\u2026","rel":"","context":"Kategoriassa &quot;Niit\u00e4 n\u00e4it\u00e4&quot;","block_context":{"text":"Niit\u00e4 n\u00e4it\u00e4","link":"https:\/\/www.satokangas.fi\/blogi\/category\/aiheeton\/"},"img":{"alt_text":"Ohessa-9","src":"https:\/\/i0.wp.com\/www.satokangas.fi\/blogi\/wp-content\/uploads\/2014\/05\/Ohessa-9-600x206.jpg?resize=350%2C200&ssl=1","width":350,"height":200,"srcset":"https:\/\/i0.wp.com\/www.satokangas.fi\/blogi\/wp-content\/uploads\/2014\/05\/Ohessa-9-600x206.jpg?resize=350%2C200&ssl=1 1x, https:\/\/i0.wp.com\/www.satokangas.fi\/blogi\/wp-content\/uploads\/2014\/05\/Ohessa-9-600x206.jpg?resize=525%2C300&ssl=1 1.5x"},"classes":[]},{"id":16632,"url":"https:\/\/www.satokangas.fi\/blogi\/2013\/02\/miten-ollaan-jouten\/","url_meta":{"origin":12404,"position":5},"title":"Miten ollaan jouten?","author":"Reija","date":"27.2.2013","format":false,"excerpt":"Olen jouten. En joutilas, mutta jouten olen. Luento on pulkassa. Mit\u00e4k\u00f6 tarkoittaa? P\u00e4iv\u00e4kinh\u00e4n voi olla pulkassa. Ja tuossa vasemmalla on p\u00e4iv\u00e4pulkka. Kerron\u00a0t\u00e4\u00e4ll\u00e4, mist\u00e4 sanonta on tullut. En\u00e4\u00e4 mapillinen harjoitust\u00f6it\u00e4 luettavana, ja palauteluento teht\u00e4v\u00e4n\u00e4... mutta muutoin homma ohi. Eilen ehtoolla, taisi kyll\u00e4 olla jo l\u00e4hemp\u00e4n\u00e4 puolta y\u00f6t\u00e4, kun hain viel\u00e4 yht\u00e4\u2026","rel":"","context":"Kategoriassa &quot;Niit\u00e4 n\u00e4it\u00e4&quot;","block_context":{"text":"Niit\u00e4 n\u00e4it\u00e4","link":"https:\/\/www.satokangas.fi\/blogi\/category\/aiheeton\/"},"img":{"alt_text":"","src":"https:\/\/i0.wp.com\/www.satokangas.fi\/blogi\/wp-content\/uploads\/2013\/02\/paivapulkka-500x252.jpg?resize=350%2C200&ssl=1","width":350,"height":200},"classes":[]}],"jetpack_featured_media_url":"","_links":{"self":[{"href":"https:\/\/www.satokangas.fi\/blogi\/wp-json\/wp\/v2\/posts\/12404","targetHints":{"allow":["GET"]}}],"collection":[{"href":"https:\/\/www.satokangas.fi\/blogi\/wp-json\/wp\/v2\/posts"}],"about":[{"href":"https:\/\/www.satokangas.fi\/blogi\/wp-json\/wp\/v2\/types\/post"}],"author":[{"embeddable":true,"href":"https:\/\/www.satokangas.fi\/blogi\/wp-json\/wp\/v2\/users\/1"}],"replies":[{"embeddable":true,"href":"https:\/\/www.satokangas.fi\/blogi\/wp-json\/wp\/v2\/comments?post=12404"}],"version-history":[{"count":0,"href":"https:\/\/www.satokangas.fi\/blogi\/wp-json\/wp\/v2\/posts\/12404\/revisions"}],"wp:attachment":[{"href":"https:\/\/www.satokangas.fi\/blogi\/wp-json\/wp\/v2\/media?parent=12404"}],"wp:term":[{"taxonomy":"category","embeddable":true,"href":"https:\/\/www.satokangas.fi\/blogi\/wp-json\/wp\/v2\/categories?post=12404"},{"taxonomy":"post_tag","embeddable":true,"href":"https:\/\/www.satokangas.fi\/blogi\/wp-json\/wp\/v2\/tags?post=12404"}],"curies":[{"name":"wp","href":"https:\/\/api.w.org\/{rel}","templated":true}]}}