{"id":11922,"date":"2011-07-05T20:21:27","date_gmt":"2011-07-05T17:21:27","guid":{"rendered":"https:\/\/www.satokangas.fi\/blogi\/?p=11922"},"modified":"2011-07-05T20:29:09","modified_gmt":"2011-07-05T17:29:09","slug":"pienia-poikia-ja-niittykukkia","status":"publish","type":"post","link":"https:\/\/www.satokangas.fi\/blogi\/2011\/07\/pienia-poikia-ja-niittykukkia\/","title":{"rendered":"Pieni\u00e4 poikia ja niittykukkia"},"content":{"rendered":"<p>T\u00e4h\u00e4n p\u00e4iv\u00e4\u00e4n ovat kuuluneet pienet pojat, ja yksi v\u00e4h\u00e4n isompikin. Jonka kanssa v\u00e4h\u00e4n keskusteltukin.<\/p>\n<p><a href=\"https:\/\/www.satokangas.fi\/blogi\/wp-content\/uploads\/Manta-ja-Jussi.jpg\"><img loading=\"lazy\" decoding=\"async\" data-attachment-id=\"11926\" data-permalink=\"https:\/\/www.satokangas.fi\/blogi\/2011\/07\/pienia-poikia-ja-niittykukkia\/manta-ja-jussi\/\" data-orig-file=\"https:\/\/www.satokangas.fi\/blogi\/wp-content\/uploads\/Manta-ja-Jussi.jpg\" data-orig-size=\"1100,1328\" data-comments-opened=\"1\" data-image-meta=\"{&quot;aperture&quot;:&quot;9&quot;,&quot;credit&quot;:&quot;&quot;,&quot;camera&quot;:&quot;Canon EOS 5D Mark II&quot;,&quot;caption&quot;:&quot;&quot;,&quot;created_timestamp&quot;:&quot;1309881421&quot;,&quot;copyright&quot;:&quot;&quot;,&quot;focal_length&quot;:&quot;58&quot;,&quot;iso&quot;:&quot;125&quot;,&quot;shutter_speed&quot;:&quot;0.004&quot;,&quot;title&quot;:&quot;&quot;}\" data-image-title=\"Manta ja Jussi\" data-image-description=\"\" data-image-caption=\"\" data-large-file=\"https:\/\/www.satokangas.fi\/blogi\/wp-content\/uploads\/Manta-ja-Jussi-848x1024.jpg\" class=\"aligncenter size-medium wp-image-11926\" title=\"Manta ja Jussi\" src=\"https:\/\/www.satokangas.fi\/blogi\/wp-content\/uploads\/Manta-ja-Jussi-331x400.jpg\" alt=\"\" width=\"331\" height=\"400\" srcset=\"https:\/\/www.satokangas.fi\/blogi\/wp-content\/uploads\/Manta-ja-Jussi-331x400.jpg 331w, https:\/\/www.satokangas.fi\/blogi\/wp-content\/uploads\/Manta-ja-Jussi-165x200.jpg 165w, https:\/\/www.satokangas.fi\/blogi\/wp-content\/uploads\/Manta-ja-Jussi-848x1024.jpg 848w, https:\/\/www.satokangas.fi\/blogi\/wp-content\/uploads\/Manta-ja-Jussi.jpg 1100w\" sizes=\"auto, (max-width: 331px) 100vw, 331px\" \/><\/a><\/p>\n<p>T\u00e4h\u00e4n p\u00e4iv\u00e4\u00e4n on kuulunut kierr\u00e4tyst\u00e4: yht\u00e4 lailla Lego-reppu ja kassillinen-pari muuta ylim\u00e4\u00e4r\u00e4ist\u00e4 kuin ylij\u00e4\u00e4m\u00e4graniittip\u00f6tkyl\u00e4t ovat uusissa kodeissaan saaneet iloisen vastaanoton, mist\u00e4 kierr\u00e4tt\u00e4jillekin hyv\u00e4 mieli.<\/p>\n<p>T\u00e4h\u00e4n p\u00e4iv\u00e4\u00e4n on kuulunut my\u00f6s patsaan (Kotiportit) julkistamistilaisuus, jossa oli puhetta, runonlausuntaa, maljan kilistyst\u00e4, yksinlaulua ja pukeutuneita vieraita (paitsi me, jotka py\u00f6r\u00e4ilimme* 9 km suuntaansa, ollenkaan ymm\u00e4rt\u00e4m\u00e4tt\u00e4, kuinka hienoon tilaisuuteen olimme menossa. Onneksi oli sent\u00e4\u00e4n helmet. Ne pelastavat aina.), raparperipiirakkaa merkillisen hyv\u00e4n &#8221;pulloj\u00e4tskin&#8221; (saa kuulemma Lidlist\u00e4) kanssa ja kaunis puutarha omenapuineen.<\/p>\n<p>&nbsp;<\/p>\n<p style=\"text-align: center;\"><a href=\"https:\/\/www.satokangas.fi\/blogi\/wp-content\/uploads\/Portit.jpg\"><img loading=\"lazy\" decoding=\"async\" data-attachment-id=\"11923\" data-permalink=\"https:\/\/www.satokangas.fi\/blogi\/2011\/07\/pienia-poikia-ja-niittykukkia\/portit\/\" data-orig-file=\"https:\/\/www.satokangas.fi\/blogi\/wp-content\/uploads\/Portit.jpg\" data-orig-size=\"1100,1316\" data-comments-opened=\"1\" data-image-meta=\"{&quot;aperture&quot;:&quot;9&quot;,&quot;credit&quot;:&quot;&quot;,&quot;camera&quot;:&quot;Canon EOS 5D Mark II&quot;,&quot;caption&quot;:&quot;&quot;,&quot;created_timestamp&quot;:&quot;1309880438&quot;,&quot;copyright&quot;:&quot;&quot;,&quot;focal_length&quot;:&quot;50&quot;,&quot;iso&quot;:&quot;125&quot;,&quot;shutter_speed&quot;:&quot;0.003125&quot;,&quot;title&quot;:&quot;&quot;}\" data-image-title=\"Portit\" data-image-description=\"\" data-image-caption=\"\" data-large-file=\"https:\/\/www.satokangas.fi\/blogi\/wp-content\/uploads\/Portit-855x1024.jpg\" class=\"size-medium wp-image-11923 aligncenter\" title=\"Portit\" src=\"https:\/\/www.satokangas.fi\/blogi\/wp-content\/uploads\/Portit-334x400.jpg\" alt=\"\" width=\"334\" height=\"400\" srcset=\"https:\/\/www.satokangas.fi\/blogi\/wp-content\/uploads\/Portit-334x400.jpg 334w, https:\/\/www.satokangas.fi\/blogi\/wp-content\/uploads\/Portit-167x200.jpg 167w, https:\/\/www.satokangas.fi\/blogi\/wp-content\/uploads\/Portit-855x1024.jpg 855w, https:\/\/www.satokangas.fi\/blogi\/wp-content\/uploads\/Portit.jpg 1100w\" sizes=\"auto, (max-width: 334px) 100vw, 334px\" \/><\/a><\/p>\n<p style=\"text-align: center;\"><a href=\"https:\/\/www.satokangas.fi\/blogi\/wp-content\/uploads\/Raparperia-ja-j\u00e4tski\u00e4.jpg\"><img loading=\"lazy\" decoding=\"async\" data-attachment-id=\"11925\" data-permalink=\"https:\/\/www.satokangas.fi\/blogi\/2011\/07\/pienia-poikia-ja-niittykukkia\/raparperia-ja-jatskia\/\" data-orig-file=\"https:\/\/www.satokangas.fi\/blogi\/wp-content\/uploads\/Raparperia-ja-j\u00e4tski\u00e4.jpg\" data-orig-size=\"1100,674\" data-comments-opened=\"1\" data-image-meta=\"{&quot;aperture&quot;:&quot;4&quot;,&quot;credit&quot;:&quot;&quot;,&quot;camera&quot;:&quot;Canon EOS 5D Mark II&quot;,&quot;caption&quot;:&quot;&quot;,&quot;created_timestamp&quot;:&quot;1309883051&quot;,&quot;copyright&quot;:&quot;&quot;,&quot;focal_length&quot;:&quot;60&quot;,&quot;iso&quot;:&quot;125&quot;,&quot;shutter_speed&quot;:&quot;0.0002&quot;,&quot;title&quot;:&quot;&quot;}\" data-image-title=\"Raparperia ja j\u00e4tski\u00e4\" data-image-description=\"\" data-image-caption=\"\" data-large-file=\"https:\/\/www.satokangas.fi\/blogi\/wp-content\/uploads\/Raparperia-ja-j\u00e4tski\u00e4.jpg\" class=\"aligncenter size-medium wp-image-11925\" title=\"Raparperia ja j\u00e4tski\u00e4\" src=\"https:\/\/www.satokangas.fi\/blogi\/wp-content\/uploads\/Raparperia-ja-j\u00e4tski\u00e4-600x367.jpg\" alt=\"\" width=\"600\" height=\"367\" srcset=\"https:\/\/www.satokangas.fi\/blogi\/wp-content\/uploads\/Raparperia-ja-j\u00e4tski\u00e4-600x367.jpg 600w, https:\/\/www.satokangas.fi\/blogi\/wp-content\/uploads\/Raparperia-ja-j\u00e4tski\u00e4-200x122.jpg 200w, https:\/\/www.satokangas.fi\/blogi\/wp-content\/uploads\/Raparperia-ja-j\u00e4tski\u00e4.jpg 1100w\" sizes=\"auto, (max-width: 600px) 100vw, 600px\" \/><\/a><\/p>\n<p style=\"text-align: center;\"><a href=\"https:\/\/www.satokangas.fi\/blogi\/wp-content\/uploads\/omppu-ja-\u00f6t\u00f6kk\u00e4.jpg\"><img loading=\"lazy\" decoding=\"async\" data-attachment-id=\"11924\" data-permalink=\"https:\/\/www.satokangas.fi\/blogi\/2011\/07\/pienia-poikia-ja-niittykukkia\/omppu-ja-otokka\/\" data-orig-file=\"https:\/\/www.satokangas.fi\/blogi\/wp-content\/uploads\/omppu-ja-\u00f6t\u00f6kk\u00e4.jpg\" data-orig-size=\"1100,776\" data-comments-opened=\"1\" data-image-meta=\"{&quot;aperture&quot;:&quot;9&quot;,&quot;credit&quot;:&quot;&quot;,&quot;camera&quot;:&quot;Canon EOS 5D Mark II&quot;,&quot;caption&quot;:&quot;&quot;,&quot;created_timestamp&quot;:&quot;1309881933&quot;,&quot;copyright&quot;:&quot;&quot;,&quot;focal_length&quot;:&quot;105&quot;,&quot;iso&quot;:&quot;125&quot;,&quot;shutter_speed&quot;:&quot;0.008&quot;,&quot;title&quot;:&quot;&quot;}\" data-image-title=\"omppu ja \u00f6t\u00f6kk\u00e4\" data-image-description=\"\" data-image-caption=\"\" data-large-file=\"https:\/\/www.satokangas.fi\/blogi\/wp-content\/uploads\/omppu-ja-\u00f6t\u00f6kk\u00e4.jpg\" class=\"size-medium wp-image-11924 aligncenter\" title=\"omppu ja \u00f6t\u00f6kk\u00e4\" src=\"https:\/\/www.satokangas.fi\/blogi\/wp-content\/uploads\/omppu-ja-\u00f6t\u00f6kk\u00e4-567x400.jpg\" alt=\"\" width=\"567\" height=\"400\" srcset=\"https:\/\/www.satokangas.fi\/blogi\/wp-content\/uploads\/omppu-ja-\u00f6t\u00f6kk\u00e4-567x400.jpg 567w, https:\/\/www.satokangas.fi\/blogi\/wp-content\/uploads\/omppu-ja-\u00f6t\u00f6kk\u00e4-200x141.jpg 200w, https:\/\/www.satokangas.fi\/blogi\/wp-content\/uploads\/omppu-ja-\u00f6t\u00f6kk\u00e4.jpg 1100w\" sizes=\"auto, (max-width: 567px) 100vw, 567px\" \/><\/a><\/p>\n<p>Siihen liittyen meill\u00e4kin takapihan suunnittelussa ajatukseni omenapuupalstasta (palstasta! aika mahtipontista kun ajattelee, ett\u00e4 meill\u00e4 on pikkuisen yli 1000 neli\u00f6n tontti) sai ehk\u00e4 v\u00e4h\u00e4n lis\u00e4pontta.<\/p>\n<p>Ja kaiken t\u00e4m\u00e4n yll\u00e4 aurinko! Ei ollenkaan huono p\u00e4iv\u00e4 t\u00e4n\u00e4\u00e4nk\u00e4\u00e4n.<\/p>\n<p>&nbsp;<\/p>\n<p>* Kannattaa katsella ojanpenkkoja juuri nyt! Tervakukkia, niittyleinikkej\u00e4, kissankelloja (enemm\u00e4n kuin ikin\u00e4??), koiranputkia, siank\u00e4rs\u00e4m\u00f6it\u00e4, horsmia&#8230; ja mik\u00e4 se on se kellert\u00e4v\u00e4, nyt kukkiva, pikkuhattarakukkainen? En tied\u00e4. Muttta niit\u00e4 oli paljon Haukiputaalle py\u00f6r\u00e4illess\u00e4.\u00a0 Aamulenkill\u00e4 Toppilanrannassa p\u00e4iv\u00e4kakkaroita peltoina! Ja apilantuoksu. Huumaava. Sik\u00e4li kuin pujon, hein\u00e4n, t\u00e4n\u00e4\u00e4n hevostenkin aiheuttaman allergian j\u00e4lkeen aistin. Mutta kauniita ovat niityt ja pientareet!<\/p>\n","protected":false},"excerpt":{"rendered":"<p>T\u00e4h\u00e4n p\u00e4iv\u00e4\u00e4n ovat kuuluneet pienet pojat, ja yksi v\u00e4h\u00e4n isompikin. Jonka kanssa v\u00e4h\u00e4n keskusteltukin. T\u00e4h\u00e4n p\u00e4iv\u00e4\u00e4n on kuulunut kierr\u00e4tyst\u00e4: yht\u00e4 lailla Lego-reppu ja kassillinen-pari muuta ylim\u00e4\u00e4r\u00e4ist\u00e4 kuin ylij\u00e4\u00e4m\u00e4graniittip\u00f6tkyl\u00e4t ovat uusissa kodeissaan saaneet iloisen vastaanoton, mist\u00e4 kierr\u00e4tt\u00e4jillekin hyv\u00e4 mieli. T\u00e4h\u00e4n p\u00e4iv\u00e4\u00e4n on kuulunut my\u00f6s patsaan (Kotiportit) julkistamistilaisuus, jossa oli puhetta, runonlausuntaa, maljan kilistyst\u00e4, yksinlaulua ja pukeutuneita vieraita (paitsi me, jotka py\u00f6r\u00e4ilimme* &hellip; <\/p>\n","protected":false},"author":1,"featured_media":0,"comment_status":"open","ping_status":"open","sticky":false,"template":"","format":"standard","meta":{"jetpack_post_was_ever_published":false,"_jetpack_newsletter_access":"","_jetpack_dont_email_post_to_subs":false,"_jetpack_newsletter_tier_id":0,"_jetpack_memberships_contains_paywalled_content":false,"_jetpack_memberships_contains_paid_content":false,"footnotes":"","jetpack_publicize_message":"","jetpack_publicize_feature_enabled":true,"jetpack_social_post_already_shared":false,"jetpack_social_options":{"image_generator_settings":{"template":"highway","default_image_id":0,"font":"","enabled":false},"version":2}},"categories":[1],"tags":[],"class_list":["post-11922","post","type-post","status-publish","format-standard","hentry","category-aiheeton","latest_post"],"jetpack_publicize_connections":[],"jetpack_featured_media_url":"","jetpack_shortlink":"https:\/\/wp.me\/pr4p4-36i","jetpack_sharing_enabled":true,"jetpack_likes_enabled":false,"jetpack-related-posts":[{"id":41276,"url":"https:\/\/www.satokangas.fi\/blogi\/2021\/07\/ikkunapesupaivallispaiva\/","url_meta":{"origin":11922,"position":0},"title":"Ikkunanpesup\u00e4iv\u00e4llisp\u00e4iv\u00e4","author":"Reija","date":"25.7.2021","format":false,"excerpt":"Paljon t\u00e4n\u00e4\u00e4n. Paljon hyv\u00e4\u00e4, paljon vahvoja tuntoja ja tunteita. Kerran, ainakin kerran, kes\u00e4ss\u00e4, tavoitteena pari kertaa vuodessa, k\u00e4yd\u00e4 sy\u00f6m\u00e4ss\u00e4 Ule\u00e5borgissa. Ei tarvita tekosyit\u00e4, mutta on se jo perinne, ett\u00e4 kun Pehtoori pesee meill\u00e4 ikkunat, min\u00e4 tarjoan p\u00e4iv\u00e4llisen. Molemmat ovat yht\u00e4 mielt\u00e4 siit\u00e4, ett\u00e4 paras paikka t\u00e4m\u00e4n \"Ikkunanpesup\u00e4iv\u00e4llisen\" nauttimiseksi on ravintola\u2026","rel":"","context":"Kategoriassa &quot;Ravintolat&quot;","block_context":{"text":"Ravintolat","link":"https:\/\/www.satokangas.fi\/blogi\/category\/ruoka_ja_viini\/ravintolat-ruoka_ja_viini\/"},"img":{"alt_text":"","src":"https:\/\/i0.wp.com\/www.satokangas.fi\/blogi\/wp-content\/uploads\/2021\/07\/U.jpg?resize=350%2C200&ssl=1","width":350,"height":200,"srcset":"https:\/\/i0.wp.com\/www.satokangas.fi\/blogi\/wp-content\/uploads\/2021\/07\/U.jpg?resize=350%2C200&ssl=1 1x, https:\/\/i0.wp.com\/www.satokangas.fi\/blogi\/wp-content\/uploads\/2021\/07\/U.jpg?resize=525%2C300&ssl=1 1.5x, https:\/\/i0.wp.com\/www.satokangas.fi\/blogi\/wp-content\/uploads\/2021\/07\/U.jpg?resize=700%2C400&ssl=1 2x, https:\/\/i0.wp.com\/www.satokangas.fi\/blogi\/wp-content\/uploads\/2021\/07\/U.jpg?resize=1050%2C600&ssl=1 3x"},"classes":[]},{"id":43633,"url":"https:\/\/www.satokangas.fi\/blogi\/2022\/09\/juuri-tanaan-ilonaiheita\/","url_meta":{"origin":11922,"position":1},"title":"Juuri t\u00e4n\u00e4\u00e4n ilonaiheita &#8230;","author":"Reija","date":"6.9.2022","format":false,"excerpt":"Suunnilleen heti her\u00e4tty\u00e4ni p\u00e4\u00e4tin, tietoisesti p\u00e4\u00e4tin ker\u00e4t\u00e4, hoksata, nauttia niist\u00e4 hetkist\u00e4, jotka juuri t\u00e4n\u00e4\u00e4n ovat hyvin. P\u00e4\u00e4tin, ett\u00e4 miettisin, mik\u00e4 erityisesti t\u00e4n\u00e4\u00e4n ilahduttaa. Ei niin, ett\u00e4 asioiden tarvitsisi olla toisin kuin muina p\u00e4ivin\u00e4, mutta ett\u00e4 olisin herkill\u00e4 kaiken hyv\u00e4n suhteen. Aamukahvi oli uutta, - ja miellytt\u00e4v\u00e4n erilaista. Juhla Mokka Lempe\u00e4\u00e4\u2026","rel":"","context":"Kategoriassa &quot;Niit\u00e4 n\u00e4it\u00e4&quot;","block_context":{"text":"Niit\u00e4 n\u00e4it\u00e4","link":"https:\/\/www.satokangas.fi\/blogi\/category\/aiheeton\/"},"img":{"alt_text":"","src":"https:\/\/i0.wp.com\/www.satokangas.fi\/blogi\/wp-content\/uploads\/2022\/09\/ulkosalla-3.jpg?resize=350%2C200&ssl=1","width":350,"height":200,"srcset":"https:\/\/i0.wp.com\/www.satokangas.fi\/blogi\/wp-content\/uploads\/2022\/09\/ulkosalla-3.jpg?resize=350%2C200&ssl=1 1x, https:\/\/i0.wp.com\/www.satokangas.fi\/blogi\/wp-content\/uploads\/2022\/09\/ulkosalla-3.jpg?resize=525%2C300&ssl=1 1.5x, https:\/\/i0.wp.com\/www.satokangas.fi\/blogi\/wp-content\/uploads\/2022\/09\/ulkosalla-3.jpg?resize=700%2C400&ssl=1 2x"},"classes":[]},{"id":2983,"url":"https:\/\/www.satokangas.fi\/blogi\/2009\/04\/lahdon-loppukiri\/","url_meta":{"origin":11922,"position":2},"title":"L\u00e4hd\u00f6n loppukiri","author":"Reija","date":"4.4.2009","format":false,"excerpt":"Eilen meni t\u00f6iss\u00e4 aika my\u00f6h\u00e4\u00e4n: asiat oli saatava sellaiseen jamaan, ett\u00e4 ensi viikon voin tehd\u00e4 hommia et\u00e4n\u00e4, - tai olla tekem\u00e4tt\u00e4 t\u00f6it\u00e4 ollenkaan. Kelit ratkaisevat, mit\u00e4 teen :) Kun nuorisokaan ei sitten ollut kotona ruokaa vailla, sain pitk\u00e4llisen houkuttelun j\u00e4lkeen\u00a0 (l\u00e4hdet\u00e4\u00e4nk\u00f6 kaupunkiin sy\u00f6m\u00e4\u00e4n? - l\u00e4hdet\u00e4\u00e4n vaan) pehtoorin suostumaan Istanbuliin. Ruoka\u2026","rel":"","context":"Kategoriassa &quot;Ruoka ja viini&quot;","block_context":{"text":"Ruoka ja viini","link":"https:\/\/www.satokangas.fi\/blogi\/category\/ruoka_ja_viini\/"},"img":{"alt_text":"Sitruuna","src":"https:\/\/i0.wp.com\/www.satokangas.fi\/blogi\/wp-content\/uploads\/2009\/04\/sitruuna-200x170.jpg?resize=350%2C200&ssl=1","width":350,"height":200},"classes":[]},{"id":47879,"url":"https:\/\/www.satokangas.fi\/blogi\/2023\/12\/takaumia-ja-tulevaa-tehden\/","url_meta":{"origin":11922,"position":3},"title":"Takaumia ja tulevaa tehden","author":"Reija","date":"1.12.2023","format":false,"excerpt":"P\u00e4iv\u00e4\u00e4n on kuulunut reissukuvien ty\u00f6st\u00e4mist\u00e4, paluuta elettyyn. T\u00e4n\u00e4\u00e4n olen kerrannut reissun kolmatta p\u00e4iv\u00e4\u00e4: \u00e4lk\u00e4\u00e4 huoliko, en aio vastaisuudessa uudelleen n\u00e4it\u00e4 kaikkia t\u00e4\u00e4ll\u00e4 blogissa kertailla. T\u00e4n\u00e4\u00e4n kuitenkin. T\u00e4ss\u00e4 yksi kuva, jonka otin, jotta muistan kiitt\u00e4\u00e4 T:jea ja J:aa. He kun olivat t\u00e4ll\u00e4 samaisella reissulla pari vuotta sitten, ja heid\u00e4n innoittamana ja\u2026","rel":"","context":"Kategoriassa &quot;Andalusia&quot;","block_context":{"text":"Andalusia","link":"https:\/\/www.satokangas.fi\/blogi\/category\/reissut\/andalusia\/"},"img":{"alt_text":"","src":"https:\/\/i0.wp.com\/www.satokangas.fi\/blogi\/wp-content\/uploads\/2023\/12\/Granadaan_1-11.jpg?resize=350%2C200&ssl=1","width":350,"height":200,"srcset":"https:\/\/i0.wp.com\/www.satokangas.fi\/blogi\/wp-content\/uploads\/2023\/12\/Granadaan_1-11.jpg?resize=350%2C200&ssl=1 1x, https:\/\/i0.wp.com\/www.satokangas.fi\/blogi\/wp-content\/uploads\/2023\/12\/Granadaan_1-11.jpg?resize=525%2C300&ssl=1 1.5x, https:\/\/i0.wp.com\/www.satokangas.fi\/blogi\/wp-content\/uploads\/2023\/12\/Granadaan_1-11.jpg?resize=700%2C400&ssl=1 2x"},"classes":[]},{"id":40859,"url":"https:\/\/www.satokangas.fi\/blogi\/2021\/05\/keittiossa-kesaista\/","url_meta":{"origin":11922,"position":4},"title":"Keitti\u00f6ss\u00e4 kes\u00e4ist\u00e4","author":"Reija","date":"21.5.2021","format":false,"excerpt":"Auton mittari n\u00e4ytti +5 C, kun puolilta p\u00e4ivin ajelin Kauppahalliin. Huom. autolla. Ei tullut pieneen mieleenk\u00e4\u00e4n l\u00e4hte\u00e4 py\u00f6r\u00e4ll\u00e4, vaikka aikaa olisi todellakin ollut. Puistola Bakeryst\u00e4 rieska, Riikalta perunoita (uusia! - vastoin odotuksia, eiv\u00e4t huonoja, jos kohta kuukauden p\u00e4\u00e4st\u00e4 viel\u00e4 parempia...) sipulia - korvasieni\u00e4 harkitsin, mutta luotan ett\u00e4 m\u00f6kkiviikolla kes\u00e4kuussa l\u00f6yd\u00e4mme\u2026","rel":"","context":"Kategoriassa &quot;Luettua&quot;","block_context":{"text":"Luettua","link":"https:\/\/www.satokangas.fi\/blogi\/category\/luettua\/"},"img":{"alt_text":"","src":"https:\/\/i0.wp.com\/www.satokangas.fi\/blogi\/wp-content\/uploads\/2021\/05\/Peramerenlohi.jpg?resize=350%2C200&ssl=1","width":350,"height":200,"srcset":"https:\/\/i0.wp.com\/www.satokangas.fi\/blogi\/wp-content\/uploads\/2021\/05\/Peramerenlohi.jpg?resize=350%2C200&ssl=1 1x, https:\/\/i0.wp.com\/www.satokangas.fi\/blogi\/wp-content\/uploads\/2021\/05\/Peramerenlohi.jpg?resize=525%2C300&ssl=1 1.5x, https:\/\/i0.wp.com\/www.satokangas.fi\/blogi\/wp-content\/uploads\/2021\/05\/Peramerenlohi.jpg?resize=700%2C400&ssl=1 2x, https:\/\/i0.wp.com\/www.satokangas.fi\/blogi\/wp-content\/uploads\/2021\/05\/Peramerenlohi.jpg?resize=1050%2C600&ssl=1 3x"},"classes":[]},{"id":41864,"url":"https:\/\/www.satokangas.fi\/blogi\/2021\/11\/sunnuntaipaivallinen\/","url_meta":{"origin":11922,"position":5},"title":"Sunnuntaip\u00e4iv\u00e4llinen","author":"Reija","date":"7.11.2021","format":false,"excerpt":"Hyv\u00e4t p\u00e4iv\u00e4t menev\u00e4t \u00e4kki\u00e4! T\u00e4n\u00e4\u00e4n on mennyt. T\u00e4n\u00e4\u00e4n hyv\u00e4\u00e4n p\u00e4iv\u00e4\u00e4n on kuulunut ruoanlaittoa, ruoanlaittoa, ruoanlaittoa ja ruokap\u00f6yd\u00e4ss\u00e4 nauttimista. P\u00e4iv\u00e4kahvilla k\u00e4vin tytt\u00e4ren kanssa \u00e4idin luona: \u00e4iti totesi ett\u00e4 kolmessa polvessa ollaan Tuulen tyt\u00f6t kesken\u00e4\u00e4n. Ei olla kovin montaa kertaa aiemmin oltukaan - vain kolmisin, ... Perhepiiriss\u00e4 p\u00e4iv\u00e4 jatkui, edelleen harvinaisella kokoonpanolla.\u2026","rel":"","context":"Kategoriassa &quot;Niit\u00e4 n\u00e4it\u00e4&quot;","block_context":{"text":"Niit\u00e4 n\u00e4it\u00e4","link":"https:\/\/www.satokangas.fi\/blogi\/category\/aiheeton\/"},"img":{"alt_text":"","src":"https:\/\/i0.wp.com\/www.satokangas.fi\/blogi\/wp-content\/uploads\/2021\/11\/pyhainpaiva-2.jpg?resize=350%2C200&ssl=1","width":350,"height":200,"srcset":"https:\/\/i0.wp.com\/www.satokangas.fi\/blogi\/wp-content\/uploads\/2021\/11\/pyhainpaiva-2.jpg?resize=350%2C200&ssl=1 1x, https:\/\/i0.wp.com\/www.satokangas.fi\/blogi\/wp-content\/uploads\/2021\/11\/pyhainpaiva-2.jpg?resize=525%2C300&ssl=1 1.5x, https:\/\/i0.wp.com\/www.satokangas.fi\/blogi\/wp-content\/uploads\/2021\/11\/pyhainpaiva-2.jpg?resize=700%2C400&ssl=1 2x"},"classes":[]}],"_links":{"self":[{"href":"https:\/\/www.satokangas.fi\/blogi\/wp-json\/wp\/v2\/posts\/11922","targetHints":{"allow":["GET"]}}],"collection":[{"href":"https:\/\/www.satokangas.fi\/blogi\/wp-json\/wp\/v2\/posts"}],"about":[{"href":"https:\/\/www.satokangas.fi\/blogi\/wp-json\/wp\/v2\/types\/post"}],"author":[{"embeddable":true,"href":"https:\/\/www.satokangas.fi\/blogi\/wp-json\/wp\/v2\/users\/1"}],"replies":[{"embeddable":true,"href":"https:\/\/www.satokangas.fi\/blogi\/wp-json\/wp\/v2\/comments?post=11922"}],"version-history":[{"count":0,"href":"https:\/\/www.satokangas.fi\/blogi\/wp-json\/wp\/v2\/posts\/11922\/revisions"}],"wp:attachment":[{"href":"https:\/\/www.satokangas.fi\/blogi\/wp-json\/wp\/v2\/media?parent=11922"}],"wp:term":[{"taxonomy":"category","embeddable":true,"href":"https:\/\/www.satokangas.fi\/blogi\/wp-json\/wp\/v2\/categories?post=11922"},{"taxonomy":"post_tag","embeddable":true,"href":"https:\/\/www.satokangas.fi\/blogi\/wp-json\/wp\/v2\/tags?post=11922"}],"curies":[{"name":"wp","href":"https:\/\/api.w.org\/{rel}","templated":true}]}}