{"id":10901,"date":"2011-03-04T18:24:40","date_gmt":"2011-03-04T16:24:40","guid":{"rendered":"https:\/\/www.satokangas.fi\/blogi\/?p=10901"},"modified":"2012-02-04T10:19:15","modified_gmt":"2012-02-04T08:19:15","slug":"taalla-strassbourg","status":"publish","type":"post","link":"https:\/\/www.satokangas.fi\/blogi\/2011\/03\/taalla-strassbourg\/","title":{"rendered":"T\u00e4\u00e4ll\u00e4 Strassbourg"},"content":{"rendered":"<p>Klo 3.20 her\u00e4sin: nyt, juuri nyt on l\u00e4hdett\u00e4v\u00e4!\u00a0Ennen viitt\u00e4 matkalla lentokent\u00e4lle mielet\u00f6n lumipyry, ja navakahko tuuli saavat huolestumaan: l\u00e4hteek\u00f6 lento ajallaan, ehdit\u00e4\u00e4nk\u00f6 vaihtaa Stuttgartin koneeseen? Hyvin ehdittiin. Pieneeen Finncomin koneeseen meit\u00e4 nousi vain 22 matkustajaa. Olimme etuajassa perill\u00e4. Lentoaika Helsingissa pikkuisen rapiat kaksi tuntia.<\/p>\n<p>Aviksen toimistossa saksalainen tehokkuus toimi: v\u00e4kisinkin tuli verrattua autonvuokraukseen Roomassa viime kes\u00e4n\u00e4. Ja juuri kun kirjoittelimme alle papereita joissa lupaamme pit\u00e4\u00e4 huolta 300-sarjan mallin \u00a0Bemarista koko reissuviikon, n\u00e4en tutun hahmon k\u00e4velev\u00e4n lentokent\u00e4n aulassa! Tyt\u00e4r! Y\u00f6juna Budapest &#8211; Munchen &#8211; Stuttgart on meid\u00e4n kanssa yht\u00e4 aikaa &#8230;<\/p>\n<p>Moottoritiell\u00e4 matkalla Stuttgartista kohti Ranskaa ja Strassbourgia, aurinko paistaa, pellot v\u00e4h\u00e4n vihert\u00e4v\u00e4t, on vain muutama aste l\u00e4mmint\u00e4. Moottoritiell\u00e4 liikenne kuten Saksassa on totuttu: pehtoori ajaa about 140 &#8211; 150 km\/h ja vasenta kaistaa ohi huiskii auto toisensa per\u00e4\u00e4n.<\/p>\n<p>Kuuntelen kun nuoret takapenkill\u00e4 h\u00f6p\u00f6tt\u00e4v\u00e4t, vaihtavat kuulumisia, katselen maisemaa, raukeus tuntuu. Yht\u00e4kki\u00e4 on tyyni olo, ensimm\u00e4isen kerran pitk\u00e4\u00e4n aikaan olen levollinen, &#8211;\u00a0on vaan niin hyv\u00e4.<\/p>\n<p>Puolelta p\u00e4ivin olemme Strassbourgissa, k\u00e4ymme katsastamasssa Paul Appealin residenssin; tytt\u00e4ren 12 neli\u00f6n boksin. Toteamme tarkoituksenmukaiseksi, eip\u00e4 siit\u00e4 oikein muuta. Ja kuukausivuokra 250 euroa on vain v\u00e4h\u00e4n enemm\u00e4n mit\u00e4 hotellihuoneet Srassbourgin keskustassa maksavat silloin kun eu-parlamentti t\u00e4\u00e4ll\u00e4 kokoonntuu, elikk\u00e4s ensi viikolla.<\/p>\n<p>Olemme n\u00e4hneet yliopiston ja yliopiston ruokalan, olemme n\u00e4hneet tytt\u00e4ren kuntosalin ja vanhaa keskustaa. K\u00e4yneet maistamassa flambeet (laittelen kuvausta ja kuvia my\u00f6hemmin) ja lasilliset Alsacen valkoviini\u00e4. Kierrelleet kauniin kaupungin kaduilla. L\u00e4mmint\u00e4 kymmenkunta astetta.<\/p>\n<p style=\"text-align: center;\"><a href=\"https:\/\/www.satokangas.fi\/blogi\/wp-content\/uploads\/Strasbourg-1.jpg\"><img loading=\"lazy\" decoding=\"async\" data-attachment-id=\"10902\" data-permalink=\"https:\/\/www.satokangas.fi\/blogi\/2011\/03\/taalla-strassbourg\/strasbourg-1\/\" data-orig-file=\"https:\/\/www.satokangas.fi\/blogi\/wp-content\/uploads\/Strasbourg-1.jpg\" data-orig-size=\"1024,599\" data-comments-opened=\"1\" data-image-meta=\"{&quot;aperture&quot;:&quot;10&quot;,&quot;credit&quot;:&quot;&quot;,&quot;camera&quot;:&quot;Canon EOS 5D Mark II&quot;,&quot;caption&quot;:&quot;&quot;,&quot;created_timestamp&quot;:&quot;1299258542&quot;,&quot;copyright&quot;:&quot;&quot;,&quot;focal_length&quot;:&quot;45&quot;,&quot;iso&quot;:&quot;100&quot;,&quot;shutter_speed&quot;:&quot;0.0166666666667&quot;,&quot;title&quot;:&quot;&quot;}\" data-image-title=\"Strasbourg 1\" data-image-description=\"\" data-image-caption=\"\" data-large-file=\"https:\/\/www.satokangas.fi\/blogi\/wp-content\/uploads\/Strasbourg-1.jpg\" class=\"size-medium wp-image-10902 aligncenter\" title=\"Strasbourg 1\" src=\"https:\/\/www.satokangas.fi\/blogi\/wp-content\/uploads\/Strasbourg-1-500x292.jpg\" alt=\"\" width=\"500\" height=\"292\" srcset=\"https:\/\/www.satokangas.fi\/blogi\/wp-content\/uploads\/Strasbourg-1-500x292.jpg 500w, https:\/\/www.satokangas.fi\/blogi\/wp-content\/uploads\/Strasbourg-1-200x116.jpg 200w, https:\/\/www.satokangas.fi\/blogi\/wp-content\/uploads\/Strasbourg-1.jpg 1024w\" sizes=\"auto, (max-width: 500px) 100vw, 500px\" \/><\/a><\/p>\n<p>Nyt v\u00e4sytt\u00e4\u00e4, pieni tauko. Tyt\u00e4r on varannut meille illallispaikan. Sinne pienten unien j\u00e4lkeen.<\/p>\n<p><a href=\"https:\/\/www.satokangas.fi\/blogi\/wp-content\/uploads\/Strasbourg-128.jpg\"><img loading=\"lazy\" decoding=\"async\" data-attachment-id=\"10903\" data-permalink=\"https:\/\/www.satokangas.fi\/blogi\/2011\/03\/taalla-strassbourg\/strasbourg-128\/\" data-orig-file=\"https:\/\/www.satokangas.fi\/blogi\/wp-content\/uploads\/Strasbourg-128.jpg\" data-orig-size=\"768,990\" data-comments-opened=\"1\" data-image-meta=\"{&quot;aperture&quot;:&quot;10&quot;,&quot;credit&quot;:&quot;&quot;,&quot;camera&quot;:&quot;Canon EOS 5D Mark II&quot;,&quot;caption&quot;:&quot;&quot;,&quot;created_timestamp&quot;:&quot;1299257215&quot;,&quot;copyright&quot;:&quot;&quot;,&quot;focal_length&quot;:&quot;24&quot;,&quot;iso&quot;:&quot;400&quot;,&quot;shutter_speed&quot;:&quot;0.005&quot;,&quot;title&quot;:&quot;&quot;}\" data-image-title=\"Strasbourg 128\" data-image-description=\"\" data-image-caption=\"\" data-large-file=\"https:\/\/www.satokangas.fi\/blogi\/wp-content\/uploads\/Strasbourg-128.jpg\" class=\"aligncenter size-medium wp-image-10903\" title=\"Strasbourg 128\" src=\"https:\/\/www.satokangas.fi\/blogi\/wp-content\/uploads\/Strasbourg-128-310x400.jpg\" alt=\"\" width=\"310\" height=\"400\" srcset=\"https:\/\/www.satokangas.fi\/blogi\/wp-content\/uploads\/Strasbourg-128-310x400.jpg 310w, https:\/\/www.satokangas.fi\/blogi\/wp-content\/uploads\/Strasbourg-128-155x200.jpg 155w, https:\/\/www.satokangas.fi\/blogi\/wp-content\/uploads\/Strasbourg-128.jpg 768w\" sizes=\"auto, (max-width: 310px) 100vw, 310px\" \/><\/a><\/p>\n","protected":false},"excerpt":{"rendered":"<p>Klo 3.20 her\u00e4sin: nyt, juuri nyt on l\u00e4hdett\u00e4v\u00e4!\u00a0Ennen viitt\u00e4 matkalla lentokent\u00e4lle mielet\u00f6n lumipyry, ja navakahko tuuli saavat huolestumaan: l\u00e4hteek\u00f6 lento ajallaan, ehdit\u00e4\u00e4nk\u00f6 vaihtaa Stuttgartin koneeseen? Hyvin ehdittiin. Pieneeen Finncomin koneeseen meit\u00e4 nousi vain 22 matkustajaa. Olimme etuajassa perill\u00e4. Lentoaika Helsingissa pikkuisen rapiat kaksi tuntia. Aviksen toimistossa saksalainen tehokkuus toimi: v\u00e4kisinkin tuli verrattua autonvuokraukseen Roomassa viime kes\u00e4n\u00e4. Ja juuri kun kirjoittelimme &hellip; <\/p>\n","protected":false},"author":1,"featured_media":0,"comment_status":"open","ping_status":"open","sticky":false,"template":"","format":"standard","meta":{"jetpack_post_was_ever_published":false,"_jetpack_newsletter_access":"","_jetpack_dont_email_post_to_subs":false,"_jetpack_newsletter_tier_id":0,"_jetpack_memberships_contains_paywalled_content":false,"_jetpack_memberships_contains_paid_content":false,"footnotes":"","jetpack_publicize_message":"","jetpack_publicize_feature_enabled":true,"jetpack_social_post_already_shared":false,"jetpack_social_options":{"image_generator_settings":{"template":"highway","default_image_id":0,"font":"","enabled":false},"version":2}},"categories":[1],"tags":[51],"class_list":["post-10901","post","type-post","status-publish","format-standard","hentry","category-aiheeton","tag-alsace","latest_post"],"jetpack_publicize_connections":[],"jetpack_featured_media_url":"","jetpack_shortlink":"https:\/\/wp.me\/pr4p4-2PP","jetpack_sharing_enabled":true,"jetpack_likes_enabled":false,"jetpack-related-posts":[{"id":10988,"url":"https:\/\/www.satokangas.fi\/blogi\/2011\/03\/au-revoir\/","url_meta":{"origin":10901,"position":0},"title":"Au revoir!","author":"Reija","date":"11.3.2011","format":false,"excerpt":"Viikko mennyt, aika l\u00e4hte\u00e4 kotiin. Aamusella viel\u00e4 pieni \u00a0py\u00f6r\u00e4hdys kaupungilla... Kleberin aukio kovin autio. Piipahdus Galeries Lafayettessa. Juniorin tytt\u00f6yst\u00e4v\u00e4lle etsin syntt\u00e4rilahjaa\/tuliaista. En osannut ostaa, tytt\u00e4relle kuitenkin villatakin. Puolelta p\u00e4ivin luovutimme hotelli Hannongin huoneet ja ajelimme Paul Appelliin;\u00a0 opiskelija palasi asuntolaan ja sitten luennoillekin: Ranskassa on luentopakko. Ainakin Strasbourgin Management schoolissa\u2026","rel":"","context":"Kategoriassa &quot;Vanhemmuus&quot;","block_context":{"text":"Vanhemmuus","link":"https:\/\/www.satokangas.fi\/blogi\/category\/vanhemmuus\/"},"img":{"alt_text":"","src":"https:\/\/i0.wp.com\/www.satokangas.fi\/blogi\/wp-content\/uploads\/Kleberin-aukiolla2-500x328.jpg?resize=350%2C200&ssl=1","width":350,"height":200},"classes":[]},{"id":15903,"url":"https:\/\/www.satokangas.fi\/blogi\/2012\/12\/kansainvalistymisesta-ja-plan-b\/","url_meta":{"origin":10901,"position":1},"title":"Kansainv\u00e4listymisest\u00e4 ja Plan B.","author":"Reija","date":"4.12.2012","format":false,"excerpt":"Miksei pitk\u00e4nt\u00e4ht\u00e4imen suunnitelmaa voisi vaikka aikaistaa? Onko kansainv\u00e4listyminen ihan kaikilla el\u00e4m\u00e4nalueilla ihan v\u00e4ltt\u00e4m\u00e4t\u00f6nt\u00e4? Kyll\u00e4h\u00e4n tammikuussa Meksikoon l\u00e4htev\u00e4 tyt\u00e4r kertoi, kuinka h\u00e4nen meksikolainen yst\u00e4v\u00e4tt\u00e4rens\u00e4 oli viime lukuvuonna l\u00e4htenyt jo toisen kerran vaihtariksi, t\u00e4ll\u00e4 kertaa ei Meksikosta Eurooppaan, vaan Meksikosta Balille. Ja kuinka ollakkaan oli Balilla tavannut tavattoman mukavan ja komean nuoren\u2026","rel":"","context":"Kategoriassa &quot;Niit\u00e4 n\u00e4it\u00e4&quot;","block_context":{"text":"Niit\u00e4 n\u00e4it\u00e4","link":"https:\/\/www.satokangas.fi\/blogi\/category\/aiheeton\/"},"img":{"alt_text":"","src":"https:\/\/i0.wp.com\/www.satokangas.fi\/blogi\/wp-content\/uploads\/2012\/12\/4.jpg?resize=350%2C200&ssl=1","width":350,"height":200},"classes":[]},{"id":18897,"url":"https:\/\/www.satokangas.fi\/blogi\/2013\/09\/vain-lainaa-ja-niin-sen-pitaa-olla-vain\/","url_meta":{"origin":10901,"position":2},"title":"&#8221;vain lainaa, ja niin sen pit\u00e4\u00e4 olla vain&#8230;&#8221;","author":"Reija","date":"30.9.2013","format":false,"excerpt":"Nyt siit\u00e4 on kolme viikkoa. Siit\u00e4 kun kauniista syyssunnuntaista tuli itkun p\u00e4iv\u00e4, ja ilta, ja y\u00f6. Viikosta tuli itkun ja ik\u00e4v\u00e4n viikko. Silloin sunnuntaina tyt\u00e4r tuli reilusti ennen tavallista viikonlopun yhteist\u00e4 ruoka-aikaa kotikotiin. Kolmannessa lauseessa sanoi, ett\u00e4 \"Minulla on huomenna ty\u00f6haastattelu, - Skypell\u00e4. Meksikoon.\" Jotenkin jo heti tiesin, ett\u00e4 sinne\u2026","rel":"","context":"Kategoriassa &quot;Meksiko&quot;","block_context":{"text":"Meksiko","link":"https:\/\/www.satokangas.fi\/blogi\/category\/reissut\/meksiko\/"},"img":{"alt_text":"S MC-4","src":"https:\/\/i0.wp.com\/www.satokangas.fi\/blogi\/wp-content\/uploads\/2013\/09\/S-MC-4-600x395.jpg?resize=350%2C200&ssl=1","width":350,"height":200,"srcset":"https:\/\/i0.wp.com\/www.satokangas.fi\/blogi\/wp-content\/uploads\/2013\/09\/S-MC-4-600x395.jpg?resize=350%2C200&ssl=1 1x, https:\/\/i0.wp.com\/www.satokangas.fi\/blogi\/wp-content\/uploads\/2013\/09\/S-MC-4-600x395.jpg?resize=525%2C300&ssl=1 1.5x"},"classes":[]},{"id":16313,"url":"https:\/\/www.satokangas.fi\/blogi\/2013\/01\/maailman-laidalle-lahti-han\/","url_meta":{"origin":10901,"position":3},"title":"Maailman laidalle l\u00e4hti h\u00e4n","author":"Reija","date":"21.1.2013","format":false,"excerpt":"Viidelt\u00e4 halasin tytt\u00e4ren, - enkeleit\u00e4 el\u00e4m\u00e4\u00e4si, nautihan! T\u00e4m\u00e4 postaus pit\u00e4isi lukea niin ett\u00e4 taustalla soi t\u00e4m\u00e4 KLIKS Jos p\u00e4rj\u00e4\u00e4misell\u00e4 tarkoitetaan matkustamisesta, asioiden hoitamisesta ja arjen sujumisesta selvi\u00e4mist\u00e4, en min\u00e4 juurikaan huolissani ole.\u00a0\u00a0Kun olen katsellut ja my\u00f6t\u00e4el\u00e4nyt sit\u00e4, miten on opintonsa, ty\u00f6ns\u00e4, raha-asiansa ja asumisensa hoitanut, niin en ep\u00e4r\u00f6i, etteik\u00f6 ty\u00e4r\u2026","rel":"","context":"Kategoriassa &quot;Niit\u00e4 n\u00e4it\u00e4&quot;","block_context":{"text":"Niit\u00e4 n\u00e4it\u00e4","link":"https:\/\/www.satokangas.fi\/blogi\/category\/aiheeton\/"},"img":{"alt_text":"1-5","src":"https:\/\/i0.wp.com\/www.satokangas.fi\/blogi\/wp-content\/uploads\/2013\/01\/1-5-600x318.jpg?resize=350%2C200&ssl=1","width":350,"height":200,"srcset":"https:\/\/i0.wp.com\/www.satokangas.fi\/blogi\/wp-content\/uploads\/2013\/01\/1-5-600x318.jpg?resize=350%2C200&ssl=1 1x, https:\/\/i0.wp.com\/www.satokangas.fi\/blogi\/wp-content\/uploads\/2013\/01\/1-5-600x318.jpg?resize=525%2C300&ssl=1 1.5x"},"classes":[]},{"id":10879,"url":"https:\/\/www.satokangas.fi\/blogi\/2011\/03\/nuorten-opintoja\/","url_meta":{"origin":10901,"position":4},"title":"Nuorten opintoja","author":"Reija","date":"1.3.2011","format":false,"excerpt":"Juuri kun laittelin villapoolon ja -puseron pesuun, likoamaan, miettien samalla mit\u00e4 muuta pit\u00e4isi lomaviikkoa varten pest\u00e4 ja juuri kun pidin pient\u00e4 taukoa powerpointin \u00e4\u00e4relt\u00e4, tulee eilen viel\u00e4 Prahassa olleelta tytt\u00e4relt\u00e4 viesti: \" .. ollaan just l\u00e4htem\u00e4ss\u00e4 Wienist\u00e4 ja ollaan menossa kohti Bratislavaa, sinne on vaan joku tunnin matka. Oli kyll\u00e4\u2026","rel":"","context":"Kategoriassa &quot;Vanhemmuus&quot;","block_context":{"text":"Vanhemmuus","link":"https:\/\/www.satokangas.fi\/blogi\/category\/vanhemmuus\/"},"img":{"alt_text":"","src":"","width":0,"height":0},"classes":[]},{"id":10897,"url":"https:\/\/www.satokangas.fi\/blogi\/2011\/03\/pakkaamassa\/","url_meta":{"origin":10901,"position":5},"title":"Pakkaamassa","author":"Reija","date":"3.3.2011","format":false,"excerpt":"Aurinkolasit? Miss\u00e4 on aurinkolasit? Tarvinko niit\u00e4? S\u00e4\u00e4 Strasbourgissa? N\u00e4ytt\u00e4\u00e4 silt\u00e4, ett\u00e4 tarvitsen. Miss\u00e4 ne ovat? P\u00f6yd\u00e4ll\u00e4 on Anne Ollilan uusi kirja Historiasta, sukupuolesta ja kulttuurista, - ei en min\u00e4 sit\u00e4 tarvitse. Hyv\u00e4 kirja sin\u00e4ns\u00e4, mutta en sit\u00e4 ota. Enk\u00e4 Kaikki irti arjesta (Tiedep\u00e4ivien artikkelikooste) -kirjaa. En todellakaan nyt halua v\u00e4h\u00e4\u00e4n\u2026","rel":"","context":"Kategoriassa &quot;Niit\u00e4 n\u00e4it\u00e4&quot;","block_context":{"text":"Niit\u00e4 n\u00e4it\u00e4","link":"https:\/\/www.satokangas.fi\/blogi\/category\/aiheeton\/"},"img":{"alt_text":"","src":"","width":0,"height":0},"classes":[]}],"_links":{"self":[{"href":"https:\/\/www.satokangas.fi\/blogi\/wp-json\/wp\/v2\/posts\/10901","targetHints":{"allow":["GET"]}}],"collection":[{"href":"https:\/\/www.satokangas.fi\/blogi\/wp-json\/wp\/v2\/posts"}],"about":[{"href":"https:\/\/www.satokangas.fi\/blogi\/wp-json\/wp\/v2\/types\/post"}],"author":[{"embeddable":true,"href":"https:\/\/www.satokangas.fi\/blogi\/wp-json\/wp\/v2\/users\/1"}],"replies":[{"embeddable":true,"href":"https:\/\/www.satokangas.fi\/blogi\/wp-json\/wp\/v2\/comments?post=10901"}],"version-history":[{"count":0,"href":"https:\/\/www.satokangas.fi\/blogi\/wp-json\/wp\/v2\/posts\/10901\/revisions"}],"wp:attachment":[{"href":"https:\/\/www.satokangas.fi\/blogi\/wp-json\/wp\/v2\/media?parent=10901"}],"wp:term":[{"taxonomy":"category","embeddable":true,"href":"https:\/\/www.satokangas.fi\/blogi\/wp-json\/wp\/v2\/categories?post=10901"},{"taxonomy":"post_tag","embeddable":true,"href":"https:\/\/www.satokangas.fi\/blogi\/wp-json\/wp\/v2\/tags?post=10901"}],"curies":[{"name":"wp","href":"https:\/\/api.w.org\/{rel}","templated":true}]}}