{"id":10897,"date":"2011-03-03T21:13:44","date_gmt":"2011-03-03T19:13:44","guid":{"rendered":"https:\/\/www.satokangas.fi\/blogi\/?p=10897"},"modified":"2012-02-04T10:19:15","modified_gmt":"2012-02-04T08:19:15","slug":"pakkaamassa","status":"publish","type":"post","link":"https:\/\/www.satokangas.fi\/blogi\/2011\/03\/pakkaamassa\/","title":{"rendered":"Pakkaamassa"},"content":{"rendered":"<p>Aurinkolasit? Miss\u00e4 on aurinkolasit? Tarvinko niit\u00e4? S\u00e4\u00e4 Strasbourgissa? <a href=\"http:\/\/foreca.fi\/France\/Strasbourg\">N\u00e4ytt\u00e4\u00e4<\/a> silt\u00e4, ett\u00e4 tarvitsen. Miss\u00e4 ne ovat?<\/p>\n<p>P\u00f6yd\u00e4ll\u00e4 on Anne Ollilan uusi kirja <em>Historiasta, sukupuolesta ja kulttuurista<\/em>, &#8211; ei en min\u00e4 sit\u00e4 tarvitse. Hyv\u00e4 kirja sin\u00e4ns\u00e4, mutta en sit\u00e4 ota. Enk\u00e4 <em>Kaikki irti arjesta<\/em> (Tiedep\u00e4ivien artikkelikooste) -kirjaa. En todellakaan nyt halua v\u00e4h\u00e4\u00e4n aikaan Arjen historiaa! P\u00f6yd\u00e4ll\u00e4 on my\u00f6s\u00a0 Essi Avellanin <em>Matka Champagneen<\/em>. <em>Opas samppanjanyst\u00e4v\u00e4lle ja viinimatkailijalle<\/em> &#8211; sen min\u00e4 otan mukaan. Todellakin otan.<\/p>\n<p>Mutta ne aurinkolasit? Ent\u00e4 mit\u00e4 muuta? Huiveja. Kolme huivia: valkoinen, pinkki ja Burberryn harmaa villahuivi. Ja? Mustia ja harmaita housuja ja puseroita, villatakkeja. Niin ja liituraita. Hei me menn\u00e4\u00e4n Alsaceen, jossa on suhteellisesti eniten (pinta-ala\/m\u00e4\u00e4r\u00e4) huippuravintoloita! Ainakin kahdessa haluan k\u00e4yd\u00e4. Siis liituraita. Ei maastokamppeita, ei rantakamppeita. Kaupunkikamppeita vain.<\/p>\n<p>Luonnollisesti lentorahdin rajoissa juuri ja juuri mukaan mahtuva arsenaali tietotekniikkaa ja kamera vempaimineen. Ei muuten, mutta ihan teit\u00e4 varten, hyv\u00e4t blogissa piipahtajat! \ud83d\ude42<\/p>\n<p>Ja l\u00e4\u00e4kkeet. T\u00e4ss\u00e4 i\u00e4ss\u00e4 on jo tarpeen ottaa mukaan kohtuullinen m\u00e4\u00e4r\u00e4 l\u00e4\u00e4kkeit\u00e4. Itse asiassa eip\u00e4 juuri muuta kuin allergial\u00e4\u00e4kkeet.<\/p>\n<p>K\u00e4vin t\u00e4n\u00e4\u00e4n &#8211; kesken \u00a0hektisen ty\u00f6p\u00e4iv\u00e4n &#8211; allergial\u00e4\u00e4k\u00e4riss\u00e4. Vanhahko herrasmies, Oulun tunnetuimpia alan spesialisteja, otti minut vastaan, kirjoitti uudet kortisonisuihkeet ja histamiinit, &#8211; ja kun valittelin ongelmaani \u00e4\u00e4nen katomisesta (varsinkin jos oikein innostun puhumaan) niin h\u00e4n ei sanonut kuten <a title=\"Ty\u00f6terveysl\u00e4\u00e4k\u00e4riss\u00e4\" href=\"https:\/\/www.satokangas.fi\/blogi\/2010\/10\/tyoterveyslaakarissa\/\">ty\u00f6terveysl\u00e4\u00e4k\u00e4ri<\/a> syksyll\u00e4: &#8221;N\u00e4yt\u00e4 luennolla kuvia!&#8221;. Ei t\u00e4m\u00e4 gentleman ymm\u00e4rsi tilanteen ja juttelimme kaikenlaista, my\u00f6s yliopisto-opettamisesta laajemmastikin, ja muutamasta muustakin asiasta, ja niinh\u00e4n siin\u00e4 sitten normivastaanotolla vier\u00e4hti liki kolme varttia. Ja tied\u00e4ttek\u00f6 mit\u00e4? Ikin\u00e4 ennen minulle ei ole l\u00e4\u00e4k\u00e4ri sanonut, ett\u00e4 olipa mukava tavata! T\u00e4m\u00e4 sanoi. L\u00e4htiess\u00e4ni puristi l\u00e4mpim\u00e4sti k\u00e4tt\u00e4ni ja sanoi, ett\u00e4 olipa mukava tavata ja jutella. Ihanaa!<\/p>\n<p>Nyt on loma! Satunnainen matkailija l\u00e4htee aamuy\u00f6n tunteina perheen poikien kanssa kohti Helsinki\u00e4,\u00a0 Stuttgartia ja Strasbourgia. Tytt\u00e4ren tyk\u00f6! Se vasta ihanaa onkin.<\/p>\n<p>&nbsp;<\/p>\n<p>&nbsp;<\/p>\n","protected":false},"excerpt":{"rendered":"<p>Aurinkolasit? Miss\u00e4 on aurinkolasit? Tarvinko niit\u00e4? S\u00e4\u00e4 Strasbourgissa? N\u00e4ytt\u00e4\u00e4 silt\u00e4, ett\u00e4 tarvitsen. Miss\u00e4 ne ovat? P\u00f6yd\u00e4ll\u00e4 on Anne Ollilan uusi kirja Historiasta, sukupuolesta ja kulttuurista, &#8211; ei en min\u00e4 sit\u00e4 tarvitse. Hyv\u00e4 kirja sin\u00e4ns\u00e4, mutta en sit\u00e4 ota. Enk\u00e4 Kaikki irti arjesta (Tiedep\u00e4ivien artikkelikooste) -kirjaa. En todellakaan nyt halua v\u00e4h\u00e4\u00e4n aikaan Arjen historiaa! P\u00f6yd\u00e4ll\u00e4 on my\u00f6s\u00a0 Essi Avellanin Matka Champagneen. &hellip; <\/p>\n","protected":false},"author":1,"featured_media":0,"comment_status":"open","ping_status":"open","sticky":false,"template":"","format":"standard","meta":{"jetpack_post_was_ever_published":false,"_jetpack_newsletter_access":"","_jetpack_dont_email_post_to_subs":false,"_jetpack_newsletter_tier_id":0,"_jetpack_memberships_contains_paywalled_content":false,"_jetpack_memberships_contains_paid_content":false,"footnotes":"","jetpack_publicize_message":"","jetpack_publicize_feature_enabled":true,"jetpack_social_post_already_shared":false,"jetpack_social_options":{"image_generator_settings":{"template":"highway","default_image_id":0,"font":"","enabled":false},"version":2}},"categories":[1],"tags":[51],"class_list":["post-10897","post","type-post","status-publish","format-standard","hentry","category-aiheeton","tag-alsace","latest_post"],"jetpack_publicize_connections":[],"jetpack_featured_media_url":"","jetpack_shortlink":"https:\/\/wp.me\/pr4p4-2PL","jetpack_sharing_enabled":true,"jetpack_likes_enabled":false,"jetpack-related-posts":[{"id":13624,"url":"https:\/\/www.satokangas.fi\/blogi\/2012\/02\/levollisena-lappiin\/","url_meta":{"origin":10897,"position":0},"title":"Levollisena Lappiin","author":"Reija","date":"29.2.2012","format":false,"excerpt":"Nukuin huonosti, illalla my\u00f6h\u00e4\u00e4n viel\u00e4 ylikierroksia, paljon tunteita, paljon muistoja ja mietteit\u00e4. Tulevastakin. Ja samoissa merkeiss\u00e4 her\u00e4\u00e4n liian varhain, ehk\u00e4 viel\u00e4 v\u00e4h\u00e4n tautiinkin. Kovin huonosti olen viime y\u00f6t, viikot nukkunut, mutta silti t\u00e4n\u00e4\u00e4n on levollinen olo jo her\u00e4tess\u00e4. Pakkailen, \u00a0mietin miksen tehnyt sit\u00e4 eilen. Pakkaan kehnosti, paljon ei tarvitsisi muistaa,\u2026","rel":"","context":"Kategoriassa &quot;Niit\u00e4 n\u00e4it\u00e4&quot;","block_context":{"text":"Niit\u00e4 n\u00e4it\u00e4","link":"https:\/\/www.satokangas.fi\/blogi\/category\/aiheeton\/"},"img":{"alt_text":"","src":"","width":0,"height":0},"classes":[]},{"id":6368,"url":"https:\/\/www.satokangas.fi\/blogi\/2010\/03\/leppoisa-lauantai-dubain-malliin\/","url_meta":{"origin":10897,"position":1},"title":"Leppoisa lauantai Dubain malliin","author":"Reija","date":"13.3.2010","format":false,"excerpt":"P\u00e4iv\u00e4n ohjelmassa aurinkoa, Aquaventurea, esikoisen kanssa t\u00e4sm\u00e4isku City Centre Malliin. Tyt\u00e4r l\u00f6ysikin yht\u00e4 sun toista. Min\u00e4kin Ralph Lauren Polon pikeepaidan. New Arrivals ja silti hinta selke\u00e4sti alle Suomen hintojen. Monta muutakin harkitsemisen arvoista juttua n\u00e4in, mutta kun nyt en oikein jaksanut... Aurinkolasit (Paul Gartier) ostin. Ja harmitti kovasti kun ei\u2026","rel":"","context":"Kategoriassa &quot;Niit\u00e4 n\u00e4it\u00e4&quot;","block_context":{"text":"Niit\u00e4 n\u00e4it\u00e4","link":"https:\/\/www.satokangas.fi\/blogi\/category\/aiheeton\/"},"img":{"alt_text":"","src":"https:\/\/i0.wp.com\/www.satokangas.fi\/blogi\/wp-content\/uploads\/2010\/03\/Zizzuratilla-500x378.jpg?resize=350%2C200&ssl=1","width":350,"height":200},"classes":[]},{"id":13621,"url":"https:\/\/www.satokangas.fi\/blogi\/2012\/02\/juhlakirja-on-valmis-ja-julkistettu-historian-selkosilla\/","url_meta":{"origin":10897,"position":2},"title":"Juhlakirja on valmis ja julkistettu: Historian selkosilla","author":"Reija","date":"28.2.2012","format":false,"excerpt":"Julkkarit. T\u00e4n\u00e4\u00e4n oli juhlakirjan julkistamistilaisuus. \"Historian selkosilla\" on valmis. Kun akateemisen oppituolin haltija t\u00e4ytt\u00e4\u00e4 tasavuosia, on tapana, ett\u00e4 h\u00e4nelle kirjoitetaan juhlakirja. Ainakin meill\u00e4 humanisteilla on t\u00e4mm\u00f6inen tapa.\u00a0 Minun esimieheni on t\u00e4ytt\u00e4nyt tasavuosia jo jokunen vuosi sitten, mutta silloin h\u00e4n tiukasti kielsi juhlakirjan tekemisen. Emme antaneet periksi, vaan p\u00e4\u00e4timme oppiaineen piiriss\u00e4,\u2026","rel":"","context":"Kategoriassa &quot;Niit\u00e4 n\u00e4it\u00e4&quot;","block_context":{"text":"Niit\u00e4 n\u00e4it\u00e4","link":"https:\/\/www.satokangas.fi\/blogi\/category\/aiheeton\/"},"img":{"alt_text":"","src":"https:\/\/i0.wp.com\/www.satokangas.fi\/blogi\/wp-content\/uploads\/Vahtola2.jpg?resize=350%2C200&ssl=1","width":350,"height":200},"classes":[]},{"id":468,"url":"https:\/\/www.satokangas.fi\/blogi\/2008\/07\/ylellisesti-yksin\/","url_meta":{"origin":10897,"position":3},"title":"Ylellisesti yksin","author":"Reija","date":"1.7.2008","format":false,"excerpt":"Pehtoori k\u00e4ytti vanhempiaan Haaparannalla, tyt\u00e4r vietti viimeist\u00e4 yhteist\u00e4 lomap\u00e4iv\u00e4\u00e4 poikayst\u00e4v\u00e4ns\u00e4 kanssa, poika aloitti ty\u00f6t hautausmaalla ja min\u00e4 sain olla yksin iltap\u00e4iv\u00e4\u00e4n asti! Kes\u00e4mekko p\u00e4\u00e4lle, aurinkolasit silmille ja kotipiazzalle kirjoja mukana, ja viel\u00e4 Vivaldin Quattro Stagioni soimaan nupit kaakossa. Siin\u00e4p\u00e4\u00a0se!\u00a0","rel":"","context":"Kategoriassa &quot;Niit\u00e4 n\u00e4it\u00e4&quot;","block_context":{"text":"Niit\u00e4 n\u00e4it\u00e4","link":"https:\/\/www.satokangas.fi\/blogi\/category\/aiheeton\/"},"img":{"alt_text":"","src":"","width":0,"height":0},"classes":[]},{"id":32512,"url":"https:\/\/www.satokangas.fi\/blogi\/2017\/11\/yolla\/","url_meta":{"origin":10897,"position":4},"title":"Y\u00f6ll\u00e4","author":"Reija","date":"3.11.2017","format":false,"excerpt":"Silta yli synk\u00e4n virran Y\u00f6p\u00f6yd\u00e4n kello 3:52. Miksi aina tuo tuo *:52. Joko 12:52, 01:52, 02:52, 03:52, 04:52 mik\u00e4 on kaikkein pahin. Silloin ei todellakaan ole en\u00e4\u00e4 mit\u00e4\u00e4n j\u00e4rke\u00e4, toivoakaan, yritt\u00e4\u00e4k\u00e4\u00e4n en\u00e4\u00e4 nukahtaa. Mutta 3:52 taas kerran. Menenk\u00f6 vessaan? - En, koska viimeist\u00e4\u00e4n sitten her\u00e4\u00e4n niin, etten nukahda en\u00e4\u00e4 ollenkaan.\u00a0Ja\u2026","rel":"","context":"Kategoriassa &quot;Niit\u00e4 n\u00e4it\u00e4&quot;","block_context":{"text":"Niit\u00e4 n\u00e4it\u00e4","link":"https:\/\/www.satokangas.fi\/blogi\/category\/aiheeton\/"},"img":{"alt_text":"","src":"https:\/\/i0.wp.com\/www.satokangas.fi\/blogi\/wp-content\/uploads\/2017\/11\/Silta-yli-synk%C3%A4n-virran-3.jpg?resize=350%2C200&ssl=1","width":350,"height":200,"srcset":"https:\/\/i0.wp.com\/www.satokangas.fi\/blogi\/wp-content\/uploads\/2017\/11\/Silta-yli-synk%C3%A4n-virran-3.jpg?resize=350%2C200&ssl=1 1x, https:\/\/i0.wp.com\/www.satokangas.fi\/blogi\/wp-content\/uploads\/2017\/11\/Silta-yli-synk%C3%A4n-virran-3.jpg?resize=525%2C300&ssl=1 1.5x, https:\/\/i0.wp.com\/www.satokangas.fi\/blogi\/wp-content\/uploads\/2017\/11\/Silta-yli-synk%C3%A4n-virran-3.jpg?resize=700%2C400&ssl=1 2x"},"classes":[]},{"id":36292,"url":"https:\/\/www.satokangas.fi\/blogi\/2019\/04\/laukkusi-sisalta-kertoo-kaiken\/","url_meta":{"origin":10897,"position":5},"title":"Reppusi sis\u00e4lt\u00f6 kertoo kaiken?","author":"Reija","date":"24.4.2019","format":false,"excerpt":"Silloin 10 - 15 vuotta sitten, kun blogimaailma syntyi (tai ainakin min\u00e4 tulin siit\u00e4 tietoiseksi), blogeissa oli paljon kaikenlaisia haasteita: valokuva-, ruoka-, k\u00e4sity\u00f6-, runo-, lenkki-, kirja- yms. haasteita. Ja sitten sellaisia \"laita kuva ty\u00f6p\u00f6yd\u00e4st\u00e4si, j\u00e4\u00e4kaapistasi (sis\u00e4lt\u00e4), autostasi, huiveistasi, kirjahyllyst\u00e4si etc\". En oikein niit\u00e4 ymm\u00e4rt\u00e4nyt. Silloin seurailin aika monia, v\u00e4h\u00e4n samankaltaisia\u2026","rel":"","context":"Kategoriassa &quot;Bloggailu&quot;","block_context":{"text":"Bloggailu","link":"https:\/\/www.satokangas.fi\/blogi\/category\/bloggailu\/"},"img":{"alt_text":"","src":"https:\/\/i0.wp.com\/www.satokangas.fi\/blogi\/wp-content\/uploads\/2019\/04\/IMG_20190425_202640-1.jpg?resize=350%2C200&ssl=1","width":350,"height":200,"srcset":"https:\/\/i0.wp.com\/www.satokangas.fi\/blogi\/wp-content\/uploads\/2019\/04\/IMG_20190425_202640-1.jpg?resize=350%2C200&ssl=1 1x, https:\/\/i0.wp.com\/www.satokangas.fi\/blogi\/wp-content\/uploads\/2019\/04\/IMG_20190425_202640-1.jpg?resize=525%2C300&ssl=1 1.5x, https:\/\/i0.wp.com\/www.satokangas.fi\/blogi\/wp-content\/uploads\/2019\/04\/IMG_20190425_202640-1.jpg?resize=700%2C400&ssl=1 2x, https:\/\/i0.wp.com\/www.satokangas.fi\/blogi\/wp-content\/uploads\/2019\/04\/IMG_20190425_202640-1.jpg?resize=1050%2C600&ssl=1 3x, https:\/\/i0.wp.com\/www.satokangas.fi\/blogi\/wp-content\/uploads\/2019\/04\/IMG_20190425_202640-1.jpg?resize=1400%2C800&ssl=1 4x"},"classes":[]}],"_links":{"self":[{"href":"https:\/\/www.satokangas.fi\/blogi\/wp-json\/wp\/v2\/posts\/10897","targetHints":{"allow":["GET"]}}],"collection":[{"href":"https:\/\/www.satokangas.fi\/blogi\/wp-json\/wp\/v2\/posts"}],"about":[{"href":"https:\/\/www.satokangas.fi\/blogi\/wp-json\/wp\/v2\/types\/post"}],"author":[{"embeddable":true,"href":"https:\/\/www.satokangas.fi\/blogi\/wp-json\/wp\/v2\/users\/1"}],"replies":[{"embeddable":true,"href":"https:\/\/www.satokangas.fi\/blogi\/wp-json\/wp\/v2\/comments?post=10897"}],"version-history":[{"count":0,"href":"https:\/\/www.satokangas.fi\/blogi\/wp-json\/wp\/v2\/posts\/10897\/revisions"}],"wp:attachment":[{"href":"https:\/\/www.satokangas.fi\/blogi\/wp-json\/wp\/v2\/media?parent=10897"}],"wp:term":[{"taxonomy":"category","embeddable":true,"href":"https:\/\/www.satokangas.fi\/blogi\/wp-json\/wp\/v2\/categories?post=10897"},{"taxonomy":"post_tag","embeddable":true,"href":"https:\/\/www.satokangas.fi\/blogi\/wp-json\/wp\/v2\/tags?post=10897"}],"curies":[{"name":"wp","href":"https:\/\/api.w.org\/{rel}","templated":true}]}}