{"id":10892,"date":"2011-03-03T06:41:24","date_gmt":"2011-03-03T04:41:24","guid":{"rendered":"https:\/\/www.satokangas.fi\/blogi\/?p=10892"},"modified":"2011-03-03T06:42:07","modified_gmt":"2011-03-03T04:42:07","slug":"valokuvatorstai-inspiraationa-kuva","status":"publish","type":"post","link":"https:\/\/www.satokangas.fi\/blogi\/2011\/03\/valokuvatorstai-inspiraationa-kuva\/","title":{"rendered":"Valokuvatorstai: inspiraationa kuva"},"content":{"rendered":"<p style=\"text-align: center;\">T\u00e4ll\u00e4 viikolla valokuvatorstain inspiraationa on kuva<\/p>\n<p style=\"text-align: center;\"><a href=\"https:\/\/www.satokangas.fi\/blogi\/wp-content\/uploads\/Spiraali.jpg\"><img loading=\"lazy\" decoding=\"async\" data-attachment-id=\"10893\" data-permalink=\"https:\/\/www.satokangas.fi\/blogi\/2011\/03\/valokuvatorstai-inspiraationa-kuva\/spiraali\/\" data-orig-file=\"https:\/\/www.satokangas.fi\/blogi\/wp-content\/uploads\/Spiraali.jpg\" data-orig-size=\"640,491\" data-comments-opened=\"1\" data-image-meta=\"{&quot;aperture&quot;:&quot;0&quot;,&quot;credit&quot;:&quot;&quot;,&quot;camera&quot;:&quot;&quot;,&quot;caption&quot;:&quot;&quot;,&quot;created_timestamp&quot;:&quot;0&quot;,&quot;copyright&quot;:&quot;&quot;,&quot;focal_length&quot;:&quot;0&quot;,&quot;iso&quot;:&quot;0&quot;,&quot;shutter_speed&quot;:&quot;0&quot;,&quot;title&quot;:&quot;&quot;}\" data-image-title=\"Spiraali\" data-image-description=\"\" data-image-caption=\"\" data-large-file=\"https:\/\/www.satokangas.fi\/blogi\/wp-content\/uploads\/Spiraali.jpg\" class=\"size-medium wp-image-10893 aligncenter\" title=\"Spiraali\" src=\"https:\/\/www.satokangas.fi\/blogi\/wp-content\/uploads\/Spiraali-500x383.jpg\" alt=\"\" width=\"500\" height=\"383\" srcset=\"https:\/\/www.satokangas.fi\/blogi\/wp-content\/uploads\/Spiraali-500x383.jpg 500w, https:\/\/www.satokangas.fi\/blogi\/wp-content\/uploads\/Spiraali-200x153.jpg 200w, https:\/\/www.satokangas.fi\/blogi\/wp-content\/uploads\/Spiraali.jpg 640w\" sizes=\"auto, (max-width: 500px) 100vw, 500px\" \/><\/a><\/p>\n<p style=\"text-align: center;\"><em>&#8221;Nebular transition from spiral to annular&#8221; (vapaasti suomennettuna:  t\u00e4htisumun muuttuminen spiraalista rengasmaiseksi).<\/em><\/p>\n<p style=\"text-align: center;\">Kuva on amerikkalaisesta Popular Sience -lehdest\u00e4. Kyseiseen lehden sivuun  voi k\u00e4yd\u00e4 tutustumassa tarkemmini <a href=\"http:\/\/en.wikisource.org\/wiki\/Page:Popular_Science_Monthly_Volume_3.djvu\/143\">t\u00e4\u00e4ll\u00e4<\/a>.\u00a0Kuvan  l\u00e4hde: <a href=\"http:\/\/commons.wikimedia.org\/wiki\/File:PSM_V03_D143_Transition_from_spiral_to_annular.jpg\">Wikimedia  Commons<\/a>.<\/p>\n<p style=\"text-align: center;\">&nbsp;<\/p>\n<p style=\"text-align: center;\">Minun vastaukseni ei ole taivaalla, vaan meren pohjassa.<\/p>\n<p style=\"text-align: center;\">&nbsp;<\/p>\n<p style=\"text-align: center;\"><a href=\"https:\/\/www.satokangas.fi\/blogi\/wp-content\/uploads\/py\u00f6rre.jpg\"><img loading=\"lazy\" decoding=\"async\" class=\"size-large wp-image-10894 aligncenter\" title=\"py\u00f6rre\" src=\"https:\/\/www.satokangas.fi\/blogi\/wp-content\/uploads\/py\u00f6rre-682x1024.jpg\" alt=\"\" width=\"546\" height=\"819\" \/><\/a><\/p>\n<p>&nbsp;<\/p>\n","protected":false},"excerpt":{"rendered":"<p>T\u00e4ll\u00e4 viikolla valokuvatorstain inspiraationa on kuva &#8221;Nebular transition from spiral to annular&#8221; (vapaasti suomennettuna: t\u00e4htisumun muuttuminen spiraalista rengasmaiseksi). Kuva on amerikkalaisesta Popular Sience -lehdest\u00e4. Kyseiseen lehden sivuun voi k\u00e4yd\u00e4 tutustumassa tarkemmini t\u00e4\u00e4ll\u00e4.\u00a0Kuvan l\u00e4hde: Wikimedia Commons. &nbsp; Minun vastaukseni ei ole taivaalla, vaan meren pohjassa. &nbsp; &nbsp;<\/p>\n","protected":false},"author":1,"featured_media":0,"comment_status":"open","ping_status":"open","sticky":false,"template":"","format":"standard","meta":{"jetpack_post_was_ever_published":false,"_jetpack_newsletter_access":"","_jetpack_dont_email_post_to_subs":false,"_jetpack_newsletter_tier_id":0,"_jetpack_memberships_contains_paywalled_content":false,"_jetpack_memberships_contains_paid_content":false,"footnotes":"","jetpack_publicize_message":"","jetpack_publicize_feature_enabled":true,"jetpack_social_post_already_shared":false,"jetpack_social_options":{"image_generator_settings":{"template":"highway","default_image_id":0,"font":"","enabled":false},"version":2}},"categories":[21],"tags":[],"class_list":["post-10892","post","type-post","status-publish","format-standard","hentry","category-valokuvatorstai","latest_post"],"jetpack_publicize_connections":[],"jetpack_featured_media_url":"","jetpack_shortlink":"https:\/\/wp.me\/pr4p4-2PG","jetpack_sharing_enabled":true,"jetpack_likes_enabled":false,"jetpack-related-posts":[{"id":6491,"url":"https:\/\/www.satokangas.fi\/blogi\/2010\/03\/valokuvatorstai-runo-inspiraationa\/","url_meta":{"origin":10892,"position":0},"title":"Valokuvatorstai: runo inspiraationa","author":"Reija","date":"25.3.2010","format":false,"excerpt":"Valokuvatorstaissa haasteen antajana Caj Westerbergin runo kokoelmasta \"Uponnut Venetsia\" (Otava 1972). muistot kaikuvat loputtomina kuin vastakkaiset peilit eik\u00e4 niitten kautta voi astua kuin toisiin itsens\u00e4 kuviin,ulkona taivaanrannan t\u00e4hti, kumipallo, ja koira -------------------------------------------------------- K\u00e4sitin kovin konkreettisesti (kuva suurenee klikkaamalla)","rel":"","context":"Kategoriassa &quot;Valokuvatorstai&quot;","block_context":{"text":"Valokuvatorstai","link":"https:\/\/www.satokangas.fi\/blogi\/category\/valokuvaus\/valokuvatorstai\/"},"img":{"alt_text":"","src":"https:\/\/i0.wp.com\/www.satokangas.fi\/blogi\/wp-content\/uploads\/2010\/03\/peilien_valissa-500x363.jpg?resize=350%2C200&ssl=1","width":350,"height":200},"classes":[]},{"id":2098,"url":"https:\/\/www.satokangas.fi\/blogi\/2009\/01\/valokuvatorstai-vaikea-haaste\/","url_meta":{"origin":10892,"position":1},"title":"Valokuvatorstai: vaikea haaste","author":"Reija","date":"15.1.2009","format":false,"excerpt":"Haasteenamme on t\u00e4ll\u00e4 kertaa katkelma Marjo Niemen romaanista Miten niin valo (Otava 2008). \"L\u00e4hell\u00e4 oleviin ihmisiin on joskus pitk\u00e4 matka muiden kautta. Ihminen haluaa apua, ett\u00e4 joku n\u00e4kisi piilotetun, tiedostamattoman, syvimm\u00e4n. L\u00e4hell\u00e4 n\u00e4k\u00f6 h\u00e4vi\u00e4\u00e4, korvat muurautuvat umpeen. Mutta ettei aina tarvitsisi rakkaimmalle v\u00e4\u00e4nt\u00e4\u00e4 kaapelista, puhua kielill\u00e4, jokaisella, maalata talon sein\u00e4\u00e4n,\u2026","rel":"","context":"Kategoriassa &quot;Valokuvatorstai&quot;","block_context":{"text":"Valokuvatorstai","link":"https:\/\/www.satokangas.fi\/blogi\/category\/valokuvaus\/valokuvatorstai\/"},"img":{"alt_text":"Leivoin sinulle leiv\u00e4n. Ota lasi viini\u00e4... Kerro...","src":"https:\/\/i0.wp.com\/www.satokangas.fi\/blogi\/wp-content\/uploads\/2009\/01\/leip1-500x310.jpg?resize=350%2C200&ssl=1","width":350,"height":200},"classes":[]},{"id":41866,"url":"https:\/\/www.satokangas.fi\/blogi\/2021\/11\/nyt-ei-irtoa\/","url_meta":{"origin":10892,"position":2},"title":"Nyt ei irtoa!","author":"Reija","date":"8.11.2021","format":false,"excerpt":"T\u00e4ss\u00e4 pakatessa olen koettanut mietti\u00e4 juttuja, l\u00f6yt\u00e4\u00e4 inspiraatiota tarinoihin, muistella aiheita, joista olen aikonut kirjoittaa. Nope. Ei mit\u00e4\u00e4n t\u00e4h\u00e4n kohtaan passelia. Mik\u00e4 hyvin kuvaa p\u00e4iv\u00e4n aikaansaannoksiakin. Siisp\u00e4 huomiseen!","rel":"","context":"Kategoriassa &quot;Niit\u00e4 n\u00e4it\u00e4&quot;","block_context":{"text":"Niit\u00e4 n\u00e4it\u00e4","link":"https:\/\/www.satokangas.fi\/blogi\/category\/aiheeton\/"},"img":{"alt_text":"","src":"https:\/\/i0.wp.com\/www.satokangas.fi\/blogi\/wp-content\/uploads\/2021\/11\/20201106-20201106-FOTO5152-Edit-2-copy.jpg?resize=350%2C200&ssl=1","width":350,"height":200},"classes":[]},{"id":2899,"url":"https:\/\/www.satokangas.fi\/blogi\/2009\/03\/valokuvatorstai-keittio\/","url_meta":{"origin":10892,"position":3},"title":"Valokuvatorstai: Keitti\u00f6","author":"Reija","date":"26.3.2009","format":false,"excerpt":"Kuva keitti\u00f6st\u00e4, keitti\u00f6ss\u00e4 kuva (klikkaamalla suurenee). N\u00e4inkin digikuvia voi k\u00e4ytt\u00e4\u00e4.","rel":"","context":"Kategoriassa &quot;Valokuvatorstai&quot;","block_context":{"text":"Valokuvatorstai","link":"https:\/\/www.satokangas.fi\/blogi\/category\/valokuvaus\/valokuvatorstai\/"},"img":{"alt_text":"Kuva keitti\u00f6st\u00e4 ja keitti\u00f6ss\u00e4","src":"https:\/\/i0.wp.com\/www.satokangas.fi\/blogi\/wp-content\/uploads\/2009\/03\/keittio-500x360.jpg?resize=350%2C200&ssl=1","width":350,"height":200},"classes":[]},{"id":8402,"url":"https:\/\/www.satokangas.fi\/blogi\/2010\/09\/valokuvatorstai-ilo\/","url_meta":{"origin":10892,"position":4},"title":"Valokuvatorstai: Ilo","author":"Reija","date":"2.9.2010","format":false,"excerpt":"Valokuvatorstai on palannut. Ilo se on. Ja aiheena ILO! (Ilo suurenee klikkaamalla) __________________________ Tinden kommentin j\u00e4lkeen lis\u00e4ilen pari kuvaa paikasta, jossa nuo ilo-kivet ovat. Ja tuo R\u00f5\u00f6m-kivi paremmassa kuvassa. Sekin on kaiverrettu, vaikka jostakin kuvakulmasta n\u00e4ytt\u00e4\u00e4, ett\u00e4 kirjaimet on \"pursotettu\" kiven p\u00e4\u00e4lle. Kivet n\u00e4kyv\u00e4t tuossa alemmassa kuvassa keskell\u00e4 ylh\u00e4\u00e4ll\u00e4.","rel":"","context":"Kategoriassa &quot;Valokuvatorstai&quot;","block_context":{"text":"Valokuvatorstai","link":"https:\/\/www.satokangas.fi\/blogi\/category\/valokuvaus\/valokuvatorstai\/"},"img":{"alt_text":"","src":"https:\/\/i0.wp.com\/www.satokangas.fi\/blogi\/wp-content\/uploads\/ilo-500x353.jpg?resize=350%2C200&ssl=1","width":350,"height":200},"classes":[]},{"id":4137,"url":"https:\/\/www.satokangas.fi\/blogi\/2009\/08\/valokuvatorstai-jatka-kuvasta\/","url_meta":{"origin":10892,"position":5},"title":"Valokuvatorstai: Jatka kuvasta","author":"Reija","date":"27.8.2009","format":false,"excerpt":"Valokuvatorstaissa lukee t\u00e4n\u00e4 aamuna n\u00e4in: \"Haasteemme on allaoleva kuva. Katso kuvaa, jatka tarinaa. Mit\u00e4 tulee mieleen?\" Ja heti, v\u00e4ist\u00e4m\u00e4tt\u00e4 minulle tulee mieleen: tutti ja l\u00e4ht\u00f6. lakkiaiset ja l\u00e4ht\u00f6 ... Lapset l\u00e4htev\u00e4t erilaisista p\u00f6ydist\u00e4 erilailla eri i\u00e4ss\u00e4. Ja tarina jatkuu... lapset palaavat. M\u00f6kin nuotiopaikan p\u00f6yd\u00e4n \u00e4\u00e4reen nuoret tulevat takaisin... (kuvat suurenevat\u2026","rel":"","context":"Kategoriassa &quot;Valokuvatorstai&quot;","block_context":{"text":"Valokuvatorstai","link":"https:\/\/www.satokangas.fi\/blogi\/category\/valokuvaus\/valokuvatorstai\/"},"img":{"alt_text":"","src":"https:\/\/i0.wp.com\/www.satokangas.fi\/blogi\/wp-content\/uploads\/2009\/08\/tuttipoyta.jpg?resize=350%2C200&ssl=1","width":350,"height":200},"classes":[]}],"_links":{"self":[{"href":"https:\/\/www.satokangas.fi\/blogi\/wp-json\/wp\/v2\/posts\/10892","targetHints":{"allow":["GET"]}}],"collection":[{"href":"https:\/\/www.satokangas.fi\/blogi\/wp-json\/wp\/v2\/posts"}],"about":[{"href":"https:\/\/www.satokangas.fi\/blogi\/wp-json\/wp\/v2\/types\/post"}],"author":[{"embeddable":true,"href":"https:\/\/www.satokangas.fi\/blogi\/wp-json\/wp\/v2\/users\/1"}],"replies":[{"embeddable":true,"href":"https:\/\/www.satokangas.fi\/blogi\/wp-json\/wp\/v2\/comments?post=10892"}],"version-history":[{"count":0,"href":"https:\/\/www.satokangas.fi\/blogi\/wp-json\/wp\/v2\/posts\/10892\/revisions"}],"wp:attachment":[{"href":"https:\/\/www.satokangas.fi\/blogi\/wp-json\/wp\/v2\/media?parent=10892"}],"wp:term":[{"taxonomy":"category","embeddable":true,"href":"https:\/\/www.satokangas.fi\/blogi\/wp-json\/wp\/v2\/categories?post=10892"},{"taxonomy":"post_tag","embeddable":true,"href":"https:\/\/www.satokangas.fi\/blogi\/wp-json\/wp\/v2\/tags?post=10892"}],"curies":[{"name":"wp","href":"https:\/\/api.w.org\/{rel}","templated":true}]}}