{"id":10890,"date":"2011-03-02T20:43:44","date_gmt":"2011-03-02T18:43:44","guid":{"rendered":"https:\/\/www.satokangas.fi\/blogi\/?p=10890"},"modified":"2011-03-02T20:43:44","modified_gmt":"2011-03-02T18:43:44","slug":"kiireella-kohti-kevatta","status":"publish","type":"post","link":"https:\/\/www.satokangas.fi\/blogi\/2011\/03\/kiireella-kohti-kevatta\/","title":{"rendered":"Kiireell\u00e4 kohti kev\u00e4tt\u00e4"},"content":{"rendered":"<p>Maaliskuu! T\u00e4n\u00e4\u00e4n sen vasta oikein tajusi: l\u00e4mp\u00f6asteita. Ensimm\u00e4ist\u00e4 kertaa t\u00e4lle vuodelle kaipuu m\u00e4keen, olisi ollut huippukeli olla rinteess\u00e4. Tulee varmaa v\u00e4h\u00e4laskuisin talvi vuosikymmeneen. Mutta aina ei voi voittaa, ei edes joka kerta.<\/p>\n<p>Olisin niin halunnut ulos t\u00e4\u00e4ll\u00e4 cityss\u00e4kin, mutta kun ei ehdi. Yrit\u00e4n tehd\u00e4 kaiken t\u00e4hdellisimm\u00e4n alta pois. Eilisen kehityskeskustelun j\u00e4lkeen pit\u00e4isi viel\u00e4 t\u00e4ytell\u00e4 kaikenlaiset lanketetkin. Vaikka minun kehityskeskusteluni ovat nykyisess\u00e4 tilanteessa pikkuisen turhauttavia. Enk\u00e4 min\u00e4 n\u00e4k\u00f6j\u00e4\u00e4n kehityk\u00e4\u00e4n. Menin taas ottamaan &#8221;sellaisen pienen homman, olenhan min\u00e4 ennenkin sen tehnyt&#8221;. Miksen opi, miksen kehity?<\/p>\n<p>Ja nyt ei kehity t\u00e4m\u00e4k\u00e4\u00e4n juttu&#8230; huomiseen&#8230;<\/p>\n<p>&nbsp;<\/p>\n<p>&nbsp;<\/p>\n<p>&nbsp;<\/p>\n","protected":false},"excerpt":{"rendered":"<p>Maaliskuu! T\u00e4n\u00e4\u00e4n sen vasta oikein tajusi: l\u00e4mp\u00f6asteita. Ensimm\u00e4ist\u00e4 kertaa t\u00e4lle vuodelle kaipuu m\u00e4keen, olisi ollut huippukeli olla rinteess\u00e4. Tulee varmaa v\u00e4h\u00e4laskuisin talvi vuosikymmeneen. Mutta aina ei voi voittaa, ei edes joka kerta. Olisin niin halunnut ulos t\u00e4\u00e4ll\u00e4 cityss\u00e4kin, mutta kun ei ehdi. Yrit\u00e4n tehd\u00e4 kaiken t\u00e4hdellisimm\u00e4n alta pois. Eilisen kehityskeskustelun j\u00e4lkeen pit\u00e4isi viel\u00e4 t\u00e4ytell\u00e4 kaikenlaiset lanketetkin. Vaikka minun kehityskeskusteluni ovat &hellip; <\/p>\n","protected":false},"author":1,"featured_media":0,"comment_status":"open","ping_status":"open","sticky":false,"template":"","format":"standard","meta":{"jetpack_post_was_ever_published":false,"_jetpack_newsletter_access":"","_jetpack_dont_email_post_to_subs":false,"_jetpack_newsletter_tier_id":0,"_jetpack_memberships_contains_paywalled_content":false,"_jetpack_memberships_contains_paid_content":false,"footnotes":"","jetpack_publicize_message":"","jetpack_publicize_feature_enabled":true,"jetpack_social_post_already_shared":false,"jetpack_social_options":{"image_generator_settings":{"template":"highway","default_image_id":0,"font":"","enabled":false},"version":2}},"categories":[1],"tags":[],"class_list":["post-10890","post","type-post","status-publish","format-standard","hentry","category-aiheeton","latest_post"],"jetpack_publicize_connections":[],"jetpack_featured_media_url":"","jetpack_shortlink":"https:\/\/wp.me\/pr4p4-2PE","jetpack_sharing_enabled":true,"jetpack_likes_enabled":false,"jetpack-related-posts":[{"id":16741,"url":"https:\/\/www.satokangas.fi\/blogi\/2013\/03\/puhurointia\/","url_meta":{"origin":10890,"position":0},"title":"Puhurointia","author":"Reija","date":"12.3.2013","format":false,"excerpt":"Jokavuotiset kehityskeskustelut esimiehen kanssa on k\u00e4yty. Onhan niiss\u00e4 puolensa ja puolensa. Ei ole ollut ongelmia: kehityt\u00e4\u00e4n ja keskustellaan - eih\u00e4n siin\u00e4 mit\u00e4\u00e4n. Mutta ne arviointikaavakkeet ja tietoj\u00e4rjestelm\u00e4t, joiden puitteissa nuo \"keharit\" on k\u00e4yt\u00e4v\u00e4, aiheuttavat p\u00e4\u00e4nkivistyst\u00e4 ja erilaisia voimasanoja k\u00e4yt\u00e4vill\u00e4 ja ty\u00f6huoneissa. \u00a0Sit\u00e4 paitsi ne ovat taas muuttuneet. Juuri kun niiden\u2026","rel":"","context":"Kategoriassa &quot;Niit\u00e4 n\u00e4it\u00e4&quot;","block_context":{"text":"Niit\u00e4 n\u00e4it\u00e4","link":"https:\/\/www.satokangas.fi\/blogi\/category\/aiheeton\/"},"img":{"alt_text":"yl\u00f6s vai alas menossa","src":"https:\/\/i0.wp.com\/www.satokangas.fi\/blogi\/wp-content\/uploads\/2013\/03\/yl%C3%B6s-vai-alas-menossa-600x400.jpg?resize=350%2C200&ssl=1","width":350,"height":200,"srcset":"https:\/\/i0.wp.com\/www.satokangas.fi\/blogi\/wp-content\/uploads\/2013\/03\/yl%C3%B6s-vai-alas-menossa-600x400.jpg?resize=350%2C200&ssl=1 1x, https:\/\/i0.wp.com\/www.satokangas.fi\/blogi\/wp-content\/uploads\/2013\/03\/yl%C3%B6s-vai-alas-menossa-600x400.jpg?resize=525%2C300&ssl=1 1.5x"},"classes":[]},{"id":23886,"url":"https:\/\/www.satokangas.fi\/blogi\/2015\/02\/perjantaista-huolimatta-pienta-vaahtoamista\/","url_meta":{"origin":10890,"position":1},"title":"Perjantaista huolimatta pient\u00e4 vaahtoamista","author":"Reija","date":"13.2.2015","format":false,"excerpt":"Jo eilen illalla oli sellainen olo, ett\u00e4 t\u00e4ll\u00e4 viikolla on tullut tehdyksi tarpeeksi. Ett\u00e4 on varmaan viikonloppu... Niinp\u00e4 oli hyvin arveluttavaa, ymm\u00e4rr\u00e4nk\u00f6 ollenkaan t\u00f6ihin t\u00e4n\u00e4\u00e4n menn\u00e4. No ymm\u00e4rsin sittenkin. Ja olipa tavattoman rauhallinen duunip\u00e4iv\u00e4. Heti yhdentoista j\u00e4lkeen (!!) p\u00e4\u00e4sin kiinni niihin asioihin, joihin oli tarkoituskin. Miten niit\u00e4 kaikenmoisia kyselyj\u00e4, piipahtelijoita,\u2026","rel":"","context":"Kategoriassa &quot;Yliopistoel\u00e4m\u00e4\u00e4&quot;","block_context":{"text":"Yliopistoel\u00e4m\u00e4\u00e4","link":"https:\/\/www.satokangas.fi\/blogi\/category\/yliopistoelamaa\/"},"img":{"alt_text":"Helmikuu","src":"https:\/\/i0.wp.com\/www.satokangas.fi\/blogi\/wp-content\/uploads\/2015\/02\/Helmikuu-600x400.jpg?resize=350%2C200&ssl=1","width":350,"height":200,"srcset":"https:\/\/i0.wp.com\/www.satokangas.fi\/blogi\/wp-content\/uploads\/2015\/02\/Helmikuu-600x400.jpg?resize=350%2C200&ssl=1 1x, https:\/\/i0.wp.com\/www.satokangas.fi\/blogi\/wp-content\/uploads\/2015\/02\/Helmikuu-600x400.jpg?resize=525%2C300&ssl=1 1.5x"},"classes":[]},{"id":19436,"url":"https:\/\/www.satokangas.fi\/blogi\/2013\/11\/kuvaamisen-tuska\/","url_meta":{"origin":10890,"position":2},"title":"Kuvaamisen tuska","author":"Reija","date":"28.11.2013","format":false,"excerpt":"Kamera k\u00e4dess\u00e4 k\u00e4veleskelen pihalla ja sis\u00e4ll\u00e4. Sytyttelen kynttil\u00f6it\u00e4 ja etsin laatikoista rekvisiittaa, liinoja, tonttuja, harkitsen l\u00e4ht\u00f6\u00e4 kukkakauppaan, m\u00f6kin l\u00e4himets\u00e4st\u00e4 hyviss\u00e4 ajoin ker\u00e4tyt j\u00e4k\u00e4l\u00e4t kiert\u00e4v\u00e4t purkista ja korista toiseen, punaista, hopeaa, valkoista ja sitten sinist\u00e4kin taustaa, kynttil\u00e4\u00e4, nauhaa ja kartonkia. Leivon pienen kakunkin, hopeahileell\u00e4 muka koristelen, takkatulen sytyt\u00e4n, inspiraation antajaksi laitan\u2026","rel":"","context":"Kategoriassa &quot;Niit\u00e4 n\u00e4it\u00e4&quot;","block_context":{"text":"Niit\u00e4 n\u00e4it\u00e4","link":"https:\/\/www.satokangas.fi\/blogi\/category\/aiheeton\/"},"img":{"alt_text":"Adventterikalenteri 2012 kollaasi","src":"https:\/\/i0.wp.com\/www.satokangas.fi\/blogi\/wp-content\/uploads\/2013\/11\/Adventterikalenteri-2012-kollaasi-1438x1024.jpg?resize=350%2C200&ssl=1","width":350,"height":200,"srcset":"https:\/\/i0.wp.com\/www.satokangas.fi\/blogi\/wp-content\/uploads\/2013\/11\/Adventterikalenteri-2012-kollaasi-1438x1024.jpg?resize=350%2C200&ssl=1 1x, https:\/\/i0.wp.com\/www.satokangas.fi\/blogi\/wp-content\/uploads\/2013\/11\/Adventterikalenteri-2012-kollaasi-1438x1024.jpg?resize=525%2C300&ssl=1 1.5x"},"classes":[]},{"id":319,"url":"https:\/\/www.satokangas.fi\/blogi\/2007\/10\/suorituksia-aina-vaan-enko-jo-oppisi-pois\/","url_meta":{"origin":10890,"position":3},"title":"Suorituksia aina vaan &#8211; enk\u00f6 jo oppisi pois!","author":"Reija","date":"26.10.2007","format":false,"excerpt":"la 29.9. Mielett\u00f6m\u00e4n hieno ilma josta sain nauttia ulkona, pehtoori harjoitteli kokkauskurssin tuotoksia. su 30.9. Aamulla k\u00e4vin haudan siivoamassa ja iltap\u00e4iv\u00e4 oltiin BO:n kanssa Toscanassa. Ouluun ristorante, yesh! ma 1.10. Y\u00f6ll\u00e4 ukkonen ja p\u00e4iv\u00e4ll\u00e4 l\u00e4mmin: ilmastonmuutos tuntuu. Saara sai t\u00e4n\u00e4\u00e4n ajokortin. Olin kyydiss\u00e4, j\u00e4nnitti. ti 2.10. Harmauteen tuli \"Arjen historia\u2026","rel":"","context":"Kategoriassa &quot;Niit\u00e4 n\u00e4it\u00e4&quot;","block_context":{"text":"Niit\u00e4 n\u00e4it\u00e4","link":"https:\/\/www.satokangas.fi\/blogi\/category\/aiheeton\/"},"img":{"alt_text":"","src":"","width":0,"height":0},"classes":[]},{"id":4083,"url":"https:\/\/www.satokangas.fi\/blogi\/2009\/08\/tulevaisuus\/","url_meta":{"origin":10890,"position":4},"title":"Tulevaisuus?","author":"Reija","date":"21.8.2009","format":false,"excerpt":"About kymmenes kerta kun humanistisen tiedekunnan v\u00e4ki kokoontui p\u00e4iv\u00e4ksi (t\u00e4ll\u00e4 kertaa) Lasarettiin \"Miss\u00e4 menn\u00e4\u00e4n\" -tilaisuuteen. About kymmenes kerta kun meille kerrottiin, ett\u00e4 ollaan muutosvaiheessa, ollaan osa kehityst\u00e4, strategiat muuttuvat, tulosten mukaan jaetaan rahoitus (onko jaettu?!), ... \u00a0(vrt. viime vuosi) T\u00e4n\u00e4\u00e4n puhuttiin enemm\u00e4n tutkimuksesta kuin opetuksesta, joten en antanut itseni tuohtua.\u2026","rel":"","context":"Kategoriassa &quot;Yliopistoel\u00e4m\u00e4\u00e4&quot;","block_context":{"text":"Yliopistoel\u00e4m\u00e4\u00e4","link":"https:\/\/www.satokangas.fi\/blogi\/category\/yliopistoelamaa\/"},"img":{"alt_text":"","src":"","width":0,"height":0},"classes":[]},{"id":20568,"url":"https:\/\/www.satokangas.fi\/blogi\/2014\/03\/keharit-perjantaina\/","url_meta":{"origin":10890,"position":5},"title":"Keharit perjantaina","author":"Reija","date":"14.3.2014","format":false,"excerpt":"Taivas on t\u00e4hdess\u00e4. Pakastuu. Alkaa vaikuttaa maaliskuulta. Viel\u00e4 enemm\u00e4n tuntuu perjantailta. Tuntuu perjantailta kun p\u00e4iv\u00e4n on oikein huhkinut: kehityskeskusteluja varten tein lanketteja! Koko halavatun p\u00e4iv\u00e4n t\u00e4ytin lanketteja. Kehityskeskustelut ok, mutta lanketit!! Kaikenkarvaiset tietoj\u00e4rjestelm\u00e4t ovat enemm\u00e4n kuin rasittavia. Eiv\u00e4tk\u00e4 ainakaan helpota olemista, el\u00e4mist\u00e4, vaikka niin kai niiden pit\u00e4isi. T\u00f6iden j\u00e4lkeen, aika\u2026","rel":"","context":"Kategoriassa &quot;Niit\u00e4 n\u00e4it\u00e4&quot;","block_context":{"text":"Niit\u00e4 n\u00e4it\u00e4","link":"https:\/\/www.satokangas.fi\/blogi\/category\/aiheeton\/"},"img":{"alt_text":"pav","src":"https:\/\/i0.wp.com\/www.satokangas.fi\/blogi\/wp-content\/uploads\/2014\/03\/pav-600x396.jpg?resize=350%2C200&ssl=1","width":350,"height":200,"srcset":"https:\/\/i0.wp.com\/www.satokangas.fi\/blogi\/wp-content\/uploads\/2014\/03\/pav-600x396.jpg?resize=350%2C200&ssl=1 1x, https:\/\/i0.wp.com\/www.satokangas.fi\/blogi\/wp-content\/uploads\/2014\/03\/pav-600x396.jpg?resize=525%2C300&ssl=1 1.5x"},"classes":[]}],"_links":{"self":[{"href":"https:\/\/www.satokangas.fi\/blogi\/wp-json\/wp\/v2\/posts\/10890","targetHints":{"allow":["GET"]}}],"collection":[{"href":"https:\/\/www.satokangas.fi\/blogi\/wp-json\/wp\/v2\/posts"}],"about":[{"href":"https:\/\/www.satokangas.fi\/blogi\/wp-json\/wp\/v2\/types\/post"}],"author":[{"embeddable":true,"href":"https:\/\/www.satokangas.fi\/blogi\/wp-json\/wp\/v2\/users\/1"}],"replies":[{"embeddable":true,"href":"https:\/\/www.satokangas.fi\/blogi\/wp-json\/wp\/v2\/comments?post=10890"}],"version-history":[{"count":0,"href":"https:\/\/www.satokangas.fi\/blogi\/wp-json\/wp\/v2\/posts\/10890\/revisions"}],"wp:attachment":[{"href":"https:\/\/www.satokangas.fi\/blogi\/wp-json\/wp\/v2\/media?parent=10890"}],"wp:term":[{"taxonomy":"category","embeddable":true,"href":"https:\/\/www.satokangas.fi\/blogi\/wp-json\/wp\/v2\/categories?post=10890"},{"taxonomy":"post_tag","embeddable":true,"href":"https:\/\/www.satokangas.fi\/blogi\/wp-json\/wp\/v2\/tags?post=10890"}],"curies":[{"name":"wp","href":"https:\/\/api.w.org\/{rel}","templated":true}]}}