{"id":10879,"date":"2011-03-01T20:04:00","date_gmt":"2011-03-01T18:04:00","guid":{"rendered":"https:\/\/www.satokangas.fi\/blogi\/?p=10879"},"modified":"2011-03-01T21:00:22","modified_gmt":"2011-03-01T19:00:22","slug":"nuorten-opintoja","status":"publish","type":"post","link":"https:\/\/www.satokangas.fi\/blogi\/2011\/03\/nuorten-opintoja\/","title":{"rendered":"Nuorten opintoja"},"content":{"rendered":"<p>Juuri kun laittelin villapoolon ja -puseron pesuun, likoamaan, miettien samalla mit\u00e4 muuta pit\u00e4isi lomaviikkoa varten pest\u00e4 ja juuri kun pidin pient\u00e4 taukoa powerpointin \u00e4\u00e4relt\u00e4, tulee eilen viel\u00e4 Prahassa olleelta tytt\u00e4relt\u00e4 viesti: &#8221; .. ollaan just l\u00e4htem\u00e4ss\u00e4 Wienist\u00e4 ja ollaan menossa kohti Bratislavaa, sinne on vaan joku tunnin matka. Oli kyll\u00e4 sikahieno yliopisto t\u00e4\u00e4ll\u00e4, niinku Villa Borghese*, voisivat ottaa Oulussa mallia&#8221;.<\/p>\n<p>Ett\u00e4 sellaista menoa Strasbourgin Management Schoolin \u00a0vaihtariryhm\u00e4n lomaviikolla. Toivottavasti tyt\u00e4r ehtii peregrinaatioltaan** \u00a0Stuttgartiin (Finnair ei lenn\u00e4 Strasbourgiin joten siksi Saksan puolelle) perjantaiaamup\u00e4iv\u00e4ksi; olis mukava n\u00e4hd\u00e4 kun sinne sill\u00e4 t\u00f6in matkataan. Onkin niin ik\u00e4v\u00e4. Nyt kun matka on jo l\u00e4hell\u00e4 voi \u00e4\u00e4neen sanoa, kuinka ik\u00e4v\u00e4 onkaan ollut.<\/p>\n<p>Mutta onhan meill\u00e4 t\u00e4\u00e4ll\u00e4 onneksi ollut ilonamme t\u00e4m\u00e4 meid\u00e4n toisen vuosikerran abiturientti!. Joka on &#8211; ehk\u00e4 hieman yll\u00e4tt\u00e4enkin :), ainakin \u00e4itins\u00e4 yll\u00e4tt\u00e4nyt &#8211; saanut kaikki pakolliset lukion kurssit suoritetuksi! Sen historiankin. \ud83d\ude42 Ja t\u00e4n\u00e4 vuonna, siis vuoden vaihteen j\u00e4lkeen,\u00a0 arvosanat pojan omaksikin h\u00e4mm\u00e4stykseksi parempia kuin lukiossa juuri koskaan aiemmin. Yritin vihjailla jotain, ett\u00e4 olisiko lukemisella ollut vaikutusta asiaan? Ei tunnusta poika sellaista. Ihan sama. Kurssit l\u00e4pi. \u00a0Hyv\u00e4.<\/p>\n<p>_________________________________<\/p>\n<p>* Villa Borghesessa, Roomassa k\u00e4ytiin tytt\u00e4ren kanssa kaksistaan pitk\u00e4n\u00e4perjantaina vuonna 2003.\u00a0<span style=\"color: #888888;\">Lainaus matkap\u00e4iv\u00e4kirjasta: &#8221;Museorakennus on Borghese suvun renessanssipalatsi, joka suunniteltiin kestitys- ja huvik\u00e4ytt\u00f6\u00f6n. Kattomaalauksissa olikin Bacchuksia pilvin pimein. Berninin veistokset (mm. Daphne ja Apollo) olivat herkki\u00e4, kauniita, mutta eniten pidin Antonio Canovan veist\u00e4m\u00e4st\u00e4 Napoleonin sisaresta. Kaikkiaan museo oli ehdottomasti hienoimpia museoita, joissa olen k\u00e4ynyt.&#8221; <\/span><\/p>\n<p>**Harvalukuisten suomalaistenkin aatelisnuorukaisten &#8221;koulutusohjelmaan&#8221; kuului 1700-luvulla peregrinaatio, kiertomatka Eurooppaan, jonka puitteissa saatettiin vierailla useammassakin yliopistossa.<\/p>\n","protected":false},"excerpt":{"rendered":"<p>Juuri kun laittelin villapoolon ja -puseron pesuun, likoamaan, miettien samalla mit\u00e4 muuta pit\u00e4isi lomaviikkoa varten pest\u00e4 ja juuri kun pidin pient\u00e4 taukoa powerpointin \u00e4\u00e4relt\u00e4, tulee eilen viel\u00e4 Prahassa olleelta tytt\u00e4relt\u00e4 viesti: &#8221; .. ollaan just l\u00e4htem\u00e4ss\u00e4 Wienist\u00e4 ja ollaan menossa kohti Bratislavaa, sinne on vaan joku tunnin matka. Oli kyll\u00e4 sikahieno yliopisto t\u00e4\u00e4ll\u00e4, niinku Villa Borghese*, voisivat ottaa Oulussa mallia&#8221;. &hellip; <\/p>\n","protected":false},"author":1,"featured_media":0,"comment_status":"open","ping_status":"open","sticky":false,"template":"","format":"standard","meta":{"jetpack_post_was_ever_published":false,"_jetpack_newsletter_access":"","_jetpack_dont_email_post_to_subs":false,"_jetpack_newsletter_tier_id":0,"_jetpack_memberships_contains_paywalled_content":false,"_jetpack_memberships_contains_paid_content":false,"footnotes":"","jetpack_publicize_message":"","jetpack_publicize_feature_enabled":true,"jetpack_social_post_already_shared":false,"jetpack_social_options":{"image_generator_settings":{"template":"highway","default_image_id":0,"font":"","enabled":false},"version":2}},"categories":[22],"tags":[],"class_list":["post-10879","post","type-post","status-publish","format-standard","hentry","category-vanhemmuus","latest_post"],"jetpack_publicize_connections":[],"jetpack_featured_media_url":"","jetpack_shortlink":"https:\/\/wp.me\/pr4p4-2Pt","jetpack_sharing_enabled":true,"jetpack_likes_enabled":false,"jetpack-related-posts":[{"id":10632,"url":"https:\/\/www.satokangas.fi\/blogi\/2011\/02\/urasuunnitelmia\/","url_meta":{"origin":10879,"position":0},"title":"Urasuunnitelmia?","author":"Reija","date":"8.2.2011","format":false,"excerpt":"Julkaisivat Kalevassa tuon bannerikuvan, jonka otin sunnuntaina Tolvan kyl\u00e4ss\u00e4 matkalla Kuusamosta Posiolle. Se oli nyt toinen kerta kun julkaisivat ottamani kuvan. En ole kovin monta Kalevan lukijakuviin l\u00e4hett\u00e4nytk\u00e4\u00e4n, ja kaikki l\u00e4hett\u00e4m\u00e4ni taitavat olla pohjoisessa otettuja. Ja siit\u00e4p\u00e4 sitten taas tulikin mieleeni, kuinka Lapissa valo on kuvaajalle, ainakin minulle, suuremmoisen hyv\u00e4.\u2026","rel":"","context":"Kategoriassa &quot;Valokuvaus&quot;","block_context":{"text":"Valokuvaus","link":"https:\/\/www.satokangas.fi\/blogi\/category\/valokuvaus\/"},"img":{"alt_text":"","src":"","width":0,"height":0},"classes":[]},{"id":23976,"url":"https:\/\/www.satokangas.fi\/blogi\/2015\/02\/taas-kerran-matkalla-pohjoiseen-choco-deli\/","url_meta":{"origin":10879,"position":1},"title":"Taas kerran: matkalla pohjoiseen (Choco Deli)","author":"Reija","date":"27.2.2015","format":false,"excerpt":"Ihan sula tie Kemiin asti, ja Rovaniemelle. Ei juuri liikennett\u00e4. Paitsi juuri ne, jotka ajaa 74 km\/h kahdeksankympin rajoitusalueella. Mutta mihinp\u00e4 meill\u00e4 kiire. Rovaniemell\u00e4 huomaan, ett\u00e4 liikennej\u00e4rjestelyt ovat uusimisen alla, paljon tiet\u00f6it\u00e4. Mutta ihan sama. Puolelta p\u00e4ivin siell\u00e4 ollessa jo taas kova n\u00e4lk\u00e4; t\u00e4m\u00e4 katarriko se aiheuttaa, ett\u00e4 voisin sy\u00f6d\u00e4\u2026","rel":"","context":"Kategoriassa &quot;Niit\u00e4 n\u00e4it\u00e4&quot;","block_context":{"text":"Niit\u00e4 n\u00e4it\u00e4","link":"https:\/\/www.satokangas.fi\/blogi\/category\/aiheeton\/"},"img":{"alt_text":"Chocodeli-5","src":"https:\/\/i0.wp.com\/www.satokangas.fi\/blogi\/wp-content\/uploads\/2015\/02\/Chocodeli-5-400x400.jpg?resize=350%2C200&ssl=1","width":350,"height":200},"classes":[]},{"id":54035,"url":"https:\/\/www.satokangas.fi\/blogi\/2026\/03\/kymppiviikko-melkein-yhta-juhlaa\/","url_meta":{"origin":10879,"position":2},"title":"Kymppiviikko &#8211; melkein yht\u00e4 juhlaa","author":"Reija","date":"7.3.2026","format":false,"excerpt":"Kymppiviikko lopuillaan. Maaliskuun ensimm\u00e4inen viikko on \u00b4aina\u00b4ollut meill\u00e4 \u00b4poikkeuksellinen\u00b4: jo 70-luvulla se merkitsi Saarisel\u00e4lle matkaamista, asuntovaunuel\u00e4m\u00e4\u00e4 lapsuuden perheen ja sittemmin my\u00f6s poikayst\u00e4v\u00e4n (tunnetaan nykyisin Pehtoorina) kanssa. Koululaisena, lukiolaisena, sitten jo yliopisto-opiskelijana kymppiviikko oli lomaviikko. Virkauralla, opettajana, yliopistossa ja lasten p\u00e4iv\u00e4koti- ja kouluvuosina kymppiviikko oli lomaviikko. Useimmiten pohjoisessa vietetty lomaviikko, muutaman\u2026","rel":"","context":"Kategoriassa &quot;Isovanhemmuus&quot;","block_context":{"text":"Isovanhemmuus","link":"https:\/\/www.satokangas.fi\/blogi\/category\/isovanhemmuus\/"},"img":{"alt_text":"","src":"https:\/\/i0.wp.com\/www.satokangas.fi\/blogi\/wp-content\/uploads\/2026\/03\/luistellen_-3.jpg?resize=350%2C200&ssl=1","width":350,"height":200,"srcset":"https:\/\/i0.wp.com\/www.satokangas.fi\/blogi\/wp-content\/uploads\/2026\/03\/luistellen_-3.jpg?resize=350%2C200&ssl=1 1x, https:\/\/i0.wp.com\/www.satokangas.fi\/blogi\/wp-content\/uploads\/2026\/03\/luistellen_-3.jpg?resize=525%2C300&ssl=1 1.5x"},"classes":[]},{"id":13436,"url":"https:\/\/www.satokangas.fi\/blogi\/2012\/02\/lomaviikko-alussa\/","url_meta":{"origin":10879,"position":3},"title":"Lomaviikko alussa","author":"Reija","date":"5.2.2012","format":false,"excerpt":"Matkaohjelmassa lukee n\u00e4in 1 P\u00c4IV\u00c4. Lento Helsinki \u2013 Teneriffa. Bussi n. 65 km. P\u00e4iv\u00e4llinen. Kaksi hotelliy\u00f6pymist\u00e4 Santa Cruz de Tenerifess\u00e4. Teneriffan lentokent\u00e4ll\u00e4 tapaat TEMA-matkaoppaan. Karun maiseman halki kulkevan bussimatkan j\u00e4lkeen saavumme Santa Cruz de Tenerifeen. Iltap\u00e4iv\u00e4 on omaa aikaa. Santa Cruzin rantakatu baareineen ja kahviloineen on k\u00e4velymatkan p\u00e4\u00e4ss\u00e4 hotellilta. _______________________\u2026","rel":"","context":"Kategoriassa &quot;Niit\u00e4 n\u00e4it\u00e4&quot;","block_context":{"text":"Niit\u00e4 n\u00e4it\u00e4","link":"https:\/\/www.satokangas.fi\/blogi\/category\/aiheeton\/"},"img":{"alt_text":"","src":"https:\/\/i0.wp.com\/www.satokangas.fi\/blogi\/wp-content\/uploads\/Santa-cruz-rannassa.jpg?resize=350%2C200&ssl=1","width":350,"height":200,"srcset":"https:\/\/i0.wp.com\/www.satokangas.fi\/blogi\/wp-content\/uploads\/Santa-cruz-rannassa.jpg?resize=350%2C200&ssl=1 1x, https:\/\/i0.wp.com\/www.satokangas.fi\/blogi\/wp-content\/uploads\/Santa-cruz-rannassa.jpg?resize=525%2C300&ssl=1 1.5x"},"classes":[]},{"id":10809,"url":"https:\/\/www.satokangas.fi\/blogi\/2011\/02\/tietotekniikka-rulettaa\/","url_meta":{"origin":10879,"position":4},"title":"Tietotekniikka rulettaa!","author":"Reija","date":"22.2.2011","format":false,"excerpt":"Tietotekniikka on ihmeellist\u00e4. Huomasin \u00a0- taas kerran - unohtaneeni ty\u00f6koneelle power pointin, joka oli tarkoitus ottaa kotiin mukaan. Huomenna aamukahdeksalta kun on luennon pito, joten olisi hyv\u00e4 kerrata juttu viel\u00e4. Tarvitseeko ajella Linnanmaalle? Ei, ei tarvi. VPN-yhteys t\u00e4st\u00e4 kotisorvista duunisorviin ja sielt\u00e4 \"imuttaminen\" kotiin. Helppo homma (valitettavasti homma ei toimi\u2026","rel":"","context":"Kategoriassa &quot;Niit\u00e4 n\u00e4it\u00e4&quot;","block_context":{"text":"Niit\u00e4 n\u00e4it\u00e4","link":"https:\/\/www.satokangas.fi\/blogi\/category\/aiheeton\/"},"img":{"alt_text":"","src":"https:\/\/i0.wp.com\/www.satokangas.fi\/blogi\/wp-content\/uploads\/Kolme-500x359.jpg?resize=350%2C200&ssl=1","width":350,"height":200},"classes":[]},{"id":34880,"url":"https:\/\/www.satokangas.fi\/blogi\/2018\/09\/miljoona-tietokilpailun-tulokset\/","url_meta":{"origin":10879,"position":5},"title":"Miljoona-tietokilpailun tulokset","author":"Reija","date":"23.9.2018","format":false,"excerpt":"Miljoonablogini (ehk\u00e4 voin nimitt\u00e4\u00e4 t\u00e4t\u00e4 n\u00e4in... ;) ) toinen juhla-arvonta on nyt valmis.\u00a0 Aluksi v\u00e4h\u00e4n pelk\u00e4sin, ett\u00e4 kukaan ei vastaa - kielt\u00e4m\u00e4tt\u00e4 v\u00e4h\u00e4n vaikeisiin kysymyksiin - tai ett\u00e4 vastauksia kysymyksiin ei blogistani l\u00f6ytyisik\u00e4\u00e4n.\u00a0 Tai ett\u00e4 kukaan ei haluaisi heitt\u00e4yty\u00e4 edes leikill\u00e4\u00e4n mukaan. Ja sitten alkoi vastauksia ilokseni tipahdella. Kes\u00e4kuvakisoihin monena\u2026","rel":"","context":"Kategoriassa &quot;Bloggailu&quot;","block_context":{"text":"Bloggailu","link":"https:\/\/www.satokangas.fi\/blogi\/category\/bloggailu\/"},"img":{"alt_text":"","src":"https:\/\/i0.wp.com\/www.satokangas.fi\/blogi\/wp-content\/uploads\/2018\/09\/kysymykset-1.jpg?resize=350%2C200&ssl=1","width":350,"height":200,"srcset":"https:\/\/i0.wp.com\/www.satokangas.fi\/blogi\/wp-content\/uploads\/2018\/09\/kysymykset-1.jpg?resize=350%2C200&ssl=1 1x, https:\/\/i0.wp.com\/www.satokangas.fi\/blogi\/wp-content\/uploads\/2018\/09\/kysymykset-1.jpg?resize=525%2C300&ssl=1 1.5x, https:\/\/i0.wp.com\/www.satokangas.fi\/blogi\/wp-content\/uploads\/2018\/09\/kysymykset-1.jpg?resize=700%2C400&ssl=1 2x, https:\/\/i0.wp.com\/www.satokangas.fi\/blogi\/wp-content\/uploads\/2018\/09\/kysymykset-1.jpg?resize=1050%2C600&ssl=1 3x"},"classes":[]}],"_links":{"self":[{"href":"https:\/\/www.satokangas.fi\/blogi\/wp-json\/wp\/v2\/posts\/10879","targetHints":{"allow":["GET"]}}],"collection":[{"href":"https:\/\/www.satokangas.fi\/blogi\/wp-json\/wp\/v2\/posts"}],"about":[{"href":"https:\/\/www.satokangas.fi\/blogi\/wp-json\/wp\/v2\/types\/post"}],"author":[{"embeddable":true,"href":"https:\/\/www.satokangas.fi\/blogi\/wp-json\/wp\/v2\/users\/1"}],"replies":[{"embeddable":true,"href":"https:\/\/www.satokangas.fi\/blogi\/wp-json\/wp\/v2\/comments?post=10879"}],"version-history":[{"count":0,"href":"https:\/\/www.satokangas.fi\/blogi\/wp-json\/wp\/v2\/posts\/10879\/revisions"}],"wp:attachment":[{"href":"https:\/\/www.satokangas.fi\/blogi\/wp-json\/wp\/v2\/media?parent=10879"}],"wp:term":[{"taxonomy":"category","embeddable":true,"href":"https:\/\/www.satokangas.fi\/blogi\/wp-json\/wp\/v2\/categories?post=10879"},{"taxonomy":"post_tag","embeddable":true,"href":"https:\/\/www.satokangas.fi\/blogi\/wp-json\/wp\/v2\/tags?post=10879"}],"curies":[{"name":"wp","href":"https:\/\/api.w.org\/{rel}","templated":true}]}}