{"id":10823,"date":"2011-02-24T07:50:38","date_gmt":"2011-02-24T05:50:38","guid":{"rendered":"https:\/\/www.satokangas.fi\/blogi\/?p=10823"},"modified":"2011-02-24T07:51:02","modified_gmt":"2011-02-24T05:51:02","slug":"valokuvatorstai-joku","status":"publish","type":"post","link":"https:\/\/www.satokangas.fi\/blogi\/2011\/02\/valokuvatorstai-joku\/","title":{"rendered":"Valokuvatorstai: Joku"},"content":{"rendered":"<p style=\"text-align: center;\">&#8221;T\u00e4ll\u00e4 viikolla kuvaillaan sanan &#8221;JOKU&#8221; inspiroimana.  Assosioikaa vapaasti :)&#8221;<\/p>\n<p style=\"text-align: center;\">Minun &#8221;Joku&#8221; on t\u00e4ss\u00e4. Klikkaamalla suurenee.<\/p>\n<p style=\"text-align: center;\"><a href=\"https:\/\/www.satokangas.fi\/blogi\/wp-content\/uploads\/Joku-_-.jpg\"><img loading=\"lazy\" decoding=\"async\" data-attachment-id=\"10825\" data-permalink=\"https:\/\/www.satokangas.fi\/blogi\/2011\/02\/valokuvatorstai-joku\/joku-_\/\" data-orig-file=\"https:\/\/www.satokangas.fi\/blogi\/wp-content\/uploads\/Joku-_-.jpg\" data-orig-size=\"733,1100\" data-comments-opened=\"1\" data-image-meta=\"{&quot;aperture&quot;:&quot;5&quot;,&quot;credit&quot;:&quot;&quot;,&quot;camera&quot;:&quot;Canon EOS 450D&quot;,&quot;caption&quot;:&quot;&quot;,&quot;created_timestamp&quot;:&quot;1256048618&quot;,&quot;copyright&quot;:&quot;&quot;,&quot;focal_length&quot;:&quot;105&quot;,&quot;iso&quot;:&quot;200&quot;,&quot;shutter_speed&quot;:&quot;0.01&quot;,&quot;title&quot;:&quot;&quot;}\" data-image-title=\"Joku _\" data-image-description=\"\" data-image-caption=\"\" data-large-file=\"https:\/\/www.satokangas.fi\/blogi\/wp-content\/uploads\/Joku-_--682x1024.jpg\" class=\"size-medium wp-image-10825 aligncenter\" title=\"Joku _\" src=\"https:\/\/www.satokangas.fi\/blogi\/wp-content\/uploads\/Joku-_--266x400.jpg\" alt=\"\" width=\"266\" height=\"400\" srcset=\"https:\/\/www.satokangas.fi\/blogi\/wp-content\/uploads\/Joku-_--266x400.jpg 266w, https:\/\/www.satokangas.fi\/blogi\/wp-content\/uploads\/Joku-_--133x200.jpg 133w, https:\/\/www.satokangas.fi\/blogi\/wp-content\/uploads\/Joku-_--682x1024.jpg 682w, https:\/\/www.satokangas.fi\/blogi\/wp-content\/uploads\/Joku-_-.jpg 733w\" sizes=\"auto, (max-width: 266px) 100vw, 266px\" \/><\/a><\/p>\n<p style=\"text-align: center;\">Muiden torstain &#8221;jokut&#8221; ovat <a href=\"http:\/\/inspis.vuodatus.net\/blog\/2827034\/1-6-haaste\/\">t\u00e4\u00e4ll\u00e4 <\/a><\/p>\n","protected":false},"excerpt":{"rendered":"<p>&#8221;T\u00e4ll\u00e4 viikolla kuvaillaan sanan &#8221;JOKU&#8221; inspiroimana. Assosioikaa vapaasti :)&#8221; Minun &#8221;Joku&#8221; on t\u00e4ss\u00e4. Klikkaamalla suurenee. Muiden torstain &#8221;jokut&#8221; ovat t\u00e4\u00e4ll\u00e4<\/p>\n","protected":false},"author":1,"featured_media":0,"comment_status":"open","ping_status":"open","sticky":false,"template":"","format":"standard","meta":{"jetpack_post_was_ever_published":false,"_jetpack_newsletter_access":"","_jetpack_dont_email_post_to_subs":false,"_jetpack_newsletter_tier_id":0,"_jetpack_memberships_contains_paywalled_content":false,"_jetpack_memberships_contains_paid_content":false,"footnotes":"","jetpack_publicize_message":"","jetpack_publicize_feature_enabled":true,"jetpack_social_post_already_shared":false,"jetpack_social_options":{"image_generator_settings":{"template":"highway","default_image_id":0,"font":"","enabled":false},"version":2}},"categories":[21],"tags":[],"class_list":["post-10823","post","type-post","status-publish","format-standard","hentry","category-valokuvatorstai","latest_post"],"jetpack_publicize_connections":[],"jetpack_featured_media_url":"","jetpack_shortlink":"https:\/\/wp.me\/pr4p4-2Oz","jetpack_sharing_enabled":true,"jetpack_likes_enabled":false,"jetpack-related-posts":[{"id":10732,"url":"https:\/\/www.satokangas.fi\/blogi\/2011\/02\/valokuvatorstai-rieha\/","url_meta":{"origin":10823,"position":0},"title":"Valokuvatorstai: rieha","author":"Reija","date":"17.2.2011","format":false,"excerpt":"Valokuvatorstain haasteessa lukee n\u00e4in: \"Lukionsa t\u00e4n\u00e4 vuonna p\u00e4\u00e4tt\u00e4v\u00e4t palelevat t\u00e4n\u00e4\u00e4n penkkareissaan auton lavalla. Heid\u00e4n innoittaminaan haasteemme t\u00e4\u00e4ll\u00e4 viikolla on rieha.\" Minulla tuli mieleen v\u00e4h\u00e4n l\u00e4mpim\u00e4mpi rieha. Satuttiin viime hein\u00e4kuun helteess\u00e4 Roomassa Piazza Venetsialle, juuri kun siell\u00e4 oli menossa joku rieha. Se ei ollut Berlusconia vastaan, mutta italialaiseen tapaan melua ja\u2026","rel":"","context":"Kategoriassa &quot;Valokuvatorstai&quot;","block_context":{"text":"Valokuvatorstai","link":"https:\/\/www.satokangas.fi\/blogi\/category\/valokuvaus\/valokuvatorstai\/"},"img":{"alt_text":"","src":"https:\/\/i0.wp.com\/www.satokangas.fi\/blogi\/wp-content\/uploads\/Rieha-Roomassa-1-500x350.jpg?resize=350%2C200&ssl=1","width":350,"height":200},"classes":[]},{"id":12963,"url":"https:\/\/www.satokangas.fi\/blogi\/2011\/12\/valokuvatorstai-ajan-takana\/","url_meta":{"origin":10823,"position":1},"title":"Valokuvatorstai: Ajan takana &#8211; &#8211;","author":"Reija","date":"1.12.2011","format":false,"excerpt":"\u00a0Joku istui vieress\u00e4 ja n\u00e4ytti minulle, mit\u00e4 oli kaiverrettu h\u00e4nen rannekellonsa taakse. Hyvin pienin kirjaimin. \u201dH\u00e4n jota odotat tulee pian\u201d siin\u00e4 luki. - Se on sitten ajan takana, min\u00e4 sanoin. - Siin\u00e4 lukee \u201dpian\u201d, h\u00e4n vastasi. - Mutta ne jotka odottavat eiv\u00e4t koskaan ehdi. Sen min\u00e4 sanoin ja ajattelin ett\u00e4\u2026","rel":"","context":"Kategoriassa &quot;Valokuvatorstai&quot;","block_context":{"text":"Valokuvatorstai","link":"https:\/\/www.satokangas.fi\/blogi\/category\/valokuvaus\/valokuvatorstai\/"},"img":{"alt_text":"","src":"https:\/\/i0.wp.com\/www.satokangas.fi\/blogi\/wp-content\/uploads\/ajan-takaa-544x400.jpg?resize=350%2C200&ssl=1","width":350,"height":200,"srcset":"https:\/\/i0.wp.com\/www.satokangas.fi\/blogi\/wp-content\/uploads\/ajan-takaa-544x400.jpg?resize=350%2C200&ssl=1 1x, https:\/\/i0.wp.com\/www.satokangas.fi\/blogi\/wp-content\/uploads\/ajan-takaa-544x400.jpg?resize=525%2C300&ssl=1 1.5x"},"classes":[]},{"id":2098,"url":"https:\/\/www.satokangas.fi\/blogi\/2009\/01\/valokuvatorstai-vaikea-haaste\/","url_meta":{"origin":10823,"position":2},"title":"Valokuvatorstai: vaikea haaste","author":"Reija","date":"15.1.2009","format":false,"excerpt":"Haasteenamme on t\u00e4ll\u00e4 kertaa katkelma Marjo Niemen romaanista Miten niin valo (Otava 2008). \"L\u00e4hell\u00e4 oleviin ihmisiin on joskus pitk\u00e4 matka muiden kautta. Ihminen haluaa apua, ett\u00e4 joku n\u00e4kisi piilotetun, tiedostamattoman, syvimm\u00e4n. L\u00e4hell\u00e4 n\u00e4k\u00f6 h\u00e4vi\u00e4\u00e4, korvat muurautuvat umpeen. Mutta ettei aina tarvitsisi rakkaimmalle v\u00e4\u00e4nt\u00e4\u00e4 kaapelista, puhua kielill\u00e4, jokaisella, maalata talon sein\u00e4\u00e4n,\u2026","rel":"","context":"Kategoriassa &quot;Valokuvatorstai&quot;","block_context":{"text":"Valokuvatorstai","link":"https:\/\/www.satokangas.fi\/blogi\/category\/valokuvaus\/valokuvatorstai\/"},"img":{"alt_text":"Leivoin sinulle leiv\u00e4n. Ota lasi viini\u00e4... Kerro...","src":"https:\/\/i0.wp.com\/www.satokangas.fi\/blogi\/wp-content\/uploads\/2009\/01\/leip1-500x310.jpg?resize=350%2C200&ssl=1","width":350,"height":200},"classes":[]},{"id":7393,"url":"https:\/\/www.satokangas.fi\/blogi\/2010\/06\/ultra-marine-ja-muita-historian-herkkuja\/","url_meta":{"origin":10823,"position":3},"title":"Ultra marine ja muita historian herkkuja","author":"Reija","date":"3.6.2010","format":false,"excerpt":"Torstai. Olisi ollut valokuvatorstaikin, mutta aiheena \"silkkaa jazzia\", eik\u00e4 minulla syttynyt kyll\u00e4 mink\u00e4\u00e4nlaista mielikuvaa. Ei mink\u00e4\u00e4nlaista. Aamusella oli sit\u00e4 paitsi tavallista v\u00e4hemm\u00e4n aikaa ja tavallista t\u00e4sm\u00e4llisemmin katseltava kelloa sill\u00e4 oli ehditt\u00e4v\u00e4 ajoissa hammasl\u00e4\u00e4k\u00e4riin. Nyt vuosihuolto on taas kestetty. Hammasl\u00e4\u00e4k\u00e4rist\u00e4 livahdin suoraan arkistoon: tutkimusapulaisen palkkausasioissa ja 1800-luvun tullausluetteloita lukiessa. On oikeastaan\u2026","rel":"","context":"Kategoriassa &quot;Historiaa&quot;","block_context":{"text":"Historiaa","link":"https:\/\/www.satokangas.fi\/blogi\/category\/historiaa\/"},"img":{"alt_text":"","src":"","width":0,"height":0},"classes":[]},{"id":4325,"url":"https:\/\/www.satokangas.fi\/blogi\/2009\/09\/valokuvatorstai-rajattu\/","url_meta":{"origin":10823,"position":4},"title":"Valokuvatorstai: Rajattu","author":"Reija","date":"10.9.2009","format":false,"excerpt":"Valokuvatorstaissa t\u00e4n\u00e4\u00e4n aiheena rajattu.","rel":"","context":"Kategoriassa &quot;Valokuvatorstai&quot;","block_context":{"text":"Valokuvatorstai","link":"https:\/\/www.satokangas.fi\/blogi\/category\/valokuvaus\/valokuvatorstai\/"},"img":{"alt_text":"","src":"https:\/\/i0.wp.com\/www.satokangas.fi\/blogi\/wp-content\/uploads\/2009\/09\/rajattu1.jpg?resize=350%2C200&ssl=1","width":350,"height":200,"srcset":"https:\/\/i0.wp.com\/www.satokangas.fi\/blogi\/wp-content\/uploads\/2009\/09\/rajattu1.jpg?resize=350%2C200&ssl=1 1x, https:\/\/i0.wp.com\/www.satokangas.fi\/blogi\/wp-content\/uploads\/2009\/09\/rajattu1.jpg?resize=525%2C300&ssl=1 1.5x"},"classes":[]},{"id":404,"url":"https:\/\/www.satokangas.fi\/blogi\/2008\/04\/valokuvatorstai-kotimainen\/","url_meta":{"origin":10823,"position":5},"title":"Valokuvatorstai: kotimainen","author":"Reija","date":"24.4.2008","format":false,"excerpt":"Juhannussauna Lapin y\u00f6tt\u00f6m\u00e4ss\u00e4 y\u00f6ss\u00e4.","rel":"","context":"Kategoriassa &quot;Valokuvatorstai&quot;","block_context":{"text":"Valokuvatorstai","link":"https:\/\/www.satokangas.fi\/blogi\/category\/valokuvaus\/valokuvatorstai\/"},"img":{"alt_text":"","src":"","width":0,"height":0},"classes":[]}],"_links":{"self":[{"href":"https:\/\/www.satokangas.fi\/blogi\/wp-json\/wp\/v2\/posts\/10823","targetHints":{"allow":["GET"]}}],"collection":[{"href":"https:\/\/www.satokangas.fi\/blogi\/wp-json\/wp\/v2\/posts"}],"about":[{"href":"https:\/\/www.satokangas.fi\/blogi\/wp-json\/wp\/v2\/types\/post"}],"author":[{"embeddable":true,"href":"https:\/\/www.satokangas.fi\/blogi\/wp-json\/wp\/v2\/users\/1"}],"replies":[{"embeddable":true,"href":"https:\/\/www.satokangas.fi\/blogi\/wp-json\/wp\/v2\/comments?post=10823"}],"version-history":[{"count":0,"href":"https:\/\/www.satokangas.fi\/blogi\/wp-json\/wp\/v2\/posts\/10823\/revisions"}],"wp:attachment":[{"href":"https:\/\/www.satokangas.fi\/blogi\/wp-json\/wp\/v2\/media?parent=10823"}],"wp:term":[{"taxonomy":"category","embeddable":true,"href":"https:\/\/www.satokangas.fi\/blogi\/wp-json\/wp\/v2\/categories?post=10823"},{"taxonomy":"post_tag","embeddable":true,"href":"https:\/\/www.satokangas.fi\/blogi\/wp-json\/wp\/v2\/tags?post=10823"}],"curies":[{"name":"wp","href":"https:\/\/api.w.org\/{rel}","templated":true}]}}