{"id":10799,"date":"2011-02-21T18:58:40","date_gmt":"2011-02-21T16:58:40","guid":{"rendered":"https:\/\/www.satokangas.fi\/blogi\/?p=10799"},"modified":"2011-02-21T22:07:23","modified_gmt":"2011-02-21T20:07:23","slug":"mikrohistoriaa","status":"publish","type":"post","link":"https:\/\/www.satokangas.fi\/blogi\/2011\/02\/mikrohistoriaa\/","title":{"rendered":"Mikrohistoriaa"},"content":{"rendered":"<p><span style=\"color: #251c1b;\">Sosiaalinen l\u00e4hestymistapa ja kulttuurihistoriallinen kontekstualisointi, Giovanni Levi ja Carlo Ginzburg &#8211; ja tietysti Natalie Zemon Davies, minulle sopivin n\u00e4ist\u00e4 &#8211; uuden sosiaalihistorian oppi\u00e4iti. Heid\u00e4n kanssaan olen p\u00e4iv\u00e4n viett\u00e4nyt.<\/span><\/p>\n<p><span style=\"color: #251c1b;\"> <\/span><\/p>\n<p>Keskiviikkona luennoin varmaan kymmenennen kerran mikrohistoriasta, olen lukenut er\u00e4\u00e4nkin aiheeseen liittyv\u00e4n kirjan, k\u00e4ytt\u00e4nyt tutkimustapaa, n\u00e4k\u00f6kulmaa ja mikrohistoriallista kontekstualisointia yhdess\u00e4 jos toisessa jutussani. Nyt kun &#8211; merkillisesti haikeana &#8211; t\u00e4t\u00e4 aihetta taas valmistelen opetettavaksi ja p\u00e4ivit\u00e4n tietojani tutkimussuuntauksen uusimmista k\u00e4\u00e4nteist\u00e4, mietin, jotta on oikeastaan ihme, ett\u00e4 en koskaan ole halunnut kirjoittaa kaunokirjallista teksti\u00e4, novelleja tai romaania. Ja ehk\u00e4 viel\u00e4 enemm\u00e4n ihmettelen sit\u00e4, ett\u00e4 en koskaan kouluaikoina tullut ajatelleeksi, ett\u00e4 voisin viett\u00e4\u00e4 ty\u00f6urani historian parissa.<\/p>\n<p style=\"text-align: center;\"><a href=\"https:\/\/www.satokangas.fi\/blogi\/wp-content\/uploads\/maisema.jpg\"><img loading=\"lazy\" decoding=\"async\" data-attachment-id=\"10801\" data-permalink=\"https:\/\/www.satokangas.fi\/blogi\/2011\/02\/mikrohistoriaa\/maisema\/\" data-orig-file=\"https:\/\/www.satokangas.fi\/blogi\/wp-content\/uploads\/maisema.jpg\" data-orig-size=\"700,286\" data-comments-opened=\"1\" data-image-meta=\"{&quot;aperture&quot;:&quot;4.5&quot;,&quot;credit&quot;:&quot;&quot;,&quot;camera&quot;:&quot;Canon EOS 5D Mark II&quot;,&quot;caption&quot;:&quot;&quot;,&quot;created_timestamp&quot;:&quot;1283963920&quot;,&quot;copyright&quot;:&quot;&quot;,&quot;focal_length&quot;:&quot;100&quot;,&quot;iso&quot;:&quot;100&quot;,&quot;shutter_speed&quot;:&quot;0.04&quot;,&quot;title&quot;:&quot;&quot;}\" data-image-title=\"maisema\" data-image-description=\"\" data-image-caption=\"\" data-large-file=\"https:\/\/www.satokangas.fi\/blogi\/wp-content\/uploads\/maisema.jpg\" class=\"aligncenter size-full wp-image-10801\" title=\"maisema\" src=\"https:\/\/www.satokangas.fi\/blogi\/wp-content\/uploads\/maisema.jpg\" alt=\"\" width=\"560\" height=\"229\" srcset=\"https:\/\/www.satokangas.fi\/blogi\/wp-content\/uploads\/maisema.jpg 700w, https:\/\/www.satokangas.fi\/blogi\/wp-content\/uploads\/maisema-200x81.jpg 200w, https:\/\/www.satokangas.fi\/blogi\/wp-content\/uploads\/maisema-500x204.jpg 500w\" sizes=\"auto, (max-width: 560px) 100vw, 560px\" \/><\/a><\/p>\n","protected":false},"excerpt":{"rendered":"<p>Sosiaalinen l\u00e4hestymistapa ja kulttuurihistoriallinen kontekstualisointi, Giovanni Levi ja Carlo Ginzburg &#8211; ja tietysti Natalie Zemon Davies, minulle sopivin n\u00e4ist\u00e4 &#8211; uuden sosiaalihistorian oppi\u00e4iti. Heid\u00e4n kanssaan olen p\u00e4iv\u00e4n viett\u00e4nyt. Keskiviikkona luennoin varmaan kymmenennen kerran mikrohistoriasta, olen lukenut er\u00e4\u00e4nkin aiheeseen liittyv\u00e4n kirjan, k\u00e4ytt\u00e4nyt tutkimustapaa, n\u00e4k\u00f6kulmaa ja mikrohistoriallista kontekstualisointia yhdess\u00e4 jos toisessa jutussani. Nyt kun &#8211; merkillisesti haikeana &#8211; t\u00e4t\u00e4 aihetta taas valmistelen &hellip; <\/p>\n","protected":false},"author":1,"featured_media":0,"comment_status":"open","ping_status":"open","sticky":false,"template":"","format":"standard","meta":{"jetpack_post_was_ever_published":false,"_jetpack_newsletter_access":"","_jetpack_dont_email_post_to_subs":false,"_jetpack_newsletter_tier_id":0,"_jetpack_memberships_contains_paywalled_content":false,"_jetpack_memberships_contains_paid_content":false,"footnotes":"","jetpack_publicize_message":"","jetpack_publicize_feature_enabled":true,"jetpack_social_post_already_shared":false,"jetpack_social_options":{"image_generator_settings":{"template":"highway","default_image_id":0,"font":"","enabled":false},"version":2}},"categories":[13],"tags":[],"class_list":["post-10799","post","type-post","status-publish","format-standard","hentry","category-historiaa","latest_post"],"jetpack_publicize_connections":[],"jetpack_featured_media_url":"","jetpack_shortlink":"https:\/\/wp.me\/pr4p4-2Ob","jetpack_sharing_enabled":true,"jetpack_likes_enabled":false,"jetpack-related-posts":[{"id":16224,"url":"https:\/\/www.satokangas.fi\/blogi\/2013\/01\/historiaa-paivan-verran\/","url_meta":{"origin":10799,"position":0},"title":"Historiaa p\u00e4iv\u00e4n verran","author":"Reija","date":"9.1.2013","format":false,"excerpt":"Historiaa voi kirjoittaa monella tavalla, moniin eri tarkoituksiin, mutta jos haluaa kirjoittaa ihmisen historian, on kerrottava ennen kaikkea se, mit\u00e4 tavalliselle ihmiselle tapahtui: miten he eliv\u00e4t, mit\u00e4 he ajattelivat, ja miten heid\u00e4n el\u00e4m\u00e4ns\u00e4 muuttui, jos muuttui, historian py\u00f6rteiss\u00e4. Ammattilaiset kutsuvat t\u00e4t\u00e4 l\u00e4hestymistapaa mikrohistoriaksi, mutta loppujen lopuksi se on ainoa historia\u2026","rel":"","context":"Kategoriassa &quot;Historiaa&quot;","block_context":{"text":"Historiaa","link":"https:\/\/www.satokangas.fi\/blogi\/category\/historiaa\/"},"img":{"alt_text":"muuttokirja","src":"https:\/\/i0.wp.com\/www.satokangas.fi\/blogi\/wp-content\/uploads\/2013\/01\/muuttokirja-600x390.jpg?resize=350%2C200&ssl=1","width":350,"height":200,"srcset":"https:\/\/i0.wp.com\/www.satokangas.fi\/blogi\/wp-content\/uploads\/2013\/01\/muuttokirja-600x390.jpg?resize=350%2C200&ssl=1 1x, https:\/\/i0.wp.com\/www.satokangas.fi\/blogi\/wp-content\/uploads\/2013\/01\/muuttokirja-600x390.jpg?resize=525%2C300&ssl=1 1.5x"},"classes":[]},{"id":9111,"url":"https:\/\/www.satokangas.fi\/blogi\/2010\/10\/tyoterveyslaakarissa\/","url_meta":{"origin":10799,"position":1},"title":"Ty\u00f6terveysl\u00e4\u00e4k\u00e4riss\u00e4","author":"Reija","date":"21.10.2010","format":false,"excerpt":"L: No p\u00e4iv\u00e4\u00e4! Mik\u00e4s se ongelma on? Mik\u00e4 vaivaa? M: Silm\u00e4t! Ne kutisevat, ovat kipe\u00e4t, turvonneet, ei tahdo n\u00e4hd\u00e4k\u00e4\u00e4n mit\u00e4\u00e4n kun luomet ovat niin turpeat ja arat. L: Jaahas, katsotaanpas. Ovatko ne nyt erilaiset kuin tavallisesti? M: No ovat. Enh\u00e4n min\u00e4 nyt t\u00e4m\u00e4n n\u00e4k\u00f6inen ole normaalisti [herra varjelkoon!], ja niiden\u2026","rel":"","context":"Kategoriassa &quot;Niit\u00e4 n\u00e4it\u00e4&quot;","block_context":{"text":"Niit\u00e4 n\u00e4it\u00e4","link":"https:\/\/www.satokangas.fi\/blogi\/category\/aiheeton\/"},"img":{"alt_text":"","src":"","width":0,"height":0},"classes":[]},{"id":15653,"url":"https:\/\/www.satokangas.fi\/blogi\/2012\/10\/helsingista-ouluun\/","url_meta":{"origin":10799,"position":2},"title":"Helsingist\u00e4 Ouluun","author":"Reija","date":"27.10.2012","format":false,"excerpt":"Helsingin aamu oli liki neitseellinen. J\u00e4tin hotelliaamiaisen v\u00e4liin, vein laukun rautatieaseman matkatavaras\u00e4ilytykseen ja l\u00e4hdin k\u00e4velylle torille, k\u00e4vin vanhassa kauppahallissa aamukahvilla - ja t\u00e4n\u00e4\u00e4n en en\u00e4\u00e4 kameraani hyl\u00e4nnyt. \u00a0Mietin ett\u00e4 tajuavatkohan helsinkil\u00e4iset, kuinka kaunis heid\u00e4n kaupunkinsa oikein onkaan. Aamuisin varsinkin. Kovin oli Espalla viel\u00e4 hiljaista. \u00a0Onnistuin (vihdoin) ottamaan kuvan siit\u00e4, kun\u2026","rel":"","context":"Kategoriassa &quot;Niit\u00e4 n\u00e4it\u00e4&quot;","block_context":{"text":"Niit\u00e4 n\u00e4it\u00e4","link":"https:\/\/www.satokangas.fi\/blogi\/category\/aiheeton\/"},"img":{"alt_text":"","src":"https:\/\/i0.wp.com\/www.satokangas.fi\/blogi\/wp-content\/uploads\/Helsingin-aamu-4-385x400.jpg?resize=350%2C200&ssl=1","width":350,"height":200},"classes":[]},{"id":47979,"url":"https:\/\/www.satokangas.fi\/blogi\/2023\/12\/iissa-joulukonsertissa-2\/","url_meta":{"origin":10799,"position":3},"title":"Iiss\u00e4 joulukonsertissa","author":"Reija","date":"11.12.2023","format":false,"excerpt":"Joulukonsertissa Iin kirkossa (vihitty k\u00e4ytt\u00f6\u00f6n 1950) oli hyvin erilainen tunnelma kuin Andalusian valtavissa katedraaleissa ja moskeijoissa. Konsertti oli yksi L\u00e4hiTapiola Pohjoisen juhlavuoden tapahtumista, jonne sain kutsun, koskapa olin pari vuotta \"asiantuntijateht\u00e4viss\u00e4\" juhlavuoden historiakirjaa teht\u00e4ess\u00e4. :) Konsertissa esiintyi Pohjan Laulun mieskuoro, jota vaikuttavasti johti Mihkel Koldits. Solistina esiintyi - kuoron kanssa\u2026","rel":"","context":"Kategoriassa &quot;Niit\u00e4 n\u00e4it\u00e4&quot;","block_context":{"text":"Niit\u00e4 n\u00e4it\u00e4","link":"https:\/\/www.satokangas.fi\/blogi\/category\/aiheeton\/"},"img":{"alt_text":"","src":"https:\/\/i0.wp.com\/www.satokangas.fi\/blogi\/wp-content\/uploads\/2023\/12\/Iin_kirkko-3.jpg?resize=350%2C200&ssl=1","width":350,"height":200,"srcset":"https:\/\/i0.wp.com\/www.satokangas.fi\/blogi\/wp-content\/uploads\/2023\/12\/Iin_kirkko-3.jpg?resize=350%2C200&ssl=1 1x, https:\/\/i0.wp.com\/www.satokangas.fi\/blogi\/wp-content\/uploads\/2023\/12\/Iin_kirkko-3.jpg?resize=525%2C300&ssl=1 1.5x, https:\/\/i0.wp.com\/www.satokangas.fi\/blogi\/wp-content\/uploads\/2023\/12\/Iin_kirkko-3.jpg?resize=700%2C400&ssl=1 2x"},"classes":[]},{"id":6923,"url":"https:\/\/www.satokangas.fi\/blogi\/2010\/04\/sinuhe-ja-mina\/","url_meta":{"origin":10799,"position":4},"title":"Sinuhe ja min\u00e4","author":"Reija","date":"20.4.2010","format":false,"excerpt":"Mika Waltarin Sinuhe on ehk\u00e4 yksi syy minun uravalinnalleni. Tosiasiassa on itse asiassa vahinko, ett\u00e4 koskaan p\u00e4\u00e4dyin historiaa lukemaan. No sen vahingon seurauksena olen vuosikymmeni\u00e4!! ollut p\u00e4iv\u00e4t historian parissa. Sinuhen vika? Lukioaikana luin Sinuhen suunnilleen yhdelt\u00e4 istumalta. Itse asiassa luin sen toisenkin kerran melkein heti per\u00e4\u00e4n. Tein \u00e4idinkielen tunnille esitelm\u00e4n\u2026","rel":"","context":"Kategoriassa &quot;Historiaa&quot;","block_context":{"text":"Historiaa","link":"https:\/\/www.satokangas.fi\/blogi\/category\/historiaa\/"},"img":{"alt_text":"","src":"","width":0,"height":0},"classes":[]},{"id":20100,"url":"https:\/\/www.satokangas.fi\/blogi\/2014\/01\/nippologiaa-huomiseksi\/","url_meta":{"origin":10799,"position":5},"title":"Nippologiaa huomiseksi","author":"Reija","date":"28.1.2014","format":false,"excerpt":"Mopoilla ei 1960-luvulla saanut ajaa ollenkaan \u00f6iseen aikaan. Pappa-Tunkat ja muut mopedit olivat vain p\u00e4iv\u00e4k\u00e4ytt\u00f6isi\u00e4; niill\u00e4 kun ei ollut lupa ajella iltakahdeksan ja aamukuuden v\u00e4lill\u00e4. Ent\u00e4s tiesittek\u00f6s sit\u00e4, ett\u00e4 1900-luvun alussa Suomen v\u00e4est\u00f6st\u00e4 yli puolet olivat alle 25-vuotiaita. Ja sitten vuosituhannen vaihtuessa, vuonna 2000, alle 25-vuotiaita oli en\u00e4\u00e4 35 prosenttia.\u2026","rel":"","context":"Kategoriassa &quot;Historiaa&quot;","block_context":{"text":"Historiaa","link":"https:\/\/www.satokangas.fi\/blogi\/category\/historiaa\/"},"img":{"alt_text":"_MG_5349","src":"https:\/\/i0.wp.com\/www.satokangas.fi\/blogi\/wp-content\/uploads\/2014\/01\/MG_5349-531x400.jpg?resize=350%2C200&ssl=1","width":350,"height":200,"srcset":"https:\/\/i0.wp.com\/www.satokangas.fi\/blogi\/wp-content\/uploads\/2014\/01\/MG_5349-531x400.jpg?resize=350%2C200&ssl=1 1x, https:\/\/i0.wp.com\/www.satokangas.fi\/blogi\/wp-content\/uploads\/2014\/01\/MG_5349-531x400.jpg?resize=525%2C300&ssl=1 1.5x"},"classes":[]}],"_links":{"self":[{"href":"https:\/\/www.satokangas.fi\/blogi\/wp-json\/wp\/v2\/posts\/10799","targetHints":{"allow":["GET"]}}],"collection":[{"href":"https:\/\/www.satokangas.fi\/blogi\/wp-json\/wp\/v2\/posts"}],"about":[{"href":"https:\/\/www.satokangas.fi\/blogi\/wp-json\/wp\/v2\/types\/post"}],"author":[{"embeddable":true,"href":"https:\/\/www.satokangas.fi\/blogi\/wp-json\/wp\/v2\/users\/1"}],"replies":[{"embeddable":true,"href":"https:\/\/www.satokangas.fi\/blogi\/wp-json\/wp\/v2\/comments?post=10799"}],"version-history":[{"count":0,"href":"https:\/\/www.satokangas.fi\/blogi\/wp-json\/wp\/v2\/posts\/10799\/revisions"}],"wp:attachment":[{"href":"https:\/\/www.satokangas.fi\/blogi\/wp-json\/wp\/v2\/media?parent=10799"}],"wp:term":[{"taxonomy":"category","embeddable":true,"href":"https:\/\/www.satokangas.fi\/blogi\/wp-json\/wp\/v2\/categories?post=10799"},{"taxonomy":"post_tag","embeddable":true,"href":"https:\/\/www.satokangas.fi\/blogi\/wp-json\/wp\/v2\/tags?post=10799"}],"curies":[{"name":"wp","href":"https:\/\/api.w.org\/{rel}","templated":true}]}}