{"id":10772,"date":"2011-02-20T19:00:20","date_gmt":"2011-02-20T17:00:20","guid":{"rendered":"https:\/\/www.satokangas.fi\/blogi\/?p=10772"},"modified":"2022-07-25T10:02:48","modified_gmt":"2022-07-25T07:02:48","slug":"kesat-talvet-kavelylla-kameran-kanssa","status":"publish","type":"post","link":"https:\/\/www.satokangas.fi\/blogi\/2011\/02\/kesat-talvet-kavelylla-kameran-kanssa\/","title":{"rendered":"Kes\u00e4t talvet k\u00e4velyll\u00e4 kameran kanssa"},"content":{"rendered":"<p>Kummasti alkoi t\u00e4n\u00e4\u00e4n tuntua ett\u00e4 toistan itse\u00e4ni&#8230; Pit\u00e4isik\u00f6h\u00e4n jo vaihtaa maisemaa&#8230;<\/p>\n<p style=\"text-align: center;\"><a href=\"https:\/\/www.satokangas.fi\/blogi\/wp-content\/uploads\/uimakoppi-talvi.jpg\"><img loading=\"lazy\" decoding=\"async\" data-attachment-id=\"10773\" data-permalink=\"https:\/\/www.satokangas.fi\/blogi\/2011\/02\/kesat-talvet-kavelylla-kameran-kanssa\/uimakoppi-talvi\/\" data-orig-file=\"https:\/\/www.satokangas.fi\/blogi\/wp-content\/uploads\/uimakoppi-talvi.jpg\" data-orig-size=\"600,900\" data-comments-opened=\"1\" data-image-meta=\"{&quot;aperture&quot;:&quot;13&quot;,&quot;credit&quot;:&quot;&quot;,&quot;camera&quot;:&quot;Canon EOS 5D Mark II&quot;,&quot;caption&quot;:&quot;&quot;,&quot;created_timestamp&quot;:&quot;1298115519&quot;,&quot;copyright&quot;:&quot;&quot;,&quot;focal_length&quot;:&quot;70&quot;,&quot;iso&quot;:&quot;400&quot;,&quot;shutter_speed&quot;:&quot;0.0025&quot;,&quot;title&quot;:&quot;&quot;}\" data-image-title=\"uimakoppi talvi\" data-image-description=\"\" data-image-caption=\"\" data-large-file=\"https:\/\/www.satokangas.fi\/blogi\/wp-content\/uploads\/uimakoppi-talvi.jpg\" class=\"size-medium wp-image-10773 aligncenter\" title=\"uimakoppi talvi\" src=\"https:\/\/www.satokangas.fi\/blogi\/wp-content\/uploads\/uimakoppi-talvi-266x400.jpg\" alt=\"\" width=\"266\" height=\"400\" srcset=\"https:\/\/www.satokangas.fi\/blogi\/wp-content\/uploads\/uimakoppi-talvi-266x400.jpg 266w, https:\/\/www.satokangas.fi\/blogi\/wp-content\/uploads\/uimakoppi-talvi-133x200.jpg 133w, https:\/\/www.satokangas.fi\/blogi\/wp-content\/uploads\/uimakoppi-talvi.jpg 600w\" sizes=\"auto, (max-width: 266px) 100vw, 266px\" \/><\/a><\/p>\n<p style=\"text-align: center;\">Roomaan vai m\u00f6kille? Sit\u00e4h\u00e4n sit\u00e4 meid\u00e4n pihalla pohditaan kes\u00e4t talvet<\/p>\n<p style=\"text-align: center;\">\n<p style=\"text-align: center;\">Periaatteessa kotipihan Huvilassa voisi olla talvellakin<\/p>\n<p style=\"text-align: center;\"><a href=\"https:\/\/www.satokangas.fi\/blogi\/wp-content\/uploads\/Huvila_talvi.jpg\"><img loading=\"lazy\" decoding=\"async\" data-attachment-id=\"10781\" data-permalink=\"https:\/\/www.satokangas.fi\/blogi\/2011\/02\/kesat-talvet-kavelylla-kameran-kanssa\/huvila_talvi\/\" data-orig-file=\"https:\/\/www.satokangas.fi\/blogi\/wp-content\/uploads\/Huvila_talvi.jpg\" data-orig-size=\"1000,565\" data-comments-opened=\"1\" data-image-meta=\"{&quot;aperture&quot;:&quot;16&quot;,&quot;credit&quot;:&quot;&quot;,&quot;camera&quot;:&quot;Canon EOS 5D Mark II&quot;,&quot;caption&quot;:&quot;&quot;,&quot;created_timestamp&quot;:&quot;1298203488&quot;,&quot;copyright&quot;:&quot;&quot;,&quot;focal_length&quot;:&quot;47&quot;,&quot;iso&quot;:&quot;400&quot;,&quot;shutter_speed&quot;:&quot;0.004&quot;,&quot;title&quot;:&quot;&quot;}\" data-image-title=\"Huvila_talvi\" data-image-description=\"\" data-image-caption=\"\" data-large-file=\"https:\/\/www.satokangas.fi\/blogi\/wp-content\/uploads\/Huvila_talvi.jpg\" class=\"size-medium wp-image-10781 aligncenter\" title=\"Huvila_talvi\" src=\"https:\/\/www.satokangas.fi\/blogi\/wp-content\/uploads\/Huvila_talvi-500x282.jpg\" alt=\"\" width=\"500\" height=\"282\" srcset=\"https:\/\/www.satokangas.fi\/blogi\/wp-content\/uploads\/Huvila_talvi-500x282.jpg 500w, https:\/\/www.satokangas.fi\/blogi\/wp-content\/uploads\/Huvila_talvi-200x113.jpg 200w, https:\/\/www.satokangas.fi\/blogi\/wp-content\/uploads\/Huvila_talvi.jpg 1000w\" sizes=\"auto, (max-width: 500px) 100vw, 500px\" \/><\/a><\/p>\n<p style=\"text-align: center;\">\n<p style=\"text-align: center;\">EIk\u00e4 talon toisellakaan puolella talvi n\u00e4yt\u00e4 niin lempe\u00e4lle kuin kes\u00e4, ei vaikka j\u00e4niksenj\u00e4ljet pehment\u00e4v\u00e4t tunnelmaa.<\/p>\n<p style=\"text-align: center;\"><a href=\"https:\/\/www.satokangas.fi\/blogi\/wp-content\/uploads\/Piazza_talvi.jpg\"><img loading=\"lazy\" decoding=\"async\" data-attachment-id=\"10783\" data-permalink=\"https:\/\/www.satokangas.fi\/blogi\/2011\/02\/kesat-talvet-kavelylla-kameran-kanssa\/piazza_talvi\/\" data-orig-file=\"https:\/\/www.satokangas.fi\/blogi\/wp-content\/uploads\/Piazza_talvi.jpg\" data-orig-size=\"1000,676\" data-comments-opened=\"1\" data-image-meta=\"{&quot;aperture&quot;:&quot;16&quot;,&quot;credit&quot;:&quot;&quot;,&quot;camera&quot;:&quot;Canon EOS 5D Mark II&quot;,&quot;caption&quot;:&quot;&quot;,&quot;created_timestamp&quot;:&quot;1298203432&quot;,&quot;copyright&quot;:&quot;&quot;,&quot;focal_length&quot;:&quot;35&quot;,&quot;iso&quot;:&quot;400&quot;,&quot;shutter_speed&quot;:&quot;0.005&quot;,&quot;title&quot;:&quot;&quot;}\" data-image-title=\"Piazza_talvi\" data-image-description=\"\" data-image-caption=\"\" data-large-file=\"https:\/\/www.satokangas.fi\/blogi\/wp-content\/uploads\/Piazza_talvi.jpg\" class=\"size-medium wp-image-10783 aligncenter\" title=\"Piazza_talvi\" src=\"https:\/\/www.satokangas.fi\/blogi\/wp-content\/uploads\/Piazza_talvi-500x338.jpg\" alt=\"\" width=\"500\" height=\"338\" srcset=\"https:\/\/www.satokangas.fi\/blogi\/wp-content\/uploads\/Piazza_talvi-500x338.jpg 500w, https:\/\/www.satokangas.fi\/blogi\/wp-content\/uploads\/Piazza_talvi-200x135.jpg 200w, https:\/\/www.satokangas.fi\/blogi\/wp-content\/uploads\/Piazza_talvi.jpg 1000w\" sizes=\"auto, (max-width: 500px) 100vw, 500px\" \/><\/a><a href=\"https:\/\/www.satokangas.fi\/blogi\/wp-content\/uploads\/Piazza_kesa.jpg\"><img loading=\"lazy\" decoding=\"async\" data-attachment-id=\"10784\" data-permalink=\"https:\/\/www.satokangas.fi\/blogi\/2011\/02\/kesat-talvet-kavelylla-kameran-kanssa\/piazza_kesa\/\" data-orig-file=\"https:\/\/www.satokangas.fi\/blogi\/wp-content\/uploads\/Piazza_kesa.jpg\" data-orig-size=\"1000,667\" data-comments-opened=\"1\" data-image-meta=\"{&quot;aperture&quot;:&quot;9&quot;,&quot;credit&quot;:&quot;&quot;,&quot;camera&quot;:&quot;Canon EOS 5D Mark II&quot;,&quot;caption&quot;:&quot;&quot;,&quot;created_timestamp&quot;:&quot;1280240747&quot;,&quot;copyright&quot;:&quot;&quot;,&quot;focal_length&quot;:&quot;20&quot;,&quot;iso&quot;:&quot;100&quot;,&quot;shutter_speed&quot;:&quot;0.01&quot;,&quot;title&quot;:&quot;&quot;}\" data-image-title=\"Piazza_kesa\" data-image-description=\"\" data-image-caption=\"\" data-large-file=\"https:\/\/www.satokangas.fi\/blogi\/wp-content\/uploads\/Piazza_kesa.jpg\" class=\"size-medium wp-image-10784 aligncenter\" title=\"Piazza_kesa\" src=\"https:\/\/www.satokangas.fi\/blogi\/wp-content\/uploads\/Piazza_kesa-500x333.jpg\" alt=\"\" width=\"500\" height=\"333\" srcset=\"https:\/\/www.satokangas.fi\/blogi\/wp-content\/uploads\/Piazza_kesa-500x333.jpg 500w, https:\/\/www.satokangas.fi\/blogi\/wp-content\/uploads\/Piazza_kesa-200x133.jpg 200w, https:\/\/www.satokangas.fi\/blogi\/wp-content\/uploads\/Piazza_kesa.jpg 1000w\" sizes=\"auto, (max-width: 500px) 100vw, 500px\" \/><\/a><\/p>\n<p style=\"text-align: center;\">T\u00e4n\u00e4\u00e4n olisi lenkill\u00e4 jo voinut menn\u00e4 j\u00e4\u00e4llekin.<\/p>\n<p style=\"text-align: center;\"><span style=\"color: #888888;\">(kaikki kuvat muuten suurenevat klikkaamalla) <\/span><\/p>\n<p style=\"text-align: center;\"><a href=\"https:\/\/www.satokangas.fi\/blogi\/wp-content\/uploads\/ilokivet-talvella.jpg\"><img loading=\"lazy\" decoding=\"async\" data-attachment-id=\"10793\" data-permalink=\"https:\/\/www.satokangas.fi\/blogi\/2011\/02\/kesat-talvet-kavelylla-kameran-kanssa\/ilokivet-talvella\/\" data-orig-file=\"https:\/\/www.satokangas.fi\/blogi\/wp-content\/uploads\/ilokivet-talvella.jpg\" data-orig-size=\"1100,637\" data-comments-opened=\"1\" data-image-meta=\"{&quot;aperture&quot;:&quot;16&quot;,&quot;credit&quot;:&quot;&quot;,&quot;camera&quot;:&quot;Canon EOS 5D Mark II&quot;,&quot;caption&quot;:&quot;&quot;,&quot;created_timestamp&quot;:&quot;1298205456&quot;,&quot;copyright&quot;:&quot;&quot;,&quot;focal_length&quot;:&quot;100&quot;,&quot;iso&quot;:&quot;400&quot;,&quot;shutter_speed&quot;:&quot;0.00125&quot;,&quot;title&quot;:&quot;&quot;}\" data-image-title=\"ilokivet talvella\" data-image-description=\"\" data-image-caption=\"\" data-large-file=\"https:\/\/www.satokangas.fi\/blogi\/wp-content\/uploads\/ilokivet-talvella.jpg\" class=\"size-medium wp-image-10793 aligncenter\" title=\"ilokivet talvella\" src=\"https:\/\/www.satokangas.fi\/blogi\/wp-content\/uploads\/ilokivet-talvella-500x289.jpg\" alt=\"\" width=\"500\" height=\"289\" srcset=\"https:\/\/www.satokangas.fi\/blogi\/wp-content\/uploads\/ilokivet-talvella-500x289.jpg 500w, https:\/\/www.satokangas.fi\/blogi\/wp-content\/uploads\/ilokivet-talvella-200x115.jpg 200w, https:\/\/www.satokangas.fi\/blogi\/wp-content\/uploads\/ilokivet-talvella.jpg 1100w\" sizes=\"auto, (max-width: 500px) 100vw, 500px\" \/><\/a><\/p>\n<p style=\"text-align: justify;\">Olin pitk\u00e4st\u00e4 aikaa (koti)merenrannassa .. ilokivet (<a href=\"https:\/\/www.satokangas.fi\/blogi\/2010\/09\/valokuvatorstai-ilo\/\">ks. t\u00e4\u00e4lt\u00e4<\/a>) n\u00e4kyiv\u00e4t hyvin, ja j\u00e4\u00e4ll\u00e4 oli jo muita lenkkeilij\u00f6it\u00e4, mutta minulla ei ollut kovasti en\u00e4\u00e4 aikaa: saimme systerin ja \u00e4idin ruokavieraaksi ja t\u00e4m\u00e4n viikonlopun ruokavire jatkui ja halusin laitella j\u00e4lkk\u00e4ri\u00e4kin (olettekos ennen kuulleetkaan creme brulee -vellist\u00e4? heh, mutta hyv\u00e4\u00e4 sekin oli :)). Uutena vuonna lahjaksi saamani R\u00f6slen tohotin eka kertaa k\u00e4yt\u00f6ss\u00e4: tehokas oli, minulle liiankin? Ja sitten tein amuseja. Tied\u00e4tteh\u00e4n: terveisi\u00e4 keitti\u00f6st\u00e4. Ja eik\u00f6h\u00e4n pojat (pehtoori &amp; juniori) onnistuneet niist\u00e4kin v\u00e4\u00e4nt\u00e4m\u00e4\u00e4n jonkun Las Palmas -jutun (sis\u00e4piirin huumoria). S\u00f6iv\u00e4t kuitenkin, ja pitiv\u00e4tkin. Eiv\u00e4t vaan voineet heti tunnustaa, jotta hyvi\u00e4 olivat.<\/p>\n<p style=\"text-align: justify;\">Valokuvaus ja ruoanlaitto, ulkoilu ja sosiaalinen kanssak\u00e4yminen ovat olleet viikonlopun syvint\u00e4 olemusta, ja v\u00e4hint\u00e4\u00e4nkin mukavia, mutta nyt jo huoli ensi viikon t\u00f6ist\u00e4&#8230; niit\u00e4 olisi ollut teht\u00e4v\u00e4, mutta olenko? H\u00f6psis!<\/p>\n","protected":false},"excerpt":{"rendered":"<p>Kummasti alkoi t\u00e4n\u00e4\u00e4n tuntua ett\u00e4 toistan itse\u00e4ni&#8230; Pit\u00e4isik\u00f6h\u00e4n jo vaihtaa maisemaa&#8230; Roomaan vai m\u00f6kille? Sit\u00e4h\u00e4n sit\u00e4 meid\u00e4n pihalla pohditaan kes\u00e4t talvet Periaatteessa kotipihan Huvilassa voisi olla talvellakin EIk\u00e4 talon toisellakaan puolella talvi n\u00e4yt\u00e4 niin lempe\u00e4lle kuin kes\u00e4, ei vaikka j\u00e4niksenj\u00e4ljet pehment\u00e4v\u00e4t tunnelmaa. T\u00e4n\u00e4\u00e4n olisi lenkill\u00e4 jo voinut menn\u00e4 j\u00e4\u00e4llekin. (kaikki kuvat muuten suurenevat klikkaamalla) Olin pitk\u00e4st\u00e4 aikaa (koti)merenrannassa .. ilokivet &hellip; <\/p>\n","protected":false},"author":1,"featured_media":0,"comment_status":"open","ping_status":"open","sticky":false,"template":"","format":"standard","meta":{"jetpack_post_was_ever_published":false,"_jetpack_newsletter_access":"","_jetpack_dont_email_post_to_subs":false,"_jetpack_newsletter_tier_id":0,"_jetpack_memberships_contains_paywalled_content":false,"_jetpack_memberships_contains_paid_content":false,"footnotes":"","jetpack_publicize_message":"","jetpack_publicize_feature_enabled":true,"jetpack_social_post_already_shared":false,"jetpack_social_options":{"image_generator_settings":{"template":"highway","default_image_id":0,"font":"","enabled":false},"version":2}},"categories":[37],"tags":[],"class_list":["post-10772","post","type-post","status-publish","format-standard","hentry","category-valokuvaus","latest_post"],"jetpack_publicize_connections":[],"jetpack_featured_media_url":"","jetpack_shortlink":"https:\/\/wp.me\/pr4p4-2NK","jetpack_sharing_enabled":true,"jetpack_likes_enabled":false,"jetpack-related-posts":[{"id":23620,"url":"https:\/\/www.satokangas.fi\/blogi\/2015\/01\/talvi\/","url_meta":{"origin":10772,"position":0},"title":"Talvi","author":"Reija","date":"10.1.2015","format":false,"excerpt":"Ihan talvi. Kylm\u00e4, vihmova tuuli, pakkasta toistakymment\u00e4 astetta, yht\u00e4kki\u00e4 lunta joka paikassa, - ja paljon! Ei mit\u00e4\u00e4n tunnelmallista \"talven ihmemaa\" saatikka \"white christmas\" -fiilistely\u00e4, vaan kylm\u00e4, raaka, pime\u00e4 kaukana kev\u00e4\u00e4st\u00e4 oleva t-a-l-v-i. Leivinuunin l\u00e4mp\u00f6, hyv\u00e4 ruoka (merkillinen \"pakko-saada-pihvi\u00e4\" -tunne iski aamulla kaupassa) ja punaviini (en edes muista, mill\u00e4 itselleni perustelin\u2026","rel":"","context":"Kategoriassa &quot;Niit\u00e4 n\u00e4it\u00e4&quot;","block_context":{"text":"Niit\u00e4 n\u00e4it\u00e4","link":"https:\/\/www.satokangas.fi\/blogi\/category\/aiheeton\/"},"img":{"alt_text":"Kev\u00e4tesikkoja","src":"https:\/\/i0.wp.com\/www.satokangas.fi\/blogi\/wp-content\/uploads\/2015\/01\/Kev%C3%A4tesikkoja-422x400.jpg?resize=350%2C200&ssl=1","width":350,"height":200},"classes":[]},{"id":39494,"url":"https:\/\/www.satokangas.fi\/blogi\/2020\/10\/saiden-viilentyessa\/","url_meta":{"origin":10772,"position":1},"title":"S\u00e4iden viilentyess\u00e4","author":"Reija","date":"13.10.2020","format":false,"excerpt":"Ei ehtinyt lumi ja talvi tulla ennen kuin minun auringonkukkani vihdoin kukkii! Ei taittunut, vaikka taipui! Ja kukkii! Onhan se v\u00e4h\u00e4n surkuhupaisa, ja saa minut tekem\u00e4\u00e4n p\u00e4\u00e4t\u00f6ksen ett\u00e4 ensi kes\u00e4n\u00e4 en edes yrit\u00e4. Keskityn rosmariiniin, basilikaan, persiljaan, timjamiin etc. Unikkoja, laventeletia ja auringonkukkia olen yritt\u00e4nyt, ja saanut ne kaikki kukkimaan,\u2026","rel":"","context":"Kategoriassa &quot;Ravintolat&quot;","block_context":{"text":"Ravintolat","link":"https:\/\/www.satokangas.fi\/blogi\/category\/ruoka_ja_viini\/ravintolat-ruoka_ja_viini\/"},"img":{"alt_text":"","src":"https:\/\/i0.wp.com\/www.satokangas.fi\/blogi\/wp-content\/uploads\/2020\/10\/1-19.jpg?resize=350%2C200&ssl=1","width":350,"height":200,"srcset":"https:\/\/i0.wp.com\/www.satokangas.fi\/blogi\/wp-content\/uploads\/2020\/10\/1-19.jpg?resize=350%2C200&ssl=1 1x, https:\/\/i0.wp.com\/www.satokangas.fi\/blogi\/wp-content\/uploads\/2020\/10\/1-19.jpg?resize=525%2C300&ssl=1 1.5x, https:\/\/i0.wp.com\/www.satokangas.fi\/blogi\/wp-content\/uploads\/2020\/10\/1-19.jpg?resize=700%2C400&ssl=1 2x"},"classes":[]},{"id":30136,"url":"https:\/\/www.satokangas.fi\/blogi\/2017\/01\/talven-selka-taittuu-myrskyssa\/","url_meta":{"origin":10772,"position":2},"title":"Talven selk\u00e4 taittuu myrskyss\u00e4","author":"Reija","date":"19.1.2017","format":false,"excerpt":"Heikkin\u00e4 taittuu talven selk\u00e4, ja alkavat h\u00e4rk\u00e4viikot. H\u00e4rk\u00e4viikot eiv\u00e4t suinkaan tarkoita pihviaterioihin siirtymist\u00e4, kuten Pehtoori on joskus koettanut esitt\u00e4\u00e4. Sanonta liittyy siihen, ett\u00e4 pitkin pyhien, joulun, vuodenvaihteen ja loppiaisen j\u00e4lkeen oli aika palata ty\u00f6ntekoon, oli otettava vetojuhtina k\u00e4ytetyt h\u00e4r\u00e4t toimeen ja oli ryhdytt\u00e4v\u00e4 puun tai j\u00e4\u00e4najoon. N\u00e4it\u00e4 pitki\u00e4, arkipyh\u00e4tt\u00f6mi\u00e4, ty\u00f6nt\u00e4yteisi\u00e4\u2026","rel":"","context":"Kategoriassa &quot;Historiaa&quot;","block_context":{"text":"Historiaa","link":"https:\/\/www.satokangas.fi\/blogi\/category\/historiaa\/"},"img":{"alt_text":"","src":"https:\/\/i0.wp.com\/www.satokangas.fi\/blogi\/wp-content\/uploads\/2017\/01\/Vanhan-kansan-kalenteri-2-600x400.jpg?resize=350%2C200&ssl=1","width":350,"height":200,"srcset":"https:\/\/i0.wp.com\/www.satokangas.fi\/blogi\/wp-content\/uploads\/2017\/01\/Vanhan-kansan-kalenteri-2-600x400.jpg?resize=350%2C200&ssl=1 1x, https:\/\/i0.wp.com\/www.satokangas.fi\/blogi\/wp-content\/uploads\/2017\/01\/Vanhan-kansan-kalenteri-2-600x400.jpg?resize=525%2C300&ssl=1 1.5x"},"classes":[]},{"id":41850,"url":"https:\/\/www.satokangas.fi\/blogi\/2021\/11\/pyorailykesa-2021-poljettu\/","url_meta":{"origin":10772,"position":3},"title":"Py\u00f6r\u00e4ilykes\u00e4 2021 poljettu","author":"Reija","date":"3.11.2021","format":false,"excerpt":"Kolmas py\u00f6r\u00e4ilykes\u00e4 p\u00e4\u00e4ttyi t\u00e4n\u00e4\u00e4n. Tavoitetta en kev\u00e4\u00e4ll\u00e4 asettanut, en muuta kuin ett\u00e4 polkisin paljon. Toiveena ei ole ollut jotain tietty\u00e4 kilometrim\u00e4\u00e4r\u00e4\u00e4 vaan ett\u00e4 voisin nauttia, saada hyv\u00e4\u00e4 tekev\u00e4\u00e4 liikuntaa, pit\u00e4\u00e4 kuntoa yll\u00e4, tehd\u00e4 p\u00e4ivitt\u00e4iset liikkumiset lihas- eik\u00e4 hevosvoimilla. Jo kev\u00e4\u00e4ll\u00e4 arvelin, etten kahden edellisen kes\u00e4n kilometrej\u00e4 (4200 km 2019, 4500\u2026","rel":"","context":"Kategoriassa &quot;Liikkuminen&quot;","block_context":{"text":"Liikkuminen","link":"https:\/\/www.satokangas.fi\/blogi\/category\/liikkuminen\/"},"img":{"alt_text":"","src":"https:\/\/i0.wp.com\/www.satokangas.fi\/blogi\/wp-content\/uploads\/2021\/11\/pyora_kokkola.jpg?resize=350%2C200&ssl=1","width":350,"height":200,"srcset":"https:\/\/i0.wp.com\/www.satokangas.fi\/blogi\/wp-content\/uploads\/2021\/11\/pyora_kokkola.jpg?resize=350%2C200&ssl=1 1x, https:\/\/i0.wp.com\/www.satokangas.fi\/blogi\/wp-content\/uploads\/2021\/11\/pyora_kokkola.jpg?resize=525%2C300&ssl=1 1.5x, https:\/\/i0.wp.com\/www.satokangas.fi\/blogi\/wp-content\/uploads\/2021\/11\/pyora_kokkola.jpg?resize=700%2C400&ssl=1 2x"},"classes":[]},{"id":29532,"url":"https:\/\/www.satokangas.fi\/blogi\/2016\/11\/talven-tulo\/","url_meta":{"origin":10772,"position":4},"title":"Talven tulo","author":"Reija","date":"1.11.2016","format":false,"excerpt":"Sielt\u00e4 se tulee. Talvi siis. Kalenteri kertoo sen tulosta enemm\u00e4n kuin n\u00e4kym\u00e4 ulkona. Siksi kuvailin meid\u00e4n Talvea kotistudiossa t\u00e4n\u00e4\u00e4n. Ulkona on pime\u00e4\u00e4, - r\u00e4nt\u00e4- ja tihkusateen vaihdellessa p\u00e4iv\u00e4n ja illan eri aikoina. Lenkist\u00e4 ei puhettakaan. Ei mit\u00e4\u00e4n mielenkiintoa l\u00e4hte\u00e4 ulos, ja kun viel\u00e4 saatiin Apsu hoitolaiseksi iltap\u00e4iv\u00e4ll\u00e4, niin oli paljon\u2026","rel":"","context":"Kategoriassa &quot;Niit\u00e4 n\u00e4it\u00e4&quot;","block_context":{"text":"Niit\u00e4 n\u00e4it\u00e4","link":"https:\/\/www.satokangas.fi\/blogi\/category\/aiheeton\/"},"img":{"alt_text":"talvi-tulee","src":"https:\/\/i0.wp.com\/www.satokangas.fi\/blogi\/wp-content\/uploads\/2016\/11\/Talvi-tulee-249x400.jpg?resize=350%2C200&ssl=1","width":350,"height":200},"classes":[]},{"id":18989,"url":"https:\/\/www.satokangas.fi\/blogi\/2013\/10\/kohti-talvea\/","url_meta":{"origin":10772,"position":5},"title":"Kohti talvea","author":"Reija","date":"16.10.2013","format":false,"excerpt":"\u00a0 Leivinuuni l\u00e4mpi\u00e4m\u00e4ss\u00e4 kun tulin \u00e4sken kotiin. Talvi? Ei nyt ihan vaikka kylm\u00e4 onkin: aamuviiden j\u00e4lkeen [kun tytt\u00e4ren kanssa tekstailimme ;)] oli -6 C. Leivinuuniin voisi laittaa puuron, ohraryynipuuron, aamuksi hautumaan. Se olisi hyv\u00e4\u00e4, niinkuin olisi ruisjauhopuurokin. Tuli vain mieleen kun \u00e4iti kertoi ja kehui sit\u00e4 sairaalassa saaneensa. En muista,\u2026","rel":"","context":"Kategoriassa &quot;Niit\u00e4 n\u00e4it\u00e4&quot;","block_context":{"text":"Niit\u00e4 n\u00e4it\u00e4","link":"https:\/\/www.satokangas.fi\/blogi\/category\/aiheeton\/"},"img":{"alt_text":"talven tullessa","src":"https:\/\/i0.wp.com\/www.satokangas.fi\/blogi\/wp-content\/uploads\/2013\/10\/talven-tullessa-600x400.jpg?resize=350%2C200&ssl=1","width":350,"height":200,"srcset":"https:\/\/i0.wp.com\/www.satokangas.fi\/blogi\/wp-content\/uploads\/2013\/10\/talven-tullessa-600x400.jpg?resize=350%2C200&ssl=1 1x, https:\/\/i0.wp.com\/www.satokangas.fi\/blogi\/wp-content\/uploads\/2013\/10\/talven-tullessa-600x400.jpg?resize=525%2C300&ssl=1 1.5x"},"classes":[]}],"_links":{"self":[{"href":"https:\/\/www.satokangas.fi\/blogi\/wp-json\/wp\/v2\/posts\/10772","targetHints":{"allow":["GET"]}}],"collection":[{"href":"https:\/\/www.satokangas.fi\/blogi\/wp-json\/wp\/v2\/posts"}],"about":[{"href":"https:\/\/www.satokangas.fi\/blogi\/wp-json\/wp\/v2\/types\/post"}],"author":[{"embeddable":true,"href":"https:\/\/www.satokangas.fi\/blogi\/wp-json\/wp\/v2\/users\/1"}],"replies":[{"embeddable":true,"href":"https:\/\/www.satokangas.fi\/blogi\/wp-json\/wp\/v2\/comments?post=10772"}],"version-history":[{"count":0,"href":"https:\/\/www.satokangas.fi\/blogi\/wp-json\/wp\/v2\/posts\/10772\/revisions"}],"wp:attachment":[{"href":"https:\/\/www.satokangas.fi\/blogi\/wp-json\/wp\/v2\/media?parent=10772"}],"wp:term":[{"taxonomy":"category","embeddable":true,"href":"https:\/\/www.satokangas.fi\/blogi\/wp-json\/wp\/v2\/categories?post=10772"},{"taxonomy":"post_tag","embeddable":true,"href":"https:\/\/www.satokangas.fi\/blogi\/wp-json\/wp\/v2\/tags?post=10772"}],"curies":[{"name":"wp","href":"https:\/\/api.w.org\/{rel}","templated":true}]}}