{"id":10759,"date":"2011-02-19T19:10:27","date_gmt":"2011-02-19T17:10:27","guid":{"rendered":"https:\/\/www.satokangas.fi\/blogi\/?p=10759"},"modified":"2011-02-19T19:10:27","modified_gmt":"2011-02-19T17:10:27","slug":"ylos-ulos-ja-lenkille","status":"publish","type":"post","link":"https:\/\/www.satokangas.fi\/blogi\/2011\/02\/ylos-ulos-ja-lenkille\/","title":{"rendered":"Yl\u00f6s, ulos ja lenkille!"},"content":{"rendered":"<p>Tarvaj\u00e4rve\u00e4 mukaillen: yl\u00f6s, ulos ja lenkille! Viidentoista asteen pakkanen oli ylivertaisen hyv\u00e4 s\u00e4\u00e4 olla ulkona. Jokivarressa, hautuumaalla, Pikisaaressa, Nallikarissa. Ah, onnea. Ja kamera mukana. Varjot viel\u00e4 pitk\u00e4t, mutta aurinko jo kertoi, ett\u00e4 kev\u00e4t on tulossa. Kev\u00e4\u00e4n korkea keskip\u00e4iv\u00e4 &#8230;<\/p>\n<p><span style=\"color: #888888;\">(kuvat suurenevat klikkaamalla) <\/span><\/p>\n<p><a href=\"https:\/\/www.satokangas.fi\/blogi\/wp-content\/uploads\/pitk\u00e4t-varjot.jpg\"><img loading=\"lazy\" decoding=\"async\" class=\"aligncenter size-medium wp-image-10763\" title=\"pitk\u00e4t varjot\" src=\"https:\/\/www.satokangas.fi\/blogi\/wp-content\/uploads\/pitk\u00e4t-varjot-500x261.jpg\" alt=\"\" width=\"500\" height=\"261\" \/><\/a><\/p>\n<p>Pari tuntia vier\u00e4hti hyvinkin, ja pari tuntia asioilla. Pitk\u00e4st\u00e4 aikaa p\u00e4\u00e4sin kauppaan oikein ajan kanssa: ja eilisen gourmet-illallisen j\u00e4lkeen oli merkillinen into ostella ja laitella kaikkea hyv\u00e4\u00e4, itsekin yritt\u00e4\u00e4 v\u00e4rkk\u00e4ill\u00e4 kunnon einett\u00e4.<\/p>\n<p>J\u00e4lkk\u00e4riss\u00e4 on kolme appelsiinia (kalvot poistettu ja viipaleet paloiteltu), sitten sekaan kolmisen desi\u00e4 smoothie-tuoremehua ja pari teelusikallista vaniljasokeria ja sekaan kuumaan\u00a0 &#8221;luraukseen Curacaota&#8221; (itseasiassa joskus muinoin Maltalta tuotua kaktuksenkukkalik\u00f6\u00f6ri\u00e4, mutta todella Cointreau tms. k\u00e4y hyvin) sekoitettuna nelj\u00e4 liivatelehte\u00e4. Sitten ainekset sekaisin ja Tupper-vuokaan. Tarjolle kermavaahtoa ja\/tai Marsmallows-vaahtoa. Ei huono. V\u00e4h\u00e4n kuin kev\u00e4taurinko t\u00e4m\u00e4kin &#8230; \ud83d\ude42 Nuorelleparillekin maistui. \ud83d\ude42<\/p>\n<p><a href=\"https:\/\/www.satokangas.fi\/blogi\/wp-content\/uploads\/kev\u00e4taurinko.jpg\"><img loading=\"lazy\" decoding=\"async\" class=\"aligncenter size-medium wp-image-10761\" title=\"kev\u00e4taurinko\" src=\"https:\/\/www.satokangas.fi\/blogi\/wp-content\/uploads\/kev\u00e4taurinko-500x294.jpg\" alt=\"\" width=\"500\" height=\"294\" \/><\/a><\/p>\n<p>Eiliseen viel\u00e4 palatakseni: chez Jouni toi tullessaan Ouluun sellaista gastronomiaa ett\u00e4 enp\u00e4 tied\u00e4 aiemmin t\u00e4\u00e4ll\u00e4 olleen. Me pidimme kaikesta tarjotusta, \u00a0parsakaalikeitto (veloute)\u00a0 oli \u00a0vain! hyv\u00e4\u00e4, kaikki muu erinomaista. Kaikissa annoksissa raaka-ainetta oli kunnioitettu (huomatkaa: hyvin trendik\u00e4s tapa ilmaista asia, ett\u00e4 kalaa tai kasvista ei saa peitt\u00e4\u00e4 mausteilla tai muuten turmella) ja Puistolassa tarjoilu ja asiakkaiden huomioiminen pelitti. Toimi hyvin, erinomaisesti. Sainpa illan lopuksi keskustella \u00a0chefin kanssa. \u00a0\ud83d\ude42<\/p>\n<p>Yst\u00e4vien kanssa riemastuimme \u00a0viel\u00e4 l\u00e4htem\u00e4\u00e4n y\u00f6myssysamppanjalle Bar B:hen, &#8211; onneksi Juniori poimi vanhempansa kaupungista kotiin ennen puolta y\u00f6t\u00e4. Kuinka me olemmekaan iloisia hyv\u00e4st\u00e4 ruoasta &#8211; ja yst\u00e4vist\u00e4! \u00a0T\u00e4n\u00e4\u00e4n paljon viel\u00e4 eilisess\u00e4 viipyillen.<\/p>\n<p>Huomaatteko:\u00a0 hyv\u00e4 p\u00e4iv\u00e4 t\u00e4n\u00e4\u00e4n.<\/p>\n","protected":false},"excerpt":{"rendered":"<p>Tarvaj\u00e4rve\u00e4 mukaillen: yl\u00f6s, ulos ja lenkille! Viidentoista asteen pakkanen oli ylivertaisen hyv\u00e4 s\u00e4\u00e4 olla ulkona. Jokivarressa, hautuumaalla, Pikisaaressa, Nallikarissa. Ah, onnea. Ja kamera mukana. Varjot viel\u00e4 pitk\u00e4t, mutta aurinko jo kertoi, ett\u00e4 kev\u00e4t on tulossa. Kev\u00e4\u00e4n korkea keskip\u00e4iv\u00e4 &#8230; (kuvat suurenevat klikkaamalla) Pari tuntia vier\u00e4hti hyvinkin, ja pari tuntia asioilla. Pitk\u00e4st\u00e4 aikaa p\u00e4\u00e4sin kauppaan oikein ajan kanssa: ja eilisen gourmet-illallisen &hellip; <\/p>\n","protected":false},"author":1,"featured_media":0,"comment_status":"open","ping_status":"open","sticky":false,"template":"","format":"standard","meta":{"jetpack_post_was_ever_published":false,"_jetpack_newsletter_access":"","_jetpack_dont_email_post_to_subs":false,"_jetpack_newsletter_tier_id":0,"_jetpack_memberships_contains_paywalled_content":false,"_jetpack_memberships_contains_paid_content":false,"footnotes":"","jetpack_publicize_message":"","jetpack_publicize_feature_enabled":true,"jetpack_social_post_already_shared":false,"jetpack_social_options":{"image_generator_settings":{"template":"highway","default_image_id":0,"font":"","enabled":false},"version":2}},"categories":[1],"tags":[],"class_list":["post-10759","post","type-post","status-publish","format-standard","hentry","category-aiheeton","latest_post"],"jetpack_publicize_connections":[],"jetpack_featured_media_url":"","jetpack_shortlink":"https:\/\/wp.me\/pr4p4-2Nx","jetpack_sharing_enabled":true,"jetpack_likes_enabled":false,"jetpack-related-posts":[{"id":27411,"url":"https:\/\/www.satokangas.fi\/blogi\/2016\/01\/looppi-ja-kamera-liikuttavat\/","url_meta":{"origin":10759,"position":0},"title":"Looppi ja kamera liikuttavat","author":"Reija","date":"20.1.2016","format":false,"excerpt":"Valoa kohti! Yl\u00f6s, ulos ja lenkille! Pakkasesta huolimatta oli jo liikahdettava, tiedostot kiinni, kamera mukaan ja Nallikariin. Joululahjaksi saamani Polar Loop on siit\u00e4 hyv\u00e4, ett\u00e4 se ilmoittaa kahden tunnin v\u00e4lein, ett\u00e4 on nostettava itsens\u00e4 koneen \u00e4\u00e4rest\u00e4, tai mihin ikin\u00e4 onkaan jumittunut. Tuntee sellaisen pienen v\u00e4rin\u00e4n ranteessaan, ja n\u00e4yt\u00f6lle tulee teksti\u2026","rel":"","context":"Kategoriassa &quot;Niit\u00e4 n\u00e4it\u00e4&quot;","block_context":{"text":"Niit\u00e4 n\u00e4it\u00e4","link":"https:\/\/www.satokangas.fi\/blogi\/category\/aiheeton\/"},"img":{"alt_text":"halo-3","src":"https:\/\/i0.wp.com\/www.satokangas.fi\/blogi\/wp-content\/uploads\/2016\/01\/halo-3-600x400.jpg?resize=350%2C200&ssl=1","width":350,"height":200,"srcset":"https:\/\/i0.wp.com\/www.satokangas.fi\/blogi\/wp-content\/uploads\/2016\/01\/halo-3-600x400.jpg?resize=350%2C200&ssl=1 1x, https:\/\/i0.wp.com\/www.satokangas.fi\/blogi\/wp-content\/uploads\/2016\/01\/halo-3-600x400.jpg?resize=525%2C300&ssl=1 1.5x"},"classes":[]},{"id":41187,"url":"https:\/\/www.satokangas.fi\/blogi\/2021\/07\/aina-ei-voi-onnitua-mutta-sitten-kuitenkin\/","url_meta":{"origin":10759,"position":1},"title":"Aina ei voi onnistua, mutta sitten kuitenkin &#8230;","author":"Reija","date":"9.7.2021","format":false,"excerpt":"Eilen ennen nukkumaanmenoa pakkasin kamerarepun valmiiksi, etsin kaikki tarpeelliset py\u00f6r\u00e4ilyvermeet ja -vaatteet kylpp\u00e4rin penkille, varmistin, ett\u00e4 on akut ladattu py\u00f6r\u00e4\u00e4n, puhelimeen, kuulokkeisiin, kelloon ja kameraan, ett\u00e4 on muistikortit, Starbucks-kahvi, vesipullo ja aurinkolasit v\u00f6l\u00f6kiss\u00e4. Ajatuksena ett\u00e4 hiljaa hipsin yl\u00f6s ja ulos her\u00e4tt\u00e4m\u00e4tt\u00e4 Pehtooria. Iloitsin jo valmiiksi kes\u00e4aamun tuoksuista, linnunlaulusta, yksikseen olosta,\u2026","rel":"","context":"Kategoriassa &quot;Niit\u00e4 n\u00e4it\u00e4&quot;","block_context":{"text":"Niit\u00e4 n\u00e4it\u00e4","link":"https:\/\/www.satokangas.fi\/blogi\/category\/aiheeton\/"},"img":{"alt_text":"","src":"https:\/\/i0.wp.com\/www.satokangas.fi\/blogi\/wp-content\/uploads\/2021\/07\/kotipiazza-2.jpg?resize=350%2C200&ssl=1","width":350,"height":200,"srcset":"https:\/\/i0.wp.com\/www.satokangas.fi\/blogi\/wp-content\/uploads\/2021\/07\/kotipiazza-2.jpg?resize=350%2C200&ssl=1 1x, https:\/\/i0.wp.com\/www.satokangas.fi\/blogi\/wp-content\/uploads\/2021\/07\/kotipiazza-2.jpg?resize=525%2C300&ssl=1 1.5x, https:\/\/i0.wp.com\/www.satokangas.fi\/blogi\/wp-content\/uploads\/2021\/07\/kotipiazza-2.jpg?resize=700%2C400&ssl=1 2x"},"classes":[]},{"id":13634,"url":"https:\/\/www.satokangas.fi\/blogi\/2012\/03\/kevaan-koittaessa\/","url_meta":{"origin":10759,"position":2},"title":"Kev\u00e4\u00e4n koittaessa","author":"Reija","date":"2.3.2012","format":false,"excerpt":"Aamulla l\u00e4nsituuli repii puista havuneulaset eilisille kimmelt\u00e4ville hangille. Tuulee l\u00e4mpim\u00e4sti, kev\u00e4isesti. L\u00e4mp\u00f6tila on nollan yl\u00e4puolella. Lupaavalta n\u00e4ytt\u00e4\u00e4. Lupaa kev\u00e4ist\u00e4 p\u00e4iv\u00e4\u00e4, vaikka on pilvess\u00e4. Nyt lumity\u00f6t eiv\u00e4t en\u00e4\u00e4 ole syy olla pois ladulta. En tied\u00e4 miten tuollaiset pitopohjasukset k\u00e4ytt\u00e4ytyv\u00e4t nuoskakelill\u00e4 ja muutoinkin, p\u00e4\u00e4t\u00e4n ett\u00e4 l\u00e4hden heti aamusta hiihtolenkille. Kun kerran olin\u2026","rel":"","context":"Kategoriassa &quot;Niit\u00e4 n\u00e4it\u00e4&quot;","block_context":{"text":"Niit\u00e4 n\u00e4it\u00e4","link":"https:\/\/www.satokangas.fi\/blogi\/category\/aiheeton\/"},"img":{"alt_text":"","src":"https:\/\/i0.wp.com\/www.satokangas.fi\/blogi\/wp-content\/uploads\/kevathan-se-600x400.jpg?resize=350%2C200&ssl=1","width":350,"height":200,"srcset":"https:\/\/i0.wp.com\/www.satokangas.fi\/blogi\/wp-content\/uploads\/kevathan-se-600x400.jpg?resize=350%2C200&ssl=1 1x, https:\/\/i0.wp.com\/www.satokangas.fi\/blogi\/wp-content\/uploads\/kevathan-se-600x400.jpg?resize=525%2C300&ssl=1 1.5x"},"classes":[]},{"id":10500,"url":"https:\/\/www.satokangas.fi\/blogi\/2011\/01\/pitkan-paivan-ilta\/","url_meta":{"origin":10759,"position":3},"title":"Pitk\u00e4n p\u00e4iv\u00e4n ilta","author":"Reija","date":"30.1.2011","format":false,"excerpt":"Antiikkimessuille vai ulos? Ulos. Kev\u00e4tt\u00e4 kohti menn\u00e4\u00e4n, p\u00e4iv\u00e4t pitenee. Viel\u00e4 ei kuitenkaan olla ihan siin\u00e4, mit\u00e4 Ilmatieteen laitoksen sivulla uuden vuoden aattona lupailtiin: silloin nettis\u00e4\u00e4tiedotuksessa oli ilmoitus, ett\u00e4 Saarisel\u00e4ll\u00e4 p\u00e4iv\u00e4n pituus on 76 tuntia ja rapiat! T\u00e4lle p\u00e4iv\u00e4lle en paljon aikonutkaan. Ulos aion, ja meninkin. Ihan hurjan hieno keli. 82\u2026","rel":"","context":"Kategoriassa &quot;Niit\u00e4 n\u00e4it\u00e4&quot;","block_context":{"text":"Niit\u00e4 n\u00e4it\u00e4","link":"https:\/\/www.satokangas.fi\/blogi\/category\/aiheeton\/"},"img":{"alt_text":"","src":"https:\/\/i0.wp.com\/www.satokangas.fi\/blogi\/wp-content\/uploads\/hyinen-virta-500x263.jpg?resize=350%2C200&ssl=1","width":350,"height":200},"classes":[]},{"id":13737,"url":"https:\/\/www.satokangas.fi\/blogi\/2012\/03\/valokuvien-keinot\/","url_meta":{"origin":10759,"position":4},"title":"Valokuvien keinot","author":"Reija","date":"17.3.2012","format":false,"excerpt":"Aamun lyhyehk\u00f6n kirjoitustuokion j\u00e4lkeen, r\u00e4nt\u00e4sateen lakattua, oli aika l\u00e4hte\u00e4 ulos. K\u00e4vin kauppa- ja apteekkiasioilla murmelille sek\u00e4 kotiin; Caritaksen j\u00e4lkeen p\u00e4\u00e4tin j\u00e4\u00e4d\u00e4 lenkille kaupunkiin. Torinranta, Merijalin ranta, Hietasaari ja Pikisaari -kierros oli pitk\u00e4st\u00e4 aikaa mukava. Huomiota kiinnitti lenkkeilij\u00f6iden, siis oikein juoksijoiden runsas m\u00e4\u00e4r\u00e4. H\u00f6lkk\u00e4\u00e4ji\u00e4 jos ja vaikka kuinka paljon. Merkitsi pient\u00e4\u2026","rel":"","context":"Kategoriassa &quot;Niit\u00e4 n\u00e4it\u00e4&quot;","block_context":{"text":"Niit\u00e4 n\u00e4it\u00e4","link":"https:\/\/www.satokangas.fi\/blogi\/category\/aiheeton\/"},"img":{"alt_text":"","src":"https:\/\/i0.wp.com\/www.satokangas.fi\/blogi\/wp-content\/uploads\/1-alku-Large-600x400.jpg?resize=350%2C200&ssl=1","width":350,"height":200,"srcset":"https:\/\/i0.wp.com\/www.satokangas.fi\/blogi\/wp-content\/uploads\/1-alku-Large-600x400.jpg?resize=350%2C200&ssl=1 1x, https:\/\/i0.wp.com\/www.satokangas.fi\/blogi\/wp-content\/uploads\/1-alku-Large-600x400.jpg?resize=525%2C300&ssl=1 1.5x"},"classes":[]},{"id":7112,"url":"https:\/\/www.satokangas.fi\/blogi\/2010\/05\/helavalkeat-ja-lumen-lahto\/","url_meta":{"origin":10759,"position":5},"title":"Helavalkeat ja lumen l\u00e4ht\u00f6","author":"Reija","date":"13.5.2010","format":false,"excerpt":"Ette ehk\u00e4 usko, mutta lumen sulamisen voi kuulla. Tunturissa ei kuulunut mit\u00e4\u00e4n muuta kuin lumen sulaminen. Jo aamuy\u00f6ll\u00e4 uni muuttuu pirstalaiseksi ja kuuden j\u00e4lkeen olemme molemmat en\u00e4\u00e4 puoliunessa, seitsem\u00e4lt\u00e4 annan periksi ja l\u00e4hden keitt\u00e4m\u00e4\u00e4n kahvia. Aurinko on paistanut jo monta tuntia, taivas on kirkkaansininen. Kirkkaan! Mietimme kovasti mihin suuntaamme:\u00a0p\u00e4\u00e4t\u00e4mme aloittaa\u2026","rel":"","context":"Kategoriassa &quot;Niit\u00e4 n\u00e4it\u00e4&quot;","block_context":{"text":"Niit\u00e4 n\u00e4it\u00e4","link":"https:\/\/www.satokangas.fi\/blogi\/category\/aiheeton\/"},"img":{"alt_text":"","src":"https:\/\/i0.wp.com\/www.satokangas.fi\/blogi\/wp-content\/uploads\/2010\/05\/koivu-266x400.jpg?resize=350%2C200&ssl=1","width":350,"height":200},"classes":[]}],"_links":{"self":[{"href":"https:\/\/www.satokangas.fi\/blogi\/wp-json\/wp\/v2\/posts\/10759","targetHints":{"allow":["GET"]}}],"collection":[{"href":"https:\/\/www.satokangas.fi\/blogi\/wp-json\/wp\/v2\/posts"}],"about":[{"href":"https:\/\/www.satokangas.fi\/blogi\/wp-json\/wp\/v2\/types\/post"}],"author":[{"embeddable":true,"href":"https:\/\/www.satokangas.fi\/blogi\/wp-json\/wp\/v2\/users\/1"}],"replies":[{"embeddable":true,"href":"https:\/\/www.satokangas.fi\/blogi\/wp-json\/wp\/v2\/comments?post=10759"}],"version-history":[{"count":0,"href":"https:\/\/www.satokangas.fi\/blogi\/wp-json\/wp\/v2\/posts\/10759\/revisions"}],"wp:attachment":[{"href":"https:\/\/www.satokangas.fi\/blogi\/wp-json\/wp\/v2\/media?parent=10759"}],"wp:term":[{"taxonomy":"category","embeddable":true,"href":"https:\/\/www.satokangas.fi\/blogi\/wp-json\/wp\/v2\/categories?post=10759"},{"taxonomy":"post_tag","embeddable":true,"href":"https:\/\/www.satokangas.fi\/blogi\/wp-json\/wp\/v2\/tags?post=10759"}],"curies":[{"name":"wp","href":"https:\/\/api.w.org\/{rel}","templated":true}]}}