{"id":10108,"date":"2010-12-29T19:25:59","date_gmt":"2010-12-29T17:25:59","guid":{"rendered":"https:\/\/www.satokangas.fi\/blogi\/?p=10108"},"modified":"2020-12-27T09:49:24","modified_gmt":"2020-12-27T07:49:24","slug":"kaamos-pimea-valoton-aika","status":"publish","type":"post","link":"https:\/\/www.satokangas.fi\/blogi\/2010\/12\/kaamos-pimea-valoton-aika\/","title":{"rendered":"Kaamos &#8211; pime\u00e4, valoton aika?"},"content":{"rendered":"<p style=\"text-align: justify;\">M\u00f6kill\u00e4 y\u00f6uni omanlaistaan. Ei malttaisi noustakaan, ei malttaisi nukkuakaan kun ymp\u00e4rill\u00e4 kaunein luonto ikin\u00e4!<\/p>\n<p style=\"text-align: justify;\">Pehtoori hiihti, min\u00e4 en edes aikonut m\u00e4keen. &#8211; 20 C. ja kun autolla menin Kaunisp\u00e4\u00e4n p\u00e4\u00e4lle kuvaamaan olin tyytyv\u00e4inen ratkaisuuni.\u00a0 Ei m\u00e4keen, mutta kuvaamaan. Huipulla tuuli pist\u00e4v\u00e4, pureva, mutta kaunista&#8230;<\/p>\n<p>Kaamos on pime\u00e4, valoton aika?<\/p>\n<p>Niinh\u00e4n sit\u00e4 moni etel\u00e4n ihminen luulee. Ei kannattaisi luulla.<\/p>\n<p>T\u00e4n\u00e4\u00e4n valolla satoja v\u00e4rej\u00e4, satoja s\u00e4vyj\u00e4. Kaunista, taas erilainen Lapin valo &#8211; jo vain, eik\u00e4 muuta tarvikaan, ehti\u00e4\u00a0siis.<\/p>\n<p>P\u00e4iv\u00e4n kuvista osa, olkaapas hyv\u00e4t!<\/p>\n<p style=\"text-align: center;\">\n<p style=\"text-align: center;\">\u00a0<a href=\"https:\/\/www.satokangas.fi\/blogi\/wp-content\/uploads\/22.jpg\" target=\"_blank\" rel=\"noopener\"><img loading=\"lazy\" decoding=\"async\" data-attachment-id=\"10110\" data-permalink=\"https:\/\/www.satokangas.fi\/blogi\/2010\/12\/kaamos-pimea-valoton-aika\/2-6\/\" data-orig-file=\"https:\/\/www.satokangas.fi\/blogi\/wp-content\/uploads\/22.jpg\" data-orig-size=\"683,1024\" data-comments-opened=\"1\" data-image-meta=\"{&quot;aperture&quot;:&quot;13&quot;,&quot;credit&quot;:&quot;&quot;,&quot;camera&quot;:&quot;Canon EOS 5D Mark II&quot;,&quot;caption&quot;:&quot;&quot;,&quot;created_timestamp&quot;:&quot;1293622641&quot;,&quot;copyright&quot;:&quot;&quot;,&quot;focal_length&quot;:&quot;85&quot;,&quot;iso&quot;:&quot;400&quot;,&quot;shutter_speed&quot;:&quot;0.04&quot;,&quot;title&quot;:&quot;&quot;}\" data-image-title=\"2\" data-image-description=\"\" data-image-caption=\"\" data-large-file=\"https:\/\/www.satokangas.fi\/blogi\/wp-content\/uploads\/22.jpg\" class=\"size-medium wp-image-10110 aligncenter\" title=\"2\" src=\"https:\/\/www.satokangas.fi\/blogi\/wp-content\/uploads\/22-266x400.jpg\" alt=\"\" width=\"266\" height=\"400\" srcset=\"https:\/\/www.satokangas.fi\/blogi\/wp-content\/uploads\/22-266x400.jpg 266w, https:\/\/www.satokangas.fi\/blogi\/wp-content\/uploads\/22-133x200.jpg 133w, https:\/\/www.satokangas.fi\/blogi\/wp-content\/uploads\/22.jpg 683w\" sizes=\"auto, (max-width: 266px) 100vw, 266px\" \/><\/a><\/p>\n<p style=\"text-align: center;\"><a href=\"https:\/\/www.satokangas.fi\/blogi\/wp-content\/uploads\/63.jpg\" target=\"_blank\" rel=\"noopener\"><img loading=\"lazy\" decoding=\"async\" data-attachment-id=\"10112\" data-permalink=\"https:\/\/www.satokangas.fi\/blogi\/2010\/12\/kaamos-pimea-valoton-aika\/6-6\/\" data-orig-file=\"https:\/\/www.satokangas.fi\/blogi\/wp-content\/uploads\/63.jpg\" data-orig-size=\"696,1024\" data-comments-opened=\"1\" data-image-meta=\"{&quot;aperture&quot;:&quot;14&quot;,&quot;credit&quot;:&quot;&quot;,&quot;camera&quot;:&quot;Canon EOS 5D Mark II&quot;,&quot;caption&quot;:&quot;&quot;,&quot;created_timestamp&quot;:&quot;1293624270&quot;,&quot;copyright&quot;:&quot;&quot;,&quot;focal_length&quot;:&quot;96&quot;,&quot;iso&quot;:&quot;400&quot;,&quot;shutter_speed&quot;:&quot;0.0666666666667&quot;,&quot;title&quot;:&quot;&quot;}\" data-image-title=\"6\" data-image-description=\"\" data-image-caption=\"\" data-large-file=\"https:\/\/www.satokangas.fi\/blogi\/wp-content\/uploads\/63.jpg\" class=\"size-medium wp-image-10112 aligncenter\" title=\"6\" src=\"https:\/\/www.satokangas.fi\/blogi\/wp-content\/uploads\/63-271x400.jpg\" alt=\"\" width=\"271\" height=\"400\" srcset=\"https:\/\/www.satokangas.fi\/blogi\/wp-content\/uploads\/63-271x400.jpg 271w, https:\/\/www.satokangas.fi\/blogi\/wp-content\/uploads\/63-135x200.jpg 135w, https:\/\/www.satokangas.fi\/blogi\/wp-content\/uploads\/63.jpg 696w\" sizes=\"auto, (max-width: 271px) 100vw, 271px\" \/><\/a><\/p>\n<p style=\"text-align: center;\"><a href=\"https:\/\/www.satokangas.fi\/blogi\/wp-content\/uploads\/52.jpg\" target=\"_blank\" rel=\"noopener\"><img loading=\"lazy\" decoding=\"async\" data-attachment-id=\"10111\" data-permalink=\"https:\/\/www.satokangas.fi\/blogi\/2010\/12\/kaamos-pimea-valoton-aika\/5-5\/\" data-orig-file=\"https:\/\/www.satokangas.fi\/blogi\/wp-content\/uploads\/52.jpg\" data-orig-size=\"1024,683\" data-comments-opened=\"1\" data-image-meta=\"{&quot;aperture&quot;:&quot;14&quot;,&quot;credit&quot;:&quot;&quot;,&quot;camera&quot;:&quot;Canon EOS 5D Mark II&quot;,&quot;caption&quot;:&quot;&quot;,&quot;created_timestamp&quot;:&quot;1293631017&quot;,&quot;copyright&quot;:&quot;&quot;,&quot;focal_length&quot;:&quot;70&quot;,&quot;iso&quot;:&quot;400&quot;,&quot;shutter_speed&quot;:&quot;0.05&quot;,&quot;title&quot;:&quot;&quot;}\" data-image-title=\"5\" data-image-description=\"\" data-image-caption=\"\" data-large-file=\"https:\/\/www.satokangas.fi\/blogi\/wp-content\/uploads\/52.jpg\" class=\"size-medium wp-image-10111 aligncenter\" title=\"5\" src=\"https:\/\/www.satokangas.fi\/blogi\/wp-content\/uploads\/52-500x333.jpg\" alt=\"\" width=\"500\" height=\"333\" srcset=\"https:\/\/www.satokangas.fi\/blogi\/wp-content\/uploads\/52-500x333.jpg 500w, https:\/\/www.satokangas.fi\/blogi\/wp-content\/uploads\/52-200x133.jpg 200w, https:\/\/www.satokangas.fi\/blogi\/wp-content\/uploads\/52.jpg 1024w\" sizes=\"auto, (max-width: 500px) 100vw, 500px\" \/><\/a><\/p>\n<p style=\"text-align: center;\"><a href=\"https:\/\/www.satokangas.fi\/blogi\/wp-content\/uploads\/42.jpg\" target=\"_blank\" rel=\"noopener\"><img loading=\"lazy\" decoding=\"async\" data-attachment-id=\"10113\" data-permalink=\"https:\/\/www.satokangas.fi\/blogi\/2010\/12\/kaamos-pimea-valoton-aika\/4-6\/\" data-orig-file=\"https:\/\/www.satokangas.fi\/blogi\/wp-content\/uploads\/42.jpg\" data-orig-size=\"1024,683\" data-comments-opened=\"1\" data-image-meta=\"{&quot;aperture&quot;:&quot;14&quot;,&quot;credit&quot;:&quot;&quot;,&quot;camera&quot;:&quot;Canon EOS 5D Mark II&quot;,&quot;caption&quot;:&quot;&quot;,&quot;created_timestamp&quot;:&quot;1293623975&quot;,&quot;copyright&quot;:&quot;&quot;,&quot;focal_length&quot;:&quot;45&quot;,&quot;iso&quot;:&quot;400&quot;,&quot;shutter_speed&quot;:&quot;0.05&quot;,&quot;title&quot;:&quot;&quot;}\" data-image-title=\"4\" data-image-description=\"\" data-image-caption=\"\" data-large-file=\"https:\/\/www.satokangas.fi\/blogi\/wp-content\/uploads\/42.jpg\" class=\"size-medium wp-image-10113 aligncenter\" title=\"4\" src=\"https:\/\/www.satokangas.fi\/blogi\/wp-content\/uploads\/42-500x333.jpg\" alt=\"\" width=\"500\" height=\"333\" srcset=\"https:\/\/www.satokangas.fi\/blogi\/wp-content\/uploads\/42-500x333.jpg 500w, https:\/\/www.satokangas.fi\/blogi\/wp-content\/uploads\/42-200x133.jpg 200w, https:\/\/www.satokangas.fi\/blogi\/wp-content\/uploads\/42.jpg 1024w\" sizes=\"auto, (max-width: 500px) 100vw, 500px\" \/><\/a><\/p>\n<p style=\"text-align: center;\">\n","protected":false},"excerpt":{"rendered":"<p>M\u00f6kill\u00e4 y\u00f6uni omanlaistaan. Ei malttaisi noustakaan, ei malttaisi nukkuakaan kun ymp\u00e4rill\u00e4 kaunein luonto ikin\u00e4! Pehtoori hiihti, min\u00e4 en edes aikonut m\u00e4keen. &#8211; 20 C. ja kun autolla menin Kaunisp\u00e4\u00e4n p\u00e4\u00e4lle kuvaamaan olin tyytyv\u00e4inen ratkaisuuni.\u00a0 Ei m\u00e4keen, mutta kuvaamaan. Huipulla tuuli pist\u00e4v\u00e4, pureva, mutta kaunista&#8230; Kaamos on pime\u00e4, valoton aika? Niinh\u00e4n sit\u00e4 moni etel\u00e4n ihminen luulee. Ei kannattaisi luulla. T\u00e4n\u00e4\u00e4n valolla &hellip; <\/p>\n","protected":false},"author":1,"featured_media":0,"comment_status":"open","ping_status":"open","sticky":false,"template":"","format":"standard","meta":{"jetpack_post_was_ever_published":false,"_jetpack_newsletter_access":"","_jetpack_dont_email_post_to_subs":false,"_jetpack_newsletter_tier_id":0,"_jetpack_memberships_contains_paywalled_content":false,"_jetpack_memberships_contains_paid_content":false,"footnotes":"","jetpack_publicize_message":"","jetpack_publicize_feature_enabled":true,"jetpack_social_post_already_shared":false,"jetpack_social_options":{"image_generator_settings":{"template":"highway","default_image_id":0,"font":"","enabled":false},"version":2}},"categories":[15,37],"tags":[],"class_list":["post-10108","post","type-post","status-publish","format-standard","hentry","category-lappi","category-valokuvaus","latest_post"],"jetpack_publicize_connections":[],"jetpack_featured_media_url":"","jetpack_shortlink":"https:\/\/wp.me\/pr4p4-2D2","jetpack_sharing_enabled":true,"jetpack_likes_enabled":false,"jetpack-related-posts":[{"id":32776,"url":"https:\/\/www.satokangas.fi\/blogi\/2017\/12\/polaariyo-taikatalvi\/","url_meta":{"origin":10108,"position":0},"title":"Polaariy\u00f6, Taikatalvi","author":"Reija","date":"8.12.2017","format":false,"excerpt":"\"Polaariy\u00f6 on vuotuinen ajanjakso, jonka aikana\u00a0aurinko\u00a0ei nouse horisontin\u00a0yl\u00e4puolelle. Ilmi\u00f6 esiintyy maapallon\u00a0\u00a0napapiireill\u00e4\u00a0ja niit\u00e4 korkeammilla leveysasteilla. Mit\u00e4 l\u00e4hemm\u00e4s napoja menn\u00e4\u00e4n, sit\u00e4 aikaisemmin kaamos alkaa ja sit\u00e4 pidempi on kaamosaika.\" N\u00e4in kertoo Wikiperdia ja t\u00e4m\u00e4nh\u00e4n kaikki toki jo tiet\u00e4v\u00e4tkin...\u00a0Mutta kaamos ei ole pime\u00e4, valoton musta aika.\u00a0 Ty\u00e4r l\u00e4hetti kuvan Helsingist\u00e4, Aleksin jouluvaloista, olivat\u2026","rel":"","context":"Kategoriassa &quot;Lappi&quot;","block_context":{"text":"Lappi","link":"https:\/\/www.satokangas.fi\/blogi\/category\/lappi\/"},"img":{"alt_text":"","src":"https:\/\/i0.wp.com\/www.satokangas.fi\/blogi\/wp-content\/uploads\/2017\/12\/Pime%C3%A4-kaamos_-5.jpg?resize=350%2C200&ssl=1","width":350,"height":200,"srcset":"https:\/\/i0.wp.com\/www.satokangas.fi\/blogi\/wp-content\/uploads\/2017\/12\/Pime%C3%A4-kaamos_-5.jpg?resize=350%2C200&ssl=1 1x, https:\/\/i0.wp.com\/www.satokangas.fi\/blogi\/wp-content\/uploads\/2017\/12\/Pime%C3%A4-kaamos_-5.jpg?resize=525%2C300&ssl=1 1.5x, https:\/\/i0.wp.com\/www.satokangas.fi\/blogi\/wp-content\/uploads\/2017\/12\/Pime%C3%A4-kaamos_-5.jpg?resize=700%2C400&ssl=1 2x"},"classes":[]},{"id":27008,"url":"https:\/\/www.satokangas.fi\/blogi\/2015\/12\/kaamos-on-kaunis\/","url_meta":{"origin":10108,"position":1},"title":"Kaamos on kaunis!","author":"Reija","date":"7.12.2015","format":false,"excerpt":"Kaamos. Seh\u00e4n se t\u00e4\u00e4ll\u00e4 Koilliskairassa, Saarisel\u00e4ll\u00e4, nyt on. Ja ennakkok\u00e4sitys siit\u00e4 ihmisill\u00e4 on, ett\u00e4 on tavattoman pime\u00e4\u00e4 ja ankeaa, harmaata ja synkk\u00e4\u00e4.\u00a0Olen ennenkin urputtanut t\u00e4t\u00e4 k\u00e4sityst\u00e4 vastaan, sill\u00e4 t\u00e4\u00e4ll\u00e4 on valoa - ja iloa! - enemm\u00e4n kuin etel\u00e4mp\u00e4n\u00e4. Her\u00e4tess\u00e4ni puoli kuudelta, kuten marras-joulukuussa tapana on ( :) ), oli uni\u2026","rel":"","context":"Kategoriassa &quot;Lappi&quot;","block_context":{"text":"Lappi","link":"https:\/\/www.satokangas.fi\/blogi\/category\/lappi\/"},"img":{"alt_text":"Kaunisp\u00e4\u00e4n rinteill\u00e4_-3","src":"https:\/\/i0.wp.com\/www.satokangas.fi\/blogi\/wp-content\/uploads\/2015\/12\/Kaunisp%C3%A4%C3%A4n-rinteill%C3%A4_-3-600x350.jpg?resize=350%2C200&ssl=1","width":350,"height":200,"srcset":"https:\/\/i0.wp.com\/www.satokangas.fi\/blogi\/wp-content\/uploads\/2015\/12\/Kaunisp%C3%A4%C3%A4n-rinteill%C3%A4_-3-600x350.jpg?resize=350%2C200&ssl=1 1x, https:\/\/i0.wp.com\/www.satokangas.fi\/blogi\/wp-content\/uploads\/2015\/12\/Kaunisp%C3%A4%C3%A4n-rinteill%C3%A4_-3-600x350.jpg?resize=525%2C300&ssl=1 1.5x"},"classes":[]},{"id":12835,"url":"https:\/\/www.satokangas.fi\/blogi\/2011\/11\/kaamos\/","url_meta":{"origin":10108,"position":2},"title":"Kaamos","author":"Reija","date":"15.11.2011","format":false,"excerpt":"Kaamos. T\u00e4m\u00e4n marrastiistain agenda oli aika lyhyt: ottaa kaamoskuvia ja\u00a0liikkua. Kahden tunnin lenkin (viimeinen patikka t\u00e4lle satojen kilometrien patikointivuodelle?) aikana kuvia kertyi yli viisikymment\u00e4. Yksi (yll\u00e4) on niist\u00e4 hyv\u00e4 kaamoskuva. Tuota ei ole k\u00e4sitelty kuvank\u00e4sittelyohjelmalla mitenk\u00e4\u00e4n. Otin sen vastavaloon, reilusti alivalottaen, pienell\u00e4 iso-arvolla, siksi n\u00e4ytt\u00e4\u00e4 iltakuvalta. Paitsi ett\u00e4 illalla t\u00e4\u00e4ll\u00e4\u2026","rel":"","context":"Kategoriassa &quot;Lappi&quot;","block_context":{"text":"Lappi","link":"https:\/\/www.satokangas.fi\/blogi\/category\/lappi\/"},"img":{"alt_text":"","src":"https:\/\/i0.wp.com\/www.satokangas.fi\/blogi\/wp-content\/uploads\/Kaamos-600x320.jpg?resize=350%2C200&ssl=1","width":350,"height":200,"srcset":"https:\/\/i0.wp.com\/www.satokangas.fi\/blogi\/wp-content\/uploads\/Kaamos-600x320.jpg?resize=350%2C200&ssl=1 1x, https:\/\/i0.wp.com\/www.satokangas.fi\/blogi\/wp-content\/uploads\/Kaamos-600x320.jpg?resize=525%2C300&ssl=1 1.5x"},"classes":[]},{"id":29823,"url":"https:\/\/www.satokangas.fi\/blogi\/2016\/12\/kaamos-on-taas-kerran-kaunis\/","url_meta":{"origin":10108,"position":3},"title":"Kaamos on taas kerran kaunis","author":"Reija","date":"5.12.2016","format":false,"excerpt":"Aurinko laski t\u00e4\u00e4ll\u00e4 eilen 12:24 ja nousee seuraavan kerran\u00a07.1.2017 11:54. Luulisi, ett\u00e4 on umpipime\u00e4\u00e4 ja synkk\u00e4\u00e4. Ei ole. [klikkaamalla saat kuvat isommiksi.] Kun yhdeks\u00e4n tunnin y\u00f6unien j\u00e4lkeen aamukahdeksalta her\u00e4simme oli jo v\u00e4h\u00e4n valoa. Sen verran, ett\u00e4 n\u00e4kyi y\u00f6ll\u00e4 sataneen kymmenen sentti\u00e4 puuterilunta. Oli kaunista, selke\u00e4\u00e4 - ja kylm\u00e4\u00e4. S\u00e4\u00e4tiedotus n\u00e4ytti,\u2026","rel":"","context":"Kategoriassa &quot;Lappi&quot;","block_context":{"text":"Lappi","link":"https:\/\/www.satokangas.fi\/blogi\/category\/lappi\/"},"img":{"alt_text":"kaamos-8","src":"https:\/\/i0.wp.com\/www.satokangas.fi\/blogi\/wp-content\/uploads\/2016\/12\/Kaamos-8-600x345.jpg?resize=350%2C200&ssl=1","width":350,"height":200,"srcset":"https:\/\/i0.wp.com\/www.satokangas.fi\/blogi\/wp-content\/uploads\/2016\/12\/Kaamos-8-600x345.jpg?resize=350%2C200&ssl=1 1x, https:\/\/i0.wp.com\/www.satokangas.fi\/blogi\/wp-content\/uploads\/2016\/12\/Kaamos-8-600x345.jpg?resize=525%2C300&ssl=1 1.5x"},"classes":[]},{"id":28237,"url":"https:\/\/www.satokangas.fi\/blogi\/2016\/05\/massiivinen-kuvapaiva\/","url_meta":{"origin":10108,"position":4},"title":"Massiivinen kuvap\u00e4iv\u00e4","author":"Reija","date":"14.5.2016","format":false,"excerpt":"Milj\u00f6\u00f6ss\u00e4 ty\u00f6skentelyn orientaatio jatkui t\u00e4n\u00e4\u00e4n liki kymmentuntisella\u00a0kuvien katselulla. Katseltiin satoja kuvia edellisten vattilaisten n\u00e4yt\u00f6ist\u00e4, katseltiin paljon hyl\u00e4ttyj\u00e4 ja paljon hyv\u00e4ksyttyj\u00e4 sarjoja, keskusteltiin, kuunneltiin, kysyttiin. Yht\u00e4 mielt\u00e4 oltiin, ett\u00e4 oli hienoja sarjoja, k\u00e4sitt\u00e4m\u00e4tt\u00f6m\u00e4n hienoja ja k\u00e4sitt\u00e4m\u00e4tt\u00f6m\u00e4sti hyl\u00e4ttyj\u00e4. Ja sellaisiakin,\u00a0joista me (ope mukaan lukien) ei tajuttu, miten ne oli p\u00e4\u00e4sseet\u00a0l\u00e4pi. Valokuvaus on\u2026","rel":"","context":"Kategoriassa &quot;Niit\u00e4 n\u00e4it\u00e4&quot;","block_context":{"text":"Niit\u00e4 n\u00e4it\u00e4","link":"https:\/\/www.satokangas.fi\/blogi\/category\/aiheeton\/"},"img":{"alt_text":"Nupulla-2","src":"https:\/\/i0.wp.com\/www.satokangas.fi\/blogi\/wp-content\/uploads\/2016\/05\/Nupulla-2-600x312.jpg?resize=350%2C200&ssl=1","width":350,"height":200,"srcset":"https:\/\/i0.wp.com\/www.satokangas.fi\/blogi\/wp-content\/uploads\/2016\/05\/Nupulla-2-600x312.jpg?resize=350%2C200&ssl=1 1x, https:\/\/i0.wp.com\/www.satokangas.fi\/blogi\/wp-content\/uploads\/2016\/05\/Nupulla-2-600x312.jpg?resize=525%2C300&ssl=1 1.5x"},"classes":[]},{"id":13227,"url":"https:\/\/www.satokangas.fi\/blogi\/2012\/01\/kaamos-ohi-ja-taysikuu\/","url_meta":{"origin":10108,"position":5},"title":"Kaamos ohi ja t\u00e4ysikuu","author":"Reija","date":"8.1.2012","format":false,"excerpt":"Aamulla [edelleen kurkkukipuisena!] her\u00e4tess\u00e4 pakkasta muutama aste, sininen h\u00e4m\u00e4r\u00e4 ja t\u00e4ysin tyynt\u00e4. Kirjoittelen, kummastelen. Ja kiroan, etten voi l\u00e4hte\u00e4 kunnolla ulkoilemaan, hiiht\u00e4m\u00e4\u00e4n tai lenkille. Kiukuttelen itsekseni, ja sitten koetan samalla tupista, ett\u00e4 t\u00e4m\u00e4h\u00e4n on vain flunssa, siis? ---\u00a0 turha valittaa. Aamup\u00e4iv\u00e4n aikana pakastuu, nopeastikin. Kuitenkin hyviss\u00e4 ajoin ennen puoltap\u00e4iv\u00e4\u00e4 olen\u2026","rel":"","context":"Kategoriassa &quot;Lappi&quot;","block_context":{"text":"Lappi","link":"https:\/\/www.satokangas.fi\/blogi\/category\/lappi\/"},"img":{"alt_text":"","src":"https:\/\/i0.wp.com\/www.satokangas.fi\/blogi\/wp-content\/uploads\/Sieppaa-390x400.png?resize=350%2C200&ssl=1","width":350,"height":200},"classes":[]}],"_links":{"self":[{"href":"https:\/\/www.satokangas.fi\/blogi\/wp-json\/wp\/v2\/posts\/10108","targetHints":{"allow":["GET"]}}],"collection":[{"href":"https:\/\/www.satokangas.fi\/blogi\/wp-json\/wp\/v2\/posts"}],"about":[{"href":"https:\/\/www.satokangas.fi\/blogi\/wp-json\/wp\/v2\/types\/post"}],"author":[{"embeddable":true,"href":"https:\/\/www.satokangas.fi\/blogi\/wp-json\/wp\/v2\/users\/1"}],"replies":[{"embeddable":true,"href":"https:\/\/www.satokangas.fi\/blogi\/wp-json\/wp\/v2\/comments?post=10108"}],"version-history":[{"count":0,"href":"https:\/\/www.satokangas.fi\/blogi\/wp-json\/wp\/v2\/posts\/10108\/revisions"}],"wp:attachment":[{"href":"https:\/\/www.satokangas.fi\/blogi\/wp-json\/wp\/v2\/media?parent=10108"}],"wp:term":[{"taxonomy":"category","embeddable":true,"href":"https:\/\/www.satokangas.fi\/blogi\/wp-json\/wp\/v2\/categories?post=10108"},{"taxonomy":"post_tag","embeddable":true,"href":"https:\/\/www.satokangas.fi\/blogi\/wp-json\/wp\/v2\/tags?post=10108"}],"curies":[{"name":"wp","href":"https:\/\/api.w.org\/{rel}","templated":true}]}}